{"id":10495,"date":"2018-08-27T11:44:00","date_gmt":"2018-08-27T14:44:00","guid":{"rendered":"http:\/\/hcd.malargue.gov.ar\/?p=10495"},"modified":"2018-09-18T10:44:32","modified_gmt":"2018-09-18T13:44:32","slug":"concejales-ordenaron-incluir-en-el-presupuesto-2-019-el-subsidio-de-la-garrafa-social","status":"publish","type":"post","link":"https:\/\/hcd.malargue.gov.ar\/?p=10495","title":{"rendered":"CONCEJALES ORDENARON INCLUIR EN EL PRESUPUESTO 2.019, EL\u00a0SUBSIDIO DE LA GARRAFA SOCIAL."},"content":{"rendered":"<p style=\"font-size: 14px; font-family: 'Open Sans', Arial, sans-serif;\"><a href=\"http:\/\/hcd.malargue.gov.ar\/pdf\/On%201943%202018%20Partida%20Presupuestaria%20en%20el%20ano%202019%20y%20subsiguientes%20para%20subsidio%20de%20la%20garrafa%20social.pdf\" target=\"_blank\" rel=\"noopener\"><img loading=\"lazy\" decoding=\"async\" class=\"wp-image-7950 no-display appear alignright\" style=\"font-size: 14px;\" src=\"http:\/\/hcd.malargue.gov.ar\/wp-content\/uploads\/2018\/06\/PDF-JPG-300x300.jpg\" sizes=\"auto, (max-width: 106px) 100vw, 106px\" srcset=\"http:\/\/hcd.malargue.gov.ar\/wp-content\/uploads\/2018\/06\/PDF-JPG-300x300.jpg 300w, http:\/\/hcd.malargue.gov.ar\/wp-content\/uploads\/2018\/06\/PDF-JPG-150x150.jpg 150w, http:\/\/hcd.malargue.gov.ar\/wp-content\/uploads\/2018\/06\/PDF-JPG.jpg 512w\" alt=\"\" width=\"106\" height=\"106\" \/><\/a>PIEZA LEGAL:\u00a0ORDENANZA N\u00ba 1.943\/2.018<\/p>\n<p>REFERENCIA: PARTIDA PRESUPUESTARIA EN EL A\u00d1O 2.019 Y SUBSIGUIENTES PARA SUBSIDIO DE LA GARRAFA SOCIAL.<\/p>\n<p><span style=\"font-size: 14px;\">AUTOR CONCEJAL:\u00a0<\/span><a style=\"font-size: 14px;\" href=\"https:\/\/www.facebook.com\/martin.palma.526\" target=\"_blank\" rel=\"noopener\">CONCEJAL MART\u00cdN PALMA \u2013\u00a0 BLOQUE CAMBIA MENDOZA.<\/a><\/p>\n<p>APROBADA: 02-08-2018<\/p>\n<p>Se trata de una iniciativa del Edil Mart\u00edn Palma (Bloque Cambia Mendoza) y para su aprobaci\u00f3n no solo se tuvo en cuenta las gestiones realizadas por el Honorable Concejo Deliberante conjuntamente con la unidad regional de Anses y el ejecutivo municipal, \u00a0sino adem\u00e1s que la propuesta tiene como finalidad asegurar el suministro regular, confiable y econ\u00f3mico de gas licuado de petr\u00f3leo a sectores sociales residenciales de escasos recursos que no cuenten con servicio de gas natural por redes.<\/p>\n<figure id=\"attachment_8205\" aria-describedby=\"caption-attachment-8205\" style=\"width: 696px\" class=\"wp-caption alignnone\"><img loading=\"lazy\" decoding=\"async\" class=\"wp-image-8205\" src=\"http:\/\/hcd.malargue.gov.ar\/wp-content\/uploads\/2018\/06\/IMGP9604-300x203.jpg\" alt=\"Una gesti\u00f3n en conjunto entre el Honorable Concejo Deliberante, Anses y la Municipalidad para beneficiar los vecinos del Departamento.\" width=\"696\" height=\"473\" \/><figcaption id=\"caption-attachment-8205\" class=\"wp-caption-text\">Una gesti\u00f3n en conjunto entre el Honorable Concejo Deliberante, Anses y la Municipalidad para beneficiar los vecinos del Departamento.<\/figcaption><\/figure>\n<p>En sus vistos y considerandos, la normativa hace referencia a un municipio que se caracteriza por tener uno de los mayores crecimientos demogr\u00e1ficos del pa\u00eds y donde la temperatura m\u00ednima absoluta registrada es de -24.6\u00b0 C.<\/p>\n<p>Frente a ello, el Cuerpo de Concejales admiti\u00f3 la necesidad de legislar en forma diferenciada en determinados aspectos y tem\u00e1ticas, tal como lo han entendido numerosas leyes incluso emanadas del \u00a0Honorable Congreso de la Naci\u00f3n, las cuales han logrado compensar los altos costos de habitabilidad y producci\u00f3n que la regi\u00f3n exige.<\/p>\n<p>De este modo \u00a0y entendi\u00e9ndolo como responsabilidad de quienes deben velar por el resguardo, derechos y bienestar de toda la sociedad en general, el Cuerpo de Concejales orden\u00f3 al Ejecutivo Municipal incorporar en el Presupuesto 2019 y subsiguientes, una partida destinada al subsidio de transporte de la garrafa social de 10 kg para todos los habitantes del Departamento de Malarg\u00fce.<\/p>\n<p>Marcia Sep\u00falveda\/\/Prensa HCD<\/p>\n","protected":false},"excerpt":{"rendered":"<p>PIEZA LEGAL:\u00a0ORDENANZA N\u00ba 1.943\/2.018 REFERENCIA: PARTIDA PRESUPUESTARIA EN EL A\u00d1O 2.019 Y SUBSIGUIENTES PARA SUBSIDIO DE LA GARRAFA SOCIAL. AUTOR CONCEJAL:\u00a0CONCEJAL MART\u00cdN PALMA \u2013\u00a0 BLOQUE CAMBIA MENDOZA. APROBADA: 02-08-2018 Se trata de una iniciativa del Edil Mart\u00edn Palma (Bloque Cambia Mendoza) y para su aprobaci\u00f3n no solo se tuvo en cuenta las gestiones realizadas por [&hellip;]<\/p>\n","protected":false},"author":4,"featured_media":7903,"comment_status":"closed","ping_status":"closed","sticky":false,"template":"","format":"standard","meta":{"footnotes":""},"categories":[52,29,48,33],"tags":[],"class_list":["post-10495","post","type-post","status-publish","format-standard","has-post-thumbnail","hentry","category-gacetillas","category-lesgilacion","category-ordenanzas-municipales","category-prensa"],"yoast_head":"<!-- This site is optimized with the Yoast SEO plugin v19.10 - https:\/\/yoast.com\/wordpress\/plugins\/seo\/ -->\n<title>CONCEJALES ORDENARON INCLUIR EN EL PRESUPUESTO 2.019, EL\u00a0SUBSIDIO DE LA GARRAFA SOCIAL. - Malarg\u00fce HCD<\/title>\n<meta name=\"robots\" content=\"index, follow, max-snippet:-1, max-image-preview:large, max-video-preview:-1\" \/>\n<link rel=\"canonical\" href=\"https:\/\/hcd.malargue.gov.ar\/?p=10495\" \/>\n<meta property=\"og:locale\" content=\"es_ES\" \/>\n<meta property=\"og:type\" content=\"article\" \/>\n<meta property=\"og:title\" content=\"CONCEJALES ORDENARON INCLUIR EN EL PRESUPUESTO 2.019, EL\u00a0SUBSIDIO DE LA GARRAFA SOCIAL. - Malarg\u00fce HCD\" \/>\n<meta property=\"og:description\" content=\"PIEZA LEGAL:\u00a0ORDENANZA N\u00ba 1.943\/2.018 REFERENCIA: PARTIDA PRESUPUESTARIA EN EL A\u00d1O 2.019 Y SUBSIGUIENTES PARA SUBSIDIO DE LA GARRAFA SOCIAL. AUTOR CONCEJAL:\u00a0CONCEJAL MART\u00cdN PALMA \u2013\u00a0 BLOQUE CAMBIA MENDOZA. APROBADA: 02-08-2018 Se trata de una iniciativa del Edil Mart\u00edn Palma (Bloque Cambia Mendoza) y para su aprobaci\u00f3n no solo se tuvo en cuenta las gestiones realizadas por [&hellip;]\" \/>\n<meta property=\"og:url\" content=\"https:\/\/hcd.malargue.gov.ar\/?p=10495\" \/>\n<meta property=\"og:site_name\" content=\"Malarg\u00fce HCD\" \/>\n<meta property=\"article:published_time\" content=\"2018-08-27T14:44:00+00:00\" \/>\n<meta property=\"article:modified_time\" content=\"2018-09-18T13:44:32+00:00\" \/>\n<meta property=\"og:image\" content=\"https:\/\/hcd.malargue.gov.ar\/wp-content\/uploads\/2018\/06\/IMGP9317.jpg\" \/>\n\t<meta property=\"og:image:width\" content=\"4288\" \/>\n\t<meta property=\"og:image:height\" content=\"2848\" \/>\n\t<meta property=\"og:image:type\" content=\"image\/jpeg\" \/>\n<meta name=\"author\" content=\"Marcia Sepulveda\" \/>\n<meta name=\"twitter:card\" content=\"summary_large_image\" \/>\n<meta name=\"twitter:label1\" content=\"Escrito por\" \/>\n\t<meta name=\"twitter:data1\" content=\"Marcia Sepulveda\" \/>\n\t<meta name=\"twitter:label2\" content=\"Tiempo de lectura\" \/>\n\t<meta name=\"twitter:data2\" content=\"2 minutos\" \/>\n<script type=\"application\/ld+json\" class=\"yoast-schema-graph\">{\"@context\":\"https:\/\/schema.org\",\"@graph\":[{\"@type\":\"WebPage\",\"@id\":\"https:\/\/hcd.malargue.gov.ar\/?p=10495\",\"url\":\"https:\/\/hcd.malargue.gov.ar\/?p=10495\",\"name\":\"CONCEJALES ORDENARON INCLUIR EN EL PRESUPUESTO 2.019, EL\u00a0SUBSIDIO DE LA GARRAFA SOCIAL. - Malarg\u00fce HCD\",\"isPartOf\":{\"@id\":\"https:\/\/hcd.malargue.gov.ar\/#website\"},\"datePublished\":\"2018-08-27T14:44:00+00:00\",\"dateModified\":\"2018-09-18T13:44:32+00:00\",\"author\":{\"@id\":\"https:\/\/hcd.malargue.gov.ar\/#\/schema\/person\/c02f28730a528313e04d34aba071fe06\"},\"breadcrumb\":{\"@id\":\"https:\/\/hcd.malargue.gov.ar\/?p=10495#breadcrumb\"},\"inLanguage\":\"es-AR\",\"potentialAction\":[{\"@type\":\"ReadAction\",\"target\":[\"https:\/\/hcd.malargue.gov.ar\/?p=10495\"]}]},{\"@type\":\"BreadcrumbList\",\"@id\":\"https:\/\/hcd.malargue.gov.ar\/?p=10495#breadcrumb\",\"itemListElement\":[{\"@type\":\"ListItem\",\"position\":1,\"name\":\"Inicio\",\"item\":\"https:\/\/hcd.malargue.gov.ar\/\"},{\"@type\":\"ListItem\",\"position\":2,\"name\":\"CONCEJALES ORDENARON INCLUIR EN EL PRESUPUESTO 2.019, EL\u00a0SUBSIDIO DE LA GARRAFA SOCIAL.\"}]},{\"@type\":\"WebSite\",\"@id\":\"https:\/\/hcd.malargue.gov.ar\/#website\",\"url\":\"https:\/\/hcd.malargue.gov.ar\/\",\"name\":\"Malarg\u00fce HCD\",\"description\":\"Malarg\u00fce Mendoza Argentina\",\"potentialAction\":[{\"@type\":\"SearchAction\",\"target\":{\"@type\":\"EntryPoint\",\"urlTemplate\":\"https:\/\/hcd.malargue.gov.ar\/?s={search_term_string}\"},\"query-input\":\"required name=search_term_string\"}],\"inLanguage\":\"es-AR\"},{\"@type\":\"Person\",\"@id\":\"https:\/\/hcd.malargue.gov.ar\/#\/schema\/person\/c02f28730a528313e04d34aba071fe06\",\"name\":\"Marcia Sepulveda\",\"image\":{\"@type\":\"ImageObject\",\"inLanguage\":\"es-AR\",\"@id\":\"https:\/\/hcd.malargue.gov.ar\/#\/schema\/person\/image\/\",\"url\":\"https:\/\/secure.gravatar.com\/avatar\/3557e3bccdef0a5d4de0476d077c8920f0638f6f0bd05553351eb0e70d99f241?s=96&d=mm&r=g\",\"contentUrl\":\"https:\/\/secure.gravatar.com\/avatar\/3557e3bccdef0a5d4de0476d077c8920f0638f6f0bd05553351eb0e70d99f241?s=96&d=mm&r=g\",\"caption\":\"Marcia Sepulveda\"},\"url\":\"https:\/\/hcd.malargue.gov.ar\/?author=4\"}]}<\/script>\n<!-- \/ Yoast SEO plugin. -->","yoast_head_json":{"title":"CONCEJALES ORDENARON INCLUIR EN EL PRESUPUESTO 2.019, EL\u00a0SUBSIDIO DE LA GARRAFA SOCIAL. - Malarg\u00fce HCD","robots":{"index":"index","follow":"follow","max-snippet":"max-snippet:-1","max-image-preview":"max-image-preview:large","max-video-preview":"max-video-preview:-1"},"canonical":"https:\/\/hcd.malargue.gov.ar\/?p=10495","og_locale":"es_ES","og_type":"article","og_title":"CONCEJALES ORDENARON INCLUIR EN EL PRESUPUESTO 2.019, EL\u00a0SUBSIDIO DE LA GARRAFA SOCIAL. - Malarg\u00fce HCD","og_description":"PIEZA LEGAL:\u00a0ORDENANZA N\u00ba 1.943\/2.018 REFERENCIA: PARTIDA PRESUPUESTARIA EN EL A\u00d1O 2.019 Y SUBSIGUIENTES PARA SUBSIDIO DE LA GARRAFA SOCIAL. AUTOR CONCEJAL:\u00a0CONCEJAL MART\u00cdN PALMA \u2013\u00a0 BLOQUE CAMBIA MENDOZA. APROBADA: 02-08-2018 Se trata de una iniciativa del Edil Mart\u00edn Palma (Bloque Cambia Mendoza) y para su aprobaci\u00f3n no solo se tuvo en cuenta las gestiones realizadas por [&hellip;]","og_url":"https:\/\/hcd.malargue.gov.ar\/?p=10495","og_site_name":"Malarg\u00fce HCD","article_published_time":"2018-08-27T14:44:00+00:00","article_modified_time":"2018-09-18T13:44:32+00:00","og_image":[{"width":4288,"height":2848,"url":"https:\/\/hcd.malargue.gov.ar\/wp-content\/uploads\/2018\/06\/IMGP9317.jpg","type":"image\/jpeg"}],"author":"Marcia Sepulveda","twitter_card":"summary_large_image","twitter_misc":{"Escrito por":"Marcia Sepulveda","Tiempo de lectura":"2 minutos"},"schema":{"@context":"https:\/\/schema.org","@graph":[{"@type":"WebPage","@id":"https:\/\/hcd.malargue.gov.ar\/?p=10495","url":"https:\/\/hcd.malargue.gov.ar\/?p=10495","name":"CONCEJALES ORDENARON INCLUIR EN EL PRESUPUESTO 2.019, EL\u00a0SUBSIDIO DE LA GARRAFA SOCIAL. - Malarg\u00fce HCD","isPartOf":{"@id":"https:\/\/hcd.malargue.gov.ar\/#website"},"datePublished":"2018-08-27T14:44:00+00:00","dateModified":"2018-09-18T13:44:32+00:00","author":{"@id":"https:\/\/hcd.malargue.gov.ar\/#\/schema\/person\/c02f28730a528313e04d34aba071fe06"},"breadcrumb":{"@id":"https:\/\/hcd.malargue.gov.ar\/?p=10495#breadcrumb"},"inLanguage":"es-AR","potentialAction":[{"@type":"ReadAction","target":["https:\/\/hcd.malargue.gov.ar\/?p=10495"]}]},{"@type":"BreadcrumbList","@id":"https:\/\/hcd.malargue.gov.ar\/?p=10495#breadcrumb","itemListElement":[{"@type":"ListItem","position":1,"name":"Inicio","item":"https:\/\/hcd.malargue.gov.ar\/"},{"@type":"ListItem","position":2,"name":"CONCEJALES ORDENARON INCLUIR EN EL PRESUPUESTO 2.019, EL\u00a0SUBSIDIO DE LA GARRAFA SOCIAL."}]},{"@type":"WebSite","@id":"https:\/\/hcd.malargue.gov.ar\/#website","url":"https:\/\/hcd.malargue.gov.ar\/","name":"Malarg\u00fce HCD","description":"Malarg\u00fce Mendoza Argentina","potentialAction":[{"@type":"SearchAction","target":{"@type":"EntryPoint","urlTemplate":"https:\/\/hcd.malargue.gov.ar\/?s={search_term_string}"},"query-input":"required name=search_term_string"}],"inLanguage":"es-AR"},{"@type":"Person","@id":"https:\/\/hcd.malargue.gov.ar\/#\/schema\/person\/c02f28730a528313e04d34aba071fe06","name":"Marcia Sepulveda","image":{"@type":"ImageObject","inLanguage":"es-AR","@id":"https:\/\/hcd.malargue.gov.ar\/#\/schema\/person\/image\/","url":"https:\/\/secure.gravatar.com\/avatar\/3557e3bccdef0a5d4de0476d077c8920f0638f6f0bd05553351eb0e70d99f241?s=96&d=mm&r=g","contentUrl":"https:\/\/secure.gravatar.com\/avatar\/3557e3bccdef0a5d4de0476d077c8920f0638f6f0bd05553351eb0e70d99f241?s=96&d=mm&r=g","caption":"Marcia Sepulveda"},"url":"https:\/\/hcd.malargue.gov.ar\/?author=4"}]}},"_links":{"self":[{"href":"https:\/\/hcd.malargue.gov.ar\/index.php?rest_route=\/wp\/v2\/posts\/10495","targetHints":{"allow":["GET"]}}],"collection":[{"href":"https:\/\/hcd.malargue.gov.ar\/index.php?rest_route=\/wp\/v2\/posts"}],"about":[{"href":"https:\/\/hcd.malargue.gov.ar\/index.php?rest_route=\/wp\/v2\/types\/post"}],"author":[{"embeddable":true,"href":"https:\/\/hcd.malargue.gov.ar\/index.php?rest_route=\/wp\/v2\/users\/4"}],"replies":[{"embeddable":true,"href":"https:\/\/hcd.malargue.gov.ar\/index.php?rest_route=%2Fwp%2Fv2%2Fcomments&post=10495"}],"version-history":[{"count":0,"href":"https:\/\/hcd.malargue.gov.ar\/index.php?rest_route=\/wp\/v2\/posts\/10495\/revisions"}],"wp:featuredmedia":[{"embeddable":true,"href":"https:\/\/hcd.malargue.gov.ar\/index.php?rest_route=\/wp\/v2\/media\/7903"}],"wp:attachment":[{"href":"https:\/\/hcd.malargue.gov.ar\/index.php?rest_route=%2Fwp%2Fv2%2Fmedia&parent=10495"}],"wp:term":[{"taxonomy":"category","embeddable":true,"href":"https:\/\/hcd.malargue.gov.ar\/index.php?rest_route=%2Fwp%2Fv2%2Fcategories&post=10495"},{"taxonomy":"post_tag","embeddable":true,"href":"https:\/\/hcd.malargue.gov.ar\/index.php?rest_route=%2Fwp%2Fv2%2Ftags&post=10495"}],"curies":[{"name":"wp","href":"https:\/\/api.w.org\/{rel}","templated":true}]}}