{"id":10866,"date":"2018-09-05T11:09:10","date_gmt":"2018-09-05T14:09:10","guid":{"rendered":"http:\/\/hcd.malargue.gov.ar\/?p=10866"},"modified":"2018-10-26T07:32:56","modified_gmt":"2018-10-26T10:32:56","slug":"el-hcd-declaro-de-interes-departamental-los-100-anos-de-la-parroquia-nuestra-senora-del-rosario","status":"publish","type":"post","link":"https:\/\/hcd.malargue.gov.ar\/?p=10866","title":{"rendered":"EL HCD DECLAR\u00d3 DE INTER\u00c9S DEPARTAMENTAL LOS 100 A\u00d1OS DE LA PARROQUIA NUESTRA SE\u00d1ORA DEL ROSARIO"},"content":{"rendered":"<p>PIEZA LEGAL: DECLARACI\u00d3N N\u00ba 226\/2.018<a href=\"http:\/\/hcd.malargue.gov.ar\/hcdpdf\/Decla%20%20226%202018%20%20100%20anos%20de%20la%20Parroquia%20Nuestra%20Sra%20del%20Rosario.pdf\" target=\"_blank\" rel=\"noopener\"><img loading=\"lazy\" decoding=\"async\" class=\"alignright wp-image-7950\" src=\"http:\/\/hcd.malargue.gov.ar\/wp-content\/uploads\/2018\/06\/PDF-JPG-300x300.jpg\" alt=\"\" width=\"94\" height=\"94\" srcset=\"https:\/\/hcd.malargue.gov.ar\/wp-content\/uploads\/2018\/06\/PDF-JPG-300x300.jpg 300w, https:\/\/hcd.malargue.gov.ar\/wp-content\/uploads\/2018\/06\/PDF-JPG-150x150.jpg 150w, https:\/\/hcd.malargue.gov.ar\/wp-content\/uploads\/2018\/06\/PDF-JPG.jpg 512w\" sizes=\"auto, (max-width: 94px) 100vw, 94px\" \/><\/a><\/p>\n<p>REFERENCIA: DECLARAR DE INTER\u00c9S DEPARTAMENTAL LOS 100 A\u00d1OS DE LA PARROQUIA NUESTRA SE\u00d1ORA DEL ROSARIO<\/p>\n<p>AUTOR: \u00a0<a href=\"https:\/\/www.facebook.com\/mauricio.martinez.71465572\" target=\"_blank\" rel=\"noopener\">CONCEJAL MAURICIO MART\u00cdNEZ- BLOQUE CAMBIA MENDOZA\u00a0<\/a><\/p>\n<p>APROBADA: 30-8-18<\/p>\n<p>Los comienzos de la evangelizaci\u00f3n en las tierras que actualmente ocupa el Departamento de Malarg\u00fce, se remontan a la \u00e9poca de la fundaci\u00f3n de Mendoza, aunque su asimilaci\u00f3n a la denominada civilizaci\u00f3n tuvo grandes intervalos, por ello es at\u00edpica a otros lugares de la Provincia.<img loading=\"lazy\" decoding=\"async\" class=\"alignnone wp-image-10880\" src=\"http:\/\/hcd.malargue.gov.ar\/wp-content\/uploads\/2018\/09\/IMGP2358-300x199.jpg\" alt=\"\" width=\"716\" height=\"475\" srcset=\"https:\/\/hcd.malargue.gov.ar\/wp-content\/uploads\/2018\/09\/IMGP2358-300x199.jpg 300w, https:\/\/hcd.malargue.gov.ar\/wp-content\/uploads\/2018\/09\/IMGP2358-768x510.jpg 768w, https:\/\/hcd.malargue.gov.ar\/wp-content\/uploads\/2018\/09\/IMGP2358-1024x680.jpg 1024w\" sizes=\"auto, (max-width: 716px) 100vw, 716px\" \/><\/p>\n<p>Don Pedro del Castillo el 2 de marzo de 1561, en el valle denominado de Guantata, G\u00fcentata o G\u00fcentota, al que entonces se le cambi\u00f3 el nombre por el de Nuevo Valle de Rioja, fund\u00f3 la ciudad que le dio el nombre de Mendoza en memoria del gobernador de Chile don Garc\u00eda Hurtado de Mendoza, que lo hab\u00eda enviado a la conquista de Cuyo. Al a\u00f1o siguiente Juan Jufr\u00e9 y Montesa, lleg\u00f3 a Cuyo y encontr\u00f3 la ciudad mal situada en el lugar elegido por Castillo y la traslad\u00f3 m\u00e1s al sur oeste, a la distancia de dos tiros de arcabuz, cambi\u00e1ndole el nombre por el de Ciudad de Resurrecci\u00f3n, en atenci\u00f3n al d\u00eda del traslado el 28 de marzo de 1562.<\/p>\n<p>Que la Provincia de Cuyo depend\u00eda de Chile, cuando se cre\u00f3 el Virreinato del R\u00edo de la Plata en 1776 fue separada de la gobernaci\u00f3n de Chile, no obstante eclesi\u00e1sticamente continu\u00f3 durante treinta a\u00f1os m\u00e1s bajo la jurisdicci\u00f3n del obispado de Santiago de Chile. La principal raz\u00f3n dada\u00a0 para la separaci\u00f3n de la Provincia de Cuyo de la jurisdicci\u00f3n de los prelados de Santiago de Chile\u00a0 fue la conveniencia de reun ir los dos gobiernos: eclesi\u00e1stico y civil.<\/p>\n<p>Que los jesuitas ser\u00edan los primeros misioneros en visitar estas tierras y el camino que hab\u00eda abierto el padre Diosdado, fue recorrido en 1645 por el padre Luis de Santisteban y L\u00f3pez y posteriormente nuestro m\u00e1s conocido el Padre Diego de Rosales, que en 1650, presidi\u00f3 la asamblea de los indios pehuenches y puelches celebrada en Malarg\u00fce a inmediaciones del Malal en el paraje llamado Pintullanca cerca de la Laguna Grande o Llancanelo.<\/p>\n<p>Para las celebraciones del centenario la Parroquia a divulgado por los distitos medios un cronograma con las actividades que se estar\u00e1n llevando a cabo.<\/p>\n<p><img loading=\"lazy\" decoding=\"async\" class=\"wp-image-10879 aligncenter\" src=\"http:\/\/hcd.malargue.gov.ar\/wp-content\/uploads\/2018\/09\/HHAHAHAH-199x300.jpg\" alt=\"\" width=\"312\" height=\"471\" srcset=\"https:\/\/hcd.malargue.gov.ar\/wp-content\/uploads\/2018\/09\/HHAHAHAH-199x300.jpg 199w, https:\/\/hcd.malargue.gov.ar\/wp-content\/uploads\/2018\/09\/HHAHAHAH-768x1156.jpg 768w, https:\/\/hcd.malargue.gov.ar\/wp-content\/uploads\/2018\/09\/HHAHAHAH-680x1024.jpg 680w\" sizes=\"auto, (max-width: 312px) 100vw, 312px\" \/><\/p>\n<div id='gallery-1' class='gallery galleryid-10866 gallery-columns-8 gallery-size-thumbnail'><figure class='gallery-item'>\n\t\t\t<div class='gallery-icon portrait'>\n\t\t\t\t<a href='https:\/\/hcd.malargue.gov.ar\/wp-content\/uploads\/2018\/09\/HHAHAHAH.jpg'><img loading=\"lazy\" decoding=\"async\" width=\"150\" height=\"150\" src=\"https:\/\/hcd.malargue.gov.ar\/wp-content\/uploads\/2018\/09\/HHAHAHAH-150x150.jpg\" class=\"attachment-thumbnail size-thumbnail\" alt=\"\" \/><\/a>\n\t\t\t<\/div><\/figure><figure class='gallery-item'>\n\t\t\t<div class='gallery-icon landscape'>\n\t\t\t\t<a href='https:\/\/hcd.malargue.gov.ar\/wp-content\/uploads\/2018\/09\/IMGP2358.jpg'><img loading=\"lazy\" decoding=\"async\" width=\"150\" height=\"150\" src=\"https:\/\/hcd.malargue.gov.ar\/wp-content\/uploads\/2018\/09\/IMGP2358-150x150.jpg\" class=\"attachment-thumbnail size-thumbnail\" alt=\"\" \/><\/a>\n\t\t\t<\/div><\/figure><figure class='gallery-item'>\n\t\t\t<div class='gallery-icon portrait'>\n\t\t\t\t<a href='https:\/\/hcd.malargue.gov.ar\/wp-content\/uploads\/2018\/09\/IMGP2362.jpg'><img loading=\"lazy\" decoding=\"async\" width=\"150\" height=\"150\" src=\"https:\/\/hcd.malargue.gov.ar\/wp-content\/uploads\/2018\/09\/IMGP2362-150x150.jpg\" class=\"attachment-thumbnail size-thumbnail\" alt=\"\" \/><\/a>\n\t\t\t<\/div><\/figure><figure class='gallery-item'>\n\t\t\t<div class='gallery-icon landscape'>\n\t\t\t\t<a href='https:\/\/hcd.malargue.gov.ar\/wp-content\/uploads\/2018\/09\/IMGP2363.jpg'><img loading=\"lazy\" decoding=\"async\" width=\"150\" height=\"150\" src=\"https:\/\/hcd.malargue.gov.ar\/wp-content\/uploads\/2018\/09\/IMGP2363-150x150.jpg\" class=\"attachment-thumbnail size-thumbnail\" alt=\"\" \/><\/a>\n\t\t\t<\/div><\/figure><figure class='gallery-item'>\n\t\t\t<div class='gallery-icon landscape'>\n\t\t\t\t<a href='https:\/\/hcd.malargue.gov.ar\/wp-content\/uploads\/2018\/09\/IMGP2364.jpg'><img loading=\"lazy\" decoding=\"async\" width=\"150\" height=\"150\" src=\"https:\/\/hcd.malargue.gov.ar\/wp-content\/uploads\/2018\/09\/IMGP2364-150x150.jpg\" class=\"attachment-thumbnail size-thumbnail\" alt=\"\" \/><\/a>\n\t\t\t<\/div><\/figure><figure class='gallery-item'>\n\t\t\t<div class='gallery-icon landscape'>\n\t\t\t\t<a href='https:\/\/hcd.malargue.gov.ar\/wp-content\/uploads\/2018\/09\/IMGP2366.jpg'><img loading=\"lazy\" decoding=\"async\" width=\"150\" height=\"150\" src=\"https:\/\/hcd.malargue.gov.ar\/wp-content\/uploads\/2018\/09\/IMGP2366-150x150.jpg\" class=\"attachment-thumbnail size-thumbnail\" alt=\"\" \/><\/a>\n\t\t\t<\/div><\/figure><figure class='gallery-item'>\n\t\t\t<div class='gallery-icon landscape'>\n\t\t\t\t<a href='https:\/\/hcd.malargue.gov.ar\/wp-content\/uploads\/2018\/09\/JJJJ-1.jpg'><img loading=\"lazy\" decoding=\"async\" width=\"150\" height=\"150\" src=\"https:\/\/hcd.malargue.gov.ar\/wp-content\/uploads\/2018\/09\/JJJJ-1-150x150.jpg\" class=\"attachment-thumbnail size-thumbnail\" alt=\"\" \/><\/a>\n\t\t\t<\/div><\/figure><figure class='gallery-item'>\n\t\t\t<div class='gallery-icon landscape'>\n\t\t\t\t<a href='https:\/\/hcd.malargue.gov.ar\/wp-content\/uploads\/2018\/09\/\u00d1LL\u00d1L.jpg'><img loading=\"lazy\" decoding=\"async\" width=\"150\" height=\"150\" src=\"https:\/\/hcd.malargue.gov.ar\/wp-content\/uploads\/2018\/09\/\u00d1LL\u00d1L-150x150.jpg\" class=\"attachment-thumbnail size-thumbnail\" alt=\"\" \/><\/a>\n\t\t\t<\/div><\/figure>\n\t\t<\/div>\n\n","protected":false},"excerpt":{"rendered":"<p>PIEZA LEGAL: DECLARACI\u00d3N N\u00ba 226\/2.018 REFERENCIA: DECLARAR DE INTER\u00c9S DEPARTAMENTAL LOS 100 A\u00d1OS DE LA PARROQUIA NUESTRA SE\u00d1ORA DEL ROSARIO AUTOR: \u00a0CONCEJAL MAURICIO MART\u00cdNEZ- BLOQUE CAMBIA MENDOZA\u00a0 APROBADA: 30-8-18 Los comienzos de la evangelizaci\u00f3n en las tierras que actualmente ocupa el Departamento de Malarg\u00fce, se remontan a la \u00e9poca de la fundaci\u00f3n de Mendoza, aunque [&hellip;]<\/p>\n","protected":false},"author":5,"featured_media":10878,"comment_status":"closed","ping_status":"closed","sticky":false,"template":"","format":"standard","meta":{"footnotes":""},"categories":[46,52,29,33],"tags":[],"class_list":["post-10866","post","type-post","status-publish","format-standard","has-post-thumbnail","hentry","category-declaraciones","category-gacetillas","category-lesgilacion","category-prensa"],"yoast_head":"<!-- This site is optimized with the Yoast SEO plugin v19.10 - https:\/\/yoast.com\/wordpress\/plugins\/seo\/ -->\n<title>EL HCD DECLAR\u00d3 DE INTER\u00c9S DEPARTAMENTAL LOS 100 A\u00d1OS DE LA PARROQUIA NUESTRA SE\u00d1ORA DEL ROSARIO - Malarg\u00fce HCD<\/title>\n<meta name=\"robots\" content=\"index, follow, max-snippet:-1, max-image-preview:large, max-video-preview:-1\" \/>\n<link rel=\"canonical\" href=\"https:\/\/hcd.malargue.gov.ar\/?p=10866\" \/>\n<meta property=\"og:locale\" content=\"es_ES\" \/>\n<meta property=\"og:type\" content=\"article\" \/>\n<meta property=\"og:title\" content=\"EL HCD DECLAR\u00d3 DE INTER\u00c9S DEPARTAMENTAL LOS 100 A\u00d1OS DE LA PARROQUIA NUESTRA SE\u00d1ORA DEL ROSARIO - Malarg\u00fce HCD\" \/>\n<meta property=\"og:description\" content=\"PIEZA LEGAL: DECLARACI\u00d3N N\u00ba 226\/2.018 REFERENCIA: DECLARAR DE INTER\u00c9S DEPARTAMENTAL LOS 100 A\u00d1OS DE LA PARROQUIA NUESTRA SE\u00d1ORA DEL ROSARIO AUTOR: \u00a0CONCEJAL MAURICIO MART\u00cdNEZ- BLOQUE CAMBIA MENDOZA\u00a0 APROBADA: 30-8-18 Los comienzos de la evangelizaci\u00f3n en las tierras que actualmente ocupa el Departamento de Malarg\u00fce, se remontan a la \u00e9poca de la fundaci\u00f3n de Mendoza, aunque [&hellip;]\" \/>\n<meta property=\"og:url\" content=\"https:\/\/hcd.malargue.gov.ar\/?p=10866\" \/>\n<meta property=\"og:site_name\" content=\"Malarg\u00fce HCD\" \/>\n<meta property=\"article:published_time\" content=\"2018-09-05T14:09:10+00:00\" \/>\n<meta property=\"article:modified_time\" content=\"2018-10-26T10:32:56+00:00\" \/>\n<meta property=\"og:image\" content=\"https:\/\/hcd.malargue.gov.ar\/wp-content\/uploads\/2018\/09\/JJJJ.jpg\" \/>\n\t<meta property=\"og:image:width\" content=\"3087\" \/>\n\t<meta property=\"og:image:height\" content=\"2132\" \/>\n\t<meta property=\"og:image:type\" content=\"image\/jpeg\" \/>\n<meta name=\"author\" content=\"Belen Pedernera Ferragut\" \/>\n<meta name=\"twitter:card\" content=\"summary_large_image\" \/>\n<meta name=\"twitter:label1\" content=\"Escrito por\" \/>\n\t<meta name=\"twitter:data1\" content=\"Belen Pedernera Ferragut\" \/>\n\t<meta name=\"twitter:label2\" content=\"Tiempo de lectura\" \/>\n\t<meta name=\"twitter:data2\" content=\"2 minutos\" \/>\n<script type=\"application\/ld+json\" class=\"yoast-schema-graph\">{\"@context\":\"https:\/\/schema.org\",\"@graph\":[{\"@type\":\"WebPage\",\"@id\":\"https:\/\/hcd.malargue.gov.ar\/?p=10866\",\"url\":\"https:\/\/hcd.malargue.gov.ar\/?p=10866\",\"name\":\"EL HCD DECLAR\u00d3 DE INTER\u00c9S DEPARTAMENTAL LOS 100 A\u00d1OS DE LA PARROQUIA NUESTRA SE\u00d1ORA DEL ROSARIO - Malarg\u00fce HCD\",\"isPartOf\":{\"@id\":\"https:\/\/hcd.malargue.gov.ar\/#website\"},\"datePublished\":\"2018-09-05T14:09:10+00:00\",\"dateModified\":\"2018-10-26T10:32:56+00:00\",\"author\":{\"@id\":\"https:\/\/hcd.malargue.gov.ar\/#\/schema\/person\/3fd6bbab64edd703961b795156c955d0\"},\"breadcrumb\":{\"@id\":\"https:\/\/hcd.malargue.gov.ar\/?p=10866#breadcrumb\"},\"inLanguage\":\"es-AR\",\"potentialAction\":[{\"@type\":\"ReadAction\",\"target\":[\"https:\/\/hcd.malargue.gov.ar\/?p=10866\"]}]},{\"@type\":\"BreadcrumbList\",\"@id\":\"https:\/\/hcd.malargue.gov.ar\/?p=10866#breadcrumb\",\"itemListElement\":[{\"@type\":\"ListItem\",\"position\":1,\"name\":\"Inicio\",\"item\":\"https:\/\/hcd.malargue.gov.ar\/\"},{\"@type\":\"ListItem\",\"position\":2,\"name\":\"EL HCD DECLAR\u00d3 DE INTER\u00c9S DEPARTAMENTAL LOS 100 A\u00d1OS DE LA PARROQUIA NUESTRA SE\u00d1ORA DEL ROSARIO\"}]},{\"@type\":\"WebSite\",\"@id\":\"https:\/\/hcd.malargue.gov.ar\/#website\",\"url\":\"https:\/\/hcd.malargue.gov.ar\/\",\"name\":\"Malarg\u00fce HCD\",\"description\":\"Malarg\u00fce Mendoza Argentina\",\"potentialAction\":[{\"@type\":\"SearchAction\",\"target\":{\"@type\":\"EntryPoint\",\"urlTemplate\":\"https:\/\/hcd.malargue.gov.ar\/?s={search_term_string}\"},\"query-input\":\"required name=search_term_string\"}],\"inLanguage\":\"es-AR\"},{\"@type\":\"Person\",\"@id\":\"https:\/\/hcd.malargue.gov.ar\/#\/schema\/person\/3fd6bbab64edd703961b795156c955d0\",\"name\":\"Belen Pedernera Ferragut\",\"image\":{\"@type\":\"ImageObject\",\"inLanguage\":\"es-AR\",\"@id\":\"https:\/\/hcd.malargue.gov.ar\/#\/schema\/person\/image\/\",\"url\":\"https:\/\/secure.gravatar.com\/avatar\/1054ffab3893de4bb3eb29bdd22f7e34b8537bf5d34d9dab311818154ad5b71f?s=96&d=mm&r=g\",\"contentUrl\":\"https:\/\/secure.gravatar.com\/avatar\/1054ffab3893de4bb3eb29bdd22f7e34b8537bf5d34d9dab311818154ad5b71f?s=96&d=mm&r=g\",\"caption\":\"Belen Pedernera Ferragut\"},\"url\":\"https:\/\/hcd.malargue.gov.ar\/?author=5\"}]}<\/script>\n<!-- \/ Yoast SEO plugin. -->","yoast_head_json":{"title":"EL HCD DECLAR\u00d3 DE INTER\u00c9S DEPARTAMENTAL LOS 100 A\u00d1OS DE LA PARROQUIA NUESTRA SE\u00d1ORA DEL ROSARIO - Malarg\u00fce HCD","robots":{"index":"index","follow":"follow","max-snippet":"max-snippet:-1","max-image-preview":"max-image-preview:large","max-video-preview":"max-video-preview:-1"},"canonical":"https:\/\/hcd.malargue.gov.ar\/?p=10866","og_locale":"es_ES","og_type":"article","og_title":"EL HCD DECLAR\u00d3 DE INTER\u00c9S DEPARTAMENTAL LOS 100 A\u00d1OS DE LA PARROQUIA NUESTRA SE\u00d1ORA DEL ROSARIO - Malarg\u00fce HCD","og_description":"PIEZA LEGAL: DECLARACI\u00d3N N\u00ba 226\/2.018 REFERENCIA: DECLARAR DE INTER\u00c9S DEPARTAMENTAL LOS 100 A\u00d1OS DE LA PARROQUIA NUESTRA SE\u00d1ORA DEL ROSARIO AUTOR: \u00a0CONCEJAL MAURICIO MART\u00cdNEZ- BLOQUE CAMBIA MENDOZA\u00a0 APROBADA: 30-8-18 Los comienzos de la evangelizaci\u00f3n en las tierras que actualmente ocupa el Departamento de Malarg\u00fce, se remontan a la \u00e9poca de la fundaci\u00f3n de Mendoza, aunque [&hellip;]","og_url":"https:\/\/hcd.malargue.gov.ar\/?p=10866","og_site_name":"Malarg\u00fce HCD","article_published_time":"2018-09-05T14:09:10+00:00","article_modified_time":"2018-10-26T10:32:56+00:00","og_image":[{"width":3087,"height":2132,"url":"https:\/\/hcd.malargue.gov.ar\/wp-content\/uploads\/2018\/09\/JJJJ.jpg","type":"image\/jpeg"}],"author":"Belen Pedernera Ferragut","twitter_card":"summary_large_image","twitter_misc":{"Escrito por":"Belen Pedernera Ferragut","Tiempo de lectura":"2 minutos"},"schema":{"@context":"https:\/\/schema.org","@graph":[{"@type":"WebPage","@id":"https:\/\/hcd.malargue.gov.ar\/?p=10866","url":"https:\/\/hcd.malargue.gov.ar\/?p=10866","name":"EL HCD DECLAR\u00d3 DE INTER\u00c9S DEPARTAMENTAL LOS 100 A\u00d1OS DE LA PARROQUIA NUESTRA SE\u00d1ORA DEL ROSARIO - Malarg\u00fce HCD","isPartOf":{"@id":"https:\/\/hcd.malargue.gov.ar\/#website"},"datePublished":"2018-09-05T14:09:10+00:00","dateModified":"2018-10-26T10:32:56+00:00","author":{"@id":"https:\/\/hcd.malargue.gov.ar\/#\/schema\/person\/3fd6bbab64edd703961b795156c955d0"},"breadcrumb":{"@id":"https:\/\/hcd.malargue.gov.ar\/?p=10866#breadcrumb"},"inLanguage":"es-AR","potentialAction":[{"@type":"ReadAction","target":["https:\/\/hcd.malargue.gov.ar\/?p=10866"]}]},{"@type":"BreadcrumbList","@id":"https:\/\/hcd.malargue.gov.ar\/?p=10866#breadcrumb","itemListElement":[{"@type":"ListItem","position":1,"name":"Inicio","item":"https:\/\/hcd.malargue.gov.ar\/"},{"@type":"ListItem","position":2,"name":"EL HCD DECLAR\u00d3 DE INTER\u00c9S DEPARTAMENTAL LOS 100 A\u00d1OS DE LA PARROQUIA NUESTRA SE\u00d1ORA DEL ROSARIO"}]},{"@type":"WebSite","@id":"https:\/\/hcd.malargue.gov.ar\/#website","url":"https:\/\/hcd.malargue.gov.ar\/","name":"Malarg\u00fce HCD","description":"Malarg\u00fce Mendoza Argentina","potentialAction":[{"@type":"SearchAction","target":{"@type":"EntryPoint","urlTemplate":"https:\/\/hcd.malargue.gov.ar\/?s={search_term_string}"},"query-input":"required name=search_term_string"}],"inLanguage":"es-AR"},{"@type":"Person","@id":"https:\/\/hcd.malargue.gov.ar\/#\/schema\/person\/3fd6bbab64edd703961b795156c955d0","name":"Belen Pedernera Ferragut","image":{"@type":"ImageObject","inLanguage":"es-AR","@id":"https:\/\/hcd.malargue.gov.ar\/#\/schema\/person\/image\/","url":"https:\/\/secure.gravatar.com\/avatar\/1054ffab3893de4bb3eb29bdd22f7e34b8537bf5d34d9dab311818154ad5b71f?s=96&d=mm&r=g","contentUrl":"https:\/\/secure.gravatar.com\/avatar\/1054ffab3893de4bb3eb29bdd22f7e34b8537bf5d34d9dab311818154ad5b71f?s=96&d=mm&r=g","caption":"Belen Pedernera Ferragut"},"url":"https:\/\/hcd.malargue.gov.ar\/?author=5"}]}},"_links":{"self":[{"href":"https:\/\/hcd.malargue.gov.ar\/index.php?rest_route=\/wp\/v2\/posts\/10866","targetHints":{"allow":["GET"]}}],"collection":[{"href":"https:\/\/hcd.malargue.gov.ar\/index.php?rest_route=\/wp\/v2\/posts"}],"about":[{"href":"https:\/\/hcd.malargue.gov.ar\/index.php?rest_route=\/wp\/v2\/types\/post"}],"author":[{"embeddable":true,"href":"https:\/\/hcd.malargue.gov.ar\/index.php?rest_route=\/wp\/v2\/users\/5"}],"replies":[{"embeddable":true,"href":"https:\/\/hcd.malargue.gov.ar\/index.php?rest_route=%2Fwp%2Fv2%2Fcomments&post=10866"}],"version-history":[{"count":0,"href":"https:\/\/hcd.malargue.gov.ar\/index.php?rest_route=\/wp\/v2\/posts\/10866\/revisions"}],"wp:featuredmedia":[{"embeddable":true,"href":"https:\/\/hcd.malargue.gov.ar\/index.php?rest_route=\/wp\/v2\/media\/10878"}],"wp:attachment":[{"href":"https:\/\/hcd.malargue.gov.ar\/index.php?rest_route=%2Fwp%2Fv2%2Fmedia&parent=10866"}],"wp:term":[{"taxonomy":"category","embeddable":true,"href":"https:\/\/hcd.malargue.gov.ar\/index.php?rest_route=%2Fwp%2Fv2%2Fcategories&post=10866"},{"taxonomy":"post_tag","embeddable":true,"href":"https:\/\/hcd.malargue.gov.ar\/index.php?rest_route=%2Fwp%2Fv2%2Ftags&post=10866"}],"curies":[{"name":"wp","href":"https:\/\/api.w.org\/{rel}","templated":true}]}}