{"id":11002,"date":"2018-09-07T12:39:55","date_gmt":"2018-09-07T15:39:55","guid":{"rendered":"http:\/\/hcd.malargue.gov.ar\/?p=11002"},"modified":"2018-09-07T13:01:25","modified_gmt":"2018-09-07T16:01:25","slug":"fracking-en-malargue-esto-solo-sirvio-para-darle-oportunidades-a-los-de-afuera","status":"publish","type":"post","link":"https:\/\/hcd.malargue.gov.ar\/?p=11002","title":{"rendered":"FRACKING\u00a0 EN MALARG\u00dcE\u00a0&#8211; \u201cESTO SOLO SIRVI\u00d3 PARA DARLE OPORTUNIDADES A LOS DE AFUERA.\u201d"},"content":{"rendered":"<p>Jos\u00e9 Barro, Concejal por el Bloque Somos Mendoza, en el marco de la 23\u00ba Sesi\u00f3n Ordinaria llevada a cabo el d\u00eda jueves 06 de septiembre, hizo uso de la palabra para expresar \u00a0su repudio\u00a0 ante \u201cla falta de inserci\u00f3n laboral que han tenido\u00a0 los malarg\u00fcinos en el proyecto de fractura hidr\u00e1ulica (Fracking) all\u00ed en el Tr\u00e9bol\u201d y\u00a0 agreg\u00f3 <strong><em>\u201cNuestro Bloque acompa\u00f1\u00f3 a la convocatoria y acompa\u00f1\u00f3 a la caravana a Mendoza y esto solo sirvi\u00f3 para darle oportunidades a los de afuera.\u201d<\/em><\/strong><\/p>\n<p>En este sentido y teniendo en cuenta que en el Concejo Deliberante se encontraba una cantidad importante de desocupados petroleros, Barro inform\u00f3 en detalle cada una de las normativas que fueron aprobadas por el Cuerpo de Concejales con el fin de encontrar una soluci\u00f3n a la falta respuestas por parte de empresas petroleras que operan en Malarg\u00fce. En primer lugar el Edil justicialista hizo menci\u00f3n a la presentaci\u00f3n de un \u00a0proyecto \u00a0de Resoluci\u00f3n, aprobado el 7 de junio p.pdo, mediante el cual se solicit\u00f3 a empresas petroleras que informen el proyecto de inversi\u00f3n en Malarg\u00fce, lo que deb\u00eda incluir el informe de la inserci\u00f3n de \u00a0mano de obra malarg\u00fcina, todo cuanto al d\u00eda de la fecha \u00a0no ha sido informado \u00a0como tampoco han obtenido respuestas, seg\u00fan lo expresado por Barro en uso de la palabra, respecto al proyecto de su autor\u00eda presentado en el a\u00f1o 2015, un proyecto que como el presentado por el Concejal Mauricio Mart\u00ednez \u00a0en 2016 , buscaba\u00a0 respuestas y soluciones respecto al compre malarg\u00fcino y la inserci\u00f3n de mano de obra malarg\u00fcina en las empresas que vengan a Malarg\u00fce. Por \u00faltimo Jos\u00e9 Barro\u00a0 inform\u00f3 de la\u00a0 presentaci\u00f3n de un \u00a0proyecto \u00a0que busca \u00a0inserci\u00f3n de empresas en las licitaciones que tengan las productoras de petr\u00f3leo en Malarg\u00fce, con \u00a0incorporaci\u00f3n de t\u00e9cnicos \u00a0malarg\u00fcinos.<\/p>\n<p><iframe loading=\"lazy\" title=\"HCD Malarg\u00fce - JOS\u00c9 BARRO-INSERCI\u00d3N DE MALARG\u00dcINOS EN  FRACTURA HIDR\u00c1ULICA LV19 FABRICA GRASSI\" width=\"800\" height=\"450\" src=\"https:\/\/www.youtube.com\/embed\/g_yY0HoqMjo?feature=oembed\" frameborder=\"0\" allow=\"accelerometer; autoplay; clipboard-write; encrypted-media; gyroscope; picture-in-picture\" allowfullscreen><\/iframe><\/p>\n<p><strong><em>\u201cEstas ordenanzas est\u00e1n aprobadas y no se hacen cumplir\u201d<\/em><\/strong> reclam\u00f3 el Concejal y agreg\u00f3 \u201cEn estos temas hemos trabajado siempre, todos los concejales \u00a0mancomunadamente, \u00a0nunca hemos tenido ego\u00edsmo en estas cosas pero bueno, \u00a0hoy la gente necesita soluciones\u201d.<\/p>\n<p><strong><em>\u201cTambi\u00e9n repudio la ca\u00edda de la industria ex Grassi\u201d.<\/em><\/strong> As\u00ed se expres\u00f3 \u00a0el Edil respecto a la toma de posesi\u00f3n de los terrenos e instalaciones de la ex F\u00e1brica Grassi por parte de la Municipalidad\u00a0 de Malarg\u00fce. \u201cFinalmente se debe a la pol\u00edtica nacional, a los tarifazos que terminan con esa industria\u201d asegur\u00f3 Barro, \u00a0a la vez que reconoci\u00f3 la decisi\u00f3n del Sr Intendente de tomar los empleados a t\u00edtulo municipal con contrato transitorio paraque queden cubiertos socialmente.\u00a0 Finalizando su alocuci\u00f3n en este tema, \u00a0Jos\u00e9 Barro se\u00f1al\u00f3 la necesidad de hacerse cargo de \u201cesa pol\u00edtica nacional que nos est\u00e1 destruyendo con\u00a0 plata de los malarg\u00fcinos\u201d y \u00a0con el fin de dar\u00a0 seguridad a futuros inversores el Concejal justicialista inst\u00f3 al Concejo\u00a0 a trabajar no solo \u00a0en buscar nuevos inversores \u00a0sino adem\u00e1s en asegurar las condiciones para que ese inversor permanezca, \u201cde lo contrario es\u00a0 muy dif\u00edcil para un inversor poner en marcha esa industria\u201d advirti\u00f3 el Edil.<\/p>\n<p>En otro tramo de su alocuci\u00f3n Barro expres\u00f3 su desagrado ante la falta de apoyo al proyecto de resoluci\u00f3n de repudio a la pol\u00edtica nacional. \u00a0<strong><em>\u201cClaramente se est\u00e1 desmantelando de mano de obra a Radio Malarg\u00fce y no veo que haya intenci\u00f3n de reemplazar esa gente que se est\u00e1 dando de baja sea por retiro voluntario o jubilado\u201d<\/em><\/strong> \u00a0expres\u00f3 el Edil y\u00a0 advirti\u00f3 \u201csi no hacemos nada en los pr\u00f3ximos meses que vienen, tenemos un radio Malarg\u00fce que vende productos directamente envasados desde Bs.As\u201d.<\/p>\n<p><img loading=\"lazy\" decoding=\"async\" class=\" wp-image-10961 alignleft\" style=\"font-size: 14px; font-family: 'Open Sans', Arial, sans-serif;\" src=\"http:\/\/hcd.malargue.gov.ar\/wp-content\/uploads\/2018\/09\/IMGP2412-300x199.jpg\" alt=\"\" width=\"377\" height=\"251\" srcset=\"https:\/\/hcd.malargue.gov.ar\/wp-content\/uploads\/2018\/09\/IMGP2412-300x199.jpg 300w, https:\/\/hcd.malargue.gov.ar\/wp-content\/uploads\/2018\/09\/IMGP2412-768x510.jpg 768w, https:\/\/hcd.malargue.gov.ar\/wp-content\/uploads\/2018\/09\/IMGP2412-1024x680.jpg 1024w\" sizes=\"auto, (max-width: 377px) 100vw, 377px\" \/><\/p>\n<p>Respecto\u00a0 a la Orden judicial que \u00a0declar\u00f3 la ineficiencia de la cesi\u00f3n a favor de Jos\u00e9 J. Chediack SA del contrato de obra p\u00fablica respecto de la obra adjudicada a OPS SA por la Direcci\u00f3n Nacional de Vialidad concerniente a la obra de Ruta Nacional N\u00b0 40 y el consecuente \u00a0despido de 160 trabajadores que se desempe\u00f1aban en la empresa puntana\u00a0Chediack S.A. que realizaba la mencionada\u00a0obra, el Concejal justicialista sostuvo que la situaci\u00f3n es muy preocupante y expres\u00f3 <strong><em>\u201cEspero que sea por un \u00a0tema legal y no que sea por un tema de recorte de la obra p\u00fablica y que no pasen los a\u00f1os y no podamos ver de vuelta trabajando la gente all\u00ed;<\/em><\/strong> una para solucionar \u00a0el inconveniente de esas familias que han quedado desocupadas, \u00a0y otra para que\u00a0 podamos unir nuestra ruta 40 \u00a0\u00a0definitivamente con Neuqu\u00e9n que le dar\u00eda muchas posibilidades a Malarg\u00fce\u201d.<\/p>\n<p>Finalmente\u00a0 y dirigi\u00e9ndose al presidente del Cuerpo de Ediles, Barro\u00a0 afirm\u00f3 \u201cnuestro bloque siempre va\u00a0 a acompa\u00f1ar, \u00a0siempre va a estar predispuesto a ayudar pero queremos soluciones y\u2026. \u00a0desde el \u00a0Concejo Deliberante\u00a0 a veces \u00a0tenemos un techo y no podemos ir mas all\u00e1. Creemos que es la hora de dar ya directamente soluciones, que es lo que est\u00e1 buscando la gente\u201d<\/p>\n<p>&nbsp;<\/p>\n<p>Marcia Sep\u00falveda\/\/Prensa HCD<\/p>\n<p>&nbsp;<\/p>\n<p>&nbsp;<\/p>\n","protected":false},"excerpt":{"rendered":"<p>Jos\u00e9 Barro, Concejal por el Bloque Somos Mendoza, en el marco de la 23\u00ba Sesi\u00f3n Ordinaria llevada a cabo el d\u00eda jueves 06 de septiembre, hizo uso de la palabra para expresar \u00a0su repudio\u00a0 ante \u201cla falta de inserci\u00f3n laboral que han tenido\u00a0 los malarg\u00fcinos en el proyecto de fractura hidr\u00e1ulica (Fracking) all\u00ed en el [&hellip;]<\/p>\n","protected":false},"author":4,"featured_media":11004,"comment_status":"closed","ping_status":"closed","sticky":false,"template":"","format":"standard","meta":{"footnotes":""},"categories":[52,33],"tags":[],"class_list":["post-11002","post","type-post","status-publish","format-standard","has-post-thumbnail","hentry","category-gacetillas","category-prensa"],"yoast_head":"<!-- This site is optimized with the Yoast SEO plugin v19.10 - https:\/\/yoast.com\/wordpress\/plugins\/seo\/ -->\n<title>FRACKING\u00a0 EN MALARG\u00dcE\u00a0- \u201cESTO SOLO SIRVI\u00d3 PARA DARLE OPORTUNIDADES A LOS DE AFUERA.\u201d - Malarg\u00fce HCD<\/title>\n<meta name=\"robots\" content=\"index, follow, max-snippet:-1, max-image-preview:large, max-video-preview:-1\" \/>\n<link rel=\"canonical\" href=\"https:\/\/hcd.malargue.gov.ar\/?p=11002\" \/>\n<meta property=\"og:locale\" content=\"es_ES\" \/>\n<meta property=\"og:type\" content=\"article\" \/>\n<meta property=\"og:title\" content=\"FRACKING\u00a0 EN MALARG\u00dcE\u00a0- \u201cESTO SOLO SIRVI\u00d3 PARA DARLE OPORTUNIDADES A LOS DE AFUERA.\u201d - Malarg\u00fce HCD\" \/>\n<meta property=\"og:description\" content=\"Jos\u00e9 Barro, Concejal por el Bloque Somos Mendoza, en el marco de la 23\u00ba Sesi\u00f3n Ordinaria llevada a cabo el d\u00eda jueves 06 de septiembre, hizo uso de la palabra para expresar \u00a0su repudio\u00a0 ante \u201cla falta de inserci\u00f3n laboral que han tenido\u00a0 los malarg\u00fcinos en el proyecto de fractura hidr\u00e1ulica (Fracking) all\u00ed en el [&hellip;]\" \/>\n<meta property=\"og:url\" content=\"https:\/\/hcd.malargue.gov.ar\/?p=11002\" \/>\n<meta property=\"og:site_name\" content=\"Malarg\u00fce HCD\" \/>\n<meta property=\"article:published_time\" content=\"2018-09-07T15:39:55+00:00\" \/>\n<meta property=\"article:modified_time\" content=\"2018-09-07T16:01:25+00:00\" \/>\n<meta property=\"og:image\" content=\"https:\/\/hcd.malargue.gov.ar\/wp-content\/uploads\/2018\/09\/REPUDIO-BARRO-.jpg\" \/>\n\t<meta property=\"og:image:width\" content=\"960\" \/>\n\t<meta property=\"og:image:height\" content=\"557\" \/>\n\t<meta property=\"og:image:type\" content=\"image\/jpeg\" \/>\n<meta name=\"author\" content=\"Marcia Sepulveda\" \/>\n<meta name=\"twitter:card\" content=\"summary_large_image\" \/>\n<meta name=\"twitter:label1\" content=\"Escrito por\" \/>\n\t<meta name=\"twitter:data1\" content=\"Marcia Sepulveda\" \/>\n\t<meta name=\"twitter:label2\" content=\"Tiempo de lectura\" \/>\n\t<meta name=\"twitter:data2\" content=\"4 minutos\" \/>\n<script type=\"application\/ld+json\" class=\"yoast-schema-graph\">{\"@context\":\"https:\/\/schema.org\",\"@graph\":[{\"@type\":\"WebPage\",\"@id\":\"https:\/\/hcd.malargue.gov.ar\/?p=11002\",\"url\":\"https:\/\/hcd.malargue.gov.ar\/?p=11002\",\"name\":\"FRACKING\u00a0 EN MALARG\u00dcE\u00a0- \u201cESTO SOLO SIRVI\u00d3 PARA DARLE OPORTUNIDADES A LOS DE AFUERA.\u201d - Malarg\u00fce HCD\",\"isPartOf\":{\"@id\":\"https:\/\/hcd.malargue.gov.ar\/#website\"},\"datePublished\":\"2018-09-07T15:39:55+00:00\",\"dateModified\":\"2018-09-07T16:01:25+00:00\",\"author\":{\"@id\":\"https:\/\/hcd.malargue.gov.ar\/#\/schema\/person\/c02f28730a528313e04d34aba071fe06\"},\"breadcrumb\":{\"@id\":\"https:\/\/hcd.malargue.gov.ar\/?p=11002#breadcrumb\"},\"inLanguage\":\"es-AR\",\"potentialAction\":[{\"@type\":\"ReadAction\",\"target\":[\"https:\/\/hcd.malargue.gov.ar\/?p=11002\"]}]},{\"@type\":\"BreadcrumbList\",\"@id\":\"https:\/\/hcd.malargue.gov.ar\/?p=11002#breadcrumb\",\"itemListElement\":[{\"@type\":\"ListItem\",\"position\":1,\"name\":\"Inicio\",\"item\":\"https:\/\/hcd.malargue.gov.ar\/\"},{\"@type\":\"ListItem\",\"position\":2,\"name\":\"FRACKING\u00a0 EN MALARG\u00dcE\u00a0&#8211; \u201cESTO SOLO SIRVI\u00d3 PARA DARLE OPORTUNIDADES A LOS DE AFUERA.\u201d\"}]},{\"@type\":\"WebSite\",\"@id\":\"https:\/\/hcd.malargue.gov.ar\/#website\",\"url\":\"https:\/\/hcd.malargue.gov.ar\/\",\"name\":\"Malarg\u00fce HCD\",\"description\":\"Malarg\u00fce Mendoza Argentina\",\"potentialAction\":[{\"@type\":\"SearchAction\",\"target\":{\"@type\":\"EntryPoint\",\"urlTemplate\":\"https:\/\/hcd.malargue.gov.ar\/?s={search_term_string}\"},\"query-input\":\"required name=search_term_string\"}],\"inLanguage\":\"es-AR\"},{\"@type\":\"Person\",\"@id\":\"https:\/\/hcd.malargue.gov.ar\/#\/schema\/person\/c02f28730a528313e04d34aba071fe06\",\"name\":\"Marcia Sepulveda\",\"image\":{\"@type\":\"ImageObject\",\"inLanguage\":\"es-AR\",\"@id\":\"https:\/\/hcd.malargue.gov.ar\/#\/schema\/person\/image\/\",\"url\":\"https:\/\/secure.gravatar.com\/avatar\/3557e3bccdef0a5d4de0476d077c8920f0638f6f0bd05553351eb0e70d99f241?s=96&d=mm&r=g\",\"contentUrl\":\"https:\/\/secure.gravatar.com\/avatar\/3557e3bccdef0a5d4de0476d077c8920f0638f6f0bd05553351eb0e70d99f241?s=96&d=mm&r=g\",\"caption\":\"Marcia Sepulveda\"},\"url\":\"https:\/\/hcd.malargue.gov.ar\/?author=4\"}]}<\/script>\n<!-- \/ Yoast SEO plugin. -->","yoast_head_json":{"title":"FRACKING\u00a0 EN MALARG\u00dcE\u00a0- \u201cESTO SOLO SIRVI\u00d3 PARA DARLE OPORTUNIDADES A LOS DE AFUERA.\u201d - Malarg\u00fce HCD","robots":{"index":"index","follow":"follow","max-snippet":"max-snippet:-1","max-image-preview":"max-image-preview:large","max-video-preview":"max-video-preview:-1"},"canonical":"https:\/\/hcd.malargue.gov.ar\/?p=11002","og_locale":"es_ES","og_type":"article","og_title":"FRACKING\u00a0 EN MALARG\u00dcE\u00a0- \u201cESTO SOLO SIRVI\u00d3 PARA DARLE OPORTUNIDADES A LOS DE AFUERA.\u201d - Malarg\u00fce HCD","og_description":"Jos\u00e9 Barro, Concejal por el Bloque Somos Mendoza, en el marco de la 23\u00ba Sesi\u00f3n Ordinaria llevada a cabo el d\u00eda jueves 06 de septiembre, hizo uso de la palabra para expresar \u00a0su repudio\u00a0 ante \u201cla falta de inserci\u00f3n laboral que han tenido\u00a0 los malarg\u00fcinos en el proyecto de fractura hidr\u00e1ulica (Fracking) all\u00ed en el [&hellip;]","og_url":"https:\/\/hcd.malargue.gov.ar\/?p=11002","og_site_name":"Malarg\u00fce HCD","article_published_time":"2018-09-07T15:39:55+00:00","article_modified_time":"2018-09-07T16:01:25+00:00","og_image":[{"width":960,"height":557,"url":"https:\/\/hcd.malargue.gov.ar\/wp-content\/uploads\/2018\/09\/REPUDIO-BARRO-.jpg","type":"image\/jpeg"}],"author":"Marcia Sepulveda","twitter_card":"summary_large_image","twitter_misc":{"Escrito por":"Marcia Sepulveda","Tiempo de lectura":"4 minutos"},"schema":{"@context":"https:\/\/schema.org","@graph":[{"@type":"WebPage","@id":"https:\/\/hcd.malargue.gov.ar\/?p=11002","url":"https:\/\/hcd.malargue.gov.ar\/?p=11002","name":"FRACKING\u00a0 EN MALARG\u00dcE\u00a0- \u201cESTO SOLO SIRVI\u00d3 PARA DARLE OPORTUNIDADES A LOS DE AFUERA.\u201d - Malarg\u00fce HCD","isPartOf":{"@id":"https:\/\/hcd.malargue.gov.ar\/#website"},"datePublished":"2018-09-07T15:39:55+00:00","dateModified":"2018-09-07T16:01:25+00:00","author":{"@id":"https:\/\/hcd.malargue.gov.ar\/#\/schema\/person\/c02f28730a528313e04d34aba071fe06"},"breadcrumb":{"@id":"https:\/\/hcd.malargue.gov.ar\/?p=11002#breadcrumb"},"inLanguage":"es-AR","potentialAction":[{"@type":"ReadAction","target":["https:\/\/hcd.malargue.gov.ar\/?p=11002"]}]},{"@type":"BreadcrumbList","@id":"https:\/\/hcd.malargue.gov.ar\/?p=11002#breadcrumb","itemListElement":[{"@type":"ListItem","position":1,"name":"Inicio","item":"https:\/\/hcd.malargue.gov.ar\/"},{"@type":"ListItem","position":2,"name":"FRACKING\u00a0 EN MALARG\u00dcE\u00a0&#8211; \u201cESTO SOLO SIRVI\u00d3 PARA DARLE OPORTUNIDADES A LOS DE AFUERA.\u201d"}]},{"@type":"WebSite","@id":"https:\/\/hcd.malargue.gov.ar\/#website","url":"https:\/\/hcd.malargue.gov.ar\/","name":"Malarg\u00fce HCD","description":"Malarg\u00fce Mendoza Argentina","potentialAction":[{"@type":"SearchAction","target":{"@type":"EntryPoint","urlTemplate":"https:\/\/hcd.malargue.gov.ar\/?s={search_term_string}"},"query-input":"required name=search_term_string"}],"inLanguage":"es-AR"},{"@type":"Person","@id":"https:\/\/hcd.malargue.gov.ar\/#\/schema\/person\/c02f28730a528313e04d34aba071fe06","name":"Marcia Sepulveda","image":{"@type":"ImageObject","inLanguage":"es-AR","@id":"https:\/\/hcd.malargue.gov.ar\/#\/schema\/person\/image\/","url":"https:\/\/secure.gravatar.com\/avatar\/3557e3bccdef0a5d4de0476d077c8920f0638f6f0bd05553351eb0e70d99f241?s=96&d=mm&r=g","contentUrl":"https:\/\/secure.gravatar.com\/avatar\/3557e3bccdef0a5d4de0476d077c8920f0638f6f0bd05553351eb0e70d99f241?s=96&d=mm&r=g","caption":"Marcia Sepulveda"},"url":"https:\/\/hcd.malargue.gov.ar\/?author=4"}]}},"_links":{"self":[{"href":"https:\/\/hcd.malargue.gov.ar\/index.php?rest_route=\/wp\/v2\/posts\/11002","targetHints":{"allow":["GET"]}}],"collection":[{"href":"https:\/\/hcd.malargue.gov.ar\/index.php?rest_route=\/wp\/v2\/posts"}],"about":[{"href":"https:\/\/hcd.malargue.gov.ar\/index.php?rest_route=\/wp\/v2\/types\/post"}],"author":[{"embeddable":true,"href":"https:\/\/hcd.malargue.gov.ar\/index.php?rest_route=\/wp\/v2\/users\/4"}],"replies":[{"embeddable":true,"href":"https:\/\/hcd.malargue.gov.ar\/index.php?rest_route=%2Fwp%2Fv2%2Fcomments&post=11002"}],"version-history":[{"count":0,"href":"https:\/\/hcd.malargue.gov.ar\/index.php?rest_route=\/wp\/v2\/posts\/11002\/revisions"}],"wp:featuredmedia":[{"embeddable":true,"href":"https:\/\/hcd.malargue.gov.ar\/index.php?rest_route=\/wp\/v2\/media\/11004"}],"wp:attachment":[{"href":"https:\/\/hcd.malargue.gov.ar\/index.php?rest_route=%2Fwp%2Fv2%2Fmedia&parent=11002"}],"wp:term":[{"taxonomy":"category","embeddable":true,"href":"https:\/\/hcd.malargue.gov.ar\/index.php?rest_route=%2Fwp%2Fv2%2Fcategories&post=11002"},{"taxonomy":"post_tag","embeddable":true,"href":"https:\/\/hcd.malargue.gov.ar\/index.php?rest_route=%2Fwp%2Fv2%2Ftags&post=11002"}],"curies":[{"name":"wp","href":"https:\/\/api.w.org\/{rel}","templated":true}]}}