{"id":11581,"date":"2018-09-25T11:33:21","date_gmt":"2018-09-25T14:33:21","guid":{"rendered":"http:\/\/hcd.malargue.gov.ar\/?p=11581"},"modified":"2018-09-25T12:43:21","modified_gmt":"2018-09-25T15:43:21","slug":"programa-remediar-ante-la-descentralizacion-por-parte-del-estado-nacional-de-la-politica-de-la-salud-el-deliberativo-local-solicito-gestiones-por-parte-del-ejecutivo-municipal","status":"publish","type":"post","link":"https:\/\/hcd.malargue.gov.ar\/?p=11581","title":{"rendered":"PROGRAMA REMEDIAR &#8211;\u00a0ANTE LA DESCENTRALIZACI\u00d3N POR PARTE DEL ESTADO NACIONAL DE LA POL\u00cdTICA DE LA SALUD, EL DELIBERATIVO LOCAL SOLICIT\u00d3 GESTIONES POR PARTE DEL EJECUTIVO MUNICIPAL"},"content":{"rendered":"<p><a href=\"http:\/\/hcd.malargue.gov.ar\/pdf\/Rn%20417%202018%20%20Requerir%20al%20Sr%20Intendente%20Municipal%20gestione%20ante%20el%20Ministerio%20de%20Salud%20de%20la%20Provincia%20para%20buscar%20alternativas%20al%20Programa%20REMEDIAR.pdf\" target=\"_blank\" rel=\"noopener\"><img loading=\"lazy\" decoding=\"async\" class=\" wp-image-7950 alignright\" src=\"http:\/\/hcd.malargue.gov.ar\/wp-content\/uploads\/2018\/06\/PDF-JPG-300x300.jpg\" alt=\"\" width=\"75\" height=\"75\" srcset=\"https:\/\/hcd.malargue.gov.ar\/wp-content\/uploads\/2018\/06\/PDF-JPG-300x300.jpg 300w, https:\/\/hcd.malargue.gov.ar\/wp-content\/uploads\/2018\/06\/PDF-JPG-150x150.jpg 150w, https:\/\/hcd.malargue.gov.ar\/wp-content\/uploads\/2018\/06\/PDF-JPG.jpg 512w\" sizes=\"auto, (max-width: 75px) 100vw, 75px\" \/><\/a>PIEZA LEGAL: RESOLUCI\u00d3N N\u00ba 417\/2.018<\/p>\n<p>REFERENCIA:\u00a0REQUERIR AL SR. INTENDENTE MUNICIPAL GESTIONE ANTE EL MINISTERIO DE SALUD DE LA PROVINCIA PARA BUSCAR ALTERNATIVAS AL PROGRAMA REMEDIAR O SU REEMPLAZO POR UNO SIMILAR.<\/p>\n<p>AUTOR: CONCEJAL RODOLFO CABEZA \u2013 BLOQUE JUSTICIALISTA FPV<\/p>\n<p>APROBADA: 13-09-2018<\/p>\n<p>El fundamento principal al pedido es que hace unos d\u00edas el Gobierno Nacional anunci\u00f3, mediante el Ministro de Salud de Santa Fe Sr. Miguel Gonz\u00e1lez, el fin del Programa REMEDIAR y su reemplazo por otro plan similar, en el marco de la Cobertura Universal de Salud (CUS), lo que significa en realidad, traspasar a las Provincias, la capacidad de respuesta sanitaria.<\/p>\n<p>El Programa REMEDIAR era el mayor programa del mundo de provisi\u00f3n gratuita de medicamentos ambulatorios. Fue formulado como estrategia central del Ministerio de Salud de la Naci\u00f3n Argentina para enfrentar la emergencia social y sanitaria en 2002, garantizando el acceso de la poblaci\u00f3n m\u00e1s vulnerable a los medicamentos esenciales.<\/p>\n<p>En Malarg\u00fce el Programa REMEDIAR se aplicaba y especialmente en los Centros de Salud de la Zona Rural, donde sus pobladores no tienen acceso a comprar estos medicamentos recetados por los m\u00e9dicos del \u00c1rea de Salud Rural.<\/p>\n<p>Por ello y con el fin de impedir el recorte derechos en el acceso a la Salud P\u00fablica de la poblaci\u00f3n en general y sobre todo de los m\u00e1s vulnerables, el Cuerpo de Ediles requiri\u00f3 al Sr. Intendente Municipal, realice todas las gestiones que considere necesarias ante el Ministerio de Salud de la Provincia de Mendoza, para buscar alternativas al Programa REMEDIAR o su reemplazo por otro similar.<\/p>\n<p>Marcia Sep\u00falveda \u2013 Prensa HCD<\/p>\n<p>Foto Gentileza\u00a0<a class=\"o5rIVb irc_hol i3724 irc_lth\" tabindex=\"0\" href=\"http:\/\/www.radionacional.com.ar\/author\/eotman\/page\/246\/\" target=\"_blank\" rel=\"noopener\" data-noload=\"\" data-ved=\"2ahUKEwjukLbrsNbdAhUCgpAKHX8eA08QjB16BAgBEAQ\"><span class=\"irc_ho\" dir=\"ltr\">Radio Nacional<\/span><\/a><\/p>\n","protected":false},"excerpt":{"rendered":"<p>PIEZA LEGAL: RESOLUCI\u00d3N N\u00ba 417\/2.018 REFERENCIA:\u00a0REQUERIR AL SR. INTENDENTE MUNICIPAL GESTIONE ANTE EL MINISTERIO DE SALUD DE LA PROVINCIA PARA BUSCAR ALTERNATIVAS AL PROGRAMA REMEDIAR O SU REEMPLAZO POR UNO SIMILAR. AUTOR: CONCEJAL RODOLFO CABEZA \u2013 BLOQUE JUSTICIALISTA FPV APROBADA: 13-09-2018 El fundamento principal al pedido es que hace unos d\u00edas el Gobierno Nacional anunci\u00f3, [&hellip;]<\/p>\n","protected":false},"author":4,"featured_media":11583,"comment_status":"closed","ping_status":"closed","sticky":false,"template":"","format":"standard","meta":{"footnotes":""},"categories":[52,29,33,51],"tags":[],"class_list":["post-11581","post","type-post","status-publish","format-standard","has-post-thumbnail","hentry","category-gacetillas","category-lesgilacion","category-prensa","category-resoluciones"],"yoast_head":"<!-- This site is optimized with the Yoast SEO plugin v19.10 - https:\/\/yoast.com\/wordpress\/plugins\/seo\/ -->\n<title>PROGRAMA REMEDIAR -\u00a0ANTE LA DESCENTRALIZACI\u00d3N POR PARTE DEL ESTADO NACIONAL DE LA POL\u00cdTICA DE LA SALUD, EL DELIBERATIVO LOCAL SOLICIT\u00d3 GESTIONES POR PARTE DEL EJECUTIVO MUNICIPAL - Malarg\u00fce HCD<\/title>\n<meta name=\"robots\" content=\"index, follow, max-snippet:-1, max-image-preview:large, max-video-preview:-1\" \/>\n<link rel=\"canonical\" href=\"https:\/\/hcd.malargue.gov.ar\/?p=11581\" \/>\n<meta property=\"og:locale\" content=\"es_ES\" \/>\n<meta property=\"og:type\" content=\"article\" \/>\n<meta property=\"og:title\" content=\"PROGRAMA REMEDIAR -\u00a0ANTE LA DESCENTRALIZACI\u00d3N POR PARTE DEL ESTADO NACIONAL DE LA POL\u00cdTICA DE LA SALUD, EL DELIBERATIVO LOCAL SOLICIT\u00d3 GESTIONES POR PARTE DEL EJECUTIVO MUNICIPAL - Malarg\u00fce HCD\" \/>\n<meta property=\"og:description\" content=\"PIEZA LEGAL: RESOLUCI\u00d3N N\u00ba 417\/2.018 REFERENCIA:\u00a0REQUERIR AL SR. INTENDENTE MUNICIPAL GESTIONE ANTE EL MINISTERIO DE SALUD DE LA PROVINCIA PARA BUSCAR ALTERNATIVAS AL PROGRAMA REMEDIAR O SU REEMPLAZO POR UNO SIMILAR. AUTOR: CONCEJAL RODOLFO CABEZA \u2013 BLOQUE JUSTICIALISTA FPV APROBADA: 13-09-2018 El fundamento principal al pedido es que hace unos d\u00edas el Gobierno Nacional anunci\u00f3, [&hellip;]\" \/>\n<meta property=\"og:url\" content=\"https:\/\/hcd.malargue.gov.ar\/?p=11581\" \/>\n<meta property=\"og:site_name\" content=\"Malarg\u00fce HCD\" \/>\n<meta property=\"article:published_time\" content=\"2018-09-25T14:33:21+00:00\" \/>\n<meta property=\"article:modified_time\" content=\"2018-09-25T15:43:21+00:00\" \/>\n<meta property=\"og:image\" content=\"https:\/\/hcd.malargue.gov.ar\/wp-content\/uploads\/2018\/09\/REMEDIAR.jpg\" \/>\n\t<meta property=\"og:image:width\" content=\"640\" \/>\n\t<meta property=\"og:image:height\" content=\"360\" \/>\n\t<meta property=\"og:image:type\" content=\"image\/jpeg\" \/>\n<meta name=\"author\" content=\"Marcia Sepulveda\" \/>\n<meta name=\"twitter:card\" content=\"summary_large_image\" \/>\n<meta name=\"twitter:label1\" content=\"Escrito por\" \/>\n\t<meta name=\"twitter:data1\" content=\"Marcia Sepulveda\" \/>\n\t<meta name=\"twitter:label2\" content=\"Tiempo de lectura\" \/>\n\t<meta name=\"twitter:data2\" content=\"1 minuto\" \/>\n<script type=\"application\/ld+json\" class=\"yoast-schema-graph\">{\"@context\":\"https:\/\/schema.org\",\"@graph\":[{\"@type\":\"WebPage\",\"@id\":\"https:\/\/hcd.malargue.gov.ar\/?p=11581\",\"url\":\"https:\/\/hcd.malargue.gov.ar\/?p=11581\",\"name\":\"PROGRAMA REMEDIAR -\u00a0ANTE LA DESCENTRALIZACI\u00d3N POR PARTE DEL ESTADO NACIONAL DE LA POL\u00cdTICA DE LA SALUD, EL DELIBERATIVO LOCAL SOLICIT\u00d3 GESTIONES POR PARTE DEL EJECUTIVO MUNICIPAL - Malarg\u00fce HCD\",\"isPartOf\":{\"@id\":\"https:\/\/hcd.malargue.gov.ar\/#website\"},\"datePublished\":\"2018-09-25T14:33:21+00:00\",\"dateModified\":\"2018-09-25T15:43:21+00:00\",\"author\":{\"@id\":\"https:\/\/hcd.malargue.gov.ar\/#\/schema\/person\/c02f28730a528313e04d34aba071fe06\"},\"breadcrumb\":{\"@id\":\"https:\/\/hcd.malargue.gov.ar\/?p=11581#breadcrumb\"},\"inLanguage\":\"es-AR\",\"potentialAction\":[{\"@type\":\"ReadAction\",\"target\":[\"https:\/\/hcd.malargue.gov.ar\/?p=11581\"]}]},{\"@type\":\"BreadcrumbList\",\"@id\":\"https:\/\/hcd.malargue.gov.ar\/?p=11581#breadcrumb\",\"itemListElement\":[{\"@type\":\"ListItem\",\"position\":1,\"name\":\"Inicio\",\"item\":\"https:\/\/hcd.malargue.gov.ar\/\"},{\"@type\":\"ListItem\",\"position\":2,\"name\":\"PROGRAMA REMEDIAR &#8211;\u00a0ANTE LA DESCENTRALIZACI\u00d3N POR PARTE DEL ESTADO NACIONAL DE LA POL\u00cdTICA DE LA SALUD, EL DELIBERATIVO LOCAL SOLICIT\u00d3 GESTIONES POR PARTE DEL EJECUTIVO MUNICIPAL\"}]},{\"@type\":\"WebSite\",\"@id\":\"https:\/\/hcd.malargue.gov.ar\/#website\",\"url\":\"https:\/\/hcd.malargue.gov.ar\/\",\"name\":\"Malarg\u00fce HCD\",\"description\":\"Malarg\u00fce Mendoza Argentina\",\"potentialAction\":[{\"@type\":\"SearchAction\",\"target\":{\"@type\":\"EntryPoint\",\"urlTemplate\":\"https:\/\/hcd.malargue.gov.ar\/?s={search_term_string}\"},\"query-input\":\"required name=search_term_string\"}],\"inLanguage\":\"es-AR\"},{\"@type\":\"Person\",\"@id\":\"https:\/\/hcd.malargue.gov.ar\/#\/schema\/person\/c02f28730a528313e04d34aba071fe06\",\"name\":\"Marcia Sepulveda\",\"image\":{\"@type\":\"ImageObject\",\"inLanguage\":\"es-AR\",\"@id\":\"https:\/\/hcd.malargue.gov.ar\/#\/schema\/person\/image\/\",\"url\":\"https:\/\/secure.gravatar.com\/avatar\/3557e3bccdef0a5d4de0476d077c8920f0638f6f0bd05553351eb0e70d99f241?s=96&d=mm&r=g\",\"contentUrl\":\"https:\/\/secure.gravatar.com\/avatar\/3557e3bccdef0a5d4de0476d077c8920f0638f6f0bd05553351eb0e70d99f241?s=96&d=mm&r=g\",\"caption\":\"Marcia Sepulveda\"},\"url\":\"https:\/\/hcd.malargue.gov.ar\/?author=4\"}]}<\/script>\n<!-- \/ Yoast SEO plugin. -->","yoast_head_json":{"title":"PROGRAMA REMEDIAR -\u00a0ANTE LA DESCENTRALIZACI\u00d3N POR PARTE DEL ESTADO NACIONAL DE LA POL\u00cdTICA DE LA SALUD, EL DELIBERATIVO LOCAL SOLICIT\u00d3 GESTIONES POR PARTE DEL EJECUTIVO MUNICIPAL - Malarg\u00fce HCD","robots":{"index":"index","follow":"follow","max-snippet":"max-snippet:-1","max-image-preview":"max-image-preview:large","max-video-preview":"max-video-preview:-1"},"canonical":"https:\/\/hcd.malargue.gov.ar\/?p=11581","og_locale":"es_ES","og_type":"article","og_title":"PROGRAMA REMEDIAR -\u00a0ANTE LA DESCENTRALIZACI\u00d3N POR PARTE DEL ESTADO NACIONAL DE LA POL\u00cdTICA DE LA SALUD, EL DELIBERATIVO LOCAL SOLICIT\u00d3 GESTIONES POR PARTE DEL EJECUTIVO MUNICIPAL - Malarg\u00fce HCD","og_description":"PIEZA LEGAL: RESOLUCI\u00d3N N\u00ba 417\/2.018 REFERENCIA:\u00a0REQUERIR AL SR. INTENDENTE MUNICIPAL GESTIONE ANTE EL MINISTERIO DE SALUD DE LA PROVINCIA PARA BUSCAR ALTERNATIVAS AL PROGRAMA REMEDIAR O SU REEMPLAZO POR UNO SIMILAR. AUTOR: CONCEJAL RODOLFO CABEZA \u2013 BLOQUE JUSTICIALISTA FPV APROBADA: 13-09-2018 El fundamento principal al pedido es que hace unos d\u00edas el Gobierno Nacional anunci\u00f3, [&hellip;]","og_url":"https:\/\/hcd.malargue.gov.ar\/?p=11581","og_site_name":"Malarg\u00fce HCD","article_published_time":"2018-09-25T14:33:21+00:00","article_modified_time":"2018-09-25T15:43:21+00:00","og_image":[{"width":640,"height":360,"url":"https:\/\/hcd.malargue.gov.ar\/wp-content\/uploads\/2018\/09\/REMEDIAR.jpg","type":"image\/jpeg"}],"author":"Marcia Sepulveda","twitter_card":"summary_large_image","twitter_misc":{"Escrito por":"Marcia Sepulveda","Tiempo de lectura":"1 minuto"},"schema":{"@context":"https:\/\/schema.org","@graph":[{"@type":"WebPage","@id":"https:\/\/hcd.malargue.gov.ar\/?p=11581","url":"https:\/\/hcd.malargue.gov.ar\/?p=11581","name":"PROGRAMA REMEDIAR -\u00a0ANTE LA DESCENTRALIZACI\u00d3N POR PARTE DEL ESTADO NACIONAL DE LA POL\u00cdTICA DE LA SALUD, EL DELIBERATIVO LOCAL SOLICIT\u00d3 GESTIONES POR PARTE DEL EJECUTIVO MUNICIPAL - Malarg\u00fce HCD","isPartOf":{"@id":"https:\/\/hcd.malargue.gov.ar\/#website"},"datePublished":"2018-09-25T14:33:21+00:00","dateModified":"2018-09-25T15:43:21+00:00","author":{"@id":"https:\/\/hcd.malargue.gov.ar\/#\/schema\/person\/c02f28730a528313e04d34aba071fe06"},"breadcrumb":{"@id":"https:\/\/hcd.malargue.gov.ar\/?p=11581#breadcrumb"},"inLanguage":"es-AR","potentialAction":[{"@type":"ReadAction","target":["https:\/\/hcd.malargue.gov.ar\/?p=11581"]}]},{"@type":"BreadcrumbList","@id":"https:\/\/hcd.malargue.gov.ar\/?p=11581#breadcrumb","itemListElement":[{"@type":"ListItem","position":1,"name":"Inicio","item":"https:\/\/hcd.malargue.gov.ar\/"},{"@type":"ListItem","position":2,"name":"PROGRAMA REMEDIAR &#8211;\u00a0ANTE LA DESCENTRALIZACI\u00d3N POR PARTE DEL ESTADO NACIONAL DE LA POL\u00cdTICA DE LA SALUD, EL DELIBERATIVO LOCAL SOLICIT\u00d3 GESTIONES POR PARTE DEL EJECUTIVO MUNICIPAL"}]},{"@type":"WebSite","@id":"https:\/\/hcd.malargue.gov.ar\/#website","url":"https:\/\/hcd.malargue.gov.ar\/","name":"Malarg\u00fce HCD","description":"Malarg\u00fce Mendoza Argentina","potentialAction":[{"@type":"SearchAction","target":{"@type":"EntryPoint","urlTemplate":"https:\/\/hcd.malargue.gov.ar\/?s={search_term_string}"},"query-input":"required name=search_term_string"}],"inLanguage":"es-AR"},{"@type":"Person","@id":"https:\/\/hcd.malargue.gov.ar\/#\/schema\/person\/c02f28730a528313e04d34aba071fe06","name":"Marcia Sepulveda","image":{"@type":"ImageObject","inLanguage":"es-AR","@id":"https:\/\/hcd.malargue.gov.ar\/#\/schema\/person\/image\/","url":"https:\/\/secure.gravatar.com\/avatar\/3557e3bccdef0a5d4de0476d077c8920f0638f6f0bd05553351eb0e70d99f241?s=96&d=mm&r=g","contentUrl":"https:\/\/secure.gravatar.com\/avatar\/3557e3bccdef0a5d4de0476d077c8920f0638f6f0bd05553351eb0e70d99f241?s=96&d=mm&r=g","caption":"Marcia Sepulveda"},"url":"https:\/\/hcd.malargue.gov.ar\/?author=4"}]}},"_links":{"self":[{"href":"https:\/\/hcd.malargue.gov.ar\/index.php?rest_route=\/wp\/v2\/posts\/11581","targetHints":{"allow":["GET"]}}],"collection":[{"href":"https:\/\/hcd.malargue.gov.ar\/index.php?rest_route=\/wp\/v2\/posts"}],"about":[{"href":"https:\/\/hcd.malargue.gov.ar\/index.php?rest_route=\/wp\/v2\/types\/post"}],"author":[{"embeddable":true,"href":"https:\/\/hcd.malargue.gov.ar\/index.php?rest_route=\/wp\/v2\/users\/4"}],"replies":[{"embeddable":true,"href":"https:\/\/hcd.malargue.gov.ar\/index.php?rest_route=%2Fwp%2Fv2%2Fcomments&post=11581"}],"version-history":[{"count":0,"href":"https:\/\/hcd.malargue.gov.ar\/index.php?rest_route=\/wp\/v2\/posts\/11581\/revisions"}],"wp:featuredmedia":[{"embeddable":true,"href":"https:\/\/hcd.malargue.gov.ar\/index.php?rest_route=\/wp\/v2\/media\/11583"}],"wp:attachment":[{"href":"https:\/\/hcd.malargue.gov.ar\/index.php?rest_route=%2Fwp%2Fv2%2Fmedia&parent=11581"}],"wp:term":[{"taxonomy":"category","embeddable":true,"href":"https:\/\/hcd.malargue.gov.ar\/index.php?rest_route=%2Fwp%2Fv2%2Fcategories&post=11581"},{"taxonomy":"post_tag","embeddable":true,"href":"https:\/\/hcd.malargue.gov.ar\/index.php?rest_route=%2Fwp%2Fv2%2Ftags&post=11581"}],"curies":[{"name":"wp","href":"https:\/\/api.w.org\/{rel}","templated":true}]}}