{"id":11663,"date":"2018-09-27T12:15:10","date_gmt":"2018-09-27T15:15:10","guid":{"rendered":"http:\/\/hcd.malargue.gov.ar\/?p=11663"},"modified":"2018-09-28T11:23:14","modified_gmt":"2018-09-28T14:23:14","slug":"memoria-trashumante-declarado-de-interes-departamental","status":"publish","type":"post","link":"https:\/\/hcd.malargue.gov.ar\/?p=11663","title":{"rendered":"\u201cMEMORIA TRASHUMANTE\u201d DECLARADO DE INTER\u00c9S DEPARTAMENTAL"},"content":{"rendered":"<div>\n<p>PIEZA LEGAL: DECLARACI\u00d3N N\u00b0 232 \/2.018<a href=\"http:\/\/hcd.malargue.gov.ar\/pdf\/Decla%20232%202018%20%20Declaracion%20Declarar%20de%20Interes%20Cultural%20y%20Educativo%20al%20proyecto%20sobre%20la%20transhumancia.pdf\" target=\"_blank\" rel=\"noopener\"><img loading=\"lazy\" decoding=\"async\" class=\"no-display appear alignright wp-image-7950\" src=\"http:\/\/hcd.malargue.gov.ar\/wp-content\/uploads\/2018\/06\/PDF-JPG-300x300.jpg\" sizes=\"auto, (max-width: 105px) 100vw, 105px\" srcset=\"http:\/\/hcd.malargue.gov.ar\/wp-content\/uploads\/2018\/06\/PDF-JPG-300x300.jpg 300w, http:\/\/hcd.malargue.gov.ar\/wp-content\/uploads\/2018\/06\/PDF-JPG-150x150.jpg 150w, http:\/\/hcd.malargue.gov.ar\/wp-content\/uploads\/2018\/06\/PDF-JPG.jpg 512w\" alt=\"\" width=\"105\" height=\"105\" \/><\/a><\/p>\n<\/div>\n<div>\n<p>REFERENCIA:\u00a0 DECLARAR DE INTER\u00c9S CULTURAL Y EDUCATIVO AL PROYECTO SOBRE LA TRANSHUMANCIA.<\/p>\n<p>AUTOR:\u00a0 \u00a0<a href=\"https:\/\/www.facebook.com\/paolafer.gonzalezjofre\" target=\"_blank\" rel=\"noopener\">CONCEJAL PAOLA JOFR\u00c9 \u2013 BLOQUE SOMOS MENDOZA<\/a><\/p>\n<p>APROBADA: 20-09-2018<\/p>\n<p><span style=\"font-size: 14px;\">Con la intenci\u00f3n de propiciar la revalorizaci\u00f3n, rescate y preservaci\u00f3n de las pr\u00e1cticas vinculadas con la Trashumancia a fin de divulgarla en diferentes \u00e1mbitos educativos y socioculturales, y que en nuestro Departamento este movimiento est\u00e1 condicionado por las caracter\u00edsticas clim\u00e1ticas, que tiene una consecuencia directa en el manejo del ganado, sobe todo caprino, que obliga a las familias a aprovechar diferentes pisos ecol\u00f3gicos y realizar el aprovechamiento de diversos recursos entre los que se destacan las pasturas, el Concejo Deliberante aprob\u00f3 la DECLARACI\u00d3N N\u00ba 232\/2.018<\/span><\/p>\n<\/div>\n<p>Mediante la pieza legal, iniciativa de la Edil Paola Jofr\u00e9, se declar\u00f3 de Inter\u00e9s Departamental, Cultural y Educativo el trabajo audio visual \u201cMemoria Trashumante\u201d proyecto Sr. Ernesto Esteban Ovando, reconocido por la organizaci\u00f3n sin fines de lucro Fundaci\u00f3n Williams.<\/p>\n<p>Marcia Sep\u00falveda\/\/ Prensa HCD<\/p>\n<p>Imagen &#8211; Dise\u00f1o Prensa HCD &#8211;\u00a0<a class=\"_hli\" href=\"https:\/\/www.facebook.com\/lavi.ciera?tn-str=%2AF\" data-hovercard=\"\/ajax\/hovercard\/user.php?id=100009722253036&amp;extragetparams=%7B%22tn-str%22%3A%22%2AF%22%7D\" data-hovercard-prefer-more-content-show=\"1\">La Viciera Campesina<\/a><\/p>\n","protected":false},"excerpt":{"rendered":"<p>PIEZA LEGAL: DECLARACI\u00d3N N\u00b0 232 \/2.018 REFERENCIA:\u00a0 DECLARAR DE INTER\u00c9S CULTURAL Y EDUCATIVO AL PROYECTO SOBRE LA TRANSHUMANCIA. AUTOR:\u00a0 \u00a0CONCEJAL PAOLA JOFR\u00c9 \u2013 BLOQUE SOMOS MENDOZA APROBADA: 20-09-2018 Con la intenci\u00f3n de propiciar la revalorizaci\u00f3n, rescate y preservaci\u00f3n de las pr\u00e1cticas vinculadas con la Trashumancia a fin de divulgarla en diferentes \u00e1mbitos educativos y socioculturales, [&hellip;]<\/p>\n","protected":false},"author":4,"featured_media":11664,"comment_status":"closed","ping_status":"closed","sticky":false,"template":"","format":"standard","meta":{"footnotes":""},"categories":[46,52,29,33],"tags":[],"class_list":["post-11663","post","type-post","status-publish","format-standard","has-post-thumbnail","hentry","category-declaraciones","category-gacetillas","category-lesgilacion","category-prensa"],"yoast_head":"<!-- This site is optimized with the Yoast SEO plugin v19.10 - https:\/\/yoast.com\/wordpress\/plugins\/seo\/ -->\n<title>\u201cMEMORIA TRASHUMANTE\u201d DECLARADO DE INTER\u00c9S DEPARTAMENTAL - Malarg\u00fce HCD<\/title>\n<meta name=\"robots\" content=\"index, follow, max-snippet:-1, max-image-preview:large, max-video-preview:-1\" \/>\n<link rel=\"canonical\" href=\"https:\/\/hcd.malargue.gov.ar\/?p=11663\" \/>\n<meta property=\"og:locale\" content=\"es_ES\" \/>\n<meta property=\"og:type\" content=\"article\" \/>\n<meta property=\"og:title\" content=\"\u201cMEMORIA TRASHUMANTE\u201d DECLARADO DE INTER\u00c9S DEPARTAMENTAL - Malarg\u00fce HCD\" \/>\n<meta property=\"og:description\" content=\"PIEZA LEGAL: DECLARACI\u00d3N N\u00b0 232 \/2.018 REFERENCIA:\u00a0 DECLARAR DE INTER\u00c9S CULTURAL Y EDUCATIVO AL PROYECTO SOBRE LA TRANSHUMANCIA. AUTOR:\u00a0 \u00a0CONCEJAL PAOLA JOFR\u00c9 \u2013 BLOQUE SOMOS MENDOZA APROBADA: 20-09-2018 Con la intenci\u00f3n de propiciar la revalorizaci\u00f3n, rescate y preservaci\u00f3n de las pr\u00e1cticas vinculadas con la Trashumancia a fin de divulgarla en diferentes \u00e1mbitos educativos y socioculturales, [&hellip;]\" \/>\n<meta property=\"og:url\" content=\"https:\/\/hcd.malargue.gov.ar\/?p=11663\" \/>\n<meta property=\"og:site_name\" content=\"Malarg\u00fce HCD\" \/>\n<meta property=\"article:published_time\" content=\"2018-09-27T15:15:10+00:00\" \/>\n<meta property=\"article:modified_time\" content=\"2018-09-28T14:23:14+00:00\" \/>\n<meta property=\"og:image\" content=\"https:\/\/hcd.malargue.gov.ar\/wp-content\/uploads\/2018\/09\/trashumancia.jpg\" \/>\n\t<meta property=\"og:image:width\" content=\"960\" \/>\n\t<meta property=\"og:image:height\" content=\"464\" \/>\n\t<meta property=\"og:image:type\" content=\"image\/jpeg\" \/>\n<meta name=\"author\" content=\"Marcia Sepulveda\" \/>\n<meta name=\"twitter:card\" content=\"summary_large_image\" \/>\n<meta name=\"twitter:label1\" content=\"Escrito por\" \/>\n\t<meta name=\"twitter:data1\" content=\"Marcia Sepulveda\" \/>\n\t<meta name=\"twitter:label2\" content=\"Tiempo de lectura\" \/>\n\t<meta name=\"twitter:data2\" content=\"1 minuto\" \/>\n<script type=\"application\/ld+json\" class=\"yoast-schema-graph\">{\"@context\":\"https:\/\/schema.org\",\"@graph\":[{\"@type\":\"WebPage\",\"@id\":\"https:\/\/hcd.malargue.gov.ar\/?p=11663\",\"url\":\"https:\/\/hcd.malargue.gov.ar\/?p=11663\",\"name\":\"\u201cMEMORIA TRASHUMANTE\u201d DECLARADO DE INTER\u00c9S DEPARTAMENTAL - Malarg\u00fce HCD\",\"isPartOf\":{\"@id\":\"https:\/\/hcd.malargue.gov.ar\/#website\"},\"datePublished\":\"2018-09-27T15:15:10+00:00\",\"dateModified\":\"2018-09-28T14:23:14+00:00\",\"author\":{\"@id\":\"https:\/\/hcd.malargue.gov.ar\/#\/schema\/person\/c02f28730a528313e04d34aba071fe06\"},\"breadcrumb\":{\"@id\":\"https:\/\/hcd.malargue.gov.ar\/?p=11663#breadcrumb\"},\"inLanguage\":\"es-AR\",\"potentialAction\":[{\"@type\":\"ReadAction\",\"target\":[\"https:\/\/hcd.malargue.gov.ar\/?p=11663\"]}]},{\"@type\":\"BreadcrumbList\",\"@id\":\"https:\/\/hcd.malargue.gov.ar\/?p=11663#breadcrumb\",\"itemListElement\":[{\"@type\":\"ListItem\",\"position\":1,\"name\":\"Inicio\",\"item\":\"https:\/\/hcd.malargue.gov.ar\/\"},{\"@type\":\"ListItem\",\"position\":2,\"name\":\"\u201cMEMORIA TRASHUMANTE\u201d DECLARADO DE INTER\u00c9S DEPARTAMENTAL\"}]},{\"@type\":\"WebSite\",\"@id\":\"https:\/\/hcd.malargue.gov.ar\/#website\",\"url\":\"https:\/\/hcd.malargue.gov.ar\/\",\"name\":\"Malarg\u00fce HCD\",\"description\":\"Malarg\u00fce Mendoza Argentina\",\"potentialAction\":[{\"@type\":\"SearchAction\",\"target\":{\"@type\":\"EntryPoint\",\"urlTemplate\":\"https:\/\/hcd.malargue.gov.ar\/?s={search_term_string}\"},\"query-input\":\"required name=search_term_string\"}],\"inLanguage\":\"es-AR\"},{\"@type\":\"Person\",\"@id\":\"https:\/\/hcd.malargue.gov.ar\/#\/schema\/person\/c02f28730a528313e04d34aba071fe06\",\"name\":\"Marcia Sepulveda\",\"image\":{\"@type\":\"ImageObject\",\"inLanguage\":\"es-AR\",\"@id\":\"https:\/\/hcd.malargue.gov.ar\/#\/schema\/person\/image\/\",\"url\":\"https:\/\/secure.gravatar.com\/avatar\/3557e3bccdef0a5d4de0476d077c8920f0638f6f0bd05553351eb0e70d99f241?s=96&d=mm&r=g\",\"contentUrl\":\"https:\/\/secure.gravatar.com\/avatar\/3557e3bccdef0a5d4de0476d077c8920f0638f6f0bd05553351eb0e70d99f241?s=96&d=mm&r=g\",\"caption\":\"Marcia Sepulveda\"},\"url\":\"https:\/\/hcd.malargue.gov.ar\/?author=4\"}]}<\/script>\n<!-- \/ Yoast SEO plugin. -->","yoast_head_json":{"title":"\u201cMEMORIA TRASHUMANTE\u201d DECLARADO DE INTER\u00c9S DEPARTAMENTAL - Malarg\u00fce HCD","robots":{"index":"index","follow":"follow","max-snippet":"max-snippet:-1","max-image-preview":"max-image-preview:large","max-video-preview":"max-video-preview:-1"},"canonical":"https:\/\/hcd.malargue.gov.ar\/?p=11663","og_locale":"es_ES","og_type":"article","og_title":"\u201cMEMORIA TRASHUMANTE\u201d DECLARADO DE INTER\u00c9S DEPARTAMENTAL - Malarg\u00fce HCD","og_description":"PIEZA LEGAL: DECLARACI\u00d3N N\u00b0 232 \/2.018 REFERENCIA:\u00a0 DECLARAR DE INTER\u00c9S CULTURAL Y EDUCATIVO AL PROYECTO SOBRE LA TRANSHUMANCIA. AUTOR:\u00a0 \u00a0CONCEJAL PAOLA JOFR\u00c9 \u2013 BLOQUE SOMOS MENDOZA APROBADA: 20-09-2018 Con la intenci\u00f3n de propiciar la revalorizaci\u00f3n, rescate y preservaci\u00f3n de las pr\u00e1cticas vinculadas con la Trashumancia a fin de divulgarla en diferentes \u00e1mbitos educativos y socioculturales, [&hellip;]","og_url":"https:\/\/hcd.malargue.gov.ar\/?p=11663","og_site_name":"Malarg\u00fce HCD","article_published_time":"2018-09-27T15:15:10+00:00","article_modified_time":"2018-09-28T14:23:14+00:00","og_image":[{"width":960,"height":464,"url":"https:\/\/hcd.malargue.gov.ar\/wp-content\/uploads\/2018\/09\/trashumancia.jpg","type":"image\/jpeg"}],"author":"Marcia Sepulveda","twitter_card":"summary_large_image","twitter_misc":{"Escrito por":"Marcia Sepulveda","Tiempo de lectura":"1 minuto"},"schema":{"@context":"https:\/\/schema.org","@graph":[{"@type":"WebPage","@id":"https:\/\/hcd.malargue.gov.ar\/?p=11663","url":"https:\/\/hcd.malargue.gov.ar\/?p=11663","name":"\u201cMEMORIA TRASHUMANTE\u201d DECLARADO DE INTER\u00c9S DEPARTAMENTAL - Malarg\u00fce HCD","isPartOf":{"@id":"https:\/\/hcd.malargue.gov.ar\/#website"},"datePublished":"2018-09-27T15:15:10+00:00","dateModified":"2018-09-28T14:23:14+00:00","author":{"@id":"https:\/\/hcd.malargue.gov.ar\/#\/schema\/person\/c02f28730a528313e04d34aba071fe06"},"breadcrumb":{"@id":"https:\/\/hcd.malargue.gov.ar\/?p=11663#breadcrumb"},"inLanguage":"es-AR","potentialAction":[{"@type":"ReadAction","target":["https:\/\/hcd.malargue.gov.ar\/?p=11663"]}]},{"@type":"BreadcrumbList","@id":"https:\/\/hcd.malargue.gov.ar\/?p=11663#breadcrumb","itemListElement":[{"@type":"ListItem","position":1,"name":"Inicio","item":"https:\/\/hcd.malargue.gov.ar\/"},{"@type":"ListItem","position":2,"name":"\u201cMEMORIA TRASHUMANTE\u201d DECLARADO DE INTER\u00c9S DEPARTAMENTAL"}]},{"@type":"WebSite","@id":"https:\/\/hcd.malargue.gov.ar\/#website","url":"https:\/\/hcd.malargue.gov.ar\/","name":"Malarg\u00fce HCD","description":"Malarg\u00fce Mendoza Argentina","potentialAction":[{"@type":"SearchAction","target":{"@type":"EntryPoint","urlTemplate":"https:\/\/hcd.malargue.gov.ar\/?s={search_term_string}"},"query-input":"required name=search_term_string"}],"inLanguage":"es-AR"},{"@type":"Person","@id":"https:\/\/hcd.malargue.gov.ar\/#\/schema\/person\/c02f28730a528313e04d34aba071fe06","name":"Marcia Sepulveda","image":{"@type":"ImageObject","inLanguage":"es-AR","@id":"https:\/\/hcd.malargue.gov.ar\/#\/schema\/person\/image\/","url":"https:\/\/secure.gravatar.com\/avatar\/3557e3bccdef0a5d4de0476d077c8920f0638f6f0bd05553351eb0e70d99f241?s=96&d=mm&r=g","contentUrl":"https:\/\/secure.gravatar.com\/avatar\/3557e3bccdef0a5d4de0476d077c8920f0638f6f0bd05553351eb0e70d99f241?s=96&d=mm&r=g","caption":"Marcia Sepulveda"},"url":"https:\/\/hcd.malargue.gov.ar\/?author=4"}]}},"_links":{"self":[{"href":"https:\/\/hcd.malargue.gov.ar\/index.php?rest_route=\/wp\/v2\/posts\/11663","targetHints":{"allow":["GET"]}}],"collection":[{"href":"https:\/\/hcd.malargue.gov.ar\/index.php?rest_route=\/wp\/v2\/posts"}],"about":[{"href":"https:\/\/hcd.malargue.gov.ar\/index.php?rest_route=\/wp\/v2\/types\/post"}],"author":[{"embeddable":true,"href":"https:\/\/hcd.malargue.gov.ar\/index.php?rest_route=\/wp\/v2\/users\/4"}],"replies":[{"embeddable":true,"href":"https:\/\/hcd.malargue.gov.ar\/index.php?rest_route=%2Fwp%2Fv2%2Fcomments&post=11663"}],"version-history":[{"count":0,"href":"https:\/\/hcd.malargue.gov.ar\/index.php?rest_route=\/wp\/v2\/posts\/11663\/revisions"}],"wp:featuredmedia":[{"embeddable":true,"href":"https:\/\/hcd.malargue.gov.ar\/index.php?rest_route=\/wp\/v2\/media\/11664"}],"wp:attachment":[{"href":"https:\/\/hcd.malargue.gov.ar\/index.php?rest_route=%2Fwp%2Fv2%2Fmedia&parent=11663"}],"wp:term":[{"taxonomy":"category","embeddable":true,"href":"https:\/\/hcd.malargue.gov.ar\/index.php?rest_route=%2Fwp%2Fv2%2Fcategories&post=11663"},{"taxonomy":"post_tag","embeddable":true,"href":"https:\/\/hcd.malargue.gov.ar\/index.php?rest_route=%2Fwp%2Fv2%2Ftags&post=11663"}],"curies":[{"name":"wp","href":"https:\/\/api.w.org\/{rel}","templated":true}]}}