{"id":12690,"date":"2018-11-06T13:02:45","date_gmt":"2018-11-06T16:02:45","guid":{"rendered":"http:\/\/hcd.malargue.gov.ar\/?p=12690"},"modified":"2018-11-06T13:04:17","modified_gmt":"2018-11-06T16:04:17","slug":"por-ordenanza-municipal-debera-implementarse-el-programa-de-capacitacion-laboral-para-portezuelo-del-viento","status":"publish","type":"post","link":"https:\/\/hcd.malargue.gov.ar\/?p=12690","title":{"rendered":"POR ORDENANZA MUNICIPAL DEBER\u00c1 IMPLEMENTARSE EL PROGRAMA DE CAPACITACI\u00d3N LABORAL PARA PORTEZUELO DEL VIENTO."},"content":{"rendered":"<div>\n<p>PIEZA LEGAL: ORDENANZA N\u00ba 1.962\/2.018<a href=\"http:\/\/hcd.malargue.gov.ar\/pdf\/On%201962%202018%20Implementar%20%20el%20Programa%20de%20Capacitacion%20Laboral%20para%20el%20Complejo%20Hidroelectrico%20Portezuelo%20del%20Viento.pdf\" target=\"_blank\" rel=\"noopener\"><img loading=\"lazy\" decoding=\"async\" class=\"alignright wp-image-7950 no-display appear\" src=\"http:\/\/hcd.malargue.gov.ar\/wp-content\/uploads\/2018\/06\/PDF-JPG-300x300.jpg\" sizes=\"auto, (max-width: 82px) 100vw, 82px\" srcset=\"http:\/\/hcd.malargue.gov.ar\/wp-content\/uploads\/2018\/06\/PDF-JPG-300x300.jpg 300w, http:\/\/hcd.malargue.gov.ar\/wp-content\/uploads\/2018\/06\/PDF-JPG-150x150.jpg 150w, http:\/\/hcd.malargue.gov.ar\/wp-content\/uploads\/2018\/06\/PDF-JPG.jpg 512w\" alt=\"\" width=\"82\" height=\"82\" \/><\/a><\/p>\n<p>REFERENCIA: IMPLEMENTAR\u00a0 EL PROGRAMA DE CAPACITACI\u00d3N LABORAL PARA EL \u00a0\u00a0 COMPLEJO\u00a0 HIDROEL\u00c9CTRICO PORTEZUELO DEL VIENTO.<\/p>\n<p>AUTOR :\u00a0<a href=\"https:\/\/www.facebook.com\/mauricio.martinez.71465572\" target=\"_blank\" rel=\"noopener\">CONCEJAL MAURICIO MART\u00cdNEZ- BLOQUE CAMBIA MENDOZA<\/a><\/p>\n<p>APROBADO: 25-10-18<\/p>\n<p><span style=\"font-size: 14px;\">El Concejo Deliberante aprob\u00f3 la norma en la \u00faltima sesi\u00f3n del mes de octubre. El proyecto iniciativa del Concejal Mauricio Mart\u00ednez (Cambia Mendoza), tom\u00f3 estado parlamentario el pasado 11 de octubre y busca facilitar a los trabajadores malarg\u00fcinos algunas herramientas que les permita prepararse\u00a0 adecuadamente para los tiempos que se avecinan y aportando una mejor\u00a0 oportunidad de inserci\u00f3n laboral\u00a0 en el Complejo Hidroel\u00e9ctrico Portezuelo del Viento.<\/span><\/p>\n<\/div>\n<div>El Complejo Hidroel\u00e9ctrico Portezuelo del Viento, proyectado para ser\u00a0 construido sobre el R\u00edo Grande en la Localidad de Las Loicas, Distrito de R\u00edo Grande, Departamento\u00a0 de Malarg\u00fce, ser\u00e1 la obra de ingenier\u00eda civil m\u00e1s\u00a0 importante\u00a0 de la historia de Mendoza. Est\u00e1 prevista la utilizaci\u00f3n de aproximadamente quince mil hect\u00e1reas y una vez puesta en funcionamiento, la hidroel\u00e9ctrica proveer\u00e1 de energ\u00eda al sistema el\u00e9ctrico interconectado, abasteciendo\u00a0 a m\u00e1s de ciento treinta mil (130.000) usuarios requiriendo para ello una inversi\u00f3n estimada en pesos catorce mil (14.000)millones .<\/div>\n<div>El Llamado a Licitaci\u00f3n para la construcci\u00f3n de la\u00a0 mega obra se efectivizar\u00eda el pr\u00f3ximo mes de diciembre, con\u00a0 inicio de su ejecuci\u00f3n para el 2019.<\/div>\n<div>Portezuelo en el corto plazo,\u00a0 durante la ejecuci\u00f3n de las obras, tendr\u00e1 un impacto\u00a0 dinamizador de la econom\u00eda\u00a0 del sur Provincial, generando no menos de tres mil (3.000) puestos de trabajo de forma directa y unos\u00a0 ocho mil (8.000) de forma indirecta, por ello y con\u00a0 la convicci\u00f3n de que un Estado eficiente, es aquel capaz de anticiparse a los cambios y de accionar\u00a0 para potenciarlos en beneficio de la comunidad, , el Cuerpo de Concejales aprob\u00f3 la ORDENANZA N\u00b0 1.962\/2.018<\/div>\n<div>La pieza legal aprobada por unanimidad,\u00a0 ordena la implementaci\u00f3n\u00a0 desde Departamento Ejecutivo Municipal a trav\u00e9s de la Oficina de Empleo y Capacitaci\u00f3n Laboral, del Programa de Capacitaci\u00f3n Laboral \u201cComplejo Hidroel\u00e9ctrico Portezuelo del Viento\u201d, para lo cual deber\u00e1 disponer de un Equipo T\u00e9cnico Profesional que a trav\u00e9s del an\u00e1lisis del Pliego de Licitaci\u00f3n de la Obra de construcci\u00f3n del \u201cComplejo Hidroel\u00e9ctrico Portezuelo del Viento\u201d, establecer\u00e1 en los treinta d\u00edas siguientes a la sanci\u00f3n de la Ordenanza, las \u00e1reas de formaci\u00f3n prioritaria a\u00a0 abordar en funci\u00f3n de la demanda potencial de mano de obra.<\/div>\n<div>Adem\u00e1s el Departamento Ejecutivo Municipal deber\u00e1 disponer la asignaci\u00f3n de horas c\u00e1tedras para el dictado de las clases y\u00a0 asignar\u00e1 tareas como capacitadores a los agentes municipales id\u00f3neos para tal fin.<\/div>\n<div>Los trabajadores que hayan concluido los cursos de Capacitaci\u00f3n y as\u00ed lo soliciten, ser\u00e1n inscriptos por la Oficina\u00a0 de Empleo en el Registro \u00danico de Mano de Obra local calificada para el Complejo Hidroel\u00e9ctrico Portezuelo del Viento, el que ser\u00e1 publicado en la p\u00e1gina web de la Municipalidad de Malarg\u00fce.<\/div>\n<div>Ser\u00e1 el Departamento Ejecutivo Municipal\u00a0 el encargado de llevar a cabo todos los actos \u00fatiles y necesarios a los fines de gestionar, con las firmas adjudicatarias y\/o contratistas,\u00a0 el ingreso al plantel de\u00a0 los trabajadores inscriptos en el Registro \u00danico\u00a0 creado por la ordenanza N\u00b0 1.962\/2.018.<\/div>\n<div>\n<div>Marcia Sep\u00falveda \/\/ Prensa HCD<\/div>\n<div>Fotos:<a class=\"o5rIVb irc_hol i3724 irc_lth\" tabindex=\"0\" href=\"https:\/\/www.cronista.com\/economiapolitica\/Otra-gran-obra-de-infraestructura-pasa-a-la-lista-de-PPP-Portezuelo-del-viento-20180724-0005.html\" target=\"_blank\" rel=\"noopener\" data-noload=\"\" data-ved=\"2ahUKEwiH6LCKkMDeAhVFiZAKHYJ_CPUQjB16BAgBEAQ\"><span class=\"irc_ho\" dir=\"ltr\">El Cronista<\/span><\/a><\/div>\n<\/div>\n","protected":false},"excerpt":{"rendered":"<p>PIEZA LEGAL: ORDENANZA N\u00ba 1.962\/2.018 REFERENCIA: IMPLEMENTAR\u00a0 EL PROGRAMA DE CAPACITACI\u00d3N LABORAL PARA EL \u00a0\u00a0 COMPLEJO\u00a0 HIDROEL\u00c9CTRICO PORTEZUELO DEL VIENTO. AUTOR :\u00a0CONCEJAL MAURICIO MART\u00cdNEZ- BLOQUE CAMBIA MENDOZA APROBADO: 25-10-18 El Concejo Deliberante aprob\u00f3 la norma en la \u00faltima sesi\u00f3n del mes de octubre. El proyecto iniciativa del Concejal Mauricio Mart\u00ednez (Cambia Mendoza), tom\u00f3 estado parlamentario [&hellip;]<\/p>\n","protected":false},"author":4,"featured_media":12692,"comment_status":"closed","ping_status":"closed","sticky":false,"template":"","format":"standard","meta":{"footnotes":""},"categories":[52,29,48,33,1],"tags":[],"class_list":["post-12690","post","type-post","status-publish","format-standard","has-post-thumbnail","hentry","category-gacetillas","category-lesgilacion","category-ordenanzas-municipales","category-prensa","category-sin-categoria"],"yoast_head":"<!-- This site is optimized with the Yoast SEO plugin v19.10 - https:\/\/yoast.com\/wordpress\/plugins\/seo\/ -->\n<title>POR ORDENANZA MUNICIPAL DEBER\u00c1 IMPLEMENTARSE EL PROGRAMA DE CAPACITACI\u00d3N LABORAL PARA PORTEZUELO DEL VIENTO. - Malarg\u00fce HCD<\/title>\n<meta name=\"robots\" content=\"index, follow, max-snippet:-1, max-image-preview:large, max-video-preview:-1\" \/>\n<link rel=\"canonical\" href=\"https:\/\/hcd.malargue.gov.ar\/?p=12690\" \/>\n<meta property=\"og:locale\" content=\"es_ES\" \/>\n<meta property=\"og:type\" content=\"article\" \/>\n<meta property=\"og:title\" content=\"POR ORDENANZA MUNICIPAL DEBER\u00c1 IMPLEMENTARSE EL PROGRAMA DE CAPACITACI\u00d3N LABORAL PARA PORTEZUELO DEL VIENTO. - Malarg\u00fce HCD\" \/>\n<meta property=\"og:description\" content=\"PIEZA LEGAL: ORDENANZA N\u00ba 1.962\/2.018 REFERENCIA: IMPLEMENTAR\u00a0 EL PROGRAMA DE CAPACITACI\u00d3N LABORAL PARA EL \u00a0\u00a0 COMPLEJO\u00a0 HIDROEL\u00c9CTRICO PORTEZUELO DEL VIENTO. AUTOR :\u00a0CONCEJAL MAURICIO MART\u00cdNEZ- BLOQUE CAMBIA MENDOZA APROBADO: 25-10-18 El Concejo Deliberante aprob\u00f3 la norma en la \u00faltima sesi\u00f3n del mes de octubre. El proyecto iniciativa del Concejal Mauricio Mart\u00ednez (Cambia Mendoza), tom\u00f3 estado parlamentario [&hellip;]\" \/>\n<meta property=\"og:url\" content=\"https:\/\/hcd.malargue.gov.ar\/?p=12690\" \/>\n<meta property=\"og:site_name\" content=\"Malarg\u00fce HCD\" \/>\n<meta property=\"article:published_time\" content=\"2018-11-06T16:02:45+00:00\" \/>\n<meta property=\"article:modified_time\" content=\"2018-11-06T16:04:17+00:00\" \/>\n<meta property=\"og:image\" content=\"https:\/\/hcd.malargue.gov.ar\/wp-content\/uploads\/2018\/11\/Portezuelo-4.jpg\" \/>\n\t<meta property=\"og:image:width\" content=\"1024\" \/>\n\t<meta property=\"og:image:height\" content=\"680\" \/>\n\t<meta property=\"og:image:type\" content=\"image\/jpeg\" \/>\n<meta name=\"author\" content=\"Marcia Sepulveda\" \/>\n<meta name=\"twitter:card\" content=\"summary_large_image\" \/>\n<meta name=\"twitter:label1\" content=\"Escrito por\" \/>\n\t<meta name=\"twitter:data1\" content=\"Marcia Sepulveda\" \/>\n\t<meta name=\"twitter:label2\" content=\"Tiempo de lectura\" \/>\n\t<meta name=\"twitter:data2\" content=\"3 minutos\" \/>\n<script type=\"application\/ld+json\" class=\"yoast-schema-graph\">{\"@context\":\"https:\/\/schema.org\",\"@graph\":[{\"@type\":\"WebPage\",\"@id\":\"https:\/\/hcd.malargue.gov.ar\/?p=12690\",\"url\":\"https:\/\/hcd.malargue.gov.ar\/?p=12690\",\"name\":\"POR ORDENANZA MUNICIPAL DEBER\u00c1 IMPLEMENTARSE EL PROGRAMA DE CAPACITACI\u00d3N LABORAL PARA PORTEZUELO DEL VIENTO. - Malarg\u00fce HCD\",\"isPartOf\":{\"@id\":\"https:\/\/hcd.malargue.gov.ar\/#website\"},\"datePublished\":\"2018-11-06T16:02:45+00:00\",\"dateModified\":\"2018-11-06T16:04:17+00:00\",\"author\":{\"@id\":\"https:\/\/hcd.malargue.gov.ar\/#\/schema\/person\/c02f28730a528313e04d34aba071fe06\"},\"breadcrumb\":{\"@id\":\"https:\/\/hcd.malargue.gov.ar\/?p=12690#breadcrumb\"},\"inLanguage\":\"es-AR\",\"potentialAction\":[{\"@type\":\"ReadAction\",\"target\":[\"https:\/\/hcd.malargue.gov.ar\/?p=12690\"]}]},{\"@type\":\"BreadcrumbList\",\"@id\":\"https:\/\/hcd.malargue.gov.ar\/?p=12690#breadcrumb\",\"itemListElement\":[{\"@type\":\"ListItem\",\"position\":1,\"name\":\"Inicio\",\"item\":\"https:\/\/hcd.malargue.gov.ar\/\"},{\"@type\":\"ListItem\",\"position\":2,\"name\":\"POR ORDENANZA MUNICIPAL DEBER\u00c1 IMPLEMENTARSE EL PROGRAMA DE CAPACITACI\u00d3N LABORAL PARA PORTEZUELO DEL VIENTO.\"}]},{\"@type\":\"WebSite\",\"@id\":\"https:\/\/hcd.malargue.gov.ar\/#website\",\"url\":\"https:\/\/hcd.malargue.gov.ar\/\",\"name\":\"Malarg\u00fce HCD\",\"description\":\"Malarg\u00fce Mendoza Argentina\",\"potentialAction\":[{\"@type\":\"SearchAction\",\"target\":{\"@type\":\"EntryPoint\",\"urlTemplate\":\"https:\/\/hcd.malargue.gov.ar\/?s={search_term_string}\"},\"query-input\":\"required name=search_term_string\"}],\"inLanguage\":\"es-AR\"},{\"@type\":\"Person\",\"@id\":\"https:\/\/hcd.malargue.gov.ar\/#\/schema\/person\/c02f28730a528313e04d34aba071fe06\",\"name\":\"Marcia Sepulveda\",\"image\":{\"@type\":\"ImageObject\",\"inLanguage\":\"es-AR\",\"@id\":\"https:\/\/hcd.malargue.gov.ar\/#\/schema\/person\/image\/\",\"url\":\"https:\/\/secure.gravatar.com\/avatar\/3557e3bccdef0a5d4de0476d077c8920f0638f6f0bd05553351eb0e70d99f241?s=96&d=mm&r=g\",\"contentUrl\":\"https:\/\/secure.gravatar.com\/avatar\/3557e3bccdef0a5d4de0476d077c8920f0638f6f0bd05553351eb0e70d99f241?s=96&d=mm&r=g\",\"caption\":\"Marcia Sepulveda\"},\"url\":\"https:\/\/hcd.malargue.gov.ar\/?author=4\"}]}<\/script>\n<!-- \/ Yoast SEO plugin. -->","yoast_head_json":{"title":"POR ORDENANZA MUNICIPAL DEBER\u00c1 IMPLEMENTARSE EL PROGRAMA DE CAPACITACI\u00d3N LABORAL PARA PORTEZUELO DEL VIENTO. - Malarg\u00fce HCD","robots":{"index":"index","follow":"follow","max-snippet":"max-snippet:-1","max-image-preview":"max-image-preview:large","max-video-preview":"max-video-preview:-1"},"canonical":"https:\/\/hcd.malargue.gov.ar\/?p=12690","og_locale":"es_ES","og_type":"article","og_title":"POR ORDENANZA MUNICIPAL DEBER\u00c1 IMPLEMENTARSE EL PROGRAMA DE CAPACITACI\u00d3N LABORAL PARA PORTEZUELO DEL VIENTO. - Malarg\u00fce HCD","og_description":"PIEZA LEGAL: ORDENANZA N\u00ba 1.962\/2.018 REFERENCIA: IMPLEMENTAR\u00a0 EL PROGRAMA DE CAPACITACI\u00d3N LABORAL PARA EL \u00a0\u00a0 COMPLEJO\u00a0 HIDROEL\u00c9CTRICO PORTEZUELO DEL VIENTO. AUTOR :\u00a0CONCEJAL MAURICIO MART\u00cdNEZ- BLOQUE CAMBIA MENDOZA APROBADO: 25-10-18 El Concejo Deliberante aprob\u00f3 la norma en la \u00faltima sesi\u00f3n del mes de octubre. El proyecto iniciativa del Concejal Mauricio Mart\u00ednez (Cambia Mendoza), tom\u00f3 estado parlamentario [&hellip;]","og_url":"https:\/\/hcd.malargue.gov.ar\/?p=12690","og_site_name":"Malarg\u00fce HCD","article_published_time":"2018-11-06T16:02:45+00:00","article_modified_time":"2018-11-06T16:04:17+00:00","og_image":[{"width":1024,"height":680,"url":"https:\/\/hcd.malargue.gov.ar\/wp-content\/uploads\/2018\/11\/Portezuelo-4.jpg","type":"image\/jpeg"}],"author":"Marcia Sepulveda","twitter_card":"summary_large_image","twitter_misc":{"Escrito por":"Marcia Sepulveda","Tiempo de lectura":"3 minutos"},"schema":{"@context":"https:\/\/schema.org","@graph":[{"@type":"WebPage","@id":"https:\/\/hcd.malargue.gov.ar\/?p=12690","url":"https:\/\/hcd.malargue.gov.ar\/?p=12690","name":"POR ORDENANZA MUNICIPAL DEBER\u00c1 IMPLEMENTARSE EL PROGRAMA DE CAPACITACI\u00d3N LABORAL PARA PORTEZUELO DEL VIENTO. - Malarg\u00fce HCD","isPartOf":{"@id":"https:\/\/hcd.malargue.gov.ar\/#website"},"datePublished":"2018-11-06T16:02:45+00:00","dateModified":"2018-11-06T16:04:17+00:00","author":{"@id":"https:\/\/hcd.malargue.gov.ar\/#\/schema\/person\/c02f28730a528313e04d34aba071fe06"},"breadcrumb":{"@id":"https:\/\/hcd.malargue.gov.ar\/?p=12690#breadcrumb"},"inLanguage":"es-AR","potentialAction":[{"@type":"ReadAction","target":["https:\/\/hcd.malargue.gov.ar\/?p=12690"]}]},{"@type":"BreadcrumbList","@id":"https:\/\/hcd.malargue.gov.ar\/?p=12690#breadcrumb","itemListElement":[{"@type":"ListItem","position":1,"name":"Inicio","item":"https:\/\/hcd.malargue.gov.ar\/"},{"@type":"ListItem","position":2,"name":"POR ORDENANZA MUNICIPAL DEBER\u00c1 IMPLEMENTARSE EL PROGRAMA DE CAPACITACI\u00d3N LABORAL PARA PORTEZUELO DEL VIENTO."}]},{"@type":"WebSite","@id":"https:\/\/hcd.malargue.gov.ar\/#website","url":"https:\/\/hcd.malargue.gov.ar\/","name":"Malarg\u00fce HCD","description":"Malarg\u00fce Mendoza Argentina","potentialAction":[{"@type":"SearchAction","target":{"@type":"EntryPoint","urlTemplate":"https:\/\/hcd.malargue.gov.ar\/?s={search_term_string}"},"query-input":"required name=search_term_string"}],"inLanguage":"es-AR"},{"@type":"Person","@id":"https:\/\/hcd.malargue.gov.ar\/#\/schema\/person\/c02f28730a528313e04d34aba071fe06","name":"Marcia Sepulveda","image":{"@type":"ImageObject","inLanguage":"es-AR","@id":"https:\/\/hcd.malargue.gov.ar\/#\/schema\/person\/image\/","url":"https:\/\/secure.gravatar.com\/avatar\/3557e3bccdef0a5d4de0476d077c8920f0638f6f0bd05553351eb0e70d99f241?s=96&d=mm&r=g","contentUrl":"https:\/\/secure.gravatar.com\/avatar\/3557e3bccdef0a5d4de0476d077c8920f0638f6f0bd05553351eb0e70d99f241?s=96&d=mm&r=g","caption":"Marcia Sepulveda"},"url":"https:\/\/hcd.malargue.gov.ar\/?author=4"}]}},"_links":{"self":[{"href":"https:\/\/hcd.malargue.gov.ar\/index.php?rest_route=\/wp\/v2\/posts\/12690","targetHints":{"allow":["GET"]}}],"collection":[{"href":"https:\/\/hcd.malargue.gov.ar\/index.php?rest_route=\/wp\/v2\/posts"}],"about":[{"href":"https:\/\/hcd.malargue.gov.ar\/index.php?rest_route=\/wp\/v2\/types\/post"}],"author":[{"embeddable":true,"href":"https:\/\/hcd.malargue.gov.ar\/index.php?rest_route=\/wp\/v2\/users\/4"}],"replies":[{"embeddable":true,"href":"https:\/\/hcd.malargue.gov.ar\/index.php?rest_route=%2Fwp%2Fv2%2Fcomments&post=12690"}],"version-history":[{"count":0,"href":"https:\/\/hcd.malargue.gov.ar\/index.php?rest_route=\/wp\/v2\/posts\/12690\/revisions"}],"wp:featuredmedia":[{"embeddable":true,"href":"https:\/\/hcd.malargue.gov.ar\/index.php?rest_route=\/wp\/v2\/media\/12692"}],"wp:attachment":[{"href":"https:\/\/hcd.malargue.gov.ar\/index.php?rest_route=%2Fwp%2Fv2%2Fmedia&parent=12690"}],"wp:term":[{"taxonomy":"category","embeddable":true,"href":"https:\/\/hcd.malargue.gov.ar\/index.php?rest_route=%2Fwp%2Fv2%2Fcategories&post=12690"},{"taxonomy":"post_tag","embeddable":true,"href":"https:\/\/hcd.malargue.gov.ar\/index.php?rest_route=%2Fwp%2Fv2%2Ftags&post=12690"}],"curies":[{"name":"wp","href":"https:\/\/api.w.org\/{rel}","templated":true}]}}