{"id":12717,"date":"2018-11-07T11:50:47","date_gmt":"2018-11-07T14:50:47","guid":{"rendered":"http:\/\/hcd.malargue.gov.ar\/?p=12717"},"modified":"2018-11-07T11:56:49","modified_gmt":"2018-11-07T14:56:49","slug":"la-comision-de-obras-publicas-recibio-a-referente-de-barrio-virgen-del-carmen","status":"publish","type":"post","link":"https:\/\/hcd.malargue.gov.ar\/?p=12717","title":{"rendered":"LA COMISI\u00d3N DE OBRAS P\u00daBLICAS RECIBI\u00d3 A REFERENTE DE BARRIO VIRGEN DEL CARMEN"},"content":{"rendered":"<p>7-NOV-2018 a las 9:00 se reuni\u00f3 la Comisi\u00f3n de Obras Publicas, Turismo y Recursos Naturales; con la presencia de los Ediles <a class=\"profileLink\" href=\"https:\/\/www.facebook.com\/martin.palma.526?__tn__=K-R&amp;eid=ARBITZJhrWejwBkrZzIRsGlQ4ll9SgPLv-rnQQgysJH1pqLI0hOU4jfDKjii28IFv2_BL0xf9zk18XYP&amp;fref=mentions&amp;__xts__%5B0%5D=68.ARAkm9qUAaf4Q7_I--8KPu89MMTucu_RWnJidKjEOFsU3Rqvb7UblWjCx9jgZRRdYLdZS29dPVVIOas2Jh1ILXK4jdqeted3HvQerk5XOjKxNgjFSYvRzkAY6vKa8wh9uAQTeE01dCNksrYs8ESsW9o8BQ8SnrpmgruFM1BcGp2lxsUBoGXHeBAW-aha4hLGGNQYSk4dT8XT_Rwmc_vDww69\" data-hovercard=\"\/ajax\/hovercard\/user.php?id=100003067710365&amp;extragetparams=%7B%22__tn__%22%3A%22%2CdK-R-R%22%2C%22eid%22%3A%22ARBITZJhrWejwBkrZzIRsGlQ4ll9SgPLv-rnQQgysJH1pqLI0hOU4jfDKjii28IFv2_BL0xf9zk18XYP%22%2C%22fref%22%3A%22mentions%22%7D\" data-hovercard-prefer-more-content-show=\"1\">Martin Palma<\/a>, <a class=\"profileLink\" href=\"https:\/\/www.facebook.com\/paolafer.gonzalezjofre?__tn__=K-R&amp;eid=ARD2lhItTUMWDNy6zEacxBcF6_S1MO75QEBobQ-Xh4_ouHub-b-ro_O8co86MpuEJgl3l4EJmOhjJjJr&amp;fref=mentions&amp;__xts__%5B0%5D=68.ARAkm9qUAaf4Q7_I--8KPu89MMTucu_RWnJidKjEOFsU3Rqvb7UblWjCx9jgZRRdYLdZS29dPVVIOas2Jh1ILXK4jdqeted3HvQerk5XOjKxNgjFSYvRzkAY6vKa8wh9uAQTeE01dCNksrYs8ESsW9o8BQ8SnrpmgruFM1BcGp2lxsUBoGXHeBAW-aha4hLGGNQYSk4dT8XT_Rwmc_vDww69\" data-hovercard=\"\/ajax\/hovercard\/user.php?id=1186623343&amp;extragetparams=%7B%22__tn__%22%3A%22%2CdK-R-R%22%2C%22eid%22%3A%22ARD2lhItTUMWDNy6zEacxBcF6_S1MO75QEBobQ-Xh4_ouHub-b-ro_O8co86MpuEJgl3l4EJmOhjJjJr%22%2C%22fref%22%3A%22mentions%22%7D\" data-hovercard-prefer-more-content-show=\"1\">Pao Jofre<\/a>, <a class=\"profileLink\" href=\"https:\/\/www.facebook.com\/daniela.favari.92?__tn__=K-R&amp;eid=ARAHPVK8YfNAn5l7lCkyCNgK9RqgFtBEW4CBR82_5mEmLfnWoBEfdWSg6p680vylYvWJALldh-5Co7QJ&amp;fref=mentions&amp;__xts__%5B0%5D=68.ARAkm9qUAaf4Q7_I--8KPu89MMTucu_RWnJidKjEOFsU3Rqvb7UblWjCx9jgZRRdYLdZS29dPVVIOas2Jh1ILXK4jdqeted3HvQerk5XOjKxNgjFSYvRzkAY6vKa8wh9uAQTeE01dCNksrYs8ESsW9o8BQ8SnrpmgruFM1BcGp2lxsUBoGXHeBAW-aha4hLGGNQYSk4dT8XT_Rwmc_vDww69\" data-hovercard=\"\/ajax\/hovercard\/user.php?id=100001996108315&amp;extragetparams=%7B%22__tn__%22%3A%22%2CdK-R-R%22%2C%22eid%22%3A%22ARAHPVK8YfNAn5l7lCkyCNgK9RqgFtBEW4CBR82_5mEmLfnWoBEfdWSg6p680vylYvWJALldh-5Co7QJ%22%2C%22fref%22%3A%22mentions%22%7D\" data-hovercard-prefer-more-content-show=\"1\">Daniela Favari<\/a>, Rodolfo Cabeza y <a class=\"profileLink\" href=\"https:\/\/www.facebook.com\/mauricio.martinez.71465572?__tn__=K-R&amp;eid=ARB4Aqio2z0-b5EFZyTb3a2z1V4SZ7IvaZ46sXUggPn5rgOoSKo4Sa3piNVpC4S7V08Rsa9fJYiPV4bz&amp;fref=mentions&amp;__xts__%5B0%5D=68.ARAkm9qUAaf4Q7_I--8KPu89MMTucu_RWnJidKjEOFsU3Rqvb7UblWjCx9jgZRRdYLdZS29dPVVIOas2Jh1ILXK4jdqeted3HvQerk5XOjKxNgjFSYvRzkAY6vKa8wh9uAQTeE01dCNksrYs8ESsW9o8BQ8SnrpmgruFM1BcGp2lxsUBoGXHeBAW-aha4hLGGNQYSk4dT8XT_Rwmc_vDww69\" data-hovercard=\"\/ajax\/hovercard\/user.php?id=1347072991&amp;extragetparams=%7B%22__tn__%22%3A%22%2CdK-R-R%22%2C%22eid%22%3A%22ARB4Aqio2z0-b5EFZyTb3a2z1V4SZ7IvaZ46sXUggPn5rgOoSKo4Sa3piNVpC4S7V08Rsa9fJYiPV4bz%22%2C%22fref%22%3A%22mentions%22%7D\" data-hovercard-prefer-more-content-show=\"1\">Mauricio Martinez<\/a>.<\/p>\n<p>Los mismos recibieron al Sr Gustavo Reveco del Barrio Virgen del Carmen para tratar diversas problematicas del Barrio entre ello la colocaci\u00f3n de carteres para reducci\u00f3n de velocidad y el Expte. N\u00ba 4.515-HC 287-2018 Proyecto de Ordenanza: Uso y Dominio P\u00fablico al ingreso de la Escuela Sargento Baigorria y al Barrio Grassi.<\/p>\n<div id='gallery-1' class='gallery galleryid-12717 gallery-columns-9 gallery-size-thumbnail'><figure class='gallery-item'>\n\t\t\t<div class='gallery-icon portrait'>\n\t\t\t\t<a href='https:\/\/hcd.malargue.gov.ar\/wp-content\/uploads\/2018\/11\/IMGP4103-2.jpg'><img loading=\"lazy\" decoding=\"async\" width=\"150\" height=\"150\" src=\"https:\/\/hcd.malargue.gov.ar\/wp-content\/uploads\/2018\/11\/IMGP4103-2-150x150.jpg\" class=\"attachment-thumbnail size-thumbnail\" alt=\"\" \/><\/a>\n\t\t\t<\/div><\/figure><figure class='gallery-item'>\n\t\t\t<div class='gallery-icon portrait'>\n\t\t\t\t<a href='https:\/\/hcd.malargue.gov.ar\/wp-content\/uploads\/2018\/11\/IMGP4104.jpg'><img loading=\"lazy\" decoding=\"async\" width=\"150\" height=\"150\" src=\"https:\/\/hcd.malargue.gov.ar\/wp-content\/uploads\/2018\/11\/IMGP4104-150x150.jpg\" class=\"attachment-thumbnail size-thumbnail\" alt=\"\" \/><\/a>\n\t\t\t<\/div><\/figure><figure class='gallery-item'>\n\t\t\t<div class='gallery-icon landscape'>\n\t\t\t\t<a href='https:\/\/hcd.malargue.gov.ar\/wp-content\/uploads\/2018\/11\/IMGP4105.jpg'><img loading=\"lazy\" decoding=\"async\" width=\"150\" height=\"150\" src=\"https:\/\/hcd.malargue.gov.ar\/wp-content\/uploads\/2018\/11\/IMGP4105-150x150.jpg\" class=\"attachment-thumbnail size-thumbnail\" alt=\"\" \/><\/a>\n\t\t\t<\/div><\/figure><figure class='gallery-item'>\n\t\t\t<div class='gallery-icon landscape'>\n\t\t\t\t<a href='https:\/\/hcd.malargue.gov.ar\/wp-content\/uploads\/2018\/11\/IMGP4111-2.jpg'><img loading=\"lazy\" decoding=\"async\" width=\"150\" height=\"150\" src=\"https:\/\/hcd.malargue.gov.ar\/wp-content\/uploads\/2018\/11\/IMGP4111-2-150x150.jpg\" class=\"attachment-thumbnail size-thumbnail\" alt=\"\" \/><\/a>\n\t\t\t<\/div><\/figure><figure class='gallery-item'>\n\t\t\t<div class='gallery-icon portrait'>\n\t\t\t\t<a href='https:\/\/hcd.malargue.gov.ar\/wp-content\/uploads\/2018\/11\/IMGP4112-2.jpg'><img loading=\"lazy\" decoding=\"async\" width=\"150\" height=\"150\" src=\"https:\/\/hcd.malargue.gov.ar\/wp-content\/uploads\/2018\/11\/IMGP4112-2-150x150.jpg\" class=\"attachment-thumbnail size-thumbnail\" alt=\"\" \/><\/a>\n\t\t\t<\/div><\/figure><figure class='gallery-item'>\n\t\t\t<div class='gallery-icon landscape'>\n\t\t\t\t<a href='https:\/\/hcd.malargue.gov.ar\/wp-content\/uploads\/2018\/11\/IMGP4117.jpg'><img loading=\"lazy\" decoding=\"async\" width=\"150\" height=\"150\" src=\"https:\/\/hcd.malargue.gov.ar\/wp-content\/uploads\/2018\/11\/IMGP4117-150x150.jpg\" class=\"attachment-thumbnail size-thumbnail\" alt=\"\" \/><\/a>\n\t\t\t<\/div><\/figure><figure class='gallery-item'>\n\t\t\t<div class='gallery-icon landscape'>\n\t\t\t\t<a href='https:\/\/hcd.malargue.gov.ar\/wp-content\/uploads\/2018\/11\/IMGP4120.jpg'><img loading=\"lazy\" decoding=\"async\" width=\"150\" height=\"150\" src=\"https:\/\/hcd.malargue.gov.ar\/wp-content\/uploads\/2018\/11\/IMGP4120-150x150.jpg\" class=\"attachment-thumbnail size-thumbnail\" alt=\"\" \/><\/a>\n\t\t\t<\/div><\/figure><figure class='gallery-item'>\n\t\t\t<div class='gallery-icon landscape'>\n\t\t\t\t<a href='https:\/\/hcd.malargue.gov.ar\/wp-content\/uploads\/2018\/11\/IMGP4121.jpg'><img loading=\"lazy\" decoding=\"async\" width=\"150\" height=\"150\" src=\"https:\/\/hcd.malargue.gov.ar\/wp-content\/uploads\/2018\/11\/IMGP4121-150x150.jpg\" class=\"attachment-thumbnail size-thumbnail\" alt=\"\" \/><\/a>\n\t\t\t<\/div><\/figure><figure class='gallery-item'>\n\t\t\t<div class='gallery-icon landscape'>\n\t\t\t\t<a href='https:\/\/hcd.malargue.gov.ar\/wp-content\/uploads\/2018\/11\/IMGP4126.jpg'><img loading=\"lazy\" decoding=\"async\" width=\"150\" height=\"150\" src=\"https:\/\/hcd.malargue.gov.ar\/wp-content\/uploads\/2018\/11\/IMGP4126-150x150.jpg\" class=\"attachment-thumbnail size-thumbnail\" alt=\"\" \/><\/a>\n\t\t\t<\/div><\/figure>\n\t\t<\/div>\n\n<hr \/>\n<p>Bel\u00e9n Pedernera Ferragut \/\/ PRENSA HCD<\/p>\n","protected":false},"excerpt":{"rendered":"<p>7-NOV-2018 a las 9:00 se reuni\u00f3 la Comisi\u00f3n de Obras Publicas, Turismo y Recursos Naturales; con la presencia de los Ediles Martin Palma, Pao Jofre, Daniela Favari, Rodolfo Cabeza y Mauricio Martinez. Los mismos recibieron al Sr Gustavo Reveco del Barrio Virgen del Carmen para tratar diversas problematicas del Barrio entre ello la colocaci\u00f3n de [&hellip;]<\/p>\n","protected":false},"author":5,"featured_media":12723,"comment_status":"closed","ping_status":"closed","sticky":false,"template":"","format":"standard","meta":{"footnotes":""},"categories":[63,39,52,33],"tags":[],"class_list":["post-12717","post","type-post","status-publish","format-standard","has-post-thumbnail","hentry","category-comision-de-obras-publicas-turismo-y-recursos-naturales","category-comisiones","category-gacetillas","category-prensa"],"yoast_head":"<!-- This site is optimized with the Yoast SEO plugin v19.10 - https:\/\/yoast.com\/wordpress\/plugins\/seo\/ -->\n<title>LA COMISI\u00d3N DE OBRAS P\u00daBLICAS RECIBI\u00d3 A REFERENTE DE BARRIO VIRGEN DEL CARMEN - Malarg\u00fce HCD<\/title>\n<meta name=\"robots\" content=\"index, follow, max-snippet:-1, max-image-preview:large, max-video-preview:-1\" \/>\n<link rel=\"canonical\" href=\"https:\/\/hcd.malargue.gov.ar\/?p=12717\" \/>\n<meta property=\"og:locale\" content=\"es_ES\" \/>\n<meta property=\"og:type\" content=\"article\" \/>\n<meta property=\"og:title\" content=\"LA COMISI\u00d3N DE OBRAS P\u00daBLICAS RECIBI\u00d3 A REFERENTE DE BARRIO VIRGEN DEL CARMEN - Malarg\u00fce HCD\" \/>\n<meta property=\"og:description\" content=\"7-NOV-2018 a las 9:00 se reuni\u00f3 la Comisi\u00f3n de Obras Publicas, Turismo y Recursos Naturales; con la presencia de los Ediles Martin Palma, Pao Jofre, Daniela Favari, Rodolfo Cabeza y Mauricio Martinez. Los mismos recibieron al Sr Gustavo Reveco del Barrio Virgen del Carmen para tratar diversas problematicas del Barrio entre ello la colocaci\u00f3n de [&hellip;]\" \/>\n<meta property=\"og:url\" content=\"https:\/\/hcd.malargue.gov.ar\/?p=12717\" \/>\n<meta property=\"og:site_name\" content=\"Malarg\u00fce HCD\" \/>\n<meta property=\"article:published_time\" content=\"2018-11-07T14:50:47+00:00\" \/>\n<meta property=\"article:modified_time\" content=\"2018-11-07T14:56:49+00:00\" \/>\n<meta property=\"og:image\" content=\"https:\/\/hcd.malargue.gov.ar\/wp-content\/uploads\/2018\/11\/IMGP4117.jpg\" \/>\n\t<meta property=\"og:image:width\" content=\"3447\" \/>\n\t<meta property=\"og:image:height\" content=\"2389\" \/>\n\t<meta property=\"og:image:type\" content=\"image\/jpeg\" \/>\n<meta name=\"author\" content=\"Belen Pedernera Ferragut\" \/>\n<meta name=\"twitter:card\" content=\"summary_large_image\" \/>\n<meta name=\"twitter:label1\" content=\"Escrito por\" \/>\n\t<meta name=\"twitter:data1\" content=\"Belen Pedernera Ferragut\" \/>\n<script type=\"application\/ld+json\" class=\"yoast-schema-graph\">{\"@context\":\"https:\/\/schema.org\",\"@graph\":[{\"@type\":\"WebPage\",\"@id\":\"https:\/\/hcd.malargue.gov.ar\/?p=12717\",\"url\":\"https:\/\/hcd.malargue.gov.ar\/?p=12717\",\"name\":\"LA COMISI\u00d3N DE OBRAS P\u00daBLICAS RECIBI\u00d3 A REFERENTE DE BARRIO VIRGEN DEL CARMEN - Malarg\u00fce HCD\",\"isPartOf\":{\"@id\":\"https:\/\/hcd.malargue.gov.ar\/#website\"},\"datePublished\":\"2018-11-07T14:50:47+00:00\",\"dateModified\":\"2018-11-07T14:56:49+00:00\",\"author\":{\"@id\":\"https:\/\/hcd.malargue.gov.ar\/#\/schema\/person\/3fd6bbab64edd703961b795156c955d0\"},\"breadcrumb\":{\"@id\":\"https:\/\/hcd.malargue.gov.ar\/?p=12717#breadcrumb\"},\"inLanguage\":\"es-AR\",\"potentialAction\":[{\"@type\":\"ReadAction\",\"target\":[\"https:\/\/hcd.malargue.gov.ar\/?p=12717\"]}]},{\"@type\":\"BreadcrumbList\",\"@id\":\"https:\/\/hcd.malargue.gov.ar\/?p=12717#breadcrumb\",\"itemListElement\":[{\"@type\":\"ListItem\",\"position\":1,\"name\":\"Inicio\",\"item\":\"https:\/\/hcd.malargue.gov.ar\/\"},{\"@type\":\"ListItem\",\"position\":2,\"name\":\"LA COMISI\u00d3N DE OBRAS P\u00daBLICAS RECIBI\u00d3 A REFERENTE DE BARRIO VIRGEN DEL CARMEN\"}]},{\"@type\":\"WebSite\",\"@id\":\"https:\/\/hcd.malargue.gov.ar\/#website\",\"url\":\"https:\/\/hcd.malargue.gov.ar\/\",\"name\":\"Malarg\u00fce HCD\",\"description\":\"Malarg\u00fce Mendoza Argentina\",\"potentialAction\":[{\"@type\":\"SearchAction\",\"target\":{\"@type\":\"EntryPoint\",\"urlTemplate\":\"https:\/\/hcd.malargue.gov.ar\/?s={search_term_string}\"},\"query-input\":\"required name=search_term_string\"}],\"inLanguage\":\"es-AR\"},{\"@type\":\"Person\",\"@id\":\"https:\/\/hcd.malargue.gov.ar\/#\/schema\/person\/3fd6bbab64edd703961b795156c955d0\",\"name\":\"Belen Pedernera Ferragut\",\"image\":{\"@type\":\"ImageObject\",\"inLanguage\":\"es-AR\",\"@id\":\"https:\/\/hcd.malargue.gov.ar\/#\/schema\/person\/image\/\",\"url\":\"https:\/\/secure.gravatar.com\/avatar\/1054ffab3893de4bb3eb29bdd22f7e34b8537bf5d34d9dab311818154ad5b71f?s=96&d=mm&r=g\",\"contentUrl\":\"https:\/\/secure.gravatar.com\/avatar\/1054ffab3893de4bb3eb29bdd22f7e34b8537bf5d34d9dab311818154ad5b71f?s=96&d=mm&r=g\",\"caption\":\"Belen Pedernera Ferragut\"},\"url\":\"https:\/\/hcd.malargue.gov.ar\/?author=5\"}]}<\/script>\n<!-- \/ Yoast SEO plugin. -->","yoast_head_json":{"title":"LA COMISI\u00d3N DE OBRAS P\u00daBLICAS RECIBI\u00d3 A REFERENTE DE BARRIO VIRGEN DEL CARMEN - Malarg\u00fce HCD","robots":{"index":"index","follow":"follow","max-snippet":"max-snippet:-1","max-image-preview":"max-image-preview:large","max-video-preview":"max-video-preview:-1"},"canonical":"https:\/\/hcd.malargue.gov.ar\/?p=12717","og_locale":"es_ES","og_type":"article","og_title":"LA COMISI\u00d3N DE OBRAS P\u00daBLICAS RECIBI\u00d3 A REFERENTE DE BARRIO VIRGEN DEL CARMEN - Malarg\u00fce HCD","og_description":"7-NOV-2018 a las 9:00 se reuni\u00f3 la Comisi\u00f3n de Obras Publicas, Turismo y Recursos Naturales; con la presencia de los Ediles Martin Palma, Pao Jofre, Daniela Favari, Rodolfo Cabeza y Mauricio Martinez. Los mismos recibieron al Sr Gustavo Reveco del Barrio Virgen del Carmen para tratar diversas problematicas del Barrio entre ello la colocaci\u00f3n de [&hellip;]","og_url":"https:\/\/hcd.malargue.gov.ar\/?p=12717","og_site_name":"Malarg\u00fce HCD","article_published_time":"2018-11-07T14:50:47+00:00","article_modified_time":"2018-11-07T14:56:49+00:00","og_image":[{"width":3447,"height":2389,"url":"https:\/\/hcd.malargue.gov.ar\/wp-content\/uploads\/2018\/11\/IMGP4117.jpg","type":"image\/jpeg"}],"author":"Belen Pedernera Ferragut","twitter_card":"summary_large_image","twitter_misc":{"Escrito por":"Belen Pedernera Ferragut"},"schema":{"@context":"https:\/\/schema.org","@graph":[{"@type":"WebPage","@id":"https:\/\/hcd.malargue.gov.ar\/?p=12717","url":"https:\/\/hcd.malargue.gov.ar\/?p=12717","name":"LA COMISI\u00d3N DE OBRAS P\u00daBLICAS RECIBI\u00d3 A REFERENTE DE BARRIO VIRGEN DEL CARMEN - Malarg\u00fce HCD","isPartOf":{"@id":"https:\/\/hcd.malargue.gov.ar\/#website"},"datePublished":"2018-11-07T14:50:47+00:00","dateModified":"2018-11-07T14:56:49+00:00","author":{"@id":"https:\/\/hcd.malargue.gov.ar\/#\/schema\/person\/3fd6bbab64edd703961b795156c955d0"},"breadcrumb":{"@id":"https:\/\/hcd.malargue.gov.ar\/?p=12717#breadcrumb"},"inLanguage":"es-AR","potentialAction":[{"@type":"ReadAction","target":["https:\/\/hcd.malargue.gov.ar\/?p=12717"]}]},{"@type":"BreadcrumbList","@id":"https:\/\/hcd.malargue.gov.ar\/?p=12717#breadcrumb","itemListElement":[{"@type":"ListItem","position":1,"name":"Inicio","item":"https:\/\/hcd.malargue.gov.ar\/"},{"@type":"ListItem","position":2,"name":"LA COMISI\u00d3N DE OBRAS P\u00daBLICAS RECIBI\u00d3 A REFERENTE DE BARRIO VIRGEN DEL CARMEN"}]},{"@type":"WebSite","@id":"https:\/\/hcd.malargue.gov.ar\/#website","url":"https:\/\/hcd.malargue.gov.ar\/","name":"Malarg\u00fce HCD","description":"Malarg\u00fce Mendoza Argentina","potentialAction":[{"@type":"SearchAction","target":{"@type":"EntryPoint","urlTemplate":"https:\/\/hcd.malargue.gov.ar\/?s={search_term_string}"},"query-input":"required name=search_term_string"}],"inLanguage":"es-AR"},{"@type":"Person","@id":"https:\/\/hcd.malargue.gov.ar\/#\/schema\/person\/3fd6bbab64edd703961b795156c955d0","name":"Belen Pedernera Ferragut","image":{"@type":"ImageObject","inLanguage":"es-AR","@id":"https:\/\/hcd.malargue.gov.ar\/#\/schema\/person\/image\/","url":"https:\/\/secure.gravatar.com\/avatar\/1054ffab3893de4bb3eb29bdd22f7e34b8537bf5d34d9dab311818154ad5b71f?s=96&d=mm&r=g","contentUrl":"https:\/\/secure.gravatar.com\/avatar\/1054ffab3893de4bb3eb29bdd22f7e34b8537bf5d34d9dab311818154ad5b71f?s=96&d=mm&r=g","caption":"Belen Pedernera Ferragut"},"url":"https:\/\/hcd.malargue.gov.ar\/?author=5"}]}},"_links":{"self":[{"href":"https:\/\/hcd.malargue.gov.ar\/index.php?rest_route=\/wp\/v2\/posts\/12717","targetHints":{"allow":["GET"]}}],"collection":[{"href":"https:\/\/hcd.malargue.gov.ar\/index.php?rest_route=\/wp\/v2\/posts"}],"about":[{"href":"https:\/\/hcd.malargue.gov.ar\/index.php?rest_route=\/wp\/v2\/types\/post"}],"author":[{"embeddable":true,"href":"https:\/\/hcd.malargue.gov.ar\/index.php?rest_route=\/wp\/v2\/users\/5"}],"replies":[{"embeddable":true,"href":"https:\/\/hcd.malargue.gov.ar\/index.php?rest_route=%2Fwp%2Fv2%2Fcomments&post=12717"}],"version-history":[{"count":0,"href":"https:\/\/hcd.malargue.gov.ar\/index.php?rest_route=\/wp\/v2\/posts\/12717\/revisions"}],"wp:featuredmedia":[{"embeddable":true,"href":"https:\/\/hcd.malargue.gov.ar\/index.php?rest_route=\/wp\/v2\/media\/12723"}],"wp:attachment":[{"href":"https:\/\/hcd.malargue.gov.ar\/index.php?rest_route=%2Fwp%2Fv2%2Fmedia&parent=12717"}],"wp:term":[{"taxonomy":"category","embeddable":true,"href":"https:\/\/hcd.malargue.gov.ar\/index.php?rest_route=%2Fwp%2Fv2%2Fcategories&post=12717"},{"taxonomy":"post_tag","embeddable":true,"href":"https:\/\/hcd.malargue.gov.ar\/index.php?rest_route=%2Fwp%2Fv2%2Ftags&post=12717"}],"curies":[{"name":"wp","href":"https:\/\/api.w.org\/{rel}","templated":true}]}}