{"id":12791,"date":"2018-11-13T12:40:44","date_gmt":"2018-11-13T15:40:44","guid":{"rendered":"http:\/\/hcd.malargue.gov.ar\/?p=12791"},"modified":"2018-11-13T12:58:17","modified_gmt":"2018-11-13T15:58:17","slug":"orden-del-dia-sesion-extraordinaria","status":"publish","type":"post","link":"https:\/\/hcd.malargue.gov.ar\/?p=12791","title":{"rendered":"ORDEN\u00a0DEL\u00a0 D\u00cdA  SESI\u00d3N EXTRAORDINARIA"},"content":{"rendered":"<p><a href=\"http:\/\/hcd.malargue.gov.ar\/pdf\/ORDEN%2014%20Noviembre%20Extraordinaria%20Terrenos%20%20%20Bardas%20Blancas.pdf\" target=\"_blank\" rel=\"noopener\"><img loading=\"lazy\" decoding=\"async\" class=\"wp-image-7950 alignright\" src=\"http:\/\/hcd.malargue.gov.ar\/wp-content\/uploads\/2018\/06\/PDF-JPG-300x300.jpg\" alt=\"\" width=\"92\" height=\"92\" srcset=\"https:\/\/hcd.malargue.gov.ar\/wp-content\/uploads\/2018\/06\/PDF-JPG-300x300.jpg 300w, https:\/\/hcd.malargue.gov.ar\/wp-content\/uploads\/2018\/06\/PDF-JPG-150x150.jpg 150w, https:\/\/hcd.malargue.gov.ar\/wp-content\/uploads\/2018\/06\/PDF-JPG.jpg 512w\" sizes=\"auto, (max-width: 92px) 100vw, 92px\" \/><\/a><span lang=\"ES\">D\u00eda : <span style=\"mso-spacerun: yes;\">\u00a0<\/span>Mi\u00e9rcoles 14 de Noviembre <span style=\"mso-spacerun: yes;\">\u00a0<\/span>de<span style=\"mso-spacerun: yes;\">\u00a0 <\/span>2018 <span style=\"mso-spacerun: yes;\">\u00a0Hora: 09:00<\/span><\/span><span style=\"font-size: 16pt;\">\u00a0<\/span><\/p>\n<p><!-- [if !supportLists]--><span lang=\"ES-MX\"><span style=\"mso-list: Ignore;\">a)<span style=\"font: 7.0pt 'Times New Roman';\">\u00a0\u00a0\u00a0\u00a0 <\/span><\/span><\/span><!--[endif]--><span lang=\"ES-MX\">Acto de Izar la Ense\u00f1a Patria a cargo del concejal Rodolfo An\u00edbal CABEZA<\/span><\/p>\n<p><!-- [if !supportLists]--><span lang=\"ES-MX\"><span style=\"mso-list: Ignore;\">b)<span style=\"font: 7.0pt 'Times New Roman';\">\u00a0\u00a0\u00a0 <\/span><\/span><\/span><!--[endif]--><span lang=\"ES-MX\">Homenaje de los Se\u00f1ores concejales.-<\/span><\/p>\n<p><!-- [if !supportLists]--><span lang=\"ES-MX\"><span style=\"mso-list: Ignore;\">c)<span style=\"font: 7.0pt 'Times New Roman';\">\u00a0\u00a0\u00a0\u00a0 <\/span><\/span><\/span><!--[endif]--><span lang=\"ES-MX\">Expedientes provenientes del Departamento Ejecutivo: <\/span><\/p>\n<p><span lang=\"ES-MX\" style=\"font-size: 12.0pt; line-height: 150%;\"><span style=\"mso-spacerun: yes;\">\u00a0\u00a0 <\/span>1. Expte. N\u00ba 2.968\/18 Direccion de Obras Privadas<span style=\"mso-spacerun: yes;\">\u00a0 <\/span>Mart\u00ednez Facundo. Ref. Proyecto de <\/span><\/p>\n<p><span lang=\"ES-MX\" style=\"font-size: 12.0pt; line-height: 150%;\"><span style=\"mso-spacerun: yes;\">\u00a0\u00a0\u00a0\u00a0\u00a0 <\/span>Ordenanza: Venta de Terrenos Municipales en Paraje de Bardas \u2013Distrito R\u00edo Grande.<\/span><\/p>\n<p><span lang=\"ES-MX\">d)<span style=\"mso-spacerun: yes;\">\u00a0 <\/span>Acto de arriar el Pabell\u00f3n Nacional<span style=\"mso-spacerun: yes;\">\u00a0 <\/span>a cargo del concejal que lo iz\u00f3.-<\/span><\/p>\n<p><span lang=\"ES-MX\"><span style=\"mso-spacerun: yes;\">\u00a0 <\/span>Presidencia H.C.D.<span style=\"mso-spacerun: yes;\">\u00a0 <\/span>12 de Noviembre <span style=\"mso-spacerun: yes;\">\u00a0<\/span>de 2018 <\/span><\/p>\n<p>&nbsp;<\/p>\n<p><span lang=\"ES-MX\">\u00a0<\/span><\/p>\n<p>&nbsp;<\/p>\n<p><span lang=\"ES-MX\" style=\"font-size: 12.0pt; mso-bidi-font-size: 10.0pt; line-height: 150%; mso-ansi-language: ES-MX;\">\u00a0<\/span><\/p>\n<p>&nbsp;<\/p>\n","protected":false},"excerpt":{"rendered":"<p>D\u00eda : \u00a0Mi\u00e9rcoles 14 de Noviembre \u00a0de\u00a0 2018 \u00a0Hora: 09:00\u00a0 a)\u00a0\u00a0\u00a0\u00a0 Acto de Izar la Ense\u00f1a Patria a cargo del concejal Rodolfo An\u00edbal CABEZA b)\u00a0\u00a0\u00a0 Homenaje de los Se\u00f1ores concejales.- c)\u00a0\u00a0\u00a0\u00a0 Expedientes provenientes del Departamento Ejecutivo: \u00a0\u00a0 1. Expte. N\u00ba 2.968\/18 Direccion de Obras Privadas\u00a0 Mart\u00ednez Facundo. Ref. Proyecto de \u00a0\u00a0\u00a0\u00a0\u00a0 Ordenanza: Venta de Terrenos [&hellip;]<\/p>\n","protected":false},"author":4,"featured_media":12792,"comment_status":"closed","ping_status":"closed","sticky":false,"template":"","format":"standard","meta":{"footnotes":""},"categories":[57,52,33,36],"tags":[],"class_list":["post-12791","post","type-post","status-publish","format-standard","has-post-thumbnail","hentry","category-extraordinarias","category-gacetillas","category-prensa","category-sesiones"],"yoast_head":"<!-- This site is optimized with the Yoast SEO plugin v19.10 - https:\/\/yoast.com\/wordpress\/plugins\/seo\/ -->\n<title>ORDEN\u00a0DEL\u00a0 D\u00cdA SESI\u00d3N EXTRAORDINARIA - Malarg\u00fce HCD<\/title>\n<meta name=\"robots\" content=\"index, follow, max-snippet:-1, max-image-preview:large, max-video-preview:-1\" \/>\n<link rel=\"canonical\" href=\"https:\/\/hcd.malargue.gov.ar\/?p=12791\" \/>\n<meta property=\"og:locale\" content=\"es_ES\" \/>\n<meta property=\"og:type\" content=\"article\" \/>\n<meta property=\"og:title\" content=\"ORDEN\u00a0DEL\u00a0 D\u00cdA SESI\u00d3N EXTRAORDINARIA - Malarg\u00fce HCD\" \/>\n<meta property=\"og:description\" content=\"D\u00eda : \u00a0Mi\u00e9rcoles 14 de Noviembre \u00a0de\u00a0 2018 \u00a0Hora: 09:00\u00a0 a)\u00a0\u00a0\u00a0\u00a0 Acto de Izar la Ense\u00f1a Patria a cargo del concejal Rodolfo An\u00edbal CABEZA b)\u00a0\u00a0\u00a0 Homenaje de los Se\u00f1ores concejales.- c)\u00a0\u00a0\u00a0\u00a0 Expedientes provenientes del Departamento Ejecutivo: \u00a0\u00a0 1. Expte. N\u00ba 2.968\/18 Direccion de Obras Privadas\u00a0 Mart\u00ednez Facundo. Ref. Proyecto de \u00a0\u00a0\u00a0\u00a0\u00a0 Ordenanza: Venta de Terrenos [&hellip;]\" \/>\n<meta property=\"og:url\" content=\"https:\/\/hcd.malargue.gov.ar\/?p=12791\" \/>\n<meta property=\"og:site_name\" content=\"Malarg\u00fce HCD\" \/>\n<meta property=\"article:published_time\" content=\"2018-11-13T15:40:44+00:00\" \/>\n<meta property=\"article:modified_time\" content=\"2018-11-13T15:58:17+00:00\" \/>\n<meta property=\"og:image\" content=\"https:\/\/hcd.malargue.gov.ar\/wp-content\/uploads\/2018\/11\/EXTRAORDINARIAS.jpg\" \/>\n\t<meta property=\"og:image:width\" content=\"783\" \/>\n\t<meta property=\"og:image:height\" content=\"488\" \/>\n\t<meta property=\"og:image:type\" content=\"image\/jpeg\" \/>\n<meta name=\"author\" content=\"Marcia Sepulveda\" \/>\n<meta name=\"twitter:card\" content=\"summary_large_image\" \/>\n<meta name=\"twitter:label1\" content=\"Escrito por\" \/>\n\t<meta name=\"twitter:data1\" content=\"Marcia Sepulveda\" \/>\n<script type=\"application\/ld+json\" class=\"yoast-schema-graph\">{\"@context\":\"https:\/\/schema.org\",\"@graph\":[{\"@type\":\"WebPage\",\"@id\":\"https:\/\/hcd.malargue.gov.ar\/?p=12791\",\"url\":\"https:\/\/hcd.malargue.gov.ar\/?p=12791\",\"name\":\"ORDEN\u00a0DEL\u00a0 D\u00cdA SESI\u00d3N EXTRAORDINARIA - Malarg\u00fce HCD\",\"isPartOf\":{\"@id\":\"https:\/\/hcd.malargue.gov.ar\/#website\"},\"datePublished\":\"2018-11-13T15:40:44+00:00\",\"dateModified\":\"2018-11-13T15:58:17+00:00\",\"author\":{\"@id\":\"https:\/\/hcd.malargue.gov.ar\/#\/schema\/person\/c02f28730a528313e04d34aba071fe06\"},\"breadcrumb\":{\"@id\":\"https:\/\/hcd.malargue.gov.ar\/?p=12791#breadcrumb\"},\"inLanguage\":\"es-AR\",\"potentialAction\":[{\"@type\":\"ReadAction\",\"target\":[\"https:\/\/hcd.malargue.gov.ar\/?p=12791\"]}]},{\"@type\":\"BreadcrumbList\",\"@id\":\"https:\/\/hcd.malargue.gov.ar\/?p=12791#breadcrumb\",\"itemListElement\":[{\"@type\":\"ListItem\",\"position\":1,\"name\":\"Inicio\",\"item\":\"https:\/\/hcd.malargue.gov.ar\/\"},{\"@type\":\"ListItem\",\"position\":2,\"name\":\"ORDEN\u00a0DEL\u00a0 D\u00cdA SESI\u00d3N EXTRAORDINARIA\"}]},{\"@type\":\"WebSite\",\"@id\":\"https:\/\/hcd.malargue.gov.ar\/#website\",\"url\":\"https:\/\/hcd.malargue.gov.ar\/\",\"name\":\"Malarg\u00fce HCD\",\"description\":\"Malarg\u00fce Mendoza Argentina\",\"potentialAction\":[{\"@type\":\"SearchAction\",\"target\":{\"@type\":\"EntryPoint\",\"urlTemplate\":\"https:\/\/hcd.malargue.gov.ar\/?s={search_term_string}\"},\"query-input\":\"required name=search_term_string\"}],\"inLanguage\":\"es-AR\"},{\"@type\":\"Person\",\"@id\":\"https:\/\/hcd.malargue.gov.ar\/#\/schema\/person\/c02f28730a528313e04d34aba071fe06\",\"name\":\"Marcia Sepulveda\",\"image\":{\"@type\":\"ImageObject\",\"inLanguage\":\"es-AR\",\"@id\":\"https:\/\/hcd.malargue.gov.ar\/#\/schema\/person\/image\/\",\"url\":\"https:\/\/secure.gravatar.com\/avatar\/3557e3bccdef0a5d4de0476d077c8920f0638f6f0bd05553351eb0e70d99f241?s=96&d=mm&r=g\",\"contentUrl\":\"https:\/\/secure.gravatar.com\/avatar\/3557e3bccdef0a5d4de0476d077c8920f0638f6f0bd05553351eb0e70d99f241?s=96&d=mm&r=g\",\"caption\":\"Marcia Sepulveda\"},\"url\":\"https:\/\/hcd.malargue.gov.ar\/?author=4\"}]}<\/script>\n<!-- \/ Yoast SEO plugin. -->","yoast_head_json":{"title":"ORDEN\u00a0DEL\u00a0 D\u00cdA SESI\u00d3N EXTRAORDINARIA - Malarg\u00fce HCD","robots":{"index":"index","follow":"follow","max-snippet":"max-snippet:-1","max-image-preview":"max-image-preview:large","max-video-preview":"max-video-preview:-1"},"canonical":"https:\/\/hcd.malargue.gov.ar\/?p=12791","og_locale":"es_ES","og_type":"article","og_title":"ORDEN\u00a0DEL\u00a0 D\u00cdA SESI\u00d3N EXTRAORDINARIA - Malarg\u00fce HCD","og_description":"D\u00eda : \u00a0Mi\u00e9rcoles 14 de Noviembre \u00a0de\u00a0 2018 \u00a0Hora: 09:00\u00a0 a)\u00a0\u00a0\u00a0\u00a0 Acto de Izar la Ense\u00f1a Patria a cargo del concejal Rodolfo An\u00edbal CABEZA b)\u00a0\u00a0\u00a0 Homenaje de los Se\u00f1ores concejales.- c)\u00a0\u00a0\u00a0\u00a0 Expedientes provenientes del Departamento Ejecutivo: \u00a0\u00a0 1. Expte. N\u00ba 2.968\/18 Direccion de Obras Privadas\u00a0 Mart\u00ednez Facundo. Ref. Proyecto de \u00a0\u00a0\u00a0\u00a0\u00a0 Ordenanza: Venta de Terrenos [&hellip;]","og_url":"https:\/\/hcd.malargue.gov.ar\/?p=12791","og_site_name":"Malarg\u00fce HCD","article_published_time":"2018-11-13T15:40:44+00:00","article_modified_time":"2018-11-13T15:58:17+00:00","og_image":[{"width":783,"height":488,"url":"https:\/\/hcd.malargue.gov.ar\/wp-content\/uploads\/2018\/11\/EXTRAORDINARIAS.jpg","type":"image\/jpeg"}],"author":"Marcia Sepulveda","twitter_card":"summary_large_image","twitter_misc":{"Escrito por":"Marcia Sepulveda"},"schema":{"@context":"https:\/\/schema.org","@graph":[{"@type":"WebPage","@id":"https:\/\/hcd.malargue.gov.ar\/?p=12791","url":"https:\/\/hcd.malargue.gov.ar\/?p=12791","name":"ORDEN\u00a0DEL\u00a0 D\u00cdA SESI\u00d3N EXTRAORDINARIA - Malarg\u00fce HCD","isPartOf":{"@id":"https:\/\/hcd.malargue.gov.ar\/#website"},"datePublished":"2018-11-13T15:40:44+00:00","dateModified":"2018-11-13T15:58:17+00:00","author":{"@id":"https:\/\/hcd.malargue.gov.ar\/#\/schema\/person\/c02f28730a528313e04d34aba071fe06"},"breadcrumb":{"@id":"https:\/\/hcd.malargue.gov.ar\/?p=12791#breadcrumb"},"inLanguage":"es-AR","potentialAction":[{"@type":"ReadAction","target":["https:\/\/hcd.malargue.gov.ar\/?p=12791"]}]},{"@type":"BreadcrumbList","@id":"https:\/\/hcd.malargue.gov.ar\/?p=12791#breadcrumb","itemListElement":[{"@type":"ListItem","position":1,"name":"Inicio","item":"https:\/\/hcd.malargue.gov.ar\/"},{"@type":"ListItem","position":2,"name":"ORDEN\u00a0DEL\u00a0 D\u00cdA SESI\u00d3N EXTRAORDINARIA"}]},{"@type":"WebSite","@id":"https:\/\/hcd.malargue.gov.ar\/#website","url":"https:\/\/hcd.malargue.gov.ar\/","name":"Malarg\u00fce HCD","description":"Malarg\u00fce Mendoza Argentina","potentialAction":[{"@type":"SearchAction","target":{"@type":"EntryPoint","urlTemplate":"https:\/\/hcd.malargue.gov.ar\/?s={search_term_string}"},"query-input":"required name=search_term_string"}],"inLanguage":"es-AR"},{"@type":"Person","@id":"https:\/\/hcd.malargue.gov.ar\/#\/schema\/person\/c02f28730a528313e04d34aba071fe06","name":"Marcia Sepulveda","image":{"@type":"ImageObject","inLanguage":"es-AR","@id":"https:\/\/hcd.malargue.gov.ar\/#\/schema\/person\/image\/","url":"https:\/\/secure.gravatar.com\/avatar\/3557e3bccdef0a5d4de0476d077c8920f0638f6f0bd05553351eb0e70d99f241?s=96&d=mm&r=g","contentUrl":"https:\/\/secure.gravatar.com\/avatar\/3557e3bccdef0a5d4de0476d077c8920f0638f6f0bd05553351eb0e70d99f241?s=96&d=mm&r=g","caption":"Marcia Sepulveda"},"url":"https:\/\/hcd.malargue.gov.ar\/?author=4"}]}},"_links":{"self":[{"href":"https:\/\/hcd.malargue.gov.ar\/index.php?rest_route=\/wp\/v2\/posts\/12791","targetHints":{"allow":["GET"]}}],"collection":[{"href":"https:\/\/hcd.malargue.gov.ar\/index.php?rest_route=\/wp\/v2\/posts"}],"about":[{"href":"https:\/\/hcd.malargue.gov.ar\/index.php?rest_route=\/wp\/v2\/types\/post"}],"author":[{"embeddable":true,"href":"https:\/\/hcd.malargue.gov.ar\/index.php?rest_route=\/wp\/v2\/users\/4"}],"replies":[{"embeddable":true,"href":"https:\/\/hcd.malargue.gov.ar\/index.php?rest_route=%2Fwp%2Fv2%2Fcomments&post=12791"}],"version-history":[{"count":0,"href":"https:\/\/hcd.malargue.gov.ar\/index.php?rest_route=\/wp\/v2\/posts\/12791\/revisions"}],"wp:featuredmedia":[{"embeddable":true,"href":"https:\/\/hcd.malargue.gov.ar\/index.php?rest_route=\/wp\/v2\/media\/12792"}],"wp:attachment":[{"href":"https:\/\/hcd.malargue.gov.ar\/index.php?rest_route=%2Fwp%2Fv2%2Fmedia&parent=12791"}],"wp:term":[{"taxonomy":"category","embeddable":true,"href":"https:\/\/hcd.malargue.gov.ar\/index.php?rest_route=%2Fwp%2Fv2%2Fcategories&post=12791"},{"taxonomy":"post_tag","embeddable":true,"href":"https:\/\/hcd.malargue.gov.ar\/index.php?rest_route=%2Fwp%2Fv2%2Ftags&post=12791"}],"curies":[{"name":"wp","href":"https:\/\/api.w.org\/{rel}","templated":true}]}}