{"id":13456,"date":"2019-01-04T10:36:34","date_gmt":"2019-01-04T13:36:34","guid":{"rendered":"http:\/\/hcd.malargue.gov.ar\/?p=13456"},"modified":"2019-01-04T10:36:50","modified_gmt":"2019-01-04T13:36:50","slug":"dieron-inicio-las-sesiones-extraordinarias-de-presupuesto-y-tarifaria","status":"publish","type":"post","link":"https:\/\/hcd.malargue.gov.ar\/?p=13456","title":{"rendered":"DIERON INICIO LAS SESIONES EXTRAORDINARIAS DE PRESUPUESTO Y TARIFARIA"},"content":{"rendered":"\n<p>Presididas por el Presidente Fernando Glatigny, y con la  presencia de los Concejales Mauricio Martinez, Martin Palma, Juan Manuel Ojeda, Paola  Paleico (Bloque Cambia Mendoza), Raul Rodriguez, Rodolfo  Cabeza (Bloque Justicialista Fpv),  Jose Barro, Paola Jofre (Bloque Somos Mendoza).<\/p>\n\n\n\n<p>Comenz\u00f3 a las 9:00hrs como estaba estipulado con la <a href=\"http:\/\/hcd.malargue.gov.ar\/2019\/01\/04\/orden-del-dia-sesion-extraordinaria-3\/\">Sesion Extraordinaria N\u00ba 3<\/a>  convocada para dar tratamiento al Expte. N\u00ba 6403\/2018-0 Contadora General \u2013 Eleva Presupuesto General de Gastos y C\u00e1lculo de Recursos\u00a0 para el Ejercicio 2019.  Tras la lectura de la  Nota elevada por el Sr. Intendente Municipal Dn  Jorge Vergara Mart\u00ednez, los Ediles aprobaron la moci\u00f3n presentada por la  Edil Paola Paleico, por  cuanto el Cuerpo de Ediles se constituy\u00f3 en  Comisi\u00f3n.<br><\/p>\n\n\n\n<p>Contunuaron a las 9:15hrs con el incio de la <a href=\"http:\/\/hcd.malargue.gov.ar\/2019\/01\/04\/orden-del-dia-sesion-extraordinaria-4\/\">Sesi\u00f3n Ordinaria N\u00ba4<\/a> convocada para dar tratamiento al  Expte. N\u00ba 6396\/2018-0\u00a0 Departamento Ejecutivo Municipal\u00a0 Ref.: Proyecto de\u00a0 Ordenanza Tarifaria para el Ejercicio 2019.   Tras la lectura de la  Nota elevada por el Sr. Intendente Municipal Dn   Jorge Vergara Mart\u00ednez, los Ediles aprobaron la moci\u00f3n presentada por el Edil Martin Palma, por  cuanto el Cuerpo de Ediles se constituy\u00f3 en   Comisi\u00f3n.<\/p>\n\n\n\n<p>De esta manera ingresaron los Exptes mencionados al Cuerpo Deliberativo  y quedaron disponibles para su estudio y analisis en Comisi\u00f3n.<br><\/p>\n\n\n\n<ul class=\"wp-block-gallery columns-7 is-cropped wp-block-gallery-1 is-layout-flex wp-block-gallery-is-layout-flex\"><li class=\"blocks-gallery-item\"><figure><img loading=\"lazy\" decoding=\"async\" width=\"1024\" height=\"702\" src=\"http:\/\/hcd.malargue.gov.ar\/wp-content\/uploads\/2019\/01\/IMGP4900-1-1024x702.jpg\" alt=\"\" data-id=\"13465\" data-link=\"http:\/\/hcd.malargue.gov.ar\/?attachment_id=13465\" class=\"wp-image-13465\" srcset=\"https:\/\/hcd.malargue.gov.ar\/wp-content\/uploads\/2019\/01\/IMGP4900-1-1024x702.jpg 1024w, https:\/\/hcd.malargue.gov.ar\/wp-content\/uploads\/2019\/01\/IMGP4900-1-300x206.jpg 300w, https:\/\/hcd.malargue.gov.ar\/wp-content\/uploads\/2019\/01\/IMGP4900-1-768x527.jpg 768w\" sizes=\"auto, (max-width: 1024px) 100vw, 1024px\" \/><\/figure><\/li><li class=\"blocks-gallery-item\"><figure><img loading=\"lazy\" decoding=\"async\" width=\"1024\" height=\"719\" src=\"http:\/\/hcd.malargue.gov.ar\/wp-content\/uploads\/2019\/01\/IMGP4901-1-1024x719.jpg\" alt=\"\" data-id=\"13467\" data-link=\"http:\/\/hcd.malargue.gov.ar\/?attachment_id=13467\" class=\"wp-image-13467\" srcset=\"https:\/\/hcd.malargue.gov.ar\/wp-content\/uploads\/2019\/01\/IMGP4901-1-1024x719.jpg 1024w, https:\/\/hcd.malargue.gov.ar\/wp-content\/uploads\/2019\/01\/IMGP4901-1-300x211.jpg 300w, https:\/\/hcd.malargue.gov.ar\/wp-content\/uploads\/2019\/01\/IMGP4901-1-768x539.jpg 768w\" sizes=\"auto, (max-width: 1024px) 100vw, 1024px\" \/><\/figure><\/li><li class=\"blocks-gallery-item\"><figure><img loading=\"lazy\" decoding=\"async\" width=\"1024\" height=\"586\" src=\"http:\/\/hcd.malargue.gov.ar\/wp-content\/uploads\/2019\/01\/IMGP4906-2-1024x586.jpg\" alt=\"\" data-id=\"13469\" data-link=\"http:\/\/hcd.malargue.gov.ar\/?attachment_id=13469\" class=\"wp-image-13469\" srcset=\"https:\/\/hcd.malargue.gov.ar\/wp-content\/uploads\/2019\/01\/IMGP4906-2-1024x586.jpg 1024w, https:\/\/hcd.malargue.gov.ar\/wp-content\/uploads\/2019\/01\/IMGP4906-2-300x172.jpg 300w, https:\/\/hcd.malargue.gov.ar\/wp-content\/uploads\/2019\/01\/IMGP4906-2-768x439.jpg 768w\" sizes=\"auto, (max-width: 1024px) 100vw, 1024px\" \/><\/figure><\/li><li class=\"blocks-gallery-item\"><figure><img loading=\"lazy\" decoding=\"async\" width=\"1024\" height=\"646\" src=\"http:\/\/hcd.malargue.gov.ar\/wp-content\/uploads\/2019\/01\/IMGP4907-1-1024x646.jpg\" alt=\"\" data-id=\"13471\" data-link=\"http:\/\/hcd.malargue.gov.ar\/?attachment_id=13471\" class=\"wp-image-13471\" srcset=\"https:\/\/hcd.malargue.gov.ar\/wp-content\/uploads\/2019\/01\/IMGP4907-1-1024x646.jpg 1024w, https:\/\/hcd.malargue.gov.ar\/wp-content\/uploads\/2019\/01\/IMGP4907-1-300x189.jpg 300w, https:\/\/hcd.malargue.gov.ar\/wp-content\/uploads\/2019\/01\/IMGP4907-1-768x484.jpg 768w, https:\/\/hcd.malargue.gov.ar\/wp-content\/uploads\/2019\/01\/IMGP4907-1-343x215.jpg 343w\" sizes=\"auto, (max-width: 1024px) 100vw, 1024px\" \/><\/figure><\/li><li class=\"blocks-gallery-item\"><figure><img loading=\"lazy\" decoding=\"async\" width=\"700\" height=\"1024\" src=\"http:\/\/hcd.malargue.gov.ar\/wp-content\/uploads\/2019\/01\/IMGP4913-1-700x1024.jpg\" alt=\"\" data-id=\"13472\" data-link=\"http:\/\/hcd.malargue.gov.ar\/?attachment_id=13472\" class=\"wp-image-13472\" srcset=\"https:\/\/hcd.malargue.gov.ar\/wp-content\/uploads\/2019\/01\/IMGP4913-1-700x1024.jpg 700w, https:\/\/hcd.malargue.gov.ar\/wp-content\/uploads\/2019\/01\/IMGP4913-1-205x300.jpg 205w, https:\/\/hcd.malargue.gov.ar\/wp-content\/uploads\/2019\/01\/IMGP4913-1-768x1123.jpg 768w, https:\/\/hcd.malargue.gov.ar\/wp-content\/uploads\/2019\/01\/IMGP4913-1.jpg 1684w\" sizes=\"auto, (max-width: 700px) 100vw, 700px\" \/><\/figure><\/li><li class=\"blocks-gallery-item\"><figure><img loading=\"lazy\" decoding=\"async\" width=\"1024\" height=\"720\" src=\"http:\/\/hcd.malargue.gov.ar\/wp-content\/uploads\/2019\/01\/IMGP4915-1-1024x720.jpg\" alt=\"\" data-id=\"13473\" data-link=\"http:\/\/hcd.malargue.gov.ar\/?attachment_id=13473\" class=\"wp-image-13473\" srcset=\"https:\/\/hcd.malargue.gov.ar\/wp-content\/uploads\/2019\/01\/IMGP4915-1-1024x720.jpg 1024w, https:\/\/hcd.malargue.gov.ar\/wp-content\/uploads\/2019\/01\/IMGP4915-1-300x211.jpg 300w, https:\/\/hcd.malargue.gov.ar\/wp-content\/uploads\/2019\/01\/IMGP4915-1-768x540.jpg 768w\" sizes=\"auto, (max-width: 1024px) 100vw, 1024px\" \/><\/figure><\/li><li class=\"blocks-gallery-item\"><figure><img loading=\"lazy\" decoding=\"async\" width=\"658\" height=\"1024\" src=\"http:\/\/hcd.malargue.gov.ar\/wp-content\/uploads\/2019\/01\/IMGP4898-2-658x1024.jpg\" alt=\"\" data-id=\"13474\" data-link=\"http:\/\/hcd.malargue.gov.ar\/?attachment_id=13474\" class=\"wp-image-13474\" srcset=\"https:\/\/hcd.malargue.gov.ar\/wp-content\/uploads\/2019\/01\/IMGP4898-2-658x1024.jpg 658w, https:\/\/hcd.malargue.gov.ar\/wp-content\/uploads\/2019\/01\/IMGP4898-2-193x300.jpg 193w, https:\/\/hcd.malargue.gov.ar\/wp-content\/uploads\/2019\/01\/IMGP4898-2-768x1195.jpg 768w, https:\/\/hcd.malargue.gov.ar\/wp-content\/uploads\/2019\/01\/IMGP4898-2.jpg 1496w\" sizes=\"auto, (max-width: 658px) 100vw, 658px\" \/><\/figure><\/li><\/ul>\n\n\n\n<ul class=\"wp-block-gallery columns-4 is-cropped wp-block-gallery-2 is-layout-flex wp-block-gallery-is-layout-flex\"><li class=\"blocks-gallery-item\"><figure><img loading=\"lazy\" decoding=\"async\" width=\"619\" height=\"1024\" src=\"http:\/\/hcd.malargue.gov.ar\/wp-content\/uploads\/2019\/01\/IMGP4917-1-619x1024.jpg\" alt=\"\" data-id=\"13475\" data-link=\"http:\/\/hcd.malargue.gov.ar\/?attachment_id=13475\" class=\"wp-image-13475\" srcset=\"https:\/\/hcd.malargue.gov.ar\/wp-content\/uploads\/2019\/01\/IMGP4917-1-619x1024.jpg 619w, https:\/\/hcd.malargue.gov.ar\/wp-content\/uploads\/2019\/01\/IMGP4917-1-181x300.jpg 181w, https:\/\/hcd.malargue.gov.ar\/wp-content\/uploads\/2019\/01\/IMGP4917-1-768x1271.jpg 768w, https:\/\/hcd.malargue.gov.ar\/wp-content\/uploads\/2019\/01\/IMGP4917-1.jpg 1625w\" sizes=\"auto, (max-width: 619px) 100vw, 619px\" \/><\/figure><\/li><li class=\"blocks-gallery-item\"><figure><img loading=\"lazy\" decoding=\"async\" width=\"1024\" height=\"616\" src=\"http:\/\/hcd.malargue.gov.ar\/wp-content\/uploads\/2019\/01\/IMGP4920-1-1024x616.jpg\" alt=\"\" data-id=\"13476\" data-link=\"http:\/\/hcd.malargue.gov.ar\/?attachment_id=13476\" class=\"wp-image-13476\" srcset=\"https:\/\/hcd.malargue.gov.ar\/wp-content\/uploads\/2019\/01\/IMGP4920-1-1024x616.jpg 1024w, https:\/\/hcd.malargue.gov.ar\/wp-content\/uploads\/2019\/01\/IMGP4920-1-300x180.jpg 300w, https:\/\/hcd.malargue.gov.ar\/wp-content\/uploads\/2019\/01\/IMGP4920-1-768x462.jpg 768w\" sizes=\"auto, (max-width: 1024px) 100vw, 1024px\" \/><\/figure><\/li><li class=\"blocks-gallery-item\"><figure><img loading=\"lazy\" decoding=\"async\" width=\"727\" height=\"1024\" src=\"http:\/\/hcd.malargue.gov.ar\/wp-content\/uploads\/2019\/01\/IMGP4924-1-727x1024.jpg\" alt=\"\" data-id=\"13477\" data-link=\"http:\/\/hcd.malargue.gov.ar\/?attachment_id=13477\" class=\"wp-image-13477\" srcset=\"https:\/\/hcd.malargue.gov.ar\/wp-content\/uploads\/2019\/01\/IMGP4924-1-727x1024.jpg 727w, https:\/\/hcd.malargue.gov.ar\/wp-content\/uploads\/2019\/01\/IMGP4924-1-213x300.jpg 213w, https:\/\/hcd.malargue.gov.ar\/wp-content\/uploads\/2019\/01\/IMGP4924-1-768x1082.jpg 768w\" sizes=\"auto, (max-width: 727px) 100vw, 727px\" \/><\/figure><\/li><li class=\"blocks-gallery-item\"><figure><img loading=\"lazy\" decoding=\"async\" width=\"1024\" height=\"653\" src=\"http:\/\/hcd.malargue.gov.ar\/wp-content\/uploads\/2019\/01\/IMGP4925-1-1024x653.jpg\" alt=\"\" data-id=\"13478\" data-link=\"http:\/\/hcd.malargue.gov.ar\/?attachment_id=13478\" class=\"wp-image-13478\" srcset=\"https:\/\/hcd.malargue.gov.ar\/wp-content\/uploads\/2019\/01\/IMGP4925-1-1024x653.jpg 1024w, https:\/\/hcd.malargue.gov.ar\/wp-content\/uploads\/2019\/01\/IMGP4925-1-300x191.jpg 300w, https:\/\/hcd.malargue.gov.ar\/wp-content\/uploads\/2019\/01\/IMGP4925-1-768x490.jpg 768w\" sizes=\"auto, (max-width: 1024px) 100vw, 1024px\" \/><\/figure><\/li><\/ul>\n\n\n\n<h2 class=\"wp-block-heading\"><\/h2>\n\n\n\n<p>Belen Pedernera Ferragut-PRENSA HCD<br><\/p>\n","protected":false},"excerpt":{"rendered":"<p>Presididas por el Presidente Fernando Glatigny, y con la presencia de los Concejales Mauricio Martinez, Martin Palma, Juan Manuel Ojeda, Paola Paleico (Bloque Cambia Mendoza), Raul Rodriguez, Rodolfo Cabeza (Bloque Justicialista Fpv), Jose Barro, Paola Jofre (Bloque Somos Mendoza). Comenz\u00f3 a las 9:00hrs como estaba estipulado con la Sesion Extraordinaria N\u00ba 3 convocada para dar [&hellip;]<\/p>\n","protected":false},"author":5,"featured_media":13457,"comment_status":"closed","ping_status":"closed","sticky":false,"template":"","format":"standard","meta":{"footnotes":""},"categories":[57,52,33,36],"tags":[],"class_list":["post-13456","post","type-post","status-publish","format-standard","has-post-thumbnail","hentry","category-extraordinarias","category-gacetillas","category-prensa","category-sesiones"],"yoast_head":"<!-- This site is optimized with the Yoast SEO plugin v19.10 - https:\/\/yoast.com\/wordpress\/plugins\/seo\/ -->\n<title>DIERON INICIO LAS SESIONES EXTRAORDINARIAS DE PRESUPUESTO Y TARIFARIA - Malarg\u00fce HCD<\/title>\n<meta name=\"robots\" content=\"index, follow, max-snippet:-1, max-image-preview:large, max-video-preview:-1\" \/>\n<link rel=\"canonical\" href=\"https:\/\/hcd.malargue.gov.ar\/?p=13456\" \/>\n<meta property=\"og:locale\" content=\"es_ES\" \/>\n<meta property=\"og:type\" content=\"article\" \/>\n<meta property=\"og:title\" content=\"DIERON INICIO LAS SESIONES EXTRAORDINARIAS DE PRESUPUESTO Y TARIFARIA - Malarg\u00fce HCD\" \/>\n<meta property=\"og:description\" content=\"Presididas por el Presidente Fernando Glatigny, y con la presencia de los Concejales Mauricio Martinez, Martin Palma, Juan Manuel Ojeda, Paola Paleico (Bloque Cambia Mendoza), Raul Rodriguez, Rodolfo Cabeza (Bloque Justicialista Fpv), Jose Barro, Paola Jofre (Bloque Somos Mendoza). Comenz\u00f3 a las 9:00hrs como estaba estipulado con la Sesion Extraordinaria N\u00ba 3 convocada para dar [&hellip;]\" \/>\n<meta property=\"og:url\" content=\"https:\/\/hcd.malargue.gov.ar\/?p=13456\" \/>\n<meta property=\"og:site_name\" content=\"Malarg\u00fce HCD\" \/>\n<meta property=\"article:published_time\" content=\"2019-01-04T13:36:34+00:00\" \/>\n<meta property=\"article:modified_time\" content=\"2019-01-04T13:36:50+00:00\" \/>\n<meta property=\"og:image\" content=\"https:\/\/hcd.malargue.gov.ar\/wp-content\/uploads\/2019\/01\/IMGP4906.jpg\" \/>\n\t<meta property=\"og:image:width\" content=\"4014\" \/>\n\t<meta property=\"og:image:height\" content=\"2297\" \/>\n\t<meta property=\"og:image:type\" content=\"image\/jpeg\" \/>\n<meta name=\"author\" content=\"Belen Pedernera Ferragut\" \/>\n<meta name=\"twitter:card\" content=\"summary_large_image\" \/>\n<meta name=\"twitter:label1\" content=\"Escrito por\" \/>\n\t<meta name=\"twitter:data1\" content=\"Belen Pedernera Ferragut\" \/>\n\t<meta name=\"twitter:label2\" content=\"Tiempo de lectura\" \/>\n\t<meta name=\"twitter:data2\" content=\"1 minuto\" \/>\n<script type=\"application\/ld+json\" class=\"yoast-schema-graph\">{\"@context\":\"https:\/\/schema.org\",\"@graph\":[{\"@type\":\"WebPage\",\"@id\":\"https:\/\/hcd.malargue.gov.ar\/?p=13456\",\"url\":\"https:\/\/hcd.malargue.gov.ar\/?p=13456\",\"name\":\"DIERON INICIO LAS SESIONES EXTRAORDINARIAS DE PRESUPUESTO Y TARIFARIA - Malarg\u00fce HCD\",\"isPartOf\":{\"@id\":\"https:\/\/hcd.malargue.gov.ar\/#website\"},\"datePublished\":\"2019-01-04T13:36:34+00:00\",\"dateModified\":\"2019-01-04T13:36:50+00:00\",\"author\":{\"@id\":\"https:\/\/hcd.malargue.gov.ar\/#\/schema\/person\/3fd6bbab64edd703961b795156c955d0\"},\"breadcrumb\":{\"@id\":\"https:\/\/hcd.malargue.gov.ar\/?p=13456#breadcrumb\"},\"inLanguage\":\"es-AR\",\"potentialAction\":[{\"@type\":\"ReadAction\",\"target\":[\"https:\/\/hcd.malargue.gov.ar\/?p=13456\"]}]},{\"@type\":\"BreadcrumbList\",\"@id\":\"https:\/\/hcd.malargue.gov.ar\/?p=13456#breadcrumb\",\"itemListElement\":[{\"@type\":\"ListItem\",\"position\":1,\"name\":\"Inicio\",\"item\":\"https:\/\/hcd.malargue.gov.ar\/\"},{\"@type\":\"ListItem\",\"position\":2,\"name\":\"DIERON INICIO LAS SESIONES EXTRAORDINARIAS DE PRESUPUESTO Y TARIFARIA\"}]},{\"@type\":\"WebSite\",\"@id\":\"https:\/\/hcd.malargue.gov.ar\/#website\",\"url\":\"https:\/\/hcd.malargue.gov.ar\/\",\"name\":\"Malarg\u00fce HCD\",\"description\":\"Malarg\u00fce Mendoza Argentina\",\"potentialAction\":[{\"@type\":\"SearchAction\",\"target\":{\"@type\":\"EntryPoint\",\"urlTemplate\":\"https:\/\/hcd.malargue.gov.ar\/?s={search_term_string}\"},\"query-input\":\"required name=search_term_string\"}],\"inLanguage\":\"es-AR\"},{\"@type\":\"Person\",\"@id\":\"https:\/\/hcd.malargue.gov.ar\/#\/schema\/person\/3fd6bbab64edd703961b795156c955d0\",\"name\":\"Belen Pedernera Ferragut\",\"image\":{\"@type\":\"ImageObject\",\"inLanguage\":\"es-AR\",\"@id\":\"https:\/\/hcd.malargue.gov.ar\/#\/schema\/person\/image\/\",\"url\":\"https:\/\/secure.gravatar.com\/avatar\/1054ffab3893de4bb3eb29bdd22f7e34b8537bf5d34d9dab311818154ad5b71f?s=96&d=mm&r=g\",\"contentUrl\":\"https:\/\/secure.gravatar.com\/avatar\/1054ffab3893de4bb3eb29bdd22f7e34b8537bf5d34d9dab311818154ad5b71f?s=96&d=mm&r=g\",\"caption\":\"Belen Pedernera Ferragut\"},\"url\":\"https:\/\/hcd.malargue.gov.ar\/?author=5\"}]}<\/script>\n<!-- \/ Yoast SEO plugin. -->","yoast_head_json":{"title":"DIERON INICIO LAS SESIONES EXTRAORDINARIAS DE PRESUPUESTO Y TARIFARIA - Malarg\u00fce HCD","robots":{"index":"index","follow":"follow","max-snippet":"max-snippet:-1","max-image-preview":"max-image-preview:large","max-video-preview":"max-video-preview:-1"},"canonical":"https:\/\/hcd.malargue.gov.ar\/?p=13456","og_locale":"es_ES","og_type":"article","og_title":"DIERON INICIO LAS SESIONES EXTRAORDINARIAS DE PRESUPUESTO Y TARIFARIA - Malarg\u00fce HCD","og_description":"Presididas por el Presidente Fernando Glatigny, y con la presencia de los Concejales Mauricio Martinez, Martin Palma, Juan Manuel Ojeda, Paola Paleico (Bloque Cambia Mendoza), Raul Rodriguez, Rodolfo Cabeza (Bloque Justicialista Fpv), Jose Barro, Paola Jofre (Bloque Somos Mendoza). Comenz\u00f3 a las 9:00hrs como estaba estipulado con la Sesion Extraordinaria N\u00ba 3 convocada para dar [&hellip;]","og_url":"https:\/\/hcd.malargue.gov.ar\/?p=13456","og_site_name":"Malarg\u00fce HCD","article_published_time":"2019-01-04T13:36:34+00:00","article_modified_time":"2019-01-04T13:36:50+00:00","og_image":[{"width":4014,"height":2297,"url":"https:\/\/hcd.malargue.gov.ar\/wp-content\/uploads\/2019\/01\/IMGP4906.jpg","type":"image\/jpeg"}],"author":"Belen Pedernera Ferragut","twitter_card":"summary_large_image","twitter_misc":{"Escrito por":"Belen Pedernera Ferragut","Tiempo de lectura":"1 minuto"},"schema":{"@context":"https:\/\/schema.org","@graph":[{"@type":"WebPage","@id":"https:\/\/hcd.malargue.gov.ar\/?p=13456","url":"https:\/\/hcd.malargue.gov.ar\/?p=13456","name":"DIERON INICIO LAS SESIONES EXTRAORDINARIAS DE PRESUPUESTO Y TARIFARIA - Malarg\u00fce HCD","isPartOf":{"@id":"https:\/\/hcd.malargue.gov.ar\/#website"},"datePublished":"2019-01-04T13:36:34+00:00","dateModified":"2019-01-04T13:36:50+00:00","author":{"@id":"https:\/\/hcd.malargue.gov.ar\/#\/schema\/person\/3fd6bbab64edd703961b795156c955d0"},"breadcrumb":{"@id":"https:\/\/hcd.malargue.gov.ar\/?p=13456#breadcrumb"},"inLanguage":"es-AR","potentialAction":[{"@type":"ReadAction","target":["https:\/\/hcd.malargue.gov.ar\/?p=13456"]}]},{"@type":"BreadcrumbList","@id":"https:\/\/hcd.malargue.gov.ar\/?p=13456#breadcrumb","itemListElement":[{"@type":"ListItem","position":1,"name":"Inicio","item":"https:\/\/hcd.malargue.gov.ar\/"},{"@type":"ListItem","position":2,"name":"DIERON INICIO LAS SESIONES EXTRAORDINARIAS DE PRESUPUESTO Y TARIFARIA"}]},{"@type":"WebSite","@id":"https:\/\/hcd.malargue.gov.ar\/#website","url":"https:\/\/hcd.malargue.gov.ar\/","name":"Malarg\u00fce HCD","description":"Malarg\u00fce Mendoza Argentina","potentialAction":[{"@type":"SearchAction","target":{"@type":"EntryPoint","urlTemplate":"https:\/\/hcd.malargue.gov.ar\/?s={search_term_string}"},"query-input":"required name=search_term_string"}],"inLanguage":"es-AR"},{"@type":"Person","@id":"https:\/\/hcd.malargue.gov.ar\/#\/schema\/person\/3fd6bbab64edd703961b795156c955d0","name":"Belen Pedernera Ferragut","image":{"@type":"ImageObject","inLanguage":"es-AR","@id":"https:\/\/hcd.malargue.gov.ar\/#\/schema\/person\/image\/","url":"https:\/\/secure.gravatar.com\/avatar\/1054ffab3893de4bb3eb29bdd22f7e34b8537bf5d34d9dab311818154ad5b71f?s=96&d=mm&r=g","contentUrl":"https:\/\/secure.gravatar.com\/avatar\/1054ffab3893de4bb3eb29bdd22f7e34b8537bf5d34d9dab311818154ad5b71f?s=96&d=mm&r=g","caption":"Belen Pedernera Ferragut"},"url":"https:\/\/hcd.malargue.gov.ar\/?author=5"}]}},"_links":{"self":[{"href":"https:\/\/hcd.malargue.gov.ar\/index.php?rest_route=\/wp\/v2\/posts\/13456","targetHints":{"allow":["GET"]}}],"collection":[{"href":"https:\/\/hcd.malargue.gov.ar\/index.php?rest_route=\/wp\/v2\/posts"}],"about":[{"href":"https:\/\/hcd.malargue.gov.ar\/index.php?rest_route=\/wp\/v2\/types\/post"}],"author":[{"embeddable":true,"href":"https:\/\/hcd.malargue.gov.ar\/index.php?rest_route=\/wp\/v2\/users\/5"}],"replies":[{"embeddable":true,"href":"https:\/\/hcd.malargue.gov.ar\/index.php?rest_route=%2Fwp%2Fv2%2Fcomments&post=13456"}],"version-history":[{"count":0,"href":"https:\/\/hcd.malargue.gov.ar\/index.php?rest_route=\/wp\/v2\/posts\/13456\/revisions"}],"wp:featuredmedia":[{"embeddable":true,"href":"https:\/\/hcd.malargue.gov.ar\/index.php?rest_route=\/wp\/v2\/media\/13457"}],"wp:attachment":[{"href":"https:\/\/hcd.malargue.gov.ar\/index.php?rest_route=%2Fwp%2Fv2%2Fmedia&parent=13456"}],"wp:term":[{"taxonomy":"category","embeddable":true,"href":"https:\/\/hcd.malargue.gov.ar\/index.php?rest_route=%2Fwp%2Fv2%2Fcategories&post=13456"},{"taxonomy":"post_tag","embeddable":true,"href":"https:\/\/hcd.malargue.gov.ar\/index.php?rest_route=%2Fwp%2Fv2%2Ftags&post=13456"}],"curies":[{"name":"wp","href":"https:\/\/api.w.org\/{rel}","templated":true}]}}