{"id":13929,"date":"2019-03-06T10:21:40","date_gmt":"2019-03-06T13:21:40","guid":{"rendered":"https:\/\/hcd.malargue.gov.ar\/?p=13929"},"modified":"2019-03-06T10:31:54","modified_gmt":"2019-03-06T13:31:54","slug":"orden-del-dia-sesion-preparatoria","status":"publish","type":"post","link":"https:\/\/hcd.malargue.gov.ar\/?p=13929","title":{"rendered":"ORDEN\u00a0 DEL DIA &#8211; SESI\u00d3N PREPARATORIA"},"content":{"rendered":"<p><strong><a href=\"https:\/\/hcd.malargue.gov.ar\/pdf\/ORDEN%20PREPARATORIA%20%202019.pdf\" target=\"_blank\" rel=\"noopener\"><img loading=\"lazy\" decoding=\"async\" class=\"alignright wp-image-7950\" src=\"https:\/\/hcd.malargue.gov.ar\/wp-content\/uploads\/2018\/06\/PDF-JPG-300x300.jpg\" alt=\"\" width=\"85\" height=\"83\" \/><\/a>D\u00eda Jueves 07 de Marzo de 2019.-<\/strong><\/p>\n<p><strong>Hora\u00a0 : 09:00 \u00a0\u00a0\u00a0\u00a0\u00a0\u00a0\u00a0\u00a0\u00a0\u00a0\u00a0\u00a0\u00a0\u00a0\u00a0\u00a0\u00a0\u00a0\u00a0<\/strong><\/p>\n<ol>\n<li><strong><em>Acto de Izar\u00a0 la Ense\u00f1a \u00a0Patria\u00a0\u00a0 a cargo\u00a0 del Concejal\u00a0\u00a0 Fernando Rodolfo\u00a0 Glatigny.<\/em><\/strong><\/li>\n<li><strong><em>Himno Nacional Argentino. <\/em><\/strong><\/li>\n<li><strong><em>Lectura y puesta a consideraci\u00f3n\u00a0 de la Resoluci\u00f3n de Presidencia N\u00ba029\/2019 <\/em><\/strong><\/li>\n<li><strong><em>Determinaci\u00f3n d\u00eda y hora de las Sesiones Ordinarias Per\u00edodo 2019.<\/em><\/strong><\/li>\n<li><strong><em>Conformaci\u00f3n Comisiones Permanentes del Honorable Cuerpo.<\/em><\/strong><\/li>\n<li><strong><em>Determinaci\u00f3n de los Bloques que har\u00e1n uso de la palabra en fechas Patrias. <\/em><\/strong><\/li>\n<li><strong><em>Acto de arriar el Pabell\u00f3n Nacional a cargo del Concejal que lo iz\u00f3. <\/em><\/strong><\/li>\n<\/ol>\n<p><strong>\u00a0\u00a0\u00a0\u00a0\u00a0\u00a0\u00a0\u00a0\u00a0\u00a0\u00a0\u00a0\u00a0\u00a0\u00a0\u00a0\u00a0\u00a0\u00a0\u00a0\u00a0\u00a0\u00a0\u00a0\u00a0\u00a0\u00a0\u00a0\u00a0\u00a0\u00a0\u00a0\u00a0\u00a0\u00a0\u00a0\u00a0\u00a0\u00a0\u00a0 \u00a0\u00a0\u00a0\u00a0\u00a0\u00a0\u00a0\u00a0\u00a0\u00a0\u00a0\u00a0\u00a0\u00a0\u00a0\u00a0\u00a0\u00a0\u00a0\u00a0\u00a0\u00a0\u00a0\u00a0\u00a0\u00a0\u00a0\u00a0\u00a0\u00a0\u00a0\u00a0\u00a0\u00a0\u00a0\u00a0\u00a0\u00a0\u00a0\u00a0\u00a0\u00a0\u00a0\u00a0\u00a0\u00a0\u00a0 <\/strong><strong>Presidencia \u00a0H.C.D\u00a0\u00a0 28 \u00a0\u00a0de \u00a0Febrero de 2019-<\/strong><\/p>\n<p>&nbsp;<\/p>\n","protected":false},"excerpt":{"rendered":"<p>D\u00eda Jueves 07 de Marzo de 2019.- Hora\u00a0 : 09:00 \u00a0\u00a0\u00a0\u00a0\u00a0\u00a0\u00a0\u00a0\u00a0\u00a0\u00a0\u00a0\u00a0\u00a0\u00a0\u00a0\u00a0\u00a0\u00a0 Acto de Izar\u00a0 la Ense\u00f1a \u00a0Patria\u00a0\u00a0 a cargo\u00a0 del Concejal\u00a0\u00a0 Fernando Rodolfo\u00a0 Glatigny. Himno Nacional Argentino. Lectura y puesta a consideraci\u00f3n\u00a0 de la Resoluci\u00f3n de Presidencia N\u00ba029\/2019 Determinaci\u00f3n d\u00eda y hora de las Sesiones Ordinarias Per\u00edodo 2019. Conformaci\u00f3n Comisiones Permanentes del Honorable Cuerpo. Determinaci\u00f3n [&hellip;]<\/p>\n","protected":false},"author":4,"featured_media":13930,"comment_status":"closed","ping_status":"closed","sticky":false,"template":"","format":"standard","meta":{"footnotes":""},"categories":[52,33,59,36],"tags":[],"class_list":["post-13929","post","type-post","status-publish","format-standard","has-post-thumbnail","hentry","category-gacetillas","category-prensa","category-preparatorias","category-sesiones"],"yoast_head":"<!-- This site is optimized with the Yoast SEO plugin v19.10 - https:\/\/yoast.com\/wordpress\/plugins\/seo\/ -->\n<title>ORDEN\u00a0 DEL DIA - SESI\u00d3N PREPARATORIA - Malarg\u00fce HCD<\/title>\n<meta name=\"robots\" content=\"index, follow, max-snippet:-1, max-image-preview:large, max-video-preview:-1\" \/>\n<link rel=\"canonical\" href=\"https:\/\/hcd.malargue.gov.ar\/?p=13929\" \/>\n<meta property=\"og:locale\" content=\"es_ES\" \/>\n<meta property=\"og:type\" content=\"article\" \/>\n<meta property=\"og:title\" content=\"ORDEN\u00a0 DEL DIA - SESI\u00d3N PREPARATORIA - Malarg\u00fce HCD\" \/>\n<meta property=\"og:description\" content=\"D\u00eda Jueves 07 de Marzo de 2019.- Hora\u00a0 : 09:00 \u00a0\u00a0\u00a0\u00a0\u00a0\u00a0\u00a0\u00a0\u00a0\u00a0\u00a0\u00a0\u00a0\u00a0\u00a0\u00a0\u00a0\u00a0\u00a0 Acto de Izar\u00a0 la Ense\u00f1a \u00a0Patria\u00a0\u00a0 a cargo\u00a0 del Concejal\u00a0\u00a0 Fernando Rodolfo\u00a0 Glatigny. Himno Nacional Argentino. Lectura y puesta a consideraci\u00f3n\u00a0 de la Resoluci\u00f3n de Presidencia N\u00ba029\/2019 Determinaci\u00f3n d\u00eda y hora de las Sesiones Ordinarias Per\u00edodo 2019. Conformaci\u00f3n Comisiones Permanentes del Honorable Cuerpo. Determinaci\u00f3n [&hellip;]\" \/>\n<meta property=\"og:url\" content=\"https:\/\/hcd.malargue.gov.ar\/?p=13929\" \/>\n<meta property=\"og:site_name\" content=\"Malarg\u00fce HCD\" \/>\n<meta property=\"article:published_time\" content=\"2019-03-06T13:21:40+00:00\" \/>\n<meta property=\"article:modified_time\" content=\"2019-03-06T13:31:54+00:00\" \/>\n<meta property=\"og:image\" content=\"https:\/\/hcd.malargue.gov.ar\/wp-content\/uploads\/2019\/03\/orden-ses-prp.jpg\" \/>\n\t<meta property=\"og:image:width\" content=\"780\" \/>\n\t<meta property=\"og:image:height\" content=\"428\" \/>\n\t<meta property=\"og:image:type\" content=\"image\/jpeg\" \/>\n<meta name=\"author\" content=\"Marcia Sepulveda\" \/>\n<meta name=\"twitter:card\" content=\"summary_large_image\" \/>\n<meta name=\"twitter:label1\" content=\"Escrito por\" \/>\n\t<meta name=\"twitter:data1\" content=\"Marcia Sepulveda\" \/>\n<script type=\"application\/ld+json\" class=\"yoast-schema-graph\">{\"@context\":\"https:\/\/schema.org\",\"@graph\":[{\"@type\":\"WebPage\",\"@id\":\"https:\/\/hcd.malargue.gov.ar\/?p=13929\",\"url\":\"https:\/\/hcd.malargue.gov.ar\/?p=13929\",\"name\":\"ORDEN\u00a0 DEL DIA - SESI\u00d3N PREPARATORIA - Malarg\u00fce HCD\",\"isPartOf\":{\"@id\":\"https:\/\/hcd.malargue.gov.ar\/#website\"},\"datePublished\":\"2019-03-06T13:21:40+00:00\",\"dateModified\":\"2019-03-06T13:31:54+00:00\",\"author\":{\"@id\":\"https:\/\/hcd.malargue.gov.ar\/#\/schema\/person\/c02f28730a528313e04d34aba071fe06\"},\"breadcrumb\":{\"@id\":\"https:\/\/hcd.malargue.gov.ar\/?p=13929#breadcrumb\"},\"inLanguage\":\"es-AR\",\"potentialAction\":[{\"@type\":\"ReadAction\",\"target\":[\"https:\/\/hcd.malargue.gov.ar\/?p=13929\"]}]},{\"@type\":\"BreadcrumbList\",\"@id\":\"https:\/\/hcd.malargue.gov.ar\/?p=13929#breadcrumb\",\"itemListElement\":[{\"@type\":\"ListItem\",\"position\":1,\"name\":\"Inicio\",\"item\":\"https:\/\/hcd.malargue.gov.ar\/\"},{\"@type\":\"ListItem\",\"position\":2,\"name\":\"ORDEN\u00a0 DEL DIA &#8211; SESI\u00d3N PREPARATORIA\"}]},{\"@type\":\"WebSite\",\"@id\":\"https:\/\/hcd.malargue.gov.ar\/#website\",\"url\":\"https:\/\/hcd.malargue.gov.ar\/\",\"name\":\"Malarg\u00fce HCD\",\"description\":\"Malarg\u00fce Mendoza Argentina\",\"potentialAction\":[{\"@type\":\"SearchAction\",\"target\":{\"@type\":\"EntryPoint\",\"urlTemplate\":\"https:\/\/hcd.malargue.gov.ar\/?s={search_term_string}\"},\"query-input\":\"required name=search_term_string\"}],\"inLanguage\":\"es-AR\"},{\"@type\":\"Person\",\"@id\":\"https:\/\/hcd.malargue.gov.ar\/#\/schema\/person\/c02f28730a528313e04d34aba071fe06\",\"name\":\"Marcia Sepulveda\",\"image\":{\"@type\":\"ImageObject\",\"inLanguage\":\"es-AR\",\"@id\":\"https:\/\/hcd.malargue.gov.ar\/#\/schema\/person\/image\/\",\"url\":\"https:\/\/secure.gravatar.com\/avatar\/3557e3bccdef0a5d4de0476d077c8920f0638f6f0bd05553351eb0e70d99f241?s=96&d=mm&r=g\",\"contentUrl\":\"https:\/\/secure.gravatar.com\/avatar\/3557e3bccdef0a5d4de0476d077c8920f0638f6f0bd05553351eb0e70d99f241?s=96&d=mm&r=g\",\"caption\":\"Marcia Sepulveda\"},\"url\":\"https:\/\/hcd.malargue.gov.ar\/?author=4\"}]}<\/script>\n<!-- \/ Yoast SEO plugin. -->","yoast_head_json":{"title":"ORDEN\u00a0 DEL DIA - SESI\u00d3N PREPARATORIA - Malarg\u00fce HCD","robots":{"index":"index","follow":"follow","max-snippet":"max-snippet:-1","max-image-preview":"max-image-preview:large","max-video-preview":"max-video-preview:-1"},"canonical":"https:\/\/hcd.malargue.gov.ar\/?p=13929","og_locale":"es_ES","og_type":"article","og_title":"ORDEN\u00a0 DEL DIA - SESI\u00d3N PREPARATORIA - Malarg\u00fce HCD","og_description":"D\u00eda Jueves 07 de Marzo de 2019.- Hora\u00a0 : 09:00 \u00a0\u00a0\u00a0\u00a0\u00a0\u00a0\u00a0\u00a0\u00a0\u00a0\u00a0\u00a0\u00a0\u00a0\u00a0\u00a0\u00a0\u00a0\u00a0 Acto de Izar\u00a0 la Ense\u00f1a \u00a0Patria\u00a0\u00a0 a cargo\u00a0 del Concejal\u00a0\u00a0 Fernando Rodolfo\u00a0 Glatigny. Himno Nacional Argentino. Lectura y puesta a consideraci\u00f3n\u00a0 de la Resoluci\u00f3n de Presidencia N\u00ba029\/2019 Determinaci\u00f3n d\u00eda y hora de las Sesiones Ordinarias Per\u00edodo 2019. Conformaci\u00f3n Comisiones Permanentes del Honorable Cuerpo. Determinaci\u00f3n [&hellip;]","og_url":"https:\/\/hcd.malargue.gov.ar\/?p=13929","og_site_name":"Malarg\u00fce HCD","article_published_time":"2019-03-06T13:21:40+00:00","article_modified_time":"2019-03-06T13:31:54+00:00","og_image":[{"width":780,"height":428,"url":"https:\/\/hcd.malargue.gov.ar\/wp-content\/uploads\/2019\/03\/orden-ses-prp.jpg","type":"image\/jpeg"}],"author":"Marcia Sepulveda","twitter_card":"summary_large_image","twitter_misc":{"Escrito por":"Marcia Sepulveda"},"schema":{"@context":"https:\/\/schema.org","@graph":[{"@type":"WebPage","@id":"https:\/\/hcd.malargue.gov.ar\/?p=13929","url":"https:\/\/hcd.malargue.gov.ar\/?p=13929","name":"ORDEN\u00a0 DEL DIA - SESI\u00d3N PREPARATORIA - Malarg\u00fce HCD","isPartOf":{"@id":"https:\/\/hcd.malargue.gov.ar\/#website"},"datePublished":"2019-03-06T13:21:40+00:00","dateModified":"2019-03-06T13:31:54+00:00","author":{"@id":"https:\/\/hcd.malargue.gov.ar\/#\/schema\/person\/c02f28730a528313e04d34aba071fe06"},"breadcrumb":{"@id":"https:\/\/hcd.malargue.gov.ar\/?p=13929#breadcrumb"},"inLanguage":"es-AR","potentialAction":[{"@type":"ReadAction","target":["https:\/\/hcd.malargue.gov.ar\/?p=13929"]}]},{"@type":"BreadcrumbList","@id":"https:\/\/hcd.malargue.gov.ar\/?p=13929#breadcrumb","itemListElement":[{"@type":"ListItem","position":1,"name":"Inicio","item":"https:\/\/hcd.malargue.gov.ar\/"},{"@type":"ListItem","position":2,"name":"ORDEN\u00a0 DEL DIA &#8211; SESI\u00d3N PREPARATORIA"}]},{"@type":"WebSite","@id":"https:\/\/hcd.malargue.gov.ar\/#website","url":"https:\/\/hcd.malargue.gov.ar\/","name":"Malarg\u00fce HCD","description":"Malarg\u00fce Mendoza Argentina","potentialAction":[{"@type":"SearchAction","target":{"@type":"EntryPoint","urlTemplate":"https:\/\/hcd.malargue.gov.ar\/?s={search_term_string}"},"query-input":"required name=search_term_string"}],"inLanguage":"es-AR"},{"@type":"Person","@id":"https:\/\/hcd.malargue.gov.ar\/#\/schema\/person\/c02f28730a528313e04d34aba071fe06","name":"Marcia Sepulveda","image":{"@type":"ImageObject","inLanguage":"es-AR","@id":"https:\/\/hcd.malargue.gov.ar\/#\/schema\/person\/image\/","url":"https:\/\/secure.gravatar.com\/avatar\/3557e3bccdef0a5d4de0476d077c8920f0638f6f0bd05553351eb0e70d99f241?s=96&d=mm&r=g","contentUrl":"https:\/\/secure.gravatar.com\/avatar\/3557e3bccdef0a5d4de0476d077c8920f0638f6f0bd05553351eb0e70d99f241?s=96&d=mm&r=g","caption":"Marcia Sepulveda"},"url":"https:\/\/hcd.malargue.gov.ar\/?author=4"}]}},"_links":{"self":[{"href":"https:\/\/hcd.malargue.gov.ar\/index.php?rest_route=\/wp\/v2\/posts\/13929","targetHints":{"allow":["GET"]}}],"collection":[{"href":"https:\/\/hcd.malargue.gov.ar\/index.php?rest_route=\/wp\/v2\/posts"}],"about":[{"href":"https:\/\/hcd.malargue.gov.ar\/index.php?rest_route=\/wp\/v2\/types\/post"}],"author":[{"embeddable":true,"href":"https:\/\/hcd.malargue.gov.ar\/index.php?rest_route=\/wp\/v2\/users\/4"}],"replies":[{"embeddable":true,"href":"https:\/\/hcd.malargue.gov.ar\/index.php?rest_route=%2Fwp%2Fv2%2Fcomments&post=13929"}],"version-history":[{"count":0,"href":"https:\/\/hcd.malargue.gov.ar\/index.php?rest_route=\/wp\/v2\/posts\/13929\/revisions"}],"wp:featuredmedia":[{"embeddable":true,"href":"https:\/\/hcd.malargue.gov.ar\/index.php?rest_route=\/wp\/v2\/media\/13930"}],"wp:attachment":[{"href":"https:\/\/hcd.malargue.gov.ar\/index.php?rest_route=%2Fwp%2Fv2%2Fmedia&parent=13929"}],"wp:term":[{"taxonomy":"category","embeddable":true,"href":"https:\/\/hcd.malargue.gov.ar\/index.php?rest_route=%2Fwp%2Fv2%2Fcategories&post=13929"},{"taxonomy":"post_tag","embeddable":true,"href":"https:\/\/hcd.malargue.gov.ar\/index.php?rest_route=%2Fwp%2Fv2%2Ftags&post=13929"}],"curies":[{"name":"wp","href":"https:\/\/api.w.org\/{rel}","templated":true}]}}