{"id":13937,"date":"2019-03-07T10:34:59","date_gmt":"2019-03-07T13:34:59","guid":{"rendered":"https:\/\/hcd.malargue.gov.ar\/?p=13937"},"modified":"2019-03-07T10:49:10","modified_gmt":"2019-03-07T13:49:10","slug":"el-hcd-llevo-a-cabo-la-sesion-preparatoria","status":"publish","type":"post","link":"https:\/\/hcd.malargue.gov.ar\/?p=13937","title":{"rendered":"EL HCD LLEV\u00d3 A CABO LA SESION PREPARATORIA"},"content":{"rendered":"<p>El d\u00eda jueves 7 de marzo, a las 9:00 de la ma\u00f1ana se llev\u00f3 a cabo la Sesi\u00f3n Preparatoria en el Concejo Deliberante, estaban presentes los Concejales <a href=\"https:\/\/www.facebook.com\/barrojose1\" target=\"_blank\" rel=\"noopener\">Jose Barro<\/a>, Paola Jofr\u00e9 (Somos Mendoza) Daniela Favari (Bloque Justicialista)\u00a0<a class=\"profileLink\" href=\"https:\/\/www.facebook.com\/martin.palma.526?fref=mentions&amp;__xts__%5B0%5D=68.ARCTergbcc916rIQjcxupFjpSY0eNMyqaez46FUELpPV4Qw9jemebfPmMMXM8hslyvnc1kODMgICPEiXaX40ATqZrkWX7FS3D0da_aCOwzL0gRiK4wdC-FhvAqTl9ufhjovIHvHZ-ZMhTbuGSN65oPfVw0EF-4vkb11vpDrO_so1RQpojVWt&amp;__tn__=K-R\" data-hovercard=\"\/ajax\/hovercard\/user.php?id=100003067710365&amp;extragetparams=%7B%22fref%22%3A%22mentions%22%7D\" data-hovercard-prefer-more-content-show=\"1\">Martin Palma<\/a>\u00a0,\u00a0<a class=\"profileLink\" href=\"https:\/\/www.facebook.com\/mauricio.martinez.71465572?fref=mentions&amp;__xts__%5B0%5D=68.ARCTergbcc916rIQjcxupFjpSY0eNMyqaez46FUELpPV4Qw9jemebfPmMMXM8hslyvnc1kODMgICPEiXaX40ATqZrkWX7FS3D0da_aCOwzL0gRiK4wdC-FhvAqTl9ufhjovIHvHZ-ZMhTbuGSN65oPfVw0EF-4vkb11vpDrO_so1RQpojVWt&amp;__tn__=K-R\" data-hovercard=\"\/ajax\/hovercard\/user.php?id=1347072991&amp;extragetparams=%7B%22fref%22%3A%22mentions%22%7D\" data-hovercard-prefer-more-content-show=\"1\">Mauricio Martinez,<\/a>\u00a0<a href=\"https:\/\/www.facebook.com\/juanmanuel.ojeda.986\" target=\"_blank\" rel=\"noopener\">Juan Manuel Ojeda,\u00a0<\/a><a class=\"profileLink\" href=\"https:\/\/www.facebook.com\/fernando.glatigny?fref=mentions&amp;__xts__%5B0%5D=68.ARCTergbcc916rIQjcxupFjpSY0eNMyqaez46FUELpPV4Qw9jemebfPmMMXM8hslyvnc1kODMgICPEiXaX40ATqZrkWX7FS3D0da_aCOwzL0gRiK4wdC-FhvAqTl9ufhjovIHvHZ-ZMhTbuGSN65oPfVw0EF-4vkb11vpDrO_so1RQpojVWt&amp;__tn__=K-R\" data-hovercard=\"\/ajax\/hovercard\/user.php?id=100000269621744&amp;extragetparams=%7B%22fref%22%3A%22mentions%22%7D\" data-hovercard-prefer-more-content-show=\"1\">Fernando Glatigny\u00a0<\/a>(Bloque Cambia Mendoza) y presidiendo el Edil Ra\u00fal Rodr\u00edguez.<\/p>\n<p>Luego de entonar las estrofas del Himno Nacional Argentino se dio lectura a las Resoluci\u00f3n N\u00ba029\/2019 por la cual se convoc\u00f3 a esta Sesi\u00f3n Preparatorio y en sus considerandos detalla que la elecci\u00f3n de autoridades se llevar\u00e1 a cabo el lunes 25 de marzo acordado de esta forma en reuni\u00f3n parlamentaria el pasado 12 de febrero.<\/p>\n<p>Continuando en el punto<strong> d)<\/strong> De acuerdo a lo que aprobaron los Concejales, las sesiones ordinarias se desarrollar\u00e1n los d\u00edas Jueves a la hora 9 de la ma\u00f1ana como se venia acostumbrando.<\/p>\n<p>En el punto <strong>e)<\/strong> Los dias y horarios de las Comisiones se mantinienten como en el 2018, en tanto las conformaciones seran enviadas por nota desde cada Bloque.<\/p>\n<p>En el punto <strong>f)<\/strong> Bloques que har\u00e1n uso de la palabra en Fechas Patrias qued\u00f3 de la siguente manera:<\/p>\n<p>*2 de Abril: Bloque Cambia Mendoza<\/p>\n<p>*25 de Mayo: Bloque Partido Justicialista<\/p>\n<p>*20 de Junio: Bloque Justicialista Frente Para la Victoria<\/p>\n<p>*9 de Julio: Bloque Justicialista Frente Para la Victoria<\/p>\n<p>*17 de Agosto: Somos Mendoza<\/p>\n<p>*16 de Noviembre: Bloque Cambia Mendoza<\/p>\n<p>Por \u00faltimo, no habiendo otros temas que tratar, se procedi\u00f3 con el acto de arr\u00edo de la Ense\u00f1a Nacional para dar por concluida la Sesi\u00f3n Preparatoria.<\/p>\n<hr \/>\n<p>Bel\u00e9n Pedernera Ferragut\/\/ PRENSA HCD<\/p>\n<div id='gallery-1' class='gallery galleryid-13937 gallery-columns-9 gallery-size-thumbnail'><figure class='gallery-item'>\n\t\t\t<div class='gallery-icon portrait'>\n\t\t\t\t<a href='https:\/\/hcd.malargue.gov.ar\/wp-content\/uploads\/2019\/03\/IMGP7745.jpg'><img loading=\"lazy\" decoding=\"async\" width=\"150\" height=\"150\" src=\"https:\/\/hcd.malargue.gov.ar\/wp-content\/uploads\/2019\/03\/IMGP7745-150x150.jpg\" class=\"attachment-thumbnail size-thumbnail\" alt=\"\" \/><\/a>\n\t\t\t<\/div><\/figure><figure class='gallery-item'>\n\t\t\t<div class='gallery-icon landscape'>\n\t\t\t\t<a href='https:\/\/hcd.malargue.gov.ar\/wp-content\/uploads\/2019\/03\/IMGP7746.jpg'><img loading=\"lazy\" decoding=\"async\" width=\"150\" height=\"150\" src=\"https:\/\/hcd.malargue.gov.ar\/wp-content\/uploads\/2019\/03\/IMGP7746-150x150.jpg\" class=\"attachment-thumbnail size-thumbnail\" alt=\"\" \/><\/a>\n\t\t\t<\/div><\/figure><figure class='gallery-item'>\n\t\t\t<div class='gallery-icon landscape'>\n\t\t\t\t<a href='https:\/\/hcd.malargue.gov.ar\/wp-content\/uploads\/2019\/03\/IMGP7747.jpg'><img loading=\"lazy\" decoding=\"async\" width=\"150\" height=\"150\" src=\"https:\/\/hcd.malargue.gov.ar\/wp-content\/uploads\/2019\/03\/IMGP7747-150x150.jpg\" class=\"attachment-thumbnail size-thumbnail\" alt=\"\" \/><\/a>\n\t\t\t<\/div><\/figure><figure class='gallery-item'>\n\t\t\t<div class='gallery-icon landscape'>\n\t\t\t\t<a href='https:\/\/hcd.malargue.gov.ar\/wp-content\/uploads\/2019\/03\/IMGP7749.jpg'><img loading=\"lazy\" decoding=\"async\" width=\"150\" height=\"150\" src=\"https:\/\/hcd.malargue.gov.ar\/wp-content\/uploads\/2019\/03\/IMGP7749-150x150.jpg\" class=\"attachment-thumbnail size-thumbnail\" alt=\"\" \/><\/a>\n\t\t\t<\/div><\/figure><figure class='gallery-item'>\n\t\t\t<div class='gallery-icon landscape'>\n\t\t\t\t<a href='https:\/\/hcd.malargue.gov.ar\/wp-content\/uploads\/2019\/03\/IMGP7750.jpg'><img loading=\"lazy\" decoding=\"async\" width=\"150\" height=\"150\" src=\"https:\/\/hcd.malargue.gov.ar\/wp-content\/uploads\/2019\/03\/IMGP7750-150x150.jpg\" class=\"attachment-thumbnail size-thumbnail\" alt=\"\" \/><\/a>\n\t\t\t<\/div><\/figure><figure class='gallery-item'>\n\t\t\t<div class='gallery-icon portrait'>\n\t\t\t\t<a href='https:\/\/hcd.malargue.gov.ar\/wp-content\/uploads\/2019\/03\/IMGP7754.jpg'><img loading=\"lazy\" decoding=\"async\" width=\"150\" height=\"150\" src=\"https:\/\/hcd.malargue.gov.ar\/wp-content\/uploads\/2019\/03\/IMGP7754-150x150.jpg\" class=\"attachment-thumbnail size-thumbnail\" alt=\"\" \/><\/a>\n\t\t\t<\/div><\/figure><figure class='gallery-item'>\n\t\t\t<div class='gallery-icon landscape'>\n\t\t\t\t<a href='https:\/\/hcd.malargue.gov.ar\/wp-content\/uploads\/2019\/03\/IMGP7755.jpg'><img loading=\"lazy\" decoding=\"async\" width=\"150\" height=\"150\" src=\"https:\/\/hcd.malargue.gov.ar\/wp-content\/uploads\/2019\/03\/IMGP7755-150x150.jpg\" class=\"attachment-thumbnail size-thumbnail\" alt=\"\" \/><\/a>\n\t\t\t<\/div><\/figure><figure class='gallery-item'>\n\t\t\t<div class='gallery-icon landscape'>\n\t\t\t\t<a href='https:\/\/hcd.malargue.gov.ar\/wp-content\/uploads\/2019\/03\/IMGP7756.jpg'><img loading=\"lazy\" decoding=\"async\" width=\"150\" height=\"150\" src=\"https:\/\/hcd.malargue.gov.ar\/wp-content\/uploads\/2019\/03\/IMGP7756-150x150.jpg\" class=\"attachment-thumbnail size-thumbnail\" alt=\"\" \/><\/a>\n\t\t\t<\/div><\/figure><figure class='gallery-item'>\n\t\t\t<div class='gallery-icon landscape'>\n\t\t\t\t<a href='https:\/\/hcd.malargue.gov.ar\/wp-content\/uploads\/2019\/03\/IMGP7757.jpg'><img loading=\"lazy\" decoding=\"async\" width=\"150\" height=\"150\" src=\"https:\/\/hcd.malargue.gov.ar\/wp-content\/uploads\/2019\/03\/IMGP7757-150x150.jpg\" class=\"attachment-thumbnail size-thumbnail\" alt=\"\" \/><\/a>\n\t\t\t<\/div><\/figure><figure class='gallery-item'>\n\t\t\t<div class='gallery-icon landscape'>\n\t\t\t\t<a href='https:\/\/hcd.malargue.gov.ar\/wp-content\/uploads\/2019\/03\/IMGP7758.jpg'><img loading=\"lazy\" decoding=\"async\" width=\"150\" height=\"150\" src=\"https:\/\/hcd.malargue.gov.ar\/wp-content\/uploads\/2019\/03\/IMGP7758-150x150.jpg\" class=\"attachment-thumbnail size-thumbnail\" alt=\"\" \/><\/a>\n\t\t\t<\/div><\/figure><figure class='gallery-item'>\n\t\t\t<div class='gallery-icon landscape'>\n\t\t\t\t<a href='https:\/\/hcd.malargue.gov.ar\/wp-content\/uploads\/2019\/03\/IMGP7759.jpg'><img loading=\"lazy\" decoding=\"async\" width=\"150\" height=\"150\" src=\"https:\/\/hcd.malargue.gov.ar\/wp-content\/uploads\/2019\/03\/IMGP7759-150x150.jpg\" class=\"attachment-thumbnail size-thumbnail\" alt=\"\" \/><\/a>\n\t\t\t<\/div><\/figure><figure class='gallery-item'>\n\t\t\t<div class='gallery-icon portrait'>\n\t\t\t\t<a href='https:\/\/hcd.malargue.gov.ar\/wp-content\/uploads\/2019\/03\/IMGP7760-2.jpg'><img loading=\"lazy\" decoding=\"async\" width=\"150\" height=\"150\" src=\"https:\/\/hcd.malargue.gov.ar\/wp-content\/uploads\/2019\/03\/IMGP7760-2-150x150.jpg\" class=\"attachment-thumbnail size-thumbnail\" alt=\"\" \/><\/a>\n\t\t\t<\/div><\/figure><figure class='gallery-item'>\n\t\t\t<div class='gallery-icon portrait'>\n\t\t\t\t<a href='https:\/\/hcd.malargue.gov.ar\/wp-content\/uploads\/2019\/03\/IMGP7761.jpg'><img loading=\"lazy\" decoding=\"async\" width=\"150\" height=\"150\" src=\"https:\/\/hcd.malargue.gov.ar\/wp-content\/uploads\/2019\/03\/IMGP7761-150x150.jpg\" class=\"attachment-thumbnail size-thumbnail\" alt=\"\" \/><\/a>\n\t\t\t<\/div><\/figure><figure class='gallery-item'>\n\t\t\t<div class='gallery-icon portrait'>\n\t\t\t\t<a href='https:\/\/hcd.malargue.gov.ar\/wp-content\/uploads\/2019\/03\/IMGP7762.jpg'><img loading=\"lazy\" decoding=\"async\" width=\"150\" height=\"150\" src=\"https:\/\/hcd.malargue.gov.ar\/wp-content\/uploads\/2019\/03\/IMGP7762-150x150.jpg\" class=\"attachment-thumbnail size-thumbnail\" alt=\"\" \/><\/a>\n\t\t\t<\/div><\/figure><figure class='gallery-item'>\n\t\t\t<div class='gallery-icon portrait'>\n\t\t\t\t<a href='https:\/\/hcd.malargue.gov.ar\/wp-content\/uploads\/2019\/03\/IMGP7763.jpg'><img loading=\"lazy\" decoding=\"async\" width=\"150\" height=\"150\" src=\"https:\/\/hcd.malargue.gov.ar\/wp-content\/uploads\/2019\/03\/IMGP7763-150x150.jpg\" class=\"attachment-thumbnail size-thumbnail\" alt=\"\" \/><\/a>\n\t\t\t<\/div><\/figure><figure class='gallery-item'>\n\t\t\t<div class='gallery-icon landscape'>\n\t\t\t\t<a href='https:\/\/hcd.malargue.gov.ar\/wp-content\/uploads\/2019\/03\/IMGP7765.jpg'><img loading=\"lazy\" decoding=\"async\" width=\"150\" height=\"150\" src=\"https:\/\/hcd.malargue.gov.ar\/wp-content\/uploads\/2019\/03\/IMGP7765-150x150.jpg\" class=\"attachment-thumbnail size-thumbnail\" alt=\"\" \/><\/a>\n\t\t\t<\/div><\/figure><figure class='gallery-item'>\n\t\t\t<div class='gallery-icon landscape'>\n\t\t\t\t<a href='https:\/\/hcd.malargue.gov.ar\/wp-content\/uploads\/2019\/03\/IMGP7766.jpg'><img loading=\"lazy\" decoding=\"async\" width=\"150\" height=\"150\" src=\"https:\/\/hcd.malargue.gov.ar\/wp-content\/uploads\/2019\/03\/IMGP7766-150x150.jpg\" class=\"attachment-thumbnail size-thumbnail\" alt=\"\" \/><\/a>\n\t\t\t<\/div><\/figure>\n\t\t<\/div>\n\n","protected":false},"excerpt":{"rendered":"<p>El d\u00eda jueves 7 de marzo, a las 9:00 de la ma\u00f1ana se llev\u00f3 a cabo la Sesi\u00f3n Preparatoria en el Concejo Deliberante, estaban presentes los Concejales Jose Barro, Paola Jofr\u00e9 (Somos Mendoza) Daniela Favari (Bloque Justicialista)\u00a0Martin Palma\u00a0,\u00a0Mauricio Martinez,\u00a0Juan Manuel Ojeda,\u00a0Fernando Glatigny\u00a0(Bloque Cambia Mendoza) y presidiendo el Edil Ra\u00fal Rodr\u00edguez. Luego de entonar las estrofas [&hellip;]<\/p>\n","protected":false},"author":5,"featured_media":13942,"comment_status":"closed","ping_status":"closed","sticky":false,"template":"","format":"standard","meta":{"footnotes":""},"categories":[52,33,59,36],"tags":[],"class_list":["post-13937","post","type-post","status-publish","format-standard","has-post-thumbnail","hentry","category-gacetillas","category-prensa","category-preparatorias","category-sesiones"],"yoast_head":"<!-- This site is optimized with the Yoast SEO plugin v19.10 - https:\/\/yoast.com\/wordpress\/plugins\/seo\/ -->\n<title>EL HCD LLEV\u00d3 A CABO LA SESION PREPARATORIA - Malarg\u00fce HCD<\/title>\n<meta name=\"robots\" content=\"index, follow, max-snippet:-1, max-image-preview:large, max-video-preview:-1\" \/>\n<link rel=\"canonical\" href=\"https:\/\/hcd.malargue.gov.ar\/?p=13937\" \/>\n<meta property=\"og:locale\" content=\"es_ES\" \/>\n<meta property=\"og:type\" content=\"article\" \/>\n<meta property=\"og:title\" content=\"EL HCD LLEV\u00d3 A CABO LA SESION PREPARATORIA - Malarg\u00fce HCD\" \/>\n<meta property=\"og:description\" content=\"El d\u00eda jueves 7 de marzo, a las 9:00 de la ma\u00f1ana se llev\u00f3 a cabo la Sesi\u00f3n Preparatoria en el Concejo Deliberante, estaban presentes los Concejales Jose Barro, Paola Jofr\u00e9 (Somos Mendoza) Daniela Favari (Bloque Justicialista)\u00a0Martin Palma\u00a0,\u00a0Mauricio Martinez,\u00a0Juan Manuel Ojeda,\u00a0Fernando Glatigny\u00a0(Bloque Cambia Mendoza) y presidiendo el Edil Ra\u00fal Rodr\u00edguez. Luego de entonar las estrofas [&hellip;]\" \/>\n<meta property=\"og:url\" content=\"https:\/\/hcd.malargue.gov.ar\/?p=13937\" \/>\n<meta property=\"og:site_name\" content=\"Malarg\u00fce HCD\" \/>\n<meta property=\"article:published_time\" content=\"2019-03-07T13:34:59+00:00\" \/>\n<meta property=\"article:modified_time\" content=\"2019-03-07T13:49:10+00:00\" \/>\n<meta property=\"og:image\" content=\"https:\/\/hcd.malargue.gov.ar\/wp-content\/uploads\/2019\/03\/IMGP7750.jpg\" \/>\n\t<meta property=\"og:image:width\" content=\"4029\" \/>\n\t<meta property=\"og:image:height\" content=\"2291\" \/>\n\t<meta property=\"og:image:type\" content=\"image\/jpeg\" \/>\n<meta name=\"author\" content=\"Belen Pedernera Ferragut\" \/>\n<meta name=\"twitter:card\" content=\"summary_large_image\" \/>\n<meta name=\"twitter:label1\" content=\"Escrito por\" \/>\n\t<meta name=\"twitter:data1\" content=\"Belen Pedernera Ferragut\" \/>\n\t<meta name=\"twitter:label2\" content=\"Tiempo de lectura\" \/>\n\t<meta name=\"twitter:data2\" content=\"1 minuto\" \/>\n<script type=\"application\/ld+json\" class=\"yoast-schema-graph\">{\"@context\":\"https:\/\/schema.org\",\"@graph\":[{\"@type\":\"WebPage\",\"@id\":\"https:\/\/hcd.malargue.gov.ar\/?p=13937\",\"url\":\"https:\/\/hcd.malargue.gov.ar\/?p=13937\",\"name\":\"EL HCD LLEV\u00d3 A CABO LA SESION PREPARATORIA - Malarg\u00fce HCD\",\"isPartOf\":{\"@id\":\"https:\/\/hcd.malargue.gov.ar\/#website\"},\"datePublished\":\"2019-03-07T13:34:59+00:00\",\"dateModified\":\"2019-03-07T13:49:10+00:00\",\"author\":{\"@id\":\"https:\/\/hcd.malargue.gov.ar\/#\/schema\/person\/3fd6bbab64edd703961b795156c955d0\"},\"breadcrumb\":{\"@id\":\"https:\/\/hcd.malargue.gov.ar\/?p=13937#breadcrumb\"},\"inLanguage\":\"es-AR\",\"potentialAction\":[{\"@type\":\"ReadAction\",\"target\":[\"https:\/\/hcd.malargue.gov.ar\/?p=13937\"]}]},{\"@type\":\"BreadcrumbList\",\"@id\":\"https:\/\/hcd.malargue.gov.ar\/?p=13937#breadcrumb\",\"itemListElement\":[{\"@type\":\"ListItem\",\"position\":1,\"name\":\"Inicio\",\"item\":\"https:\/\/hcd.malargue.gov.ar\/\"},{\"@type\":\"ListItem\",\"position\":2,\"name\":\"EL HCD LLEV\u00d3 A CABO LA SESION PREPARATORIA\"}]},{\"@type\":\"WebSite\",\"@id\":\"https:\/\/hcd.malargue.gov.ar\/#website\",\"url\":\"https:\/\/hcd.malargue.gov.ar\/\",\"name\":\"Malarg\u00fce HCD\",\"description\":\"Malarg\u00fce Mendoza Argentina\",\"potentialAction\":[{\"@type\":\"SearchAction\",\"target\":{\"@type\":\"EntryPoint\",\"urlTemplate\":\"https:\/\/hcd.malargue.gov.ar\/?s={search_term_string}\"},\"query-input\":\"required name=search_term_string\"}],\"inLanguage\":\"es-AR\"},{\"@type\":\"Person\",\"@id\":\"https:\/\/hcd.malargue.gov.ar\/#\/schema\/person\/3fd6bbab64edd703961b795156c955d0\",\"name\":\"Belen Pedernera Ferragut\",\"image\":{\"@type\":\"ImageObject\",\"inLanguage\":\"es-AR\",\"@id\":\"https:\/\/hcd.malargue.gov.ar\/#\/schema\/person\/image\/\",\"url\":\"https:\/\/secure.gravatar.com\/avatar\/1054ffab3893de4bb3eb29bdd22f7e34b8537bf5d34d9dab311818154ad5b71f?s=96&d=mm&r=g\",\"contentUrl\":\"https:\/\/secure.gravatar.com\/avatar\/1054ffab3893de4bb3eb29bdd22f7e34b8537bf5d34d9dab311818154ad5b71f?s=96&d=mm&r=g\",\"caption\":\"Belen Pedernera Ferragut\"},\"url\":\"https:\/\/hcd.malargue.gov.ar\/?author=5\"}]}<\/script>\n<!-- \/ Yoast SEO plugin. -->","yoast_head_json":{"title":"EL HCD LLEV\u00d3 A CABO LA SESION PREPARATORIA - Malarg\u00fce HCD","robots":{"index":"index","follow":"follow","max-snippet":"max-snippet:-1","max-image-preview":"max-image-preview:large","max-video-preview":"max-video-preview:-1"},"canonical":"https:\/\/hcd.malargue.gov.ar\/?p=13937","og_locale":"es_ES","og_type":"article","og_title":"EL HCD LLEV\u00d3 A CABO LA SESION PREPARATORIA - Malarg\u00fce HCD","og_description":"El d\u00eda jueves 7 de marzo, a las 9:00 de la ma\u00f1ana se llev\u00f3 a cabo la Sesi\u00f3n Preparatoria en el Concejo Deliberante, estaban presentes los Concejales Jose Barro, Paola Jofr\u00e9 (Somos Mendoza) Daniela Favari (Bloque Justicialista)\u00a0Martin Palma\u00a0,\u00a0Mauricio Martinez,\u00a0Juan Manuel Ojeda,\u00a0Fernando Glatigny\u00a0(Bloque Cambia Mendoza) y presidiendo el Edil Ra\u00fal Rodr\u00edguez. Luego de entonar las estrofas [&hellip;]","og_url":"https:\/\/hcd.malargue.gov.ar\/?p=13937","og_site_name":"Malarg\u00fce HCD","article_published_time":"2019-03-07T13:34:59+00:00","article_modified_time":"2019-03-07T13:49:10+00:00","og_image":[{"width":4029,"height":2291,"url":"https:\/\/hcd.malargue.gov.ar\/wp-content\/uploads\/2019\/03\/IMGP7750.jpg","type":"image\/jpeg"}],"author":"Belen Pedernera Ferragut","twitter_card":"summary_large_image","twitter_misc":{"Escrito por":"Belen Pedernera Ferragut","Tiempo de lectura":"1 minuto"},"schema":{"@context":"https:\/\/schema.org","@graph":[{"@type":"WebPage","@id":"https:\/\/hcd.malargue.gov.ar\/?p=13937","url":"https:\/\/hcd.malargue.gov.ar\/?p=13937","name":"EL HCD LLEV\u00d3 A CABO LA SESION PREPARATORIA - Malarg\u00fce HCD","isPartOf":{"@id":"https:\/\/hcd.malargue.gov.ar\/#website"},"datePublished":"2019-03-07T13:34:59+00:00","dateModified":"2019-03-07T13:49:10+00:00","author":{"@id":"https:\/\/hcd.malargue.gov.ar\/#\/schema\/person\/3fd6bbab64edd703961b795156c955d0"},"breadcrumb":{"@id":"https:\/\/hcd.malargue.gov.ar\/?p=13937#breadcrumb"},"inLanguage":"es-AR","potentialAction":[{"@type":"ReadAction","target":["https:\/\/hcd.malargue.gov.ar\/?p=13937"]}]},{"@type":"BreadcrumbList","@id":"https:\/\/hcd.malargue.gov.ar\/?p=13937#breadcrumb","itemListElement":[{"@type":"ListItem","position":1,"name":"Inicio","item":"https:\/\/hcd.malargue.gov.ar\/"},{"@type":"ListItem","position":2,"name":"EL HCD LLEV\u00d3 A CABO LA SESION PREPARATORIA"}]},{"@type":"WebSite","@id":"https:\/\/hcd.malargue.gov.ar\/#website","url":"https:\/\/hcd.malargue.gov.ar\/","name":"Malarg\u00fce HCD","description":"Malarg\u00fce Mendoza Argentina","potentialAction":[{"@type":"SearchAction","target":{"@type":"EntryPoint","urlTemplate":"https:\/\/hcd.malargue.gov.ar\/?s={search_term_string}"},"query-input":"required name=search_term_string"}],"inLanguage":"es-AR"},{"@type":"Person","@id":"https:\/\/hcd.malargue.gov.ar\/#\/schema\/person\/3fd6bbab64edd703961b795156c955d0","name":"Belen Pedernera Ferragut","image":{"@type":"ImageObject","inLanguage":"es-AR","@id":"https:\/\/hcd.malargue.gov.ar\/#\/schema\/person\/image\/","url":"https:\/\/secure.gravatar.com\/avatar\/1054ffab3893de4bb3eb29bdd22f7e34b8537bf5d34d9dab311818154ad5b71f?s=96&d=mm&r=g","contentUrl":"https:\/\/secure.gravatar.com\/avatar\/1054ffab3893de4bb3eb29bdd22f7e34b8537bf5d34d9dab311818154ad5b71f?s=96&d=mm&r=g","caption":"Belen Pedernera Ferragut"},"url":"https:\/\/hcd.malargue.gov.ar\/?author=5"}]}},"_links":{"self":[{"href":"https:\/\/hcd.malargue.gov.ar\/index.php?rest_route=\/wp\/v2\/posts\/13937","targetHints":{"allow":["GET"]}}],"collection":[{"href":"https:\/\/hcd.malargue.gov.ar\/index.php?rest_route=\/wp\/v2\/posts"}],"about":[{"href":"https:\/\/hcd.malargue.gov.ar\/index.php?rest_route=\/wp\/v2\/types\/post"}],"author":[{"embeddable":true,"href":"https:\/\/hcd.malargue.gov.ar\/index.php?rest_route=\/wp\/v2\/users\/5"}],"replies":[{"embeddable":true,"href":"https:\/\/hcd.malargue.gov.ar\/index.php?rest_route=%2Fwp%2Fv2%2Fcomments&post=13937"}],"version-history":[{"count":0,"href":"https:\/\/hcd.malargue.gov.ar\/index.php?rest_route=\/wp\/v2\/posts\/13937\/revisions"}],"wp:featuredmedia":[{"embeddable":true,"href":"https:\/\/hcd.malargue.gov.ar\/index.php?rest_route=\/wp\/v2\/media\/13942"}],"wp:attachment":[{"href":"https:\/\/hcd.malargue.gov.ar\/index.php?rest_route=%2Fwp%2Fv2%2Fmedia&parent=13937"}],"wp:term":[{"taxonomy":"category","embeddable":true,"href":"https:\/\/hcd.malargue.gov.ar\/index.php?rest_route=%2Fwp%2Fv2%2Fcategories&post=13937"},{"taxonomy":"post_tag","embeddable":true,"href":"https:\/\/hcd.malargue.gov.ar\/index.php?rest_route=%2Fwp%2Fv2%2Ftags&post=13937"}],"curies":[{"name":"wp","href":"https:\/\/api.w.org\/{rel}","templated":true}]}}