{"id":14008,"date":"2019-03-18T11:20:20","date_gmt":"2019-03-18T14:20:20","guid":{"rendered":"https:\/\/hcd.malargue.gov.ar\/?p=14008"},"modified":"2019-03-19T11:56:06","modified_gmt":"2019-03-19T14:56:06","slug":"como-hace-anos-el-concejo-deliberante-sesionara-todos-los-jueves-a-la-hora-900","status":"publish","type":"post","link":"https:\/\/hcd.malargue.gov.ar\/?p=14008","title":{"rendered":"COMO HACE A\u00d1OS EL CONCEJO DELIBERANTE SESIONAR\u00c1 TODOS LOS JUEVES A LA HORA 9:00"},"content":{"rendered":"<p>El d\u00eda 7 de marzo, reunidos en <a href=\"https:\/\/hcd.malargue.gov.ar\/2019\/03\/07\/el-hcd-llevo-a-cabo-la-sesion-preparatoria\/\" target=\"_blank\" rel=\"noopener\">Sesi\u00f3n Preparatoria<\/a>, los Sres. Concejales \u00a0<a href=\"https:\/\/www.facebook.com\/barrojose1\" target=\"_blank\" rel=\"noopener\">Jose Barro<\/a>, Paola Jofr\u00e9 ( Bloque Somos Mendoza) <a href=\"https:\/\/web.facebook.com\/daniela.favari.92\" target=\"_blank\" rel=\"noopener\">Daniela Favari<\/a> (Bloque Partido Justicialista)\u00a0<a class=\"profileLink\" href=\"https:\/\/www.facebook.com\/martin.palma.526?fref=mentions&amp;__xts__%5B0%5D=68.ARCTergbcc916rIQjcxupFjpSY0eNMyqaez46FUELpPV4Qw9jemebfPmMMXM8hslyvnc1kODMgICPEiXaX40ATqZrkWX7FS3D0da_aCOwzL0gRiK4wdC-FhvAqTl9ufhjovIHvHZ-ZMhTbuGSN65oPfVw0EF-4vkb11vpDrO_so1RQpojVWt&amp;__tn__=K-R\" data-hovercard=\"\/ajax\/hovercard\/user.php?id=100003067710365&amp;extragetparams=%7B%22fref%22%3A%22mentions%22%7D\" data-hovercard-prefer-more-content-show=\"1\">Martin Palma<\/a>\u00a0,\u00a0<a class=\"profileLink\" href=\"https:\/\/www.facebook.com\/mauricio.martinez.71465572?fref=mentions&amp;__xts__%5B0%5D=68.ARCTergbcc916rIQjcxupFjpSY0eNMyqaez46FUELpPV4Qw9jemebfPmMMXM8hslyvnc1kODMgICPEiXaX40ATqZrkWX7FS3D0da_aCOwzL0gRiK4wdC-FhvAqTl9ufhjovIHvHZ-ZMhTbuGSN65oPfVw0EF-4vkb11vpDrO_so1RQpojVWt&amp;__tn__=K-R\" data-hovercard=\"\/ajax\/hovercard\/user.php?id=1347072991&amp;extragetparams=%7B%22fref%22%3A%22mentions%22%7D\" data-hovercard-prefer-more-content-show=\"1\">Mauricio Martinez,<\/a>\u00a0<a href=\"https:\/\/www.facebook.com\/juanmanuel.ojeda.986\" target=\"_blank\" rel=\"noopener\">Juan Manuel Ojeda,\u00a0<\/a><a class=\"profileLink\" href=\"https:\/\/www.facebook.com\/fernando.glatigny?fref=mentions&amp;__xts__%5B0%5D=68.ARCTergbcc916rIQjcxupFjpSY0eNMyqaez46FUELpPV4Qw9jemebfPmMMXM8hslyvnc1kODMgICPEiXaX40ATqZrkWX7FS3D0da_aCOwzL0gRiK4wdC-FhvAqTl9ufhjovIHvHZ-ZMhTbuGSN65oPfVw0EF-4vkb11vpDrO_so1RQpojVWt&amp;__tn__=K-R\" data-hovercard=\"\/ajax\/hovercard\/user.php?id=100000269621744&amp;extragetparams=%7B%22fref%22%3A%22mentions%22%7D\" data-hovercard-prefer-more-content-show=\"1\">Fernando Glatigny\u00a0<\/a>(Bloque Cambia Mendoza) y <a href=\"https:\/\/web.facebook.com\/profile.php?id=100006772713963\" target=\"_blank\" rel=\"noopener\">Ra\u00fal Rodr\u00edguez<\/a>\u00a0(Bloque FPV) a cargo de Presidencia, establecieron los d\u00edas jueves h\u00e1biles de cada semana a la hora 09:00 (nueve), como d\u00eda y horario de Sesiones Ordinarias para el a\u00f1o 2.019.<\/p>\n<p>Cabe recordar que, por lo resuelto en reuni\u00f3n parlamentaria, la elecci\u00f3n de las Autoridades del nuevo periodo no se realiz\u00f3 en el marco de la Sesi\u00f3n Preparatoria. Los Sres. Concejales decidieron que el d\u00eda 25 de marzo, se reunir\u00e1n para llevar a cabo la Elecci\u00f3n de autoridades del a\u00f1o 2019.<\/p>\n<p>Marcia Sep\u00falveda -Prensa HCD<\/p>\n<blockquote><p>PDF Pieza Legal &#8211;\u00a0Resoluci\u00f3n N\u00ba 002\/2.019<\/p>\n<p><a href=\"https:\/\/hcd.malargue.gov.ar\/pdf\/Rn%2002%202019%20Dia%20y%20Hs%20de%20Sesiones%20Ordinarias.pdf\" target=\"_blank\" rel=\"noopener\"><img loading=\"lazy\" decoding=\"async\" class=\"wp-image-7950 alignnone\" src=\"https:\/\/hcd.malargue.gov.ar\/wp-content\/uploads\/2018\/06\/PDF-JPG-300x300.jpg\" alt=\"\" width=\"91\" height=\"91\" srcset=\"https:\/\/hcd.malargue.gov.ar\/wp-content\/uploads\/2018\/06\/PDF-JPG-300x300.jpg 300w, https:\/\/hcd.malargue.gov.ar\/wp-content\/uploads\/2018\/06\/PDF-JPG-150x150.jpg 150w, https:\/\/hcd.malargue.gov.ar\/wp-content\/uploads\/2018\/06\/PDF-JPG.jpg 512w\" sizes=\"auto, (max-width: 91px) 100vw, 91px\" \/><\/a><\/p><\/blockquote>\n<p style=\"text-align: center;\">\n","protected":false},"excerpt":{"rendered":"<p>El d\u00eda 7 de marzo, reunidos en Sesi\u00f3n Preparatoria, los Sres. Concejales \u00a0Jose Barro, Paola Jofr\u00e9 ( Bloque Somos Mendoza) Daniela Favari (Bloque Partido Justicialista)\u00a0Martin Palma\u00a0,\u00a0Mauricio Martinez,\u00a0Juan Manuel Ojeda,\u00a0Fernando Glatigny\u00a0(Bloque Cambia Mendoza) y Ra\u00fal Rodr\u00edguez\u00a0(Bloque FPV) a cargo de Presidencia, establecieron los d\u00edas jueves h\u00e1biles de cada semana a la hora 09:00 (nueve), como d\u00eda [&hellip;]<\/p>\n","protected":false},"author":4,"featured_media":14009,"comment_status":"closed","ping_status":"closed","sticky":false,"template":"","format":"standard","meta":{"footnotes":""},"categories":[52,29,33,59,51,36],"tags":[],"class_list":["post-14008","post","type-post","status-publish","format-standard","has-post-thumbnail","hentry","category-gacetillas","category-lesgilacion","category-prensa","category-preparatorias","category-resoluciones","category-sesiones"],"yoast_head":"<!-- This site is optimized with the Yoast SEO plugin v19.10 - https:\/\/yoast.com\/wordpress\/plugins\/seo\/ -->\n<title>COMO HACE A\u00d1OS EL CONCEJO DELIBERANTE SESIONAR\u00c1 TODOS LOS JUEVES A LA HORA 9:00 - Malarg\u00fce HCD<\/title>\n<meta name=\"robots\" content=\"index, follow, max-snippet:-1, max-image-preview:large, max-video-preview:-1\" \/>\n<link rel=\"canonical\" href=\"https:\/\/hcd.malargue.gov.ar\/?p=14008\" \/>\n<meta property=\"og:locale\" content=\"es_ES\" \/>\n<meta property=\"og:type\" content=\"article\" \/>\n<meta property=\"og:title\" content=\"COMO HACE A\u00d1OS EL CONCEJO DELIBERANTE SESIONAR\u00c1 TODOS LOS JUEVES A LA HORA 9:00 - Malarg\u00fce HCD\" \/>\n<meta property=\"og:description\" content=\"El d\u00eda 7 de marzo, reunidos en Sesi\u00f3n Preparatoria, los Sres. Concejales \u00a0Jose Barro, Paola Jofr\u00e9 ( Bloque Somos Mendoza) Daniela Favari (Bloque Partido Justicialista)\u00a0Martin Palma\u00a0,\u00a0Mauricio Martinez,\u00a0Juan Manuel Ojeda,\u00a0Fernando Glatigny\u00a0(Bloque Cambia Mendoza) y Ra\u00fal Rodr\u00edguez\u00a0(Bloque FPV) a cargo de Presidencia, establecieron los d\u00edas jueves h\u00e1biles de cada semana a la hora 09:00 (nueve), como d\u00eda [&hellip;]\" \/>\n<meta property=\"og:url\" content=\"https:\/\/hcd.malargue.gov.ar\/?p=14008\" \/>\n<meta property=\"og:site_name\" content=\"Malarg\u00fce HCD\" \/>\n<meta property=\"article:published_time\" content=\"2019-03-18T14:20:20+00:00\" \/>\n<meta property=\"article:modified_time\" content=\"2019-03-19T14:56:06+00:00\" \/>\n<meta property=\"og:image\" content=\"https:\/\/hcd.malargue.gov.ar\/wp-content\/uploads\/2019\/03\/SESIONES-ORDINARIAS.jpg\" \/>\n\t<meta property=\"og:image:width\" content=\"1280\" \/>\n\t<meta property=\"og:image:height\" content=\"720\" \/>\n\t<meta property=\"og:image:type\" content=\"image\/jpeg\" \/>\n<meta name=\"author\" content=\"Marcia Sepulveda\" \/>\n<meta name=\"twitter:card\" content=\"summary_large_image\" \/>\n<meta name=\"twitter:label1\" content=\"Escrito por\" \/>\n\t<meta name=\"twitter:data1\" content=\"Marcia Sepulveda\" \/>\n\t<meta name=\"twitter:label2\" content=\"Tiempo de lectura\" \/>\n\t<meta name=\"twitter:data2\" content=\"1 minuto\" \/>\n<script type=\"application\/ld+json\" class=\"yoast-schema-graph\">{\"@context\":\"https:\/\/schema.org\",\"@graph\":[{\"@type\":\"WebPage\",\"@id\":\"https:\/\/hcd.malargue.gov.ar\/?p=14008\",\"url\":\"https:\/\/hcd.malargue.gov.ar\/?p=14008\",\"name\":\"COMO HACE A\u00d1OS EL CONCEJO DELIBERANTE SESIONAR\u00c1 TODOS LOS JUEVES A LA HORA 9:00 - Malarg\u00fce HCD\",\"isPartOf\":{\"@id\":\"https:\/\/hcd.malargue.gov.ar\/#website\"},\"datePublished\":\"2019-03-18T14:20:20+00:00\",\"dateModified\":\"2019-03-19T14:56:06+00:00\",\"author\":{\"@id\":\"https:\/\/hcd.malargue.gov.ar\/#\/schema\/person\/c02f28730a528313e04d34aba071fe06\"},\"breadcrumb\":{\"@id\":\"https:\/\/hcd.malargue.gov.ar\/?p=14008#breadcrumb\"},\"inLanguage\":\"es-AR\",\"potentialAction\":[{\"@type\":\"ReadAction\",\"target\":[\"https:\/\/hcd.malargue.gov.ar\/?p=14008\"]}]},{\"@type\":\"BreadcrumbList\",\"@id\":\"https:\/\/hcd.malargue.gov.ar\/?p=14008#breadcrumb\",\"itemListElement\":[{\"@type\":\"ListItem\",\"position\":1,\"name\":\"Inicio\",\"item\":\"https:\/\/hcd.malargue.gov.ar\/\"},{\"@type\":\"ListItem\",\"position\":2,\"name\":\"COMO HACE A\u00d1OS EL CONCEJO DELIBERANTE SESIONAR\u00c1 TODOS LOS JUEVES A LA HORA 9:00\"}]},{\"@type\":\"WebSite\",\"@id\":\"https:\/\/hcd.malargue.gov.ar\/#website\",\"url\":\"https:\/\/hcd.malargue.gov.ar\/\",\"name\":\"Malarg\u00fce HCD\",\"description\":\"Malarg\u00fce Mendoza Argentina\",\"potentialAction\":[{\"@type\":\"SearchAction\",\"target\":{\"@type\":\"EntryPoint\",\"urlTemplate\":\"https:\/\/hcd.malargue.gov.ar\/?s={search_term_string}\"},\"query-input\":\"required name=search_term_string\"}],\"inLanguage\":\"es-AR\"},{\"@type\":\"Person\",\"@id\":\"https:\/\/hcd.malargue.gov.ar\/#\/schema\/person\/c02f28730a528313e04d34aba071fe06\",\"name\":\"Marcia Sepulveda\",\"image\":{\"@type\":\"ImageObject\",\"inLanguage\":\"es-AR\",\"@id\":\"https:\/\/hcd.malargue.gov.ar\/#\/schema\/person\/image\/\",\"url\":\"https:\/\/secure.gravatar.com\/avatar\/3557e3bccdef0a5d4de0476d077c8920f0638f6f0bd05553351eb0e70d99f241?s=96&d=mm&r=g\",\"contentUrl\":\"https:\/\/secure.gravatar.com\/avatar\/3557e3bccdef0a5d4de0476d077c8920f0638f6f0bd05553351eb0e70d99f241?s=96&d=mm&r=g\",\"caption\":\"Marcia Sepulveda\"},\"url\":\"https:\/\/hcd.malargue.gov.ar\/?author=4\"}]}<\/script>\n<!-- \/ Yoast SEO plugin. -->","yoast_head_json":{"title":"COMO HACE A\u00d1OS EL CONCEJO DELIBERANTE SESIONAR\u00c1 TODOS LOS JUEVES A LA HORA 9:00 - Malarg\u00fce HCD","robots":{"index":"index","follow":"follow","max-snippet":"max-snippet:-1","max-image-preview":"max-image-preview:large","max-video-preview":"max-video-preview:-1"},"canonical":"https:\/\/hcd.malargue.gov.ar\/?p=14008","og_locale":"es_ES","og_type":"article","og_title":"COMO HACE A\u00d1OS EL CONCEJO DELIBERANTE SESIONAR\u00c1 TODOS LOS JUEVES A LA HORA 9:00 - Malarg\u00fce HCD","og_description":"El d\u00eda 7 de marzo, reunidos en Sesi\u00f3n Preparatoria, los Sres. Concejales \u00a0Jose Barro, Paola Jofr\u00e9 ( Bloque Somos Mendoza) Daniela Favari (Bloque Partido Justicialista)\u00a0Martin Palma\u00a0,\u00a0Mauricio Martinez,\u00a0Juan Manuel Ojeda,\u00a0Fernando Glatigny\u00a0(Bloque Cambia Mendoza) y Ra\u00fal Rodr\u00edguez\u00a0(Bloque FPV) a cargo de Presidencia, establecieron los d\u00edas jueves h\u00e1biles de cada semana a la hora 09:00 (nueve), como d\u00eda [&hellip;]","og_url":"https:\/\/hcd.malargue.gov.ar\/?p=14008","og_site_name":"Malarg\u00fce HCD","article_published_time":"2019-03-18T14:20:20+00:00","article_modified_time":"2019-03-19T14:56:06+00:00","og_image":[{"width":1280,"height":720,"url":"https:\/\/hcd.malargue.gov.ar\/wp-content\/uploads\/2019\/03\/SESIONES-ORDINARIAS.jpg","type":"image\/jpeg"}],"author":"Marcia Sepulveda","twitter_card":"summary_large_image","twitter_misc":{"Escrito por":"Marcia Sepulveda","Tiempo de lectura":"1 minuto"},"schema":{"@context":"https:\/\/schema.org","@graph":[{"@type":"WebPage","@id":"https:\/\/hcd.malargue.gov.ar\/?p=14008","url":"https:\/\/hcd.malargue.gov.ar\/?p=14008","name":"COMO HACE A\u00d1OS EL CONCEJO DELIBERANTE SESIONAR\u00c1 TODOS LOS JUEVES A LA HORA 9:00 - Malarg\u00fce HCD","isPartOf":{"@id":"https:\/\/hcd.malargue.gov.ar\/#website"},"datePublished":"2019-03-18T14:20:20+00:00","dateModified":"2019-03-19T14:56:06+00:00","author":{"@id":"https:\/\/hcd.malargue.gov.ar\/#\/schema\/person\/c02f28730a528313e04d34aba071fe06"},"breadcrumb":{"@id":"https:\/\/hcd.malargue.gov.ar\/?p=14008#breadcrumb"},"inLanguage":"es-AR","potentialAction":[{"@type":"ReadAction","target":["https:\/\/hcd.malargue.gov.ar\/?p=14008"]}]},{"@type":"BreadcrumbList","@id":"https:\/\/hcd.malargue.gov.ar\/?p=14008#breadcrumb","itemListElement":[{"@type":"ListItem","position":1,"name":"Inicio","item":"https:\/\/hcd.malargue.gov.ar\/"},{"@type":"ListItem","position":2,"name":"COMO HACE A\u00d1OS EL CONCEJO DELIBERANTE SESIONAR\u00c1 TODOS LOS JUEVES A LA HORA 9:00"}]},{"@type":"WebSite","@id":"https:\/\/hcd.malargue.gov.ar\/#website","url":"https:\/\/hcd.malargue.gov.ar\/","name":"Malarg\u00fce HCD","description":"Malarg\u00fce Mendoza Argentina","potentialAction":[{"@type":"SearchAction","target":{"@type":"EntryPoint","urlTemplate":"https:\/\/hcd.malargue.gov.ar\/?s={search_term_string}"},"query-input":"required name=search_term_string"}],"inLanguage":"es-AR"},{"@type":"Person","@id":"https:\/\/hcd.malargue.gov.ar\/#\/schema\/person\/c02f28730a528313e04d34aba071fe06","name":"Marcia Sepulveda","image":{"@type":"ImageObject","inLanguage":"es-AR","@id":"https:\/\/hcd.malargue.gov.ar\/#\/schema\/person\/image\/","url":"https:\/\/secure.gravatar.com\/avatar\/3557e3bccdef0a5d4de0476d077c8920f0638f6f0bd05553351eb0e70d99f241?s=96&d=mm&r=g","contentUrl":"https:\/\/secure.gravatar.com\/avatar\/3557e3bccdef0a5d4de0476d077c8920f0638f6f0bd05553351eb0e70d99f241?s=96&d=mm&r=g","caption":"Marcia Sepulveda"},"url":"https:\/\/hcd.malargue.gov.ar\/?author=4"}]}},"_links":{"self":[{"href":"https:\/\/hcd.malargue.gov.ar\/index.php?rest_route=\/wp\/v2\/posts\/14008","targetHints":{"allow":["GET"]}}],"collection":[{"href":"https:\/\/hcd.malargue.gov.ar\/index.php?rest_route=\/wp\/v2\/posts"}],"about":[{"href":"https:\/\/hcd.malargue.gov.ar\/index.php?rest_route=\/wp\/v2\/types\/post"}],"author":[{"embeddable":true,"href":"https:\/\/hcd.malargue.gov.ar\/index.php?rest_route=\/wp\/v2\/users\/4"}],"replies":[{"embeddable":true,"href":"https:\/\/hcd.malargue.gov.ar\/index.php?rest_route=%2Fwp%2Fv2%2Fcomments&post=14008"}],"version-history":[{"count":0,"href":"https:\/\/hcd.malargue.gov.ar\/index.php?rest_route=\/wp\/v2\/posts\/14008\/revisions"}],"wp:featuredmedia":[{"embeddable":true,"href":"https:\/\/hcd.malargue.gov.ar\/index.php?rest_route=\/wp\/v2\/media\/14009"}],"wp:attachment":[{"href":"https:\/\/hcd.malargue.gov.ar\/index.php?rest_route=%2Fwp%2Fv2%2Fmedia&parent=14008"}],"wp:term":[{"taxonomy":"category","embeddable":true,"href":"https:\/\/hcd.malargue.gov.ar\/index.php?rest_route=%2Fwp%2Fv2%2Fcategories&post=14008"},{"taxonomy":"post_tag","embeddable":true,"href":"https:\/\/hcd.malargue.gov.ar\/index.php?rest_route=%2Fwp%2Fv2%2Ftags&post=14008"}],"curies":[{"name":"wp","href":"https:\/\/api.w.org\/{rel}","templated":true}]}}