{"id":15459,"date":"2019-05-09T08:33:58","date_gmt":"2019-05-09T11:33:58","guid":{"rendered":"https:\/\/hcd.malargue.gov.ar\/?p=15459"},"modified":"2019-05-09T08:33:58","modified_gmt":"2019-05-09T11:33:58","slug":"orden-del-dia-sesion-ordinaria-7","status":"publish","type":"post","link":"https:\/\/hcd.malargue.gov.ar\/?p=15459","title":{"rendered":"ORDEN DEL DIA  SESION ORDINARIA"},"content":{"rendered":"<p><strong>D\u00eda Jueves 09 de Mayo de 2019<\/strong><\/p>\n<p><strong>Hora: 08:50<\/strong><br \/>\n<strong>BANCA DEL CIUDADANO: Sr. N\u00e9stor Fabi\u00e1n AMAYA <\/strong><br \/>\n<strong>Tema: Asociaci\u00f3n Docente \u201cEducaci\u00f3n sin Frontera\u201d Inquietudes en <\/strong><br \/>\n<strong>busca del perfeccionamiento docente.<\/strong><\/p>\n<p><strong>a) Acto de Izar la Ense\u00f1a Patria a cargo del Sr. Concejal Jos\u00e9 A.BARRO <\/strong><br \/>\n<strong>b) Homenaje de los Se\u00f1ores Concejales.<\/strong><br \/>\n<strong>c) Consideraci\u00f3n Acta Sesi\u00f3n Ordinaria N\u00ba1009-\u201cO\u201d-2019 y Acta Sesi\u00f3n Ordinaria N\u00aa1010-\u201cO\u201d-2019 .<\/strong><br \/>\n<strong>d) Lectura del detalle de la correspondencia recibida y emitida.<\/strong><br \/>\n<strong>e) Determinaci\u00f3n de los temas que ser\u00e1n incluidos en el punto Asuntos Varios y puesta a consideraci\u00f3n de mociones de tratamientos sobre tablas de diversos expedientes.<\/strong><br \/>\n<strong>f) Proyectos de los Se\u00f1ores Concejales:<\/strong><br \/>\n1. Expte. N\u00ba 4.614- HC 008-2019 Proyecto de Declaraci\u00f3n: Declarar de Inter\u00e9s Deportivo Tur\u00edstico y Social el Primer Duatl\u00f3n de la Revoluci\u00f3n en su modalidad atletismo y mountain bike. (BLOQUE FRENTE CAMBIA MENDOZA) Autor: Concejal Mauricio Mart\u00ednez<br \/>\n2. Expte. N\u00ba 4.615-HC 008-2019 Proyecto de Resoluci\u00f3n: Requerir al Sr. Intendente Municipal se realice el mantenimiento y control del alumbrado el\u00e9ctrico del cementerio de la Ciudad (BLOQUE JUSTICIALISTA FRENTE PARA LA VICTORIA) Autor: Concejal Rodolfo An\u00edbal Cabeza y Concejal Ra\u00fal Rodr\u00edguez<br \/>\n3. Expte. N\u00ba 4.616-HC 008-2019 Proyecto de Resoluci\u00f3n: Requerir al Sr. Intendente Municipal si se ha autorizado la entrega de terrenos de propiedad del Municipio en Ca\u00f1ada Colorada -Ex Tierras Militares a personas, entidades no gubernamentales o Instituciones P\u00fablicas. (BLOQUE JUSTICIALISTA FRENTE PARA LA VICTORIA) Autor: Concejal Rodolfo Cabeza y Concejal Ra\u00fal Rodr\u00edguez<br \/>\n4. Expte. N\u00ba 4.617-HC 008-2019 Proyecto de Resoluci\u00f3n: Programa de Educaci\u00f3n Ambiental en Escuelas Primarias del Departamento. (BLOQUE JUSTICIALISTA FRENTE PARA LA VICTORIA) Autor: Concejal Ra\u00fal Rodr\u00edguez y Concejal Rodolfo An\u00edbal Cabeza<br \/>\n5. Expte. N\u00ba 4.618-HC 008-2019 Proyecto de Resoluci\u00f3n: Mensura en Campos Potreros de Cordillera- Ba\u00f1os del Azufre Distrito R\u00edo Grande (BLOQUE PARTIDO JUSTICIALISTA) Autor: Concejal Mar\u00eda Daniela Favari<br \/>\n<strong>f) Expedientes provenientes del Departamento Ejecutivo<\/strong><br \/>\n&#8211; No Ingresados-<br \/>\n<strong>g) Despachos de las Comisiones de Trabajo:<\/strong><br \/>\n1. Expte. N\u00ba 1.330\/2019-0 OTHALA S.A Solicita alquiler de galp\u00f3n instalaci\u00f3n de Taller Metal\u00fargico. (H.P.L.A.C.)<br \/>\n2. Expte. N\u00ba 4.417-HC 281-2018 Proyecto de Resoluci\u00f3n: Declarar de Inter\u00e9s Social y Cultural la Campa\u00f1a Nacional \u201cEstrellas Amarillas\u201d (Asociaci\u00f3n Argentina Familiares y Amigos Victimas de Tr\u00e1nsito y Fundaci\u00f3n Laura Cristina Ambrosio Battistel) (E.H.M.A.S. Y C )<br \/>\n3. Expte. N\u00ba 4.603-HC 007-2019 Proyecto de Declaraci\u00f3n: Declarar de Inter\u00e9s Social y Cultural la Bandera Institucional del Conservatorio Musical Juan Sebasti\u00e1n. (E.H.M.A.S Y C )<br \/>\n4. Expte. N\u00ba 4.596-HC 007-2019 Proyecto de Ordenanza: Crear y ejecutar el Programa RECICLATON en la Ciudad de Malarg\u00fce a fin de recolectar y recuperar residuos electr\u00f3nicos, met\u00e1licos y tecnol\u00f3gicos. (E.H.M.A.S Y C )<br \/>\n5. Contrataci\u00f3n de un Profesional: Construcci\u00f3n puente peatonal bici-senda sobre el Arroyo LA Bebida (COMISION ESPECIAL DE SEGUIMIENTO DE OBRA)<br \/>\n6. Expte. N\u00ba 4.428-HC 282-2018 Proyecto de Resoluci\u00f3n: Resarcimiento hist\u00f3rico del Estado Provincial al Departamento de Malarg\u00fce por la no utilizaci\u00f3n del gas en pozos de petr\u00f3leo (H.P.L.A.C.)<br \/>\n7. Expte. N\u00ba 4.595-HC 007-2019 Proyecto de Resoluci\u00f3n: Solicitar al Sr. Intendente Municipal se proceda a realizar la reparaci\u00f3n de veredas y calles fragmentadas por Empresas proveedoras de agua y gas que no han sido reparadas y determinar normas de control al respecto. (O.P.T Y R.N y H.P.L.A.C)<br \/>\n8. Expte. N\u00ba 4.570-HC 005-2019 Proyecto de Declaraci\u00f3n: Repudio al aumento indiscriminado en las tarifas de los servicios p\u00fablicos. (H.P.L.A.C.)<br \/>\n9. Expte. N\u00ba 4.427-HC 282-2018 Proyecto de Ordenanza: Puesta en valor \u201cColonia de Emprendedores\u201d (O.P.T Y R.N y H.P.L.A.C.)<br \/>\n<strong>h) Asuntos Varios.- <\/strong><br \/>\n<strong>i) Acto de arriar el Pabell\u00f3n Nacional a cargo del concejal que lo iz\u00f3.- <\/strong><br \/>\n<strong>Presidencia H.C.D 07 de Mayo de 2019.-<\/strong><\/p>\n<p>CORRESPONDENCIA PARA LA SESI\u00d3N<br \/>\nDEL DIA JUEVES 09 DE MAYO DE 2.019<\/p>\n<p>NOTAS INGRESADAS<\/p>\n<p>1. Sr. Miguel A. Conesa Guaquinchay, solicita hacer uso de Banca del Ciudadano para exponer respecto a Proyectos Educativos de Capacitaci\u00f3n y productivos de car\u00e1cter social y autosustentables.<br \/>\n2. Agr. Rodolfo Genovesi, informa ausencia a reuniones de Comisiones durante el mes de Mayo por razones de \u00edndole personal.<br \/>\n3. Lic. Andrea Iturbe, Directora de Ambiente, remite observaciones respecto de marco regulatorio de grandes generadores de Residuos Solidos Urbanos.<br \/>\n4. Lic. Hugo Tucker, Coordinador Cient\u00edfico CRIDC, solicita colaboraci\u00f3n para realizar trabajo de relevamiento de puntos geol\u00f3gicos patrimoniales tur\u00edsticos &#8211; Proyecto Geo Rutas \u2013<\/p>\n<p>NOTAS EMITIDAS<\/p>\n<p>1. A la Administraci\u00f3n General de Direcci\u00f3n Nacional de Vialidad y Legisladores Provinciales por el 4\u00ba Distrito Electoral, remitiendo copia de Resoluci\u00f3n N\u00ba 119\/2.019, solicitando la instalaci\u00f3n de bascula m\u00f3vil permanente en el Departamento.<br \/>\n2. A la Sra. Directora de Servicio y Crecimiento Social y Responsable de Oficina de Derechos Humanos, remitiendo copia de Declaraci\u00f3n N\u00ba 251\/2.019, declarando de Inter\u00e9s Departamental el Proyecto Cultural \u201cBanco Rojo\u201d.<br \/>\n3. A la Sra. Directora de Escuela N\u00ba 4-018 Manuel N. Savio remitiendo copia de Resoluci\u00f3n N\u00ba 094\/2.019, declarando de Inter\u00e9s Departamental las \u201cXXXII Edici\u00f3n de las Competencias Deportivas ESTIM\u201d.<br \/>\n4. Al Sr. Omar Ferreyra Jefe Delegaci\u00f3n ANSES Malarg\u00fce, remitiendo copia de Resoluci\u00f3n N\u00ba 121\/2.019, solicitando colocaci\u00f3n de rampas de acceso para personas con necesidades especiales en la Delegaci\u00f3n.<br \/>\n5. Al Sr. Presidente de C\u00e1mara de Comercio y Afines y AMATUR, remitiendo copia de Resoluci\u00f3n N\u00ba 107\/2.019, solicitando acondicionamiento del cartel de ingreso al Departamento ubicado en la margen del Rio Atuel.<br \/>\n6. A la Profesora Debora Bernal, Instituto Isadora, remitiendo copia de Declaraci\u00f3n N\u00ba 250\/2.019 declarando de Inter\u00e9s Departamental las audiciones y perfomance Awards Argentina 2019.<br \/>\n7. Al Responsable de Plan Estrat\u00e9gico Malarg\u00fce y Jefe de Polic\u00eda Vial Malarg\u00fce, remitiendo copia de Resoluci\u00f3n N\u00ba 096\/2.019, solicitando la instalaci\u00f3n de discos PARE en calles del Barrio Municipal.<br \/>\n8. A la Profesora Debora Bernal, Instituto Isadora, remitiendo copia de Declaraci\u00f3n N\u00ba249\/2.019, declarando de Inter\u00e9s Departamental las audiciones de las Becas PI (Pa\u00eds Integrado)<br \/>\n9. Al Sr. N\u00e9stor Fabi\u00e1n Amaya por Asociaci\u00f3n Docentes Educaci\u00f3n sin Frontera, informando que se ha concedido la Banca del Ciudadano.<\/p>\n","protected":false},"excerpt":{"rendered":"<p>D\u00eda Jueves 09 de Mayo de 2019 Hora: 08:50 BANCA DEL CIUDADANO: Sr. N\u00e9stor Fabi\u00e1n AMAYA Tema: Asociaci\u00f3n Docente \u201cEducaci\u00f3n sin Frontera\u201d Inquietudes en busca del perfeccionamiento docente. a) Acto de Izar la Ense\u00f1a Patria a cargo del Sr. Concejal Jos\u00e9 A.BARRO b) Homenaje de los Se\u00f1ores Concejales. c) Consideraci\u00f3n Acta Sesi\u00f3n Ordinaria N\u00ba1009-\u201cO\u201d-2019 y [&hellip;]<\/p>\n","protected":false},"author":4,"featured_media":15460,"comment_status":"closed","ping_status":"closed","sticky":false,"template":"","format":"standard","meta":{"footnotes":""},"categories":[52,58,33,36],"tags":[],"class_list":["post-15459","post","type-post","status-publish","format-standard","has-post-thumbnail","hentry","category-gacetillas","category-ordinarias","category-prensa","category-sesiones"],"yoast_head":"<!-- This site is optimized with the Yoast SEO plugin v19.10 - https:\/\/yoast.com\/wordpress\/plugins\/seo\/ -->\n<title>ORDEN DEL DIA SESION ORDINARIA - Malarg\u00fce HCD<\/title>\n<meta name=\"robots\" content=\"index, follow, max-snippet:-1, max-image-preview:large, max-video-preview:-1\" \/>\n<link rel=\"canonical\" href=\"https:\/\/hcd.malargue.gov.ar\/?p=15459\" \/>\n<meta property=\"og:locale\" content=\"es_ES\" \/>\n<meta property=\"og:type\" content=\"article\" \/>\n<meta property=\"og:title\" content=\"ORDEN DEL DIA SESION ORDINARIA - Malarg\u00fce HCD\" \/>\n<meta property=\"og:description\" content=\"D\u00eda Jueves 09 de Mayo de 2019 Hora: 08:50 BANCA DEL CIUDADANO: Sr. N\u00e9stor Fabi\u00e1n AMAYA Tema: Asociaci\u00f3n Docente \u201cEducaci\u00f3n sin Frontera\u201d Inquietudes en busca del perfeccionamiento docente. a) Acto de Izar la Ense\u00f1a Patria a cargo del Sr. Concejal Jos\u00e9 A.BARRO b) Homenaje de los Se\u00f1ores Concejales. c) Consideraci\u00f3n Acta Sesi\u00f3n Ordinaria N\u00ba1009-\u201cO\u201d-2019 y [&hellip;]\" \/>\n<meta property=\"og:url\" content=\"https:\/\/hcd.malargue.gov.ar\/?p=15459\" \/>\n<meta property=\"og:site_name\" content=\"Malarg\u00fce HCD\" \/>\n<meta property=\"article:published_time\" content=\"2019-05-09T11:33:58+00:00\" \/>\n<meta property=\"og:image\" content=\"https:\/\/hcd.malargue.gov.ar\/wp-content\/uploads\/2019\/05\/IMGP80065.jpg\" \/>\n\t<meta property=\"og:image:width\" content=\"2848\" \/>\n\t<meta property=\"og:image:height\" content=\"2000\" \/>\n\t<meta property=\"og:image:type\" content=\"image\/jpeg\" \/>\n<meta name=\"author\" content=\"Marcia Sepulveda\" \/>\n<meta name=\"twitter:card\" content=\"summary_large_image\" \/>\n<meta name=\"twitter:label1\" content=\"Escrito por\" \/>\n\t<meta name=\"twitter:data1\" content=\"Marcia Sepulveda\" \/>\n\t<meta name=\"twitter:label2\" content=\"Tiempo de lectura\" \/>\n\t<meta name=\"twitter:data2\" content=\"5 minutos\" \/>\n<script type=\"application\/ld+json\" class=\"yoast-schema-graph\">{\"@context\":\"https:\/\/schema.org\",\"@graph\":[{\"@type\":\"WebPage\",\"@id\":\"https:\/\/hcd.malargue.gov.ar\/?p=15459\",\"url\":\"https:\/\/hcd.malargue.gov.ar\/?p=15459\",\"name\":\"ORDEN DEL DIA SESION ORDINARIA - Malarg\u00fce HCD\",\"isPartOf\":{\"@id\":\"https:\/\/hcd.malargue.gov.ar\/#website\"},\"datePublished\":\"2019-05-09T11:33:58+00:00\",\"dateModified\":\"2019-05-09T11:33:58+00:00\",\"author\":{\"@id\":\"https:\/\/hcd.malargue.gov.ar\/#\/schema\/person\/c02f28730a528313e04d34aba071fe06\"},\"breadcrumb\":{\"@id\":\"https:\/\/hcd.malargue.gov.ar\/?p=15459#breadcrumb\"},\"inLanguage\":\"es-AR\",\"potentialAction\":[{\"@type\":\"ReadAction\",\"target\":[\"https:\/\/hcd.malargue.gov.ar\/?p=15459\"]}]},{\"@type\":\"BreadcrumbList\",\"@id\":\"https:\/\/hcd.malargue.gov.ar\/?p=15459#breadcrumb\",\"itemListElement\":[{\"@type\":\"ListItem\",\"position\":1,\"name\":\"Inicio\",\"item\":\"https:\/\/hcd.malargue.gov.ar\/\"},{\"@type\":\"ListItem\",\"position\":2,\"name\":\"ORDEN DEL DIA SESION ORDINARIA\"}]},{\"@type\":\"WebSite\",\"@id\":\"https:\/\/hcd.malargue.gov.ar\/#website\",\"url\":\"https:\/\/hcd.malargue.gov.ar\/\",\"name\":\"Malarg\u00fce HCD\",\"description\":\"Malarg\u00fce Mendoza Argentina\",\"potentialAction\":[{\"@type\":\"SearchAction\",\"target\":{\"@type\":\"EntryPoint\",\"urlTemplate\":\"https:\/\/hcd.malargue.gov.ar\/?s={search_term_string}\"},\"query-input\":\"required name=search_term_string\"}],\"inLanguage\":\"es-AR\"},{\"@type\":\"Person\",\"@id\":\"https:\/\/hcd.malargue.gov.ar\/#\/schema\/person\/c02f28730a528313e04d34aba071fe06\",\"name\":\"Marcia Sepulveda\",\"image\":{\"@type\":\"ImageObject\",\"inLanguage\":\"es-AR\",\"@id\":\"https:\/\/hcd.malargue.gov.ar\/#\/schema\/person\/image\/\",\"url\":\"https:\/\/secure.gravatar.com\/avatar\/3557e3bccdef0a5d4de0476d077c8920f0638f6f0bd05553351eb0e70d99f241?s=96&d=mm&r=g\",\"contentUrl\":\"https:\/\/secure.gravatar.com\/avatar\/3557e3bccdef0a5d4de0476d077c8920f0638f6f0bd05553351eb0e70d99f241?s=96&d=mm&r=g\",\"caption\":\"Marcia Sepulveda\"},\"url\":\"https:\/\/hcd.malargue.gov.ar\/?author=4\"}]}<\/script>\n<!-- \/ Yoast SEO plugin. -->","yoast_head_json":{"title":"ORDEN DEL DIA SESION ORDINARIA - Malarg\u00fce HCD","robots":{"index":"index","follow":"follow","max-snippet":"max-snippet:-1","max-image-preview":"max-image-preview:large","max-video-preview":"max-video-preview:-1"},"canonical":"https:\/\/hcd.malargue.gov.ar\/?p=15459","og_locale":"es_ES","og_type":"article","og_title":"ORDEN DEL DIA SESION ORDINARIA - Malarg\u00fce HCD","og_description":"D\u00eda Jueves 09 de Mayo de 2019 Hora: 08:50 BANCA DEL CIUDADANO: Sr. N\u00e9stor Fabi\u00e1n AMAYA Tema: Asociaci\u00f3n Docente \u201cEducaci\u00f3n sin Frontera\u201d Inquietudes en busca del perfeccionamiento docente. a) Acto de Izar la Ense\u00f1a Patria a cargo del Sr. Concejal Jos\u00e9 A.BARRO b) Homenaje de los Se\u00f1ores Concejales. c) Consideraci\u00f3n Acta Sesi\u00f3n Ordinaria N\u00ba1009-\u201cO\u201d-2019 y [&hellip;]","og_url":"https:\/\/hcd.malargue.gov.ar\/?p=15459","og_site_name":"Malarg\u00fce HCD","article_published_time":"2019-05-09T11:33:58+00:00","og_image":[{"width":2848,"height":2000,"url":"https:\/\/hcd.malargue.gov.ar\/wp-content\/uploads\/2019\/05\/IMGP80065.jpg","type":"image\/jpeg"}],"author":"Marcia Sepulveda","twitter_card":"summary_large_image","twitter_misc":{"Escrito por":"Marcia Sepulveda","Tiempo de lectura":"5 minutos"},"schema":{"@context":"https:\/\/schema.org","@graph":[{"@type":"WebPage","@id":"https:\/\/hcd.malargue.gov.ar\/?p=15459","url":"https:\/\/hcd.malargue.gov.ar\/?p=15459","name":"ORDEN DEL DIA SESION ORDINARIA - Malarg\u00fce HCD","isPartOf":{"@id":"https:\/\/hcd.malargue.gov.ar\/#website"},"datePublished":"2019-05-09T11:33:58+00:00","dateModified":"2019-05-09T11:33:58+00:00","author":{"@id":"https:\/\/hcd.malargue.gov.ar\/#\/schema\/person\/c02f28730a528313e04d34aba071fe06"},"breadcrumb":{"@id":"https:\/\/hcd.malargue.gov.ar\/?p=15459#breadcrumb"},"inLanguage":"es-AR","potentialAction":[{"@type":"ReadAction","target":["https:\/\/hcd.malargue.gov.ar\/?p=15459"]}]},{"@type":"BreadcrumbList","@id":"https:\/\/hcd.malargue.gov.ar\/?p=15459#breadcrumb","itemListElement":[{"@type":"ListItem","position":1,"name":"Inicio","item":"https:\/\/hcd.malargue.gov.ar\/"},{"@type":"ListItem","position":2,"name":"ORDEN DEL DIA SESION ORDINARIA"}]},{"@type":"WebSite","@id":"https:\/\/hcd.malargue.gov.ar\/#website","url":"https:\/\/hcd.malargue.gov.ar\/","name":"Malarg\u00fce HCD","description":"Malarg\u00fce Mendoza Argentina","potentialAction":[{"@type":"SearchAction","target":{"@type":"EntryPoint","urlTemplate":"https:\/\/hcd.malargue.gov.ar\/?s={search_term_string}"},"query-input":"required name=search_term_string"}],"inLanguage":"es-AR"},{"@type":"Person","@id":"https:\/\/hcd.malargue.gov.ar\/#\/schema\/person\/c02f28730a528313e04d34aba071fe06","name":"Marcia Sepulveda","image":{"@type":"ImageObject","inLanguage":"es-AR","@id":"https:\/\/hcd.malargue.gov.ar\/#\/schema\/person\/image\/","url":"https:\/\/secure.gravatar.com\/avatar\/3557e3bccdef0a5d4de0476d077c8920f0638f6f0bd05553351eb0e70d99f241?s=96&d=mm&r=g","contentUrl":"https:\/\/secure.gravatar.com\/avatar\/3557e3bccdef0a5d4de0476d077c8920f0638f6f0bd05553351eb0e70d99f241?s=96&d=mm&r=g","caption":"Marcia Sepulveda"},"url":"https:\/\/hcd.malargue.gov.ar\/?author=4"}]}},"_links":{"self":[{"href":"https:\/\/hcd.malargue.gov.ar\/index.php?rest_route=\/wp\/v2\/posts\/15459","targetHints":{"allow":["GET"]}}],"collection":[{"href":"https:\/\/hcd.malargue.gov.ar\/index.php?rest_route=\/wp\/v2\/posts"}],"about":[{"href":"https:\/\/hcd.malargue.gov.ar\/index.php?rest_route=\/wp\/v2\/types\/post"}],"author":[{"embeddable":true,"href":"https:\/\/hcd.malargue.gov.ar\/index.php?rest_route=\/wp\/v2\/users\/4"}],"replies":[{"embeddable":true,"href":"https:\/\/hcd.malargue.gov.ar\/index.php?rest_route=%2Fwp%2Fv2%2Fcomments&post=15459"}],"version-history":[{"count":0,"href":"https:\/\/hcd.malargue.gov.ar\/index.php?rest_route=\/wp\/v2\/posts\/15459\/revisions"}],"wp:featuredmedia":[{"embeddable":true,"href":"https:\/\/hcd.malargue.gov.ar\/index.php?rest_route=\/wp\/v2\/media\/15460"}],"wp:attachment":[{"href":"https:\/\/hcd.malargue.gov.ar\/index.php?rest_route=%2Fwp%2Fv2%2Fmedia&parent=15459"}],"wp:term":[{"taxonomy":"category","embeddable":true,"href":"https:\/\/hcd.malargue.gov.ar\/index.php?rest_route=%2Fwp%2Fv2%2Fcategories&post=15459"},{"taxonomy":"post_tag","embeddable":true,"href":"https:\/\/hcd.malargue.gov.ar\/index.php?rest_route=%2Fwp%2Fv2%2Ftags&post=15459"}],"curies":[{"name":"wp","href":"https:\/\/api.w.org\/{rel}","templated":true}]}}