{"id":15680,"date":"2019-05-17T10:15:33","date_gmt":"2019-05-17T13:15:33","guid":{"rendered":"https:\/\/hcd.malargue.gov.ar\/?p=15680"},"modified":"2019-05-17T12:23:13","modified_gmt":"2019-05-17T15:23:13","slug":"primer-debate-de-pre-candidatos-a-intendente-paso-2019-declarado-de-interes-departamental","status":"publish","type":"post","link":"https:\/\/hcd.malargue.gov.ar\/?p=15680","title":{"rendered":"PRIMER DEBATE DE PRE \u2013 CANDIDATOS A INTENDENTE PASO 2019-DECLARADO DE INTER\u00c9S DEPARTAMENTAL"},"content":{"rendered":"<p>En la sesi\u00f3n de este jueves el Honorable Concejo Deliberante declar\u00f3 de inter\u00e9s una iniciativa popular.<br \/>\nLos concejales de la ciudad dieron aprobaci\u00f3n por unanimidad a la DECLARACI\u00d3N N\u00ba 254\/2.019 que declara de Inter\u00e9s Departamental el Primer Debate de Pre \u2013 Candidatos a Intendente PASO 2019, una propuesta presentada por la Asociaci\u00f3n Docentes Educaci\u00f3n Sin Frontera y que contar\u00e1 con la participar\u00e1n directa de los estudiantes de los \u00faltimos a\u00f1os de nivel secundario y superior.<\/p>\n<p>A partir de esta iniciativa la Asociaci\u00f3n busca dar a conocer y debatir ante el electorado las propuestas de cada candidato, apuntando especialmente a los j\u00f3venes votantes del Departamento, para que no solo pongan en pr\u00e1ctica la participaci\u00f3n ciudadana de cara a las PASO 2.019, sino adem\u00e1s para que puedan hacer sus aportes y plantear sus necesidades para un mejor futuro<\/p>\n<p>Por ello, el Honorable Concejo Deliberante de la Municipalidad de Malarg\u00fce, en uso de las facultades que le son propias, declar\u00f3 de Inter\u00e9s Departamental el Primer Debate de Pre \u2013 Candidatos a Intendente PASO 2019, organizado por la Asociaci\u00f3n Docentes Educaci\u00f3n sin Frontera, que tendr\u00e1 lugar los d\u00edas 17 y 18 de mayo de 2.019 en el Centro de Congresos y Exposiciones Thesaurus de la Ciudad de Malarg\u00fce.<\/p>\n<p>Marcia Sep\u00falveda-Prensa HCD<\/p>\n<div class=\"post-container cf\">\n<div class=\"post-content-right\">\n<div class=\"post-content description \">\n<article id=\"post-15470\" class=\"post-15470 post type-post status-publish format-standard has-post-thumbnail category-gacetillas category-lesgilacion category-ordenanzas-municipales category-prensa\">\n<div class=\"post-container cf\">\n<div class=\"post-content-right\">\n<div class=\"post-content description \">\n<blockquote><p>PDF Pieza Legal \u2013 Declaraci\u00f3n N\u00ba\u00a0 254\/2.019\/2.019<\/p>\n<p><a href=\"https:\/\/hcd.malargue.gov.ar\/pdf\/Decl%20254%202019%20Debate%20Pre%20%20Candidatos%20a%20Intendente.pdf\" target=\"_blank\" rel=\"noopener\"><img loading=\"lazy\" decoding=\"async\" class=\"no-display appear alignleft wp-image-7950\" src=\"https:\/\/hcd.malargue.gov.ar\/wp-content\/uploads\/2018\/06\/PDF-JPG-300x300.jpg\" sizes=\"auto, (max-width: 78px) 100vw, 78px\" srcset=\"https:\/\/hcd.malargue.gov.ar\/wp-content\/uploads\/2018\/06\/PDF-JPG-300x300.jpg 300w, https:\/\/hcd.malargue.gov.ar\/wp-content\/uploads\/2018\/06\/PDF-JPG-150x150.jpg 150w, https:\/\/hcd.malargue.gov.ar\/wp-content\/uploads\/2018\/06\/PDF-JPG.jpg 512w\" alt=\"\" width=\"78\" height=\"78\" \/><\/a><\/p>\n<p>&nbsp;<\/p>\n<p>&nbsp;<\/p><\/blockquote>\n<div class=\"tagcloud\"><\/div>\n<\/div>\n<\/div>\n<\/div>\n<\/article>\n<div class=\"tagcloud\"><\/div>\n<\/div>\n<\/div>\n<\/div>\n<div class=\"post-share\"><span class=\"text\">SHARE.<\/span><\/div>\n","protected":false},"excerpt":{"rendered":"<p>En la sesi\u00f3n de este jueves el Honorable Concejo Deliberante declar\u00f3 de inter\u00e9s una iniciativa popular. Los concejales de la ciudad dieron aprobaci\u00f3n por unanimidad a la DECLARACI\u00d3N N\u00ba 254\/2.019 que declara de Inter\u00e9s Departamental el Primer Debate de Pre \u2013 Candidatos a Intendente PASO 2019, una propuesta presentada por la Asociaci\u00f3n Docentes Educaci\u00f3n Sin [&hellip;]<\/p>\n","protected":false},"author":4,"featured_media":15684,"comment_status":"closed","ping_status":"closed","sticky":false,"template":"","format":"standard","meta":{"footnotes":""},"categories":[46,52,29,33],"tags":[],"class_list":["post-15680","post","type-post","status-publish","format-standard","has-post-thumbnail","hentry","category-declaraciones","category-gacetillas","category-lesgilacion","category-prensa"],"yoast_head":"<!-- This site is optimized with the Yoast SEO plugin v19.10 - https:\/\/yoast.com\/wordpress\/plugins\/seo\/ -->\n<title>PRIMER DEBATE DE PRE \u2013 CANDIDATOS A INTENDENTE PASO 2019-DECLARADO DE INTER\u00c9S DEPARTAMENTAL - Malarg\u00fce HCD<\/title>\n<meta name=\"robots\" content=\"index, follow, max-snippet:-1, max-image-preview:large, max-video-preview:-1\" \/>\n<link rel=\"canonical\" href=\"https:\/\/hcd.malargue.gov.ar\/?p=15680\" \/>\n<meta property=\"og:locale\" content=\"es_ES\" \/>\n<meta property=\"og:type\" content=\"article\" \/>\n<meta property=\"og:title\" content=\"PRIMER DEBATE DE PRE \u2013 CANDIDATOS A INTENDENTE PASO 2019-DECLARADO DE INTER\u00c9S DEPARTAMENTAL - Malarg\u00fce HCD\" \/>\n<meta property=\"og:description\" content=\"En la sesi\u00f3n de este jueves el Honorable Concejo Deliberante declar\u00f3 de inter\u00e9s una iniciativa popular. Los concejales de la ciudad dieron aprobaci\u00f3n por unanimidad a la DECLARACI\u00d3N N\u00ba 254\/2.019 que declara de Inter\u00e9s Departamental el Primer Debate de Pre \u2013 Candidatos a Intendente PASO 2019, una propuesta presentada por la Asociaci\u00f3n Docentes Educaci\u00f3n Sin [&hellip;]\" \/>\n<meta property=\"og:url\" content=\"https:\/\/hcd.malargue.gov.ar\/?p=15680\" \/>\n<meta property=\"og:site_name\" content=\"Malarg\u00fce HCD\" \/>\n<meta property=\"article:published_time\" content=\"2019-05-17T13:15:33+00:00\" \/>\n<meta property=\"article:modified_time\" content=\"2019-05-17T15:23:13+00:00\" \/>\n<meta property=\"og:image\" content=\"https:\/\/hcd.malargue.gov.ar\/wp-content\/uploads\/2019\/05\/para-debate.jpg\" \/>\n\t<meta property=\"og:image:width\" content=\"960\" \/>\n\t<meta property=\"og:image:height\" content=\"589\" \/>\n\t<meta property=\"og:image:type\" content=\"image\/jpeg\" \/>\n<meta name=\"author\" content=\"Marcia Sepulveda\" \/>\n<meta name=\"twitter:card\" content=\"summary_large_image\" \/>\n<meta name=\"twitter:label1\" content=\"Escrito por\" \/>\n\t<meta name=\"twitter:data1\" content=\"Marcia Sepulveda\" \/>\n\t<meta name=\"twitter:label2\" content=\"Tiempo de lectura\" \/>\n\t<meta name=\"twitter:data2\" content=\"1 minuto\" \/>\n<script type=\"application\/ld+json\" class=\"yoast-schema-graph\">{\"@context\":\"https:\/\/schema.org\",\"@graph\":[{\"@type\":\"WebPage\",\"@id\":\"https:\/\/hcd.malargue.gov.ar\/?p=15680\",\"url\":\"https:\/\/hcd.malargue.gov.ar\/?p=15680\",\"name\":\"PRIMER DEBATE DE PRE \u2013 CANDIDATOS A INTENDENTE PASO 2019-DECLARADO DE INTER\u00c9S DEPARTAMENTAL - Malarg\u00fce HCD\",\"isPartOf\":{\"@id\":\"https:\/\/hcd.malargue.gov.ar\/#website\"},\"datePublished\":\"2019-05-17T13:15:33+00:00\",\"dateModified\":\"2019-05-17T15:23:13+00:00\",\"author\":{\"@id\":\"https:\/\/hcd.malargue.gov.ar\/#\/schema\/person\/c02f28730a528313e04d34aba071fe06\"},\"breadcrumb\":{\"@id\":\"https:\/\/hcd.malargue.gov.ar\/?p=15680#breadcrumb\"},\"inLanguage\":\"es-AR\",\"potentialAction\":[{\"@type\":\"ReadAction\",\"target\":[\"https:\/\/hcd.malargue.gov.ar\/?p=15680\"]}]},{\"@type\":\"BreadcrumbList\",\"@id\":\"https:\/\/hcd.malargue.gov.ar\/?p=15680#breadcrumb\",\"itemListElement\":[{\"@type\":\"ListItem\",\"position\":1,\"name\":\"Inicio\",\"item\":\"https:\/\/hcd.malargue.gov.ar\/\"},{\"@type\":\"ListItem\",\"position\":2,\"name\":\"PRIMER DEBATE DE PRE \u2013 CANDIDATOS A INTENDENTE PASO 2019-DECLARADO DE INTER\u00c9S DEPARTAMENTAL\"}]},{\"@type\":\"WebSite\",\"@id\":\"https:\/\/hcd.malargue.gov.ar\/#website\",\"url\":\"https:\/\/hcd.malargue.gov.ar\/\",\"name\":\"Malarg\u00fce HCD\",\"description\":\"Malarg\u00fce Mendoza Argentina\",\"potentialAction\":[{\"@type\":\"SearchAction\",\"target\":{\"@type\":\"EntryPoint\",\"urlTemplate\":\"https:\/\/hcd.malargue.gov.ar\/?s={search_term_string}\"},\"query-input\":\"required name=search_term_string\"}],\"inLanguage\":\"es-AR\"},{\"@type\":\"Person\",\"@id\":\"https:\/\/hcd.malargue.gov.ar\/#\/schema\/person\/c02f28730a528313e04d34aba071fe06\",\"name\":\"Marcia Sepulveda\",\"image\":{\"@type\":\"ImageObject\",\"inLanguage\":\"es-AR\",\"@id\":\"https:\/\/hcd.malargue.gov.ar\/#\/schema\/person\/image\/\",\"url\":\"https:\/\/secure.gravatar.com\/avatar\/3557e3bccdef0a5d4de0476d077c8920f0638f6f0bd05553351eb0e70d99f241?s=96&d=mm&r=g\",\"contentUrl\":\"https:\/\/secure.gravatar.com\/avatar\/3557e3bccdef0a5d4de0476d077c8920f0638f6f0bd05553351eb0e70d99f241?s=96&d=mm&r=g\",\"caption\":\"Marcia Sepulveda\"},\"url\":\"https:\/\/hcd.malargue.gov.ar\/?author=4\"}]}<\/script>\n<!-- \/ Yoast SEO plugin. -->","yoast_head_json":{"title":"PRIMER DEBATE DE PRE \u2013 CANDIDATOS A INTENDENTE PASO 2019-DECLARADO DE INTER\u00c9S DEPARTAMENTAL - Malarg\u00fce HCD","robots":{"index":"index","follow":"follow","max-snippet":"max-snippet:-1","max-image-preview":"max-image-preview:large","max-video-preview":"max-video-preview:-1"},"canonical":"https:\/\/hcd.malargue.gov.ar\/?p=15680","og_locale":"es_ES","og_type":"article","og_title":"PRIMER DEBATE DE PRE \u2013 CANDIDATOS A INTENDENTE PASO 2019-DECLARADO DE INTER\u00c9S DEPARTAMENTAL - Malarg\u00fce HCD","og_description":"En la sesi\u00f3n de este jueves el Honorable Concejo Deliberante declar\u00f3 de inter\u00e9s una iniciativa popular. Los concejales de la ciudad dieron aprobaci\u00f3n por unanimidad a la DECLARACI\u00d3N N\u00ba 254\/2.019 que declara de Inter\u00e9s Departamental el Primer Debate de Pre \u2013 Candidatos a Intendente PASO 2019, una propuesta presentada por la Asociaci\u00f3n Docentes Educaci\u00f3n Sin [&hellip;]","og_url":"https:\/\/hcd.malargue.gov.ar\/?p=15680","og_site_name":"Malarg\u00fce HCD","article_published_time":"2019-05-17T13:15:33+00:00","article_modified_time":"2019-05-17T15:23:13+00:00","og_image":[{"width":960,"height":589,"url":"https:\/\/hcd.malargue.gov.ar\/wp-content\/uploads\/2019\/05\/para-debate.jpg","type":"image\/jpeg"}],"author":"Marcia Sepulveda","twitter_card":"summary_large_image","twitter_misc":{"Escrito por":"Marcia Sepulveda","Tiempo de lectura":"1 minuto"},"schema":{"@context":"https:\/\/schema.org","@graph":[{"@type":"WebPage","@id":"https:\/\/hcd.malargue.gov.ar\/?p=15680","url":"https:\/\/hcd.malargue.gov.ar\/?p=15680","name":"PRIMER DEBATE DE PRE \u2013 CANDIDATOS A INTENDENTE PASO 2019-DECLARADO DE INTER\u00c9S DEPARTAMENTAL - Malarg\u00fce HCD","isPartOf":{"@id":"https:\/\/hcd.malargue.gov.ar\/#website"},"datePublished":"2019-05-17T13:15:33+00:00","dateModified":"2019-05-17T15:23:13+00:00","author":{"@id":"https:\/\/hcd.malargue.gov.ar\/#\/schema\/person\/c02f28730a528313e04d34aba071fe06"},"breadcrumb":{"@id":"https:\/\/hcd.malargue.gov.ar\/?p=15680#breadcrumb"},"inLanguage":"es-AR","potentialAction":[{"@type":"ReadAction","target":["https:\/\/hcd.malargue.gov.ar\/?p=15680"]}]},{"@type":"BreadcrumbList","@id":"https:\/\/hcd.malargue.gov.ar\/?p=15680#breadcrumb","itemListElement":[{"@type":"ListItem","position":1,"name":"Inicio","item":"https:\/\/hcd.malargue.gov.ar\/"},{"@type":"ListItem","position":2,"name":"PRIMER DEBATE DE PRE \u2013 CANDIDATOS A INTENDENTE PASO 2019-DECLARADO DE INTER\u00c9S DEPARTAMENTAL"}]},{"@type":"WebSite","@id":"https:\/\/hcd.malargue.gov.ar\/#website","url":"https:\/\/hcd.malargue.gov.ar\/","name":"Malarg\u00fce HCD","description":"Malarg\u00fce Mendoza Argentina","potentialAction":[{"@type":"SearchAction","target":{"@type":"EntryPoint","urlTemplate":"https:\/\/hcd.malargue.gov.ar\/?s={search_term_string}"},"query-input":"required name=search_term_string"}],"inLanguage":"es-AR"},{"@type":"Person","@id":"https:\/\/hcd.malargue.gov.ar\/#\/schema\/person\/c02f28730a528313e04d34aba071fe06","name":"Marcia Sepulveda","image":{"@type":"ImageObject","inLanguage":"es-AR","@id":"https:\/\/hcd.malargue.gov.ar\/#\/schema\/person\/image\/","url":"https:\/\/secure.gravatar.com\/avatar\/3557e3bccdef0a5d4de0476d077c8920f0638f6f0bd05553351eb0e70d99f241?s=96&d=mm&r=g","contentUrl":"https:\/\/secure.gravatar.com\/avatar\/3557e3bccdef0a5d4de0476d077c8920f0638f6f0bd05553351eb0e70d99f241?s=96&d=mm&r=g","caption":"Marcia Sepulveda"},"url":"https:\/\/hcd.malargue.gov.ar\/?author=4"}]}},"_links":{"self":[{"href":"https:\/\/hcd.malargue.gov.ar\/index.php?rest_route=\/wp\/v2\/posts\/15680","targetHints":{"allow":["GET"]}}],"collection":[{"href":"https:\/\/hcd.malargue.gov.ar\/index.php?rest_route=\/wp\/v2\/posts"}],"about":[{"href":"https:\/\/hcd.malargue.gov.ar\/index.php?rest_route=\/wp\/v2\/types\/post"}],"author":[{"embeddable":true,"href":"https:\/\/hcd.malargue.gov.ar\/index.php?rest_route=\/wp\/v2\/users\/4"}],"replies":[{"embeddable":true,"href":"https:\/\/hcd.malargue.gov.ar\/index.php?rest_route=%2Fwp%2Fv2%2Fcomments&post=15680"}],"version-history":[{"count":0,"href":"https:\/\/hcd.malargue.gov.ar\/index.php?rest_route=\/wp\/v2\/posts\/15680\/revisions"}],"wp:featuredmedia":[{"embeddable":true,"href":"https:\/\/hcd.malargue.gov.ar\/index.php?rest_route=\/wp\/v2\/media\/15684"}],"wp:attachment":[{"href":"https:\/\/hcd.malargue.gov.ar\/index.php?rest_route=%2Fwp%2Fv2%2Fmedia&parent=15680"}],"wp:term":[{"taxonomy":"category","embeddable":true,"href":"https:\/\/hcd.malargue.gov.ar\/index.php?rest_route=%2Fwp%2Fv2%2Fcategories&post=15680"},{"taxonomy":"post_tag","embeddable":true,"href":"https:\/\/hcd.malargue.gov.ar\/index.php?rest_route=%2Fwp%2Fv2%2Ftags&post=15680"}],"curies":[{"name":"wp","href":"https:\/\/api.w.org\/{rel}","templated":true}]}}