{"id":15741,"date":"2019-05-22T12:04:23","date_gmt":"2019-05-22T15:04:23","guid":{"rendered":"https:\/\/hcd.malargue.gov.ar\/?p=15741"},"modified":"2019-05-22T12:26:15","modified_gmt":"2019-05-22T15:26:15","slug":"orden-del-dia-sesion-ordinaria-9","status":"publish","type":"post","link":"https:\/\/hcd.malargue.gov.ar\/?p=15741","title":{"rendered":"ORDEN DEL DIA  SESION ORDINARIA"},"content":{"rendered":"<p><strong>D\u00eda Jueves 23 de Mayo de 2019<\/strong><\/p>\n<p><strong>Hora: 09:00<\/strong><\/p>\n<p><strong>a) Acto de Izar la Ense\u00f1a Patria a cargo de la Sra. Concejal Mar\u00eda Daniela FAVARI<\/strong><br \/>\n<strong>b) Homenaje de los Se\u00f1ores Concejales.<\/strong><br \/>\n<strong>c) Consideraci\u00f3n Acta Sesi\u00f3n Ordinaria N\u00aa1012-\u201cO\u201d-2019.<\/strong><br \/>\n<strong>d) Lectura del detalle de la correspondencia recibida y emitida.<\/strong><br \/>\n<strong>e) Determinaci\u00f3n de los temas que ser\u00e1n incluidos en el punto Asuntos Varios y puesta a consideraci\u00f3n de mociones de tratamientos sobre tablas de diversos expedientes.<\/strong><br \/>\n<strong>f) Proyectos de los Se\u00f1ores Concejales:<\/strong><br \/>\n1. Expte. N\u00ba 4.626 HC 009-2019 Proyecto de Resoluci\u00f3n: Solicitar la disposici\u00f3n de personal administrativo para agilizar atenci\u00f3n en Delegaci\u00f3n PAMI MALARG\u00dcE. (BLOQUE FRENTE CAMBIA MENDOZA) Autores: Concejales Osvaldo Mart\u00edn Palma, Juan Manuel Ojeda y Paola Florencia Paleico.<br \/>\n2. Expte. N\u00ba 4.627-HC 009-2019 Proyecto de Ordenanza: Plan de regularizaci\u00f3n dominial y regularizaci\u00f3n de servicios b\u00e1sicos de vecinos ubicados en el l\u00edmite de cortina forestal y Ca\u00f1ada Colorada intersecci\u00f3n Santa Cruz y Milagro de los Andes (BLOQUE FRENTE CAMBIA MENDOZA) Autor: Concejal Juan Manuel Ojeda.<br \/>\n3. Expte. N\u00ba 4.628-HC 009-2019 Proyecto de Resoluci\u00f3n: Requerir al Sr. Intendente informe estado actual de la Oficina Anticorrupci\u00f3n y su responsable. (BLOQUE JUSTICIALISTA FRENTE PARA LA VICTORIA) Autor: Concejal Rodolfo An\u00edbal Cabeza<br \/>\n4. Expte. N\u00ba 4.629-HC 009-2019 Proyecto de Resoluci\u00f3n: Solicitar al ENACON (Ente Nacional de Comunicaciones) instale una antena para telefon\u00eda celular en Paraje Los Molles Departamento Malarg\u00fce (BLOQUE FRENTE CAMBIA MENDOZA) Autor: Concejal Juan Manuel Ojeda.<br \/>\n<strong>g) Expedientes provenientes del Departamento Ejecutivo:<\/strong><br \/>\n&#8211; No Ingresados<br \/>\n<strong>h) Despachos de las Comisiones de Trabajo:<\/strong><br \/>\n1. Notas referidas a Comunidades Educativas del Departamento: Solicitan intervenci\u00f3n ante la actualizaci\u00f3n de recategorizaci\u00f3n de zona. (E.H.M.A.S Y C)<br \/>\n2. Expte. N\u00ba 4.616-HC 008-2019 Proyecto de Resoluci\u00f3n: Requerir al Sr. Intendente Municipal si se ha autorizado la entrega de terrenos de propiedad del Municipio en Ca\u00f1ada Colorada- Ex Tierras Militares a personas entidades no gubernamentales o Instituciones P\u00fablicas. (O.P.T Y R.N)<br \/>\n3. Expte. N\u00ba4.587-HC 006-2019 Proyecto de Ordenanza Regularizaci\u00f3n de velocidad en calle Jorge Newbery (O.P.T Y R.N)<br \/>\n4. Expte. N\u00ba 4.452-HC 283-2018 Proyecto de Resoluci\u00f3n: Solicitar a la Direcci\u00f3n de Transporte de la Provincia la ampliaci\u00f3n de la l\u00ednea de transporte urbana a Colonia Pehuenche II (O.P.T Y R.N)<br \/>\n5. Expte. N\u00ba 4.323-HC 274-2017 Proyecto de Resoluci\u00f3n: Solicitar al Departamento Ejecutivo gestione ante Autoridades Provinciales instalaci\u00f3n de Servicios b\u00e1sicos para transporte de carga pesada en Las Loicas por Corredor Pehuenche. (O.P.T Y R.N y H.P.L.A.C.)<br \/>\n6. Expte. N\u00ba 4.155-HC 262-2017 Proyecto de Ordenanza: \u00c9tica P\u00fablica Local, transparencia y honestidad de funcionarios designados en cargos p\u00fablicos del \u00e1mbito municipal, con respaldo documental. (H.P.L.A.C.)<br \/>\n7. Expte. N\u00ba 1.297\/2018-0 Direcci\u00f3n de Obras Privadas Ing. Facundo Mart\u00ednez Proyecto de Ordenanza: Ref. Venta de terrenos de Ca\u00f1ada Colorada. (O.P.T Y R.N Y H.P.L.A.C.)<br \/>\n8. Nota HC-123-19 Grupo de Soberanas representantes de la zona rural , informan proyecto social \u201cReinas Solidarias\u201d a desarrollar durante el a\u00f1o en curso, solicitan participaci\u00f3n en eventos que realice el Municipio y\/o Honorable Concejo Deliberante (E.H.M.A.S Y C)<br \/>\n9. Nota HC.547-18 Foro de Mujeres de Malarg\u00fce, solicita hacer uso de la Banca del Ciudadano. Tema: Derechos de las Mujeres (E.H.M.A.S Y C)<br \/>\n10. Nota HC-674-18 Contador Juan Antonio Agulles Senador Provincial por el Cuarto Distrito, Eleva Proyecto de Resoluci\u00f3n en adhesi\u00f3n a la Resoluci\u00f3n N\u00ba107\/18 Ref.: C\u00e1mara de seguridad (E.H.M.A.S Y C)<br \/>\n11. Nota HC-649-18 Contadora Elizabeth Crescitelli, Ministra de Salud de la Provincia eleva actuaciones Resoluci\u00f3n N\u00ba257\/18 Imposici\u00f3n nombre Ra\u00fal Ricardo Alfons\u00edn al Hospital Regional Malarg\u00fce (E.H.M.A.S Y C)<br \/>\n12. Nota HC-644-18 Honorable Concejo Deliberante de San Rafael remite copia de Declaraci\u00f3n N\u00ba3.142\/18 (E.H.M.A.S Y C)<br \/>\n13. Nota HC-175-19 Sr. N\u00e9stor Fabi\u00e1n Amaya solicita hacer uso de la Banca del Ciudadano Tema a tratar: Asociaci\u00f3n Docente \u201cEducaci\u00f3n sin Frontera\u201d, inquietudes en busca del perfeccionamiento docente.(E.H.M.A.S Y C)<br \/>\n<strong>i) Asuntos Varios.- <\/strong><br \/>\n<strong>j) Acto de arriar el Pabell\u00f3n Nacional a cargo de la concejal que lo iz\u00f3.- <\/strong><br \/>\n<strong>Presidencia H.C.D 22 de Mayo de 2019.-<\/strong><\/p>\n<p><strong>CORRESPONDENCIA PARA LA SESI\u00d3N<\/strong><br \/>\n<strong>DEL DIA JUEVES 23 DE MAYO DE 2.019<\/strong><\/p>\n<p><strong>NOTAS INGRESADAS<\/strong><br \/>\n1. Fiscal\u00eda de Instrucci\u00f3n Malarg\u00fce, informa que no posee estad\u00edsticas de V\u00edctimas de Violencia de G\u00e9nero, debiendo solicitar la informaci\u00f3n al Coordinador General del Ministerio P\u00fablico de Mendoza.<br \/>\n2. Sr. Ceferino Poblete, realiza presentaci\u00f3n respecto a terreno en Colonia H\u00edpica.<br \/>\n3. Vecinos de La Matancilla, El Cortaderal, Ranquil del Payen, Pata Mora, zonas este y sur de Malarg\u00fce, invitan a reuni\u00f3n en Sal\u00f3n Comunitario de El Cortaderal para abordar problem\u00e1tica de la zona.<br \/>\n4. Prof. Fabiana Glatigny, Subdelegaci\u00f3n Direcci\u00f3n General de Escuelas, eleva respuesta a Resoluci\u00f3n N\u00ba 070\/2.019 ref: Conexi\u00f3n de energ\u00eda el\u00e9ctrica a la Escuela N\u00ba 1-428 Sargento Baigorria.<br \/>\n5. Vecinos de calle Mart\u00edn Zapata entre Ruta 40 Sur y Juan Agust\u00ed<br \/>\n6. n Maza en Barrio Gustavo Bastias, solicitan adoquinado de la calle mencionada.<br \/>\n7. Padres de Alumnos del Taller de Carpinter\u00eda y Oficios con sede en la Incubadora de Empresas, informan problem\u00e1tica de transporte a fin de cumplir con diagrama de clases.<br \/>\n8. Sra. Maria Noelia Ortiz, solicita colaboraci\u00f3n a fin de concretar Microemprendimiento para venta de le\u00f1a en el Barrio Nueva Esperanza.<br \/>\n9. Sr. Guillermo Alejandro Romero, eleva respuesta a solicitud de informe de Junta M\u00e9dica de Discapacidad del Departamento, en relaci\u00f3n a su situaci\u00f3n laboral.<br \/>\n10. Uni\u00f3n Vecinal Barrio Virgen del Carmen, solicita tratamiento de Expte de Tierras del barrio para relevamiento y escrituraci\u00f3n.<\/p>\n<p><strong>NOTAS EMITIDAS<\/strong><\/p>\n<p>1. Al Sr. Gobernador de la Provincia, Legisladores Provinciales por Malarg\u00fce y C\u00e1mara de Comercio y Afines de Malarg\u00fce, remitiendo copia de Resoluci\u00f3n N\u00ba 131\/2.019 solicitando un resarcimiento hist\u00f3rico del Estado Provincial al Departamento de Malarg\u00fce.<br \/>\n2. Al Sr. Gobernador de la Provincia, Sr. Subsecretario de Energ\u00eda y Miner\u00eda y Sr. Presidente de Espec\u00edfica de Miner\u00eda de la C\u00e1mara de Comercio, remitiendo copia de Resoluci\u00f3n N\u00ba 141\/2.019, solicitando constituir la Mesa Minera Departamental para abordar problem\u00e1ticas del sector.<br \/>\n3. A Oficina Comercial Aguas Mendocinas S.A. y Distribuidora de Gas Cuyana, remitiendo copia de Resoluci\u00f3n N\u00ba 137\/2.019 solicitando proceda a la reparaci\u00f3n de veredas y calles fragmentadas por empresas prestadoras de servicios.<br \/>\n4. Al Sr. Gobernador de la Provincia y Presidente de C\u00e1mara de Comercio y Afines, remitiendo copia de Declaraci\u00f3n N\u00ba 252\/2.019, manifestando repudio a los aumentos indiscriminados en los servicios p\u00fablicos.<br \/>\n5. A la Direcci\u00f3n de Desarrollo Cultural y Protecci\u00f3n Patrimonial, Sr. Silvio Fern\u00e1ndez Centro de Simbolog\u00eda Argentina, Her\u00e1ldica y Cultural de Alta Gracia y Director del Conservatorio Juan Sebasti\u00e1n. remitiendo copia de Declaraci\u00f3n N\u00ba 253\/2.019, declarando de Inter\u00e9s Social y Cultural la Bandera Institucional del Conservatorio Juan Sebasti\u00e1n.<br \/>\n6. Al Sr. Secretario de Gobierno remitiendo nota HC 197\/2019 Alumnos de 6\u00ba A\u00f1o de Escuela N\u00ba 4-191 Dr. Daniel Hugo Pierini, solicitud de colaboraci\u00f3n para adquisici\u00f3n de camperas de egresados.<br \/>\n7. Al Sr. Intendente Municipal, remitiendo nota HC 138\/2.019 Sra. Mar\u00eda Benita Baigorria solicita pronta soluci\u00f3n habitacional ante dif\u00edcil situaci\u00f3n de grupo familiar.<br \/>\n8. Al Sr. Secretario de Gobierno, remitiendo nota HC 204\/2.019 Escuela N\u00ba 8-493 Jos\u00e9 R\u00edos El Alambrado solicita donaci\u00f3n de Bandera Nacional para pr\u00f3ximas festividades.<br \/>\n9. .Al Sr. Secretario de Gobierno, remitiendo nota HC 196\/2019 Of. Insp. Ricardo Aranda solicitud de colaboraci\u00f3n para renovaci\u00f3n de la Sede de Polic\u00eda Cient\u00edfica en Malarg\u00fce.<\/p>\n<div class=\"post-container cf\">\n<div class=\"post-content-right\">\n<div class=\"post-content description \">\n<blockquote><p>PDF: Sesi\u00f3n Ordinaria 23 de mayo<\/p>\n<p><a href=\"https:\/\/hcd.malargue.gov.ar\/pdf\/ORDEN%2023%20%20%20de%20Mayo%20%20de%20%202019.pdf\" target=\"_blank\" rel=\"noopener\"><img loading=\"lazy\" decoding=\"async\" class=\"alignnone wp-image-7950 no-display appear\" src=\"https:\/\/hcd.malargue.gov.ar\/wp-content\/uploads\/2018\/06\/PDF-JPG-300x300.jpg\" sizes=\"auto, (max-width: 102px) 100vw, 102px\" srcset=\"https:\/\/hcd.malargue.gov.ar\/wp-content\/uploads\/2018\/06\/PDF-JPG-300x300.jpg 300w, https:\/\/hcd.malargue.gov.ar\/wp-content\/uploads\/2018\/06\/PDF-JPG-150x150.jpg 150w, https:\/\/hcd.malargue.gov.ar\/wp-content\/uploads\/2018\/06\/PDF-JPG.jpg 512w\" alt=\"\" width=\"102\" height=\"102\" \/><\/a><\/p><\/blockquote>\n<div class=\"tagcloud\"><\/div>\n<\/div>\n<\/div>\n<\/div>\n<div class=\"post-share\"><span class=\"text\">SHARE.<\/span><\/div>\n","protected":false},"excerpt":{"rendered":"<p>D\u00eda Jueves 23 de Mayo de 2019 Hora: 09:00 a) Acto de Izar la Ense\u00f1a Patria a cargo de la Sra. Concejal Mar\u00eda Daniela FAVARI b) Homenaje de los Se\u00f1ores Concejales. c) Consideraci\u00f3n Acta Sesi\u00f3n Ordinaria N\u00aa1012-\u201cO\u201d-2019. d) Lectura del detalle de la correspondencia recibida y emitida. e) Determinaci\u00f3n de los temas que ser\u00e1n incluidos [&hellip;]<\/p>\n","protected":false},"author":4,"featured_media":7306,"comment_status":"closed","ping_status":"closed","sticky":false,"template":"","format":"standard","meta":{"footnotes":""},"categories":[52,58,33,36],"tags":[],"class_list":["post-15741","post","type-post","status-publish","format-standard","has-post-thumbnail","hentry","category-gacetillas","category-ordinarias","category-prensa","category-sesiones"],"yoast_head":"<!-- This site is optimized with the Yoast SEO plugin v19.10 - https:\/\/yoast.com\/wordpress\/plugins\/seo\/ -->\n<title>ORDEN DEL DIA SESION ORDINARIA - Malarg\u00fce HCD<\/title>\n<meta name=\"robots\" content=\"index, follow, max-snippet:-1, max-image-preview:large, max-video-preview:-1\" \/>\n<link rel=\"canonical\" href=\"https:\/\/hcd.malargue.gov.ar\/?p=15741\" \/>\n<meta property=\"og:locale\" content=\"es_ES\" \/>\n<meta property=\"og:type\" content=\"article\" \/>\n<meta property=\"og:title\" content=\"ORDEN DEL DIA SESION ORDINARIA - Malarg\u00fce HCD\" \/>\n<meta property=\"og:description\" content=\"D\u00eda Jueves 23 de Mayo de 2019 Hora: 09:00 a) Acto de Izar la Ense\u00f1a Patria a cargo de la Sra. Concejal Mar\u00eda Daniela FAVARI b) Homenaje de los Se\u00f1ores Concejales. c) Consideraci\u00f3n Acta Sesi\u00f3n Ordinaria N\u00aa1012-\u201cO\u201d-2019. d) Lectura del detalle de la correspondencia recibida y emitida. e) Determinaci\u00f3n de los temas que ser\u00e1n incluidos [&hellip;]\" \/>\n<meta property=\"og:url\" content=\"https:\/\/hcd.malargue.gov.ar\/?p=15741\" \/>\n<meta property=\"og:site_name\" content=\"Malarg\u00fce HCD\" \/>\n<meta property=\"article:published_time\" content=\"2019-05-22T15:04:23+00:00\" \/>\n<meta property=\"article:modified_time\" content=\"2019-05-22T15:26:15+00:00\" \/>\n<meta property=\"og:image\" content=\"https:\/\/hcd.malargue.gov.ar\/wp-content\/uploads\/2018\/05\/IMGP8427.jpg\" \/>\n\t<meta property=\"og:image:width\" content=\"2053\" \/>\n\t<meta property=\"og:image:height\" content=\"2748\" \/>\n\t<meta property=\"og:image:type\" content=\"image\/jpeg\" \/>\n<meta name=\"author\" content=\"Marcia Sepulveda\" \/>\n<meta name=\"twitter:card\" content=\"summary_large_image\" \/>\n<meta name=\"twitter:label1\" content=\"Escrito por\" \/>\n\t<meta name=\"twitter:data1\" content=\"Marcia Sepulveda\" \/>\n\t<meta name=\"twitter:label2\" content=\"Tiempo de lectura\" \/>\n\t<meta name=\"twitter:data2\" content=\"7 minutos\" \/>\n<script type=\"application\/ld+json\" class=\"yoast-schema-graph\">{\"@context\":\"https:\/\/schema.org\",\"@graph\":[{\"@type\":\"WebPage\",\"@id\":\"https:\/\/hcd.malargue.gov.ar\/?p=15741\",\"url\":\"https:\/\/hcd.malargue.gov.ar\/?p=15741\",\"name\":\"ORDEN DEL DIA SESION ORDINARIA - Malarg\u00fce HCD\",\"isPartOf\":{\"@id\":\"https:\/\/hcd.malargue.gov.ar\/#website\"},\"datePublished\":\"2019-05-22T15:04:23+00:00\",\"dateModified\":\"2019-05-22T15:26:15+00:00\",\"author\":{\"@id\":\"https:\/\/hcd.malargue.gov.ar\/#\/schema\/person\/c02f28730a528313e04d34aba071fe06\"},\"breadcrumb\":{\"@id\":\"https:\/\/hcd.malargue.gov.ar\/?p=15741#breadcrumb\"},\"inLanguage\":\"es-AR\",\"potentialAction\":[{\"@type\":\"ReadAction\",\"target\":[\"https:\/\/hcd.malargue.gov.ar\/?p=15741\"]}]},{\"@type\":\"BreadcrumbList\",\"@id\":\"https:\/\/hcd.malargue.gov.ar\/?p=15741#breadcrumb\",\"itemListElement\":[{\"@type\":\"ListItem\",\"position\":1,\"name\":\"Inicio\",\"item\":\"https:\/\/hcd.malargue.gov.ar\/\"},{\"@type\":\"ListItem\",\"position\":2,\"name\":\"ORDEN DEL DIA SESION ORDINARIA\"}]},{\"@type\":\"WebSite\",\"@id\":\"https:\/\/hcd.malargue.gov.ar\/#website\",\"url\":\"https:\/\/hcd.malargue.gov.ar\/\",\"name\":\"Malarg\u00fce HCD\",\"description\":\"Malarg\u00fce Mendoza Argentina\",\"potentialAction\":[{\"@type\":\"SearchAction\",\"target\":{\"@type\":\"EntryPoint\",\"urlTemplate\":\"https:\/\/hcd.malargue.gov.ar\/?s={search_term_string}\"},\"query-input\":\"required name=search_term_string\"}],\"inLanguage\":\"es-AR\"},{\"@type\":\"Person\",\"@id\":\"https:\/\/hcd.malargue.gov.ar\/#\/schema\/person\/c02f28730a528313e04d34aba071fe06\",\"name\":\"Marcia Sepulveda\",\"image\":{\"@type\":\"ImageObject\",\"inLanguage\":\"es-AR\",\"@id\":\"https:\/\/hcd.malargue.gov.ar\/#\/schema\/person\/image\/\",\"url\":\"https:\/\/secure.gravatar.com\/avatar\/3557e3bccdef0a5d4de0476d077c8920f0638f6f0bd05553351eb0e70d99f241?s=96&d=mm&r=g\",\"contentUrl\":\"https:\/\/secure.gravatar.com\/avatar\/3557e3bccdef0a5d4de0476d077c8920f0638f6f0bd05553351eb0e70d99f241?s=96&d=mm&r=g\",\"caption\":\"Marcia Sepulveda\"},\"url\":\"https:\/\/hcd.malargue.gov.ar\/?author=4\"}]}<\/script>\n<!-- \/ Yoast SEO plugin. -->","yoast_head_json":{"title":"ORDEN DEL DIA SESION ORDINARIA - Malarg\u00fce HCD","robots":{"index":"index","follow":"follow","max-snippet":"max-snippet:-1","max-image-preview":"max-image-preview:large","max-video-preview":"max-video-preview:-1"},"canonical":"https:\/\/hcd.malargue.gov.ar\/?p=15741","og_locale":"es_ES","og_type":"article","og_title":"ORDEN DEL DIA SESION ORDINARIA - Malarg\u00fce HCD","og_description":"D\u00eda Jueves 23 de Mayo de 2019 Hora: 09:00 a) Acto de Izar la Ense\u00f1a Patria a cargo de la Sra. Concejal Mar\u00eda Daniela FAVARI b) Homenaje de los Se\u00f1ores Concejales. c) Consideraci\u00f3n Acta Sesi\u00f3n Ordinaria N\u00aa1012-\u201cO\u201d-2019. d) Lectura del detalle de la correspondencia recibida y emitida. e) Determinaci\u00f3n de los temas que ser\u00e1n incluidos [&hellip;]","og_url":"https:\/\/hcd.malargue.gov.ar\/?p=15741","og_site_name":"Malarg\u00fce HCD","article_published_time":"2019-05-22T15:04:23+00:00","article_modified_time":"2019-05-22T15:26:15+00:00","og_image":[{"width":2053,"height":2748,"url":"https:\/\/hcd.malargue.gov.ar\/wp-content\/uploads\/2018\/05\/IMGP8427.jpg","type":"image\/jpeg"}],"author":"Marcia Sepulveda","twitter_card":"summary_large_image","twitter_misc":{"Escrito por":"Marcia Sepulveda","Tiempo de lectura":"7 minutos"},"schema":{"@context":"https:\/\/schema.org","@graph":[{"@type":"WebPage","@id":"https:\/\/hcd.malargue.gov.ar\/?p=15741","url":"https:\/\/hcd.malargue.gov.ar\/?p=15741","name":"ORDEN DEL DIA SESION ORDINARIA - Malarg\u00fce HCD","isPartOf":{"@id":"https:\/\/hcd.malargue.gov.ar\/#website"},"datePublished":"2019-05-22T15:04:23+00:00","dateModified":"2019-05-22T15:26:15+00:00","author":{"@id":"https:\/\/hcd.malargue.gov.ar\/#\/schema\/person\/c02f28730a528313e04d34aba071fe06"},"breadcrumb":{"@id":"https:\/\/hcd.malargue.gov.ar\/?p=15741#breadcrumb"},"inLanguage":"es-AR","potentialAction":[{"@type":"ReadAction","target":["https:\/\/hcd.malargue.gov.ar\/?p=15741"]}]},{"@type":"BreadcrumbList","@id":"https:\/\/hcd.malargue.gov.ar\/?p=15741#breadcrumb","itemListElement":[{"@type":"ListItem","position":1,"name":"Inicio","item":"https:\/\/hcd.malargue.gov.ar\/"},{"@type":"ListItem","position":2,"name":"ORDEN DEL DIA SESION ORDINARIA"}]},{"@type":"WebSite","@id":"https:\/\/hcd.malargue.gov.ar\/#website","url":"https:\/\/hcd.malargue.gov.ar\/","name":"Malarg\u00fce HCD","description":"Malarg\u00fce Mendoza Argentina","potentialAction":[{"@type":"SearchAction","target":{"@type":"EntryPoint","urlTemplate":"https:\/\/hcd.malargue.gov.ar\/?s={search_term_string}"},"query-input":"required name=search_term_string"}],"inLanguage":"es-AR"},{"@type":"Person","@id":"https:\/\/hcd.malargue.gov.ar\/#\/schema\/person\/c02f28730a528313e04d34aba071fe06","name":"Marcia Sepulveda","image":{"@type":"ImageObject","inLanguage":"es-AR","@id":"https:\/\/hcd.malargue.gov.ar\/#\/schema\/person\/image\/","url":"https:\/\/secure.gravatar.com\/avatar\/3557e3bccdef0a5d4de0476d077c8920f0638f6f0bd05553351eb0e70d99f241?s=96&d=mm&r=g","contentUrl":"https:\/\/secure.gravatar.com\/avatar\/3557e3bccdef0a5d4de0476d077c8920f0638f6f0bd05553351eb0e70d99f241?s=96&d=mm&r=g","caption":"Marcia Sepulveda"},"url":"https:\/\/hcd.malargue.gov.ar\/?author=4"}]}},"_links":{"self":[{"href":"https:\/\/hcd.malargue.gov.ar\/index.php?rest_route=\/wp\/v2\/posts\/15741","targetHints":{"allow":["GET"]}}],"collection":[{"href":"https:\/\/hcd.malargue.gov.ar\/index.php?rest_route=\/wp\/v2\/posts"}],"about":[{"href":"https:\/\/hcd.malargue.gov.ar\/index.php?rest_route=\/wp\/v2\/types\/post"}],"author":[{"embeddable":true,"href":"https:\/\/hcd.malargue.gov.ar\/index.php?rest_route=\/wp\/v2\/users\/4"}],"replies":[{"embeddable":true,"href":"https:\/\/hcd.malargue.gov.ar\/index.php?rest_route=%2Fwp%2Fv2%2Fcomments&post=15741"}],"version-history":[{"count":0,"href":"https:\/\/hcd.malargue.gov.ar\/index.php?rest_route=\/wp\/v2\/posts\/15741\/revisions"}],"wp:featuredmedia":[{"embeddable":true,"href":"https:\/\/hcd.malargue.gov.ar\/index.php?rest_route=\/wp\/v2\/media\/7306"}],"wp:attachment":[{"href":"https:\/\/hcd.malargue.gov.ar\/index.php?rest_route=%2Fwp%2Fv2%2Fmedia&parent=15741"}],"wp:term":[{"taxonomy":"category","embeddable":true,"href":"https:\/\/hcd.malargue.gov.ar\/index.php?rest_route=%2Fwp%2Fv2%2Fcategories&post=15741"},{"taxonomy":"post_tag","embeddable":true,"href":"https:\/\/hcd.malargue.gov.ar\/index.php?rest_route=%2Fwp%2Fv2%2Ftags&post=15741"}],"curies":[{"name":"wp","href":"https:\/\/api.w.org\/{rel}","templated":true}]}}