{"id":15755,"date":"2019-05-23T11:04:42","date_gmt":"2019-05-23T14:04:42","guid":{"rendered":"https:\/\/hcd.malargue.gov.ar\/?p=15755"},"modified":"2019-05-23T11:31:05","modified_gmt":"2019-05-23T14:31:05","slug":"aprobando-la-venta-de-terrenos-de-canada-colorada-el-cuerpo-de-ediles-llevo-a-cabo-una-nueva-sesion-ordinaria","status":"publish","type":"post","link":"https:\/\/hcd.malargue.gov.ar\/?p=15755","title":{"rendered":"APROBANDO LA VENTA DE TERRENOS DE CA\u00d1ADA COLORADA, EL CUERPO DE EDILES LLEV\u00d3 A CABO UNA NUEVA SESI\u00d3N ORDINARIA."},"content":{"rendered":"<h6 style=\"text-align: right;\">SESI\u00d3N ORDINARIA \u2013 23 de Mayo 2019<\/h6>\n<h6 style=\"text-align: right;\">Presidi\u00f3 la Sesi\u00f3n:\u00a0\u00a0Concejal\u00a0<a href=\"https:\/\/www.facebook.com\/fernando.glatigny?__tn__=K-R&amp;eid=ARDy0jr1w0tdsB44p_24sX_RFGOUUkaQWtD1SmlMWilBoYPReJren5ogg8IwAnsFHiXIBCIHlSszWJxO&amp;fref=mentions&amp;__xts__%5B0%5D=68.ARDmSN2Rx1qbBVk8DtQG_Qt2OBvoM8dGcTpbhkyQ-iiK9dXL3oGnZx222bOUR0qjhncKejMTHeOsz5QhLXw8yW2wr9T5uGpnXJnkKgEKigjEcUo12Lb3mPNmkrqaN-7izw0wLKrsaT37IUomGlChV2X0i_GJg4eyyiMrla1VclGeFY-WRu9YB2mBaThryDdczPlc3P0kazuwwD7rmjtRipEsrdb2L9d2supcRFMN_0GrPMDLdqz-bTDZcnVFkg6AOv3CJbSSIX2GMalcAiLXFnc5PVJy027DplPTPo5ciU2l5yMpqXa3NKAOBwHgALZJcmr36Xt6dq5CFdyyVWXmqCs\" data-hovercard=\"\/ajax\/hovercard\/user.php?id=100000269621744&amp;extragetparams=%7B%22__tn__%22%3A%22%2CdK-R-R%22%2C%22eid%22%3A%22ARDy0jr1w0tdsB44p_24sX_RFGOUUkaQWtD1SmlMWilBoYPReJren5ogg8IwAnsFHiXIBCIHlSszWJxO%22%2C%22fref%22%3A%22mentions%22%7D&amp;av=361313671036059&amp;eav=AfZCN0Ln-Hv5KNbJ0zOesk8My7GVHj1F5ho_Rqsry_3QLe4CbOOaV8BJx7JFVgYPLII\" data-hovercard-prefer-more-content-show=\"1\">Fernando Glatigny\u00a0\u00a0<\/a>(Bloque Cambia Mendoza)<\/h6>\n<h6 style=\"text-align: right;\">Concejales Presentes: Rodolfo Cabeza,\u00a0<a href=\"https:\/\/www.facebook.com\/profile.php?id=100006772713963\" target=\"_blank\" rel=\"noopener\">Raul Rodr\u00edguez<\/a>\u00a0\u00a0(Bloque Justicialista FPV), Jose Barro Paola\u00a0<a href=\"https:\/\/www.facebook.com\/paolafer.gonzalezjofre?__tn__=K-R&amp;eid=ARDCakJJCC46y90Kliroul66qnA9Ab2OBd94PXXTHGb7qcpCSxDi5P1G6QkNaRA5BM9l0ImhWRqyj3zm&amp;fref=mentions&amp;__xts__%5B0%5D=68.ARDmSN2Rx1qbBVk8DtQG_Qt2OBvoM8dGcTpbhkyQ-iiK9dXL3oGnZx222bOUR0qjhncKejMTHeOsz5QhLXw8yW2wr9T5uGpnXJnkKgEKigjEcUo12Lb3mPNmkrqaN-7izw0wLKrsaT37IUomGlChV2X0i_GJg4eyyiMrla1VclGeFY-WRu9YB2mBaThryDdczPlc3P0kazuwwD7rmjtRipEsrdb2L9d2supcRFMN_0GrPMDLdqz-bTDZcnVFkg6AOv3CJbSSIX2GMalcAiLXFnc5PVJy027DplPTPo5ciU2l5yMpqXa3NKAOBwHgALZJcmr36Xt6dq5CFdyyVWXmqCs\" data-hovercard=\"\/ajax\/hovercard\/user.php?id=1186623343&amp;extragetparams=%7B%22__tn__%22%3A%22%2CdK-R-R%22%2C%22eid%22%3A%22ARDCakJJCC46y90Kliroul66qnA9Ab2OBd94PXXTHGb7qcpCSxDi5P1G6QkNaRA5BM9l0ImhWRqyj3zm%22%2C%22fref%22%3A%22mentions%22%7D&amp;av=361313671036059&amp;eav=AfakCvfYKlOv07u0PXFiAQ8vAoJrMcyB2aBOzJhR-llyrRKjJgBb_GRoAIQ_hPTvydE\" data-hovercard-prefer-more-content-show=\"1\">Jofre<\/a>\u00a0(Bloque Somos Mendoza)\u00a0<a href=\"https:\/\/www.facebook.com\/martin.palma.526?__tn__=K-R&amp;eid=ARC3ZTZMkX2N4GJ_ValvAdr4v-vyUPMhYMs7PeknGK-k1pJCSMomwvX1QK8uCBHypCElThuD3-_r5dd8&amp;fref=mentions&amp;__xts__%5B0%5D=68.ARDmSN2Rx1qbBVk8DtQG_Qt2OBvoM8dGcTpbhkyQ-iiK9dXL3oGnZx222bOUR0qjhncKejMTHeOsz5QhLXw8yW2wr9T5uGpnXJnkKgEKigjEcUo12Lb3mPNmkrqaN-7izw0wLKrsaT37IUomGlChV2X0i_GJg4eyyiMrla1VclGeFY-WRu9YB2mBaThryDdczPlc3P0kazuwwD7rmjtRipEsrdb2L9d2supcRFMN_0GrPMDLdqz-bTDZcnVFkg6AOv3CJbSSIX2GMalcAiLXFnc5PVJy027DplPTPo5ciU2l5yMpqXa3NKAOBwHgALZJcmr36Xt6dq5CFdyyVWXmqCs\" data-hovercard=\"\/ajax\/hovercard\/user.php?id=100003067710365&amp;extragetparams=%7B%22__tn__%22%3A%22%2CdK-R-R%22%2C%22eid%22%3A%22ARC3ZTZMkX2N4GJ_ValvAdr4v-vyUPMhYMs7PeknGK-k1pJCSMomwvX1QK8uCBHypCElThuD3-_r5dd8%22%2C%22fref%22%3A%22mentions%22%7D&amp;av=361313671036059&amp;eav=AfbeHS2oSrnMLr7F_SbYHc6jqNcyeWp_RQuB_UIdfpelErXJDJ4p4QQjBwMGHhKlwiY\" data-hovercard-prefer-more-content-show=\"1\">Martin Palma<\/a>\u00a0,\u00a0<a href=\"https:\/\/www.facebook.com\/juanmanuel.ojeda.986\" target=\"_blank\" rel=\"noopener\">Juan Manuel Ojeda<\/a>,\u00a0<a href=\"https:\/\/www.facebook.com\/mauricio.martinez.71465572?__tn__=K-R&amp;eid=ARCpPys5GAPGJtVgu7dIIO6oBRlV4IJE2Dt9nIKVcAFYWhbVRm-IkfS8XjW3siYmBXqnNI-2viHOsCe2&amp;fref=mentions&amp;__xts__%5B0%5D=68.ARDmSN2Rx1qbBVk8DtQG_Qt2OBvoM8dGcTpbhkyQ-iiK9dXL3oGnZx222bOUR0qjhncKejMTHeOsz5QhLXw8yW2wr9T5uGpnXJnkKgEKigjEcUo12Lb3mPNmkrqaN-7izw0wLKrsaT37IUomGlChV2X0i_GJg4eyyiMrla1VclGeFY-WRu9YB2mBaThryDdczPlc3P0kazuwwD7rmjtRipEsrdb2L9d2supcRFMN_0GrPMDLdqz-bTDZcnVFkg6AOv3CJbSSIX2GMalcAiLXFnc5PVJy027DplPTPo5ciU2l5yMpqXa3NKAOBwHgALZJcmr36Xt6dq5CFdyyVWXmqCs\" data-hovercard=\"\/ajax\/hovercard\/user.php?id=1347072991&amp;extragetparams=%7B%22__tn__%22%3A%22%2CdK-R-R%22%2C%22eid%22%3A%22ARCpPys5GAPGJtVgu7dIIO6oBRlV4IJE2Dt9nIKVcAFYWhbVRm-IkfS8XjW3siYmBXqnNI-2viHOsCe2%22%2C%22fref%22%3A%22mentions%22%7D&amp;av=361313671036059&amp;eav=AfbrNx55Dvzje4miB2FYAtR9Ce5HDL_7w-aUWNpn_czw--nskzYRPLlG_un0nd9ln3Q\" data-hovercard-prefer-more-content-show=\"1\">Mauricio Martinez<\/a>\u00a0y\u00a0<a href=\"https:\/\/www.facebook.com\/paola.paleico\" target=\"_blank\" rel=\"noopener\">Paola Paleico<\/a>\u00a0\u00a0(Bloque Cambia Mendoza)<\/h6>\n<p>El Concejo Deliberante de Malarg\u00fce llev\u00f3 adelante hoy una nueva sesi\u00f3n ordinaria, marco en el cual\u00a0 ingresaron y elevaron a las Comisiones y oficinas un total de 9 notas, dieron lectura y elevaron a las diferentes comisiones de trabajo los 4 proyectos presentados y dieron aprobaci\u00f3n a 4 piezas legales: Detalle.<\/p>\n<p>Resoluci\u00f3n: Requerir al Sr. Intendente Municipal si se ha autorizado la entrega de terrenos de propiedad del Municipio en Ca\u00f1ada Colorada- Ex Tierras Militares a personas entidades no gubernamentales o Instituciones P\u00fablicas. (Expte. N\u00ba 4.616-HC 008-2019)<br \/>\nOrdenanza:\u00a0Regularizaci\u00f3n de velocidad en calle Jorge Newbery (Expte. N\u00ba 4.587-HC 006-2019 )<br \/>\nResoluci\u00f3n: Solicitar a la Direcci\u00f3n de Transporte de la Provincia la ampliaci\u00f3n de la l\u00ednea de transporte urbana a Colonia Pehuenche II (Expte. N\u00ba 4.452-HC 283-2018)<br \/>\nOrdenanza:\u00a0Venta de terrenos de Ca\u00f1ada Colorada. (Expte.\u00a0 N\u00ba 1.297\/2018-0 Direcci\u00f3n de Obras Privadas Ing. Facundo Mart\u00ednez.)<\/p>\n<p>Sin m\u00e1s que tratar , el Presidente del Cuerpo Sr. Fernando Glatigny, dio por finalizada la sesi\u00f3n convocada.<\/p>\n<p>Marcia Sep\u00falveda-Prensa HCD<\/p>\n<p>Fotos: Belen Pedernera Ferragut-Prensa HCD<\/p>\n<blockquote>\n<h1>Detalle de los Proyectos y env\u00edo a Comisiones de Trabajo:<\/h1>\n<\/blockquote>\n<ul>\n<li><strong><em>La COMISI\u00d3N DE EDUCACI\u00d3N, HIGIENE, MORALIDAD, ACCI\u00d3N SOCIAL Y CULTURA (EHMASyC) recepcionar\u00e1 1\u00a0 proyecto:<\/em><\/strong><\/li>\n<\/ul>\n<p>Expte. N\u00ba 4.626 HC 009-2019 Proyecto de Resoluci\u00f3n: Solicitar la disposici\u00f3n de personal administrativo para agilizar atenci\u00f3n en Delegaci\u00f3n PAMI MALARG\u00dcE. (BLOQUE FRENTE CAMBIA MENDOZA) Autores: Concejales Osvaldo Mart\u00edn Palma, Juan Manuel Ojeda y Paola Florencia Paleico.<\/p>\n<ul>\n<li><em><b>La COMISI\u00d3N DE HACIENDA PRESUPUESTO LEGISLACI\u00d3N Y ASUNTOS CONSTITUCIONALES (HPLAC) recepcionar\u00e1 2 proyectos con tratamiento\u00a0preferencial :<\/b><\/em><\/li>\n<\/ul>\n<p>Expte. N\u00ba 4.628-HC 009-2019 Proyecto de Resoluci\u00f3n: Requerir al Sr. Intendente informe estado actual de la Oficina Anticorrupci\u00f3n y su responsable. (BLOQUE JUSTICIALISTA FRENTE PARA LA VICTORIA) Autor: Concejal Rodolfo An\u00edbal Cabeza<\/p>\n<p>Expte. N\u00ba 4.629-HC 009-2019 Proyecto de Resoluci\u00f3n: Solicitar al ENACON (Ente Nacional de Comunicaciones) instale una antena para telefon\u00eda celular en Paraje Los Molles Departamento Malarg\u00fce (BLOQUE FRENTE CAMBIA MENDOZA) Autor: Concejal Juan Manuel Ojeda.<\/p>\n<ul>\n<li><em><strong>La COMISI\u00d3N DE OBRAS P\u00daBLICAS, TURISMO Y RECURSOS NATURALES (OPTyRN) recepcionar\u00e1 1 proyecto:<\/strong><\/em><\/li>\n<\/ul>\n<p>Expte. N\u00ba 4.627-HC 009-2019 Proyecto de Ordenanza: Plan de regularizaci\u00f3n dominial y regularizaci\u00f3n de servicios b\u00e1sicos de vecinos ubicados en el l\u00edmite de cortina forestal y Ca\u00f1ada Colorada intersecci\u00f3n Santa Cruz y Milagro de los Andes (BLOQUE FRENTE CAMBIA MENDOZA) Autor: Concejal Juan Manuel Ojeda.<\/p>\n<div id='gallery-1' class='gallery galleryid-15755 gallery-columns-9 gallery-size-thumbnail'><figure class='gallery-item'>\n\t\t\t<div class='gallery-icon landscape'>\n\t\t\t\t<a href='https:\/\/hcd.malargue.gov.ar\/wp-content\/uploads\/2019\/05\/IMGP9554-2.jpg'><img loading=\"lazy\" decoding=\"async\" width=\"150\" height=\"150\" src=\"https:\/\/hcd.malargue.gov.ar\/wp-content\/uploads\/2019\/05\/IMGP9554-2-150x150.jpg\" class=\"attachment-thumbnail size-thumbnail\" alt=\"\" \/><\/a>\n\t\t\t<\/div><\/figure><figure class='gallery-item'>\n\t\t\t<div class='gallery-icon landscape'>\n\t\t\t\t<a href='https:\/\/hcd.malargue.gov.ar\/wp-content\/uploads\/2019\/05\/IMGP9555-2.jpg'><img loading=\"lazy\" decoding=\"async\" width=\"150\" height=\"150\" src=\"https:\/\/hcd.malargue.gov.ar\/wp-content\/uploads\/2019\/05\/IMGP9555-2-150x150.jpg\" class=\"attachment-thumbnail size-thumbnail\" alt=\"\" \/><\/a>\n\t\t\t<\/div><\/figure><figure class='gallery-item'>\n\t\t\t<div class='gallery-icon landscape'>\n\t\t\t\t<a href='https:\/\/hcd.malargue.gov.ar\/wp-content\/uploads\/2019\/05\/IMGP9556.jpg'><img loading=\"lazy\" decoding=\"async\" width=\"150\" height=\"150\" src=\"https:\/\/hcd.malargue.gov.ar\/wp-content\/uploads\/2019\/05\/IMGP9556-150x150.jpg\" class=\"attachment-thumbnail size-thumbnail\" alt=\"\" \/><\/a>\n\t\t\t<\/div><\/figure><figure class='gallery-item'>\n\t\t\t<div class='gallery-icon portrait'>\n\t\t\t\t<a href='https:\/\/hcd.malargue.gov.ar\/wp-content\/uploads\/2019\/05\/IMGP9557.jpg'><img loading=\"lazy\" decoding=\"async\" width=\"150\" height=\"150\" src=\"https:\/\/hcd.malargue.gov.ar\/wp-content\/uploads\/2019\/05\/IMGP9557-150x150.jpg\" class=\"attachment-thumbnail size-thumbnail\" alt=\"\" \/><\/a>\n\t\t\t<\/div><\/figure><figure class='gallery-item'>\n\t\t\t<div class='gallery-icon landscape'>\n\t\t\t\t<a href='https:\/\/hcd.malargue.gov.ar\/wp-content\/uploads\/2019\/05\/IMGP9558.jpg'><img loading=\"lazy\" decoding=\"async\" width=\"150\" height=\"150\" src=\"https:\/\/hcd.malargue.gov.ar\/wp-content\/uploads\/2019\/05\/IMGP9558-150x150.jpg\" class=\"attachment-thumbnail size-thumbnail\" alt=\"\" \/><\/a>\n\t\t\t<\/div><\/figure><figure class='gallery-item'>\n\t\t\t<div class='gallery-icon landscape'>\n\t\t\t\t<a href='https:\/\/hcd.malargue.gov.ar\/wp-content\/uploads\/2019\/05\/IMGP9560-2.jpg'><img loading=\"lazy\" decoding=\"async\" width=\"150\" height=\"150\" src=\"https:\/\/hcd.malargue.gov.ar\/wp-content\/uploads\/2019\/05\/IMGP9560-2-150x150.jpg\" class=\"attachment-thumbnail size-thumbnail\" alt=\"\" \/><\/a>\n\t\t\t<\/div><\/figure><figure class='gallery-item'>\n\t\t\t<div class='gallery-icon landscape'>\n\t\t\t\t<a href='https:\/\/hcd.malargue.gov.ar\/wp-content\/uploads\/2019\/05\/IMGP9563.jpg'><img loading=\"lazy\" decoding=\"async\" width=\"150\" height=\"150\" src=\"https:\/\/hcd.malargue.gov.ar\/wp-content\/uploads\/2019\/05\/IMGP9563-150x150.jpg\" class=\"attachment-thumbnail size-thumbnail\" alt=\"\" \/><\/a>\n\t\t\t<\/div><\/figure><figure class='gallery-item'>\n\t\t\t<div class='gallery-icon landscape'>\n\t\t\t\t<a href='https:\/\/hcd.malargue.gov.ar\/wp-content\/uploads\/2019\/05\/IMGP9564.jpg'><img loading=\"lazy\" decoding=\"async\" width=\"150\" height=\"150\" src=\"https:\/\/hcd.malargue.gov.ar\/wp-content\/uploads\/2019\/05\/IMGP9564-150x150.jpg\" class=\"attachment-thumbnail size-thumbnail\" alt=\"\" \/><\/a>\n\t\t\t<\/div><\/figure><figure class='gallery-item'>\n\t\t\t<div class='gallery-icon landscape'>\n\t\t\t\t<a href='https:\/\/hcd.malargue.gov.ar\/wp-content\/uploads\/2019\/05\/IMGP9565.jpg'><img loading=\"lazy\" decoding=\"async\" width=\"150\" height=\"150\" src=\"https:\/\/hcd.malargue.gov.ar\/wp-content\/uploads\/2019\/05\/IMGP9565-150x150.jpg\" class=\"attachment-thumbnail size-thumbnail\" alt=\"\" \/><\/a>\n\t\t\t<\/div><\/figure><figure class='gallery-item'>\n\t\t\t<div class='gallery-icon landscape'>\n\t\t\t\t<a href='https:\/\/hcd.malargue.gov.ar\/wp-content\/uploads\/2019\/05\/IMGP9567.jpg'><img loading=\"lazy\" decoding=\"async\" width=\"150\" height=\"150\" src=\"https:\/\/hcd.malargue.gov.ar\/wp-content\/uploads\/2019\/05\/IMGP9567-150x150.jpg\" class=\"attachment-thumbnail size-thumbnail\" alt=\"\" \/><\/a>\n\t\t\t<\/div><\/figure><figure class='gallery-item'>\n\t\t\t<div class='gallery-icon landscape'>\n\t\t\t\t<a href='https:\/\/hcd.malargue.gov.ar\/wp-content\/uploads\/2019\/05\/IMGP9568.jpg'><img loading=\"lazy\" decoding=\"async\" width=\"150\" height=\"150\" src=\"https:\/\/hcd.malargue.gov.ar\/wp-content\/uploads\/2019\/05\/IMGP9568-150x150.jpg\" class=\"attachment-thumbnail size-thumbnail\" alt=\"\" \/><\/a>\n\t\t\t<\/div><\/figure><figure class='gallery-item'>\n\t\t\t<div class='gallery-icon landscape'>\n\t\t\t\t<a href='https:\/\/hcd.malargue.gov.ar\/wp-content\/uploads\/2019\/05\/IMGP9569.jpg'><img loading=\"lazy\" decoding=\"async\" width=\"150\" height=\"150\" src=\"https:\/\/hcd.malargue.gov.ar\/wp-content\/uploads\/2019\/05\/IMGP9569-150x150.jpg\" class=\"attachment-thumbnail size-thumbnail\" alt=\"\" \/><\/a>\n\t\t\t<\/div><\/figure><figure class='gallery-item'>\n\t\t\t<div class='gallery-icon landscape'>\n\t\t\t\t<a href='https:\/\/hcd.malargue.gov.ar\/wp-content\/uploads\/2019\/05\/IMGP9571.jpg'><img loading=\"lazy\" decoding=\"async\" width=\"150\" height=\"150\" src=\"https:\/\/hcd.malargue.gov.ar\/wp-content\/uploads\/2019\/05\/IMGP9571-150x150.jpg\" class=\"attachment-thumbnail size-thumbnail\" alt=\"\" \/><\/a>\n\t\t\t<\/div><\/figure><figure class='gallery-item'>\n\t\t\t<div class='gallery-icon portrait'>\n\t\t\t\t<a href='https:\/\/hcd.malargue.gov.ar\/wp-content\/uploads\/2019\/05\/IMGP9572.jpg'><img loading=\"lazy\" decoding=\"async\" width=\"150\" height=\"150\" src=\"https:\/\/hcd.malargue.gov.ar\/wp-content\/uploads\/2019\/05\/IMGP9572-150x150.jpg\" class=\"attachment-thumbnail size-thumbnail\" alt=\"\" \/><\/a>\n\t\t\t<\/div><\/figure><figure class='gallery-item'>\n\t\t\t<div class='gallery-icon portrait'>\n\t\t\t\t<a href='https:\/\/hcd.malargue.gov.ar\/wp-content\/uploads\/2019\/05\/IMGP9574.jpg'><img loading=\"lazy\" decoding=\"async\" width=\"150\" height=\"150\" src=\"https:\/\/hcd.malargue.gov.ar\/wp-content\/uploads\/2019\/05\/IMGP9574-150x150.jpg\" class=\"attachment-thumbnail size-thumbnail\" alt=\"\" \/><\/a>\n\t\t\t<\/div><\/figure><figure class='gallery-item'>\n\t\t\t<div class='gallery-icon portrait'>\n\t\t\t\t<a href='https:\/\/hcd.malargue.gov.ar\/wp-content\/uploads\/2019\/05\/IMGP9575.jpg'><img loading=\"lazy\" decoding=\"async\" width=\"150\" height=\"150\" src=\"https:\/\/hcd.malargue.gov.ar\/wp-content\/uploads\/2019\/05\/IMGP9575-150x150.jpg\" class=\"attachment-thumbnail size-thumbnail\" alt=\"\" \/><\/a>\n\t\t\t<\/div><\/figure><figure class='gallery-item'>\n\t\t\t<div class='gallery-icon landscape'>\n\t\t\t\t<a href='https:\/\/hcd.malargue.gov.ar\/wp-content\/uploads\/2019\/05\/IMGP9576.jpg'><img loading=\"lazy\" decoding=\"async\" width=\"150\" height=\"150\" src=\"https:\/\/hcd.malargue.gov.ar\/wp-content\/uploads\/2019\/05\/IMGP9576-150x150.jpg\" class=\"attachment-thumbnail size-thumbnail\" alt=\"\" \/><\/a>\n\t\t\t<\/div><\/figure><figure class='gallery-item'>\n\t\t\t<div class='gallery-icon landscape'>\n\t\t\t\t<a href='https:\/\/hcd.malargue.gov.ar\/wp-content\/uploads\/2019\/05\/IMGP9577.jpg'><img loading=\"lazy\" decoding=\"async\" width=\"150\" height=\"150\" src=\"https:\/\/hcd.malargue.gov.ar\/wp-content\/uploads\/2019\/05\/IMGP9577-150x150.jpg\" class=\"attachment-thumbnail size-thumbnail\" alt=\"\" \/><\/a>\n\t\t\t<\/div><\/figure><figure class='gallery-item'>\n\t\t\t<div class='gallery-icon landscape'>\n\t\t\t\t<a href='https:\/\/hcd.malargue.gov.ar\/wp-content\/uploads\/2019\/05\/IMGP9580.jpg'><img loading=\"lazy\" decoding=\"async\" width=\"150\" height=\"150\" src=\"https:\/\/hcd.malargue.gov.ar\/wp-content\/uploads\/2019\/05\/IMGP9580-150x150.jpg\" class=\"attachment-thumbnail size-thumbnail\" alt=\"\" \/><\/a>\n\t\t\t<\/div><\/figure><figure class='gallery-item'>\n\t\t\t<div class='gallery-icon landscape'>\n\t\t\t\t<a href='https:\/\/hcd.malargue.gov.ar\/wp-content\/uploads\/2019\/05\/IMGP9581.jpg'><img loading=\"lazy\" decoding=\"async\" width=\"150\" height=\"150\" src=\"https:\/\/hcd.malargue.gov.ar\/wp-content\/uploads\/2019\/05\/IMGP9581-150x150.jpg\" class=\"attachment-thumbnail size-thumbnail\" alt=\"\" \/><\/a>\n\t\t\t<\/div><\/figure><figure class='gallery-item'>\n\t\t\t<div class='gallery-icon portrait'>\n\t\t\t\t<a href='https:\/\/hcd.malargue.gov.ar\/wp-content\/uploads\/2019\/05\/IMGP9583.jpg'><img loading=\"lazy\" decoding=\"async\" width=\"150\" height=\"150\" src=\"https:\/\/hcd.malargue.gov.ar\/wp-content\/uploads\/2019\/05\/IMGP9583-150x150.jpg\" class=\"attachment-thumbnail size-thumbnail\" alt=\"\" \/><\/a>\n\t\t\t<\/div><\/figure><figure class='gallery-item'>\n\t\t\t<div class='gallery-icon landscape'>\n\t\t\t\t<a href='https:\/\/hcd.malargue.gov.ar\/wp-content\/uploads\/2019\/05\/IMGP9587.jpg'><img loading=\"lazy\" decoding=\"async\" width=\"150\" height=\"150\" src=\"https:\/\/hcd.malargue.gov.ar\/wp-content\/uploads\/2019\/05\/IMGP9587-150x150.jpg\" class=\"attachment-thumbnail size-thumbnail\" alt=\"\" \/><\/a>\n\t\t\t<\/div><\/figure><figure class='gallery-item'>\n\t\t\t<div class='gallery-icon portrait'>\n\t\t\t\t<a href='https:\/\/hcd.malargue.gov.ar\/wp-content\/uploads\/2019\/05\/IMGP9591-2.jpg'><img loading=\"lazy\" decoding=\"async\" width=\"150\" height=\"150\" src=\"https:\/\/hcd.malargue.gov.ar\/wp-content\/uploads\/2019\/05\/IMGP9591-2-150x150.jpg\" class=\"attachment-thumbnail size-thumbnail\" alt=\"\" \/><\/a>\n\t\t\t<\/div><\/figure>\n\t\t<\/div>\n\n","protected":false},"excerpt":{"rendered":"<p>SESI\u00d3N ORDINARIA \u2013 23 de Mayo 2019 Presidi\u00f3 la Sesi\u00f3n:\u00a0\u00a0Concejal\u00a0Fernando Glatigny\u00a0\u00a0(Bloque Cambia Mendoza) Concejales Presentes: Rodolfo Cabeza,\u00a0Raul Rodr\u00edguez\u00a0\u00a0(Bloque Justicialista FPV), Jose Barro Paola\u00a0Jofre\u00a0(Bloque Somos Mendoza)\u00a0Martin Palma\u00a0,\u00a0Juan Manuel Ojeda,\u00a0Mauricio Martinez\u00a0y\u00a0Paola Paleico\u00a0\u00a0(Bloque Cambia Mendoza) El Concejo Deliberante de Malarg\u00fce llev\u00f3 adelante hoy una nueva sesi\u00f3n ordinaria, marco en el cual\u00a0 ingresaron y elevaron a las Comisiones y [&hellip;]<\/p>\n","protected":false},"author":4,"featured_media":15780,"comment_status":"closed","ping_status":"closed","sticky":false,"template":"","format":"standard","meta":{"footnotes":""},"categories":[52,58,33,36],"tags":[],"class_list":["post-15755","post","type-post","status-publish","format-standard","has-post-thumbnail","hentry","category-gacetillas","category-ordinarias","category-prensa","category-sesiones"],"yoast_head":"<!-- This site is optimized with the Yoast SEO plugin v19.10 - https:\/\/yoast.com\/wordpress\/plugins\/seo\/ -->\n<title>APROBANDO LA VENTA DE TERRENOS DE CA\u00d1ADA COLORADA, EL CUERPO DE EDILES LLEV\u00d3 A CABO UNA NUEVA SESI\u00d3N ORDINARIA. - Malarg\u00fce HCD<\/title>\n<meta name=\"robots\" content=\"index, follow, max-snippet:-1, max-image-preview:large, max-video-preview:-1\" \/>\n<link rel=\"canonical\" href=\"https:\/\/hcd.malargue.gov.ar\/?p=15755\" \/>\n<meta property=\"og:locale\" content=\"es_ES\" \/>\n<meta property=\"og:type\" content=\"article\" \/>\n<meta property=\"og:title\" content=\"APROBANDO LA VENTA DE TERRENOS DE CA\u00d1ADA COLORADA, EL CUERPO DE EDILES LLEV\u00d3 A CABO UNA NUEVA SESI\u00d3N ORDINARIA. - Malarg\u00fce HCD\" \/>\n<meta property=\"og:description\" content=\"SESI\u00d3N ORDINARIA \u2013 23 de Mayo 2019 Presidi\u00f3 la Sesi\u00f3n:\u00a0\u00a0Concejal\u00a0Fernando Glatigny\u00a0\u00a0(Bloque Cambia Mendoza) Concejales Presentes: Rodolfo Cabeza,\u00a0Raul Rodr\u00edguez\u00a0\u00a0(Bloque Justicialista FPV), Jose Barro Paola\u00a0Jofre\u00a0(Bloque Somos Mendoza)\u00a0Martin Palma\u00a0,\u00a0Juan Manuel Ojeda,\u00a0Mauricio Martinez\u00a0y\u00a0Paola Paleico\u00a0\u00a0(Bloque Cambia Mendoza) El Concejo Deliberante de Malarg\u00fce llev\u00f3 adelante hoy una nueva sesi\u00f3n ordinaria, marco en el cual\u00a0 ingresaron y elevaron a las Comisiones y [&hellip;]\" \/>\n<meta property=\"og:url\" content=\"https:\/\/hcd.malargue.gov.ar\/?p=15755\" \/>\n<meta property=\"og:site_name\" content=\"Malarg\u00fce HCD\" \/>\n<meta property=\"article:published_time\" content=\"2019-05-23T14:04:42+00:00\" \/>\n<meta property=\"article:modified_time\" content=\"2019-05-23T14:31:05+00:00\" \/>\n<meta property=\"og:image\" content=\"https:\/\/hcd.malargue.gov.ar\/wp-content\/uploads\/2019\/05\/IMGP9587.jpg\" \/>\n\t<meta property=\"og:image:width\" content=\"3901\" \/>\n\t<meta property=\"og:image:height\" content=\"2184\" \/>\n\t<meta property=\"og:image:type\" content=\"image\/jpeg\" \/>\n<meta name=\"author\" content=\"Marcia Sepulveda\" \/>\n<meta name=\"twitter:card\" content=\"summary_large_image\" \/>\n<meta name=\"twitter:label1\" content=\"Escrito por\" \/>\n\t<meta name=\"twitter:data1\" content=\"Marcia Sepulveda\" \/>\n\t<meta name=\"twitter:label2\" content=\"Tiempo de lectura\" \/>\n\t<meta name=\"twitter:data2\" content=\"2 minutos\" \/>\n<script type=\"application\/ld+json\" class=\"yoast-schema-graph\">{\"@context\":\"https:\/\/schema.org\",\"@graph\":[{\"@type\":\"WebPage\",\"@id\":\"https:\/\/hcd.malargue.gov.ar\/?p=15755\",\"url\":\"https:\/\/hcd.malargue.gov.ar\/?p=15755\",\"name\":\"APROBANDO LA VENTA DE TERRENOS DE CA\u00d1ADA COLORADA, EL CUERPO DE EDILES LLEV\u00d3 A CABO UNA NUEVA SESI\u00d3N ORDINARIA. - Malarg\u00fce HCD\",\"isPartOf\":{\"@id\":\"https:\/\/hcd.malargue.gov.ar\/#website\"},\"datePublished\":\"2019-05-23T14:04:42+00:00\",\"dateModified\":\"2019-05-23T14:31:05+00:00\",\"author\":{\"@id\":\"https:\/\/hcd.malargue.gov.ar\/#\/schema\/person\/c02f28730a528313e04d34aba071fe06\"},\"breadcrumb\":{\"@id\":\"https:\/\/hcd.malargue.gov.ar\/?p=15755#breadcrumb\"},\"inLanguage\":\"es-AR\",\"potentialAction\":[{\"@type\":\"ReadAction\",\"target\":[\"https:\/\/hcd.malargue.gov.ar\/?p=15755\"]}]},{\"@type\":\"BreadcrumbList\",\"@id\":\"https:\/\/hcd.malargue.gov.ar\/?p=15755#breadcrumb\",\"itemListElement\":[{\"@type\":\"ListItem\",\"position\":1,\"name\":\"Inicio\",\"item\":\"https:\/\/hcd.malargue.gov.ar\/\"},{\"@type\":\"ListItem\",\"position\":2,\"name\":\"APROBANDO LA VENTA DE TERRENOS DE CA\u00d1ADA COLORADA, EL CUERPO DE EDILES LLEV\u00d3 A CABO UNA NUEVA SESI\u00d3N ORDINARIA.\"}]},{\"@type\":\"WebSite\",\"@id\":\"https:\/\/hcd.malargue.gov.ar\/#website\",\"url\":\"https:\/\/hcd.malargue.gov.ar\/\",\"name\":\"Malarg\u00fce HCD\",\"description\":\"Malarg\u00fce Mendoza Argentina\",\"potentialAction\":[{\"@type\":\"SearchAction\",\"target\":{\"@type\":\"EntryPoint\",\"urlTemplate\":\"https:\/\/hcd.malargue.gov.ar\/?s={search_term_string}\"},\"query-input\":\"required name=search_term_string\"}],\"inLanguage\":\"es-AR\"},{\"@type\":\"Person\",\"@id\":\"https:\/\/hcd.malargue.gov.ar\/#\/schema\/person\/c02f28730a528313e04d34aba071fe06\",\"name\":\"Marcia Sepulveda\",\"image\":{\"@type\":\"ImageObject\",\"inLanguage\":\"es-AR\",\"@id\":\"https:\/\/hcd.malargue.gov.ar\/#\/schema\/person\/image\/\",\"url\":\"https:\/\/secure.gravatar.com\/avatar\/3557e3bccdef0a5d4de0476d077c8920f0638f6f0bd05553351eb0e70d99f241?s=96&d=mm&r=g\",\"contentUrl\":\"https:\/\/secure.gravatar.com\/avatar\/3557e3bccdef0a5d4de0476d077c8920f0638f6f0bd05553351eb0e70d99f241?s=96&d=mm&r=g\",\"caption\":\"Marcia Sepulveda\"},\"url\":\"https:\/\/hcd.malargue.gov.ar\/?author=4\"}]}<\/script>\n<!-- \/ Yoast SEO plugin. -->","yoast_head_json":{"title":"APROBANDO LA VENTA DE TERRENOS DE CA\u00d1ADA COLORADA, EL CUERPO DE EDILES LLEV\u00d3 A CABO UNA NUEVA SESI\u00d3N ORDINARIA. - Malarg\u00fce HCD","robots":{"index":"index","follow":"follow","max-snippet":"max-snippet:-1","max-image-preview":"max-image-preview:large","max-video-preview":"max-video-preview:-1"},"canonical":"https:\/\/hcd.malargue.gov.ar\/?p=15755","og_locale":"es_ES","og_type":"article","og_title":"APROBANDO LA VENTA DE TERRENOS DE CA\u00d1ADA COLORADA, EL CUERPO DE EDILES LLEV\u00d3 A CABO UNA NUEVA SESI\u00d3N ORDINARIA. - Malarg\u00fce HCD","og_description":"SESI\u00d3N ORDINARIA \u2013 23 de Mayo 2019 Presidi\u00f3 la Sesi\u00f3n:\u00a0\u00a0Concejal\u00a0Fernando Glatigny\u00a0\u00a0(Bloque Cambia Mendoza) Concejales Presentes: Rodolfo Cabeza,\u00a0Raul Rodr\u00edguez\u00a0\u00a0(Bloque Justicialista FPV), Jose Barro Paola\u00a0Jofre\u00a0(Bloque Somos Mendoza)\u00a0Martin Palma\u00a0,\u00a0Juan Manuel Ojeda,\u00a0Mauricio Martinez\u00a0y\u00a0Paola Paleico\u00a0\u00a0(Bloque Cambia Mendoza) El Concejo Deliberante de Malarg\u00fce llev\u00f3 adelante hoy una nueva sesi\u00f3n ordinaria, marco en el cual\u00a0 ingresaron y elevaron a las Comisiones y [&hellip;]","og_url":"https:\/\/hcd.malargue.gov.ar\/?p=15755","og_site_name":"Malarg\u00fce HCD","article_published_time":"2019-05-23T14:04:42+00:00","article_modified_time":"2019-05-23T14:31:05+00:00","og_image":[{"width":3901,"height":2184,"url":"https:\/\/hcd.malargue.gov.ar\/wp-content\/uploads\/2019\/05\/IMGP9587.jpg","type":"image\/jpeg"}],"author":"Marcia Sepulveda","twitter_card":"summary_large_image","twitter_misc":{"Escrito por":"Marcia Sepulveda","Tiempo de lectura":"2 minutos"},"schema":{"@context":"https:\/\/schema.org","@graph":[{"@type":"WebPage","@id":"https:\/\/hcd.malargue.gov.ar\/?p=15755","url":"https:\/\/hcd.malargue.gov.ar\/?p=15755","name":"APROBANDO LA VENTA DE TERRENOS DE CA\u00d1ADA COLORADA, EL CUERPO DE EDILES LLEV\u00d3 A CABO UNA NUEVA SESI\u00d3N ORDINARIA. - Malarg\u00fce HCD","isPartOf":{"@id":"https:\/\/hcd.malargue.gov.ar\/#website"},"datePublished":"2019-05-23T14:04:42+00:00","dateModified":"2019-05-23T14:31:05+00:00","author":{"@id":"https:\/\/hcd.malargue.gov.ar\/#\/schema\/person\/c02f28730a528313e04d34aba071fe06"},"breadcrumb":{"@id":"https:\/\/hcd.malargue.gov.ar\/?p=15755#breadcrumb"},"inLanguage":"es-AR","potentialAction":[{"@type":"ReadAction","target":["https:\/\/hcd.malargue.gov.ar\/?p=15755"]}]},{"@type":"BreadcrumbList","@id":"https:\/\/hcd.malargue.gov.ar\/?p=15755#breadcrumb","itemListElement":[{"@type":"ListItem","position":1,"name":"Inicio","item":"https:\/\/hcd.malargue.gov.ar\/"},{"@type":"ListItem","position":2,"name":"APROBANDO LA VENTA DE TERRENOS DE CA\u00d1ADA COLORADA, EL CUERPO DE EDILES LLEV\u00d3 A CABO UNA NUEVA SESI\u00d3N ORDINARIA."}]},{"@type":"WebSite","@id":"https:\/\/hcd.malargue.gov.ar\/#website","url":"https:\/\/hcd.malargue.gov.ar\/","name":"Malarg\u00fce HCD","description":"Malarg\u00fce Mendoza Argentina","potentialAction":[{"@type":"SearchAction","target":{"@type":"EntryPoint","urlTemplate":"https:\/\/hcd.malargue.gov.ar\/?s={search_term_string}"},"query-input":"required name=search_term_string"}],"inLanguage":"es-AR"},{"@type":"Person","@id":"https:\/\/hcd.malargue.gov.ar\/#\/schema\/person\/c02f28730a528313e04d34aba071fe06","name":"Marcia Sepulveda","image":{"@type":"ImageObject","inLanguage":"es-AR","@id":"https:\/\/hcd.malargue.gov.ar\/#\/schema\/person\/image\/","url":"https:\/\/secure.gravatar.com\/avatar\/3557e3bccdef0a5d4de0476d077c8920f0638f6f0bd05553351eb0e70d99f241?s=96&d=mm&r=g","contentUrl":"https:\/\/secure.gravatar.com\/avatar\/3557e3bccdef0a5d4de0476d077c8920f0638f6f0bd05553351eb0e70d99f241?s=96&d=mm&r=g","caption":"Marcia Sepulveda"},"url":"https:\/\/hcd.malargue.gov.ar\/?author=4"}]}},"_links":{"self":[{"href":"https:\/\/hcd.malargue.gov.ar\/index.php?rest_route=\/wp\/v2\/posts\/15755","targetHints":{"allow":["GET"]}}],"collection":[{"href":"https:\/\/hcd.malargue.gov.ar\/index.php?rest_route=\/wp\/v2\/posts"}],"about":[{"href":"https:\/\/hcd.malargue.gov.ar\/index.php?rest_route=\/wp\/v2\/types\/post"}],"author":[{"embeddable":true,"href":"https:\/\/hcd.malargue.gov.ar\/index.php?rest_route=\/wp\/v2\/users\/4"}],"replies":[{"embeddable":true,"href":"https:\/\/hcd.malargue.gov.ar\/index.php?rest_route=%2Fwp%2Fv2%2Fcomments&post=15755"}],"version-history":[{"count":0,"href":"https:\/\/hcd.malargue.gov.ar\/index.php?rest_route=\/wp\/v2\/posts\/15755\/revisions"}],"wp:featuredmedia":[{"embeddable":true,"href":"https:\/\/hcd.malargue.gov.ar\/index.php?rest_route=\/wp\/v2\/media\/15780"}],"wp:attachment":[{"href":"https:\/\/hcd.malargue.gov.ar\/index.php?rest_route=%2Fwp%2Fv2%2Fmedia&parent=15755"}],"wp:term":[{"taxonomy":"category","embeddable":true,"href":"https:\/\/hcd.malargue.gov.ar\/index.php?rest_route=%2Fwp%2Fv2%2Fcategories&post=15755"},{"taxonomy":"post_tag","embeddable":true,"href":"https:\/\/hcd.malargue.gov.ar\/index.php?rest_route=%2Fwp%2Fv2%2Ftags&post=15755"}],"curies":[{"name":"wp","href":"https:\/\/api.w.org\/{rel}","templated":true}]}}