{"id":15810,"date":"2019-05-27T12:51:00","date_gmt":"2019-05-27T15:51:00","guid":{"rendered":"https:\/\/hcd.malargue.gov.ar\/?p=15810"},"modified":"2019-05-29T08:51:56","modified_gmt":"2019-05-29T11:51:56","slug":"la-comision-de-educacion-recibio-a-integrantes-del-coro-municipal","status":"publish","type":"post","link":"https:\/\/hcd.malargue.gov.ar\/?p=15810","title":{"rendered":"LA COMISI\u00d3N DE EDUCACI\u00d3N RECIBI\u00d3 A INTEGRANTES DEL CORO MUNICIPAL"},"content":{"rendered":"<p>Siendo las 09:00\u00a0 se reuni\u00f3 la Comisi\u00f3n de Educaci\u00f3n, Higiene, Moralidad, Acci\u00f3n Social y Cultura.<\/p>\n<p>Con ausencia de los Ediles Juan Manuel Ojeda y Daniela Favari, los Concejales Mauricio Mart\u00ednez, Raul Rodriguez y Paola Jofr\u00e9\u00a0 recibieron al Sr. Fernando D`Manzo y An Maria Cicchinelli integrantes del Coro Municipal adultos y menores, para tratar sobre <a href=\"https:\/\/hcd.malargue.gov.ar\/2018\/12\/07\/el-coro-municipal-de-malargue-hugo-oscar-cabrera-ya-cuenta-con-un-reglamento-que-regula-su-funcionamiento\/\" target=\"_blank\" rel=\"noopener\">Ordenanza 1.448\/2.019 (Reglamentaci\u00f3n)<\/a> vetada por el Ejecutivo Municipal.<\/p>\n<p>Los Ediles adem\u00e1s dieron tratamiento a las Notas 212-HC 19 y Nota 213-HC19 cuyo despacho ser\u00e1 le\u00eddo y aprobado o archivado en la pr\u00f3xima Sesi\u00f3n Ordinaria del Cuerpo de Concejales.<\/p>\n<p>Marcia Sep\u00falveda \u2013 Prensa HCD<\/p>\n<div id='gallery-1' class='gallery galleryid-15810 gallery-columns-3 gallery-size-thumbnail'><figure class='gallery-item'>\n\t\t\t<div class='gallery-icon landscape'>\n\t\t\t\t<a href='https:\/\/hcd.malargue.gov.ar\/wp-content\/uploads\/2019\/05\/IMGP9732.jpg'><img loading=\"lazy\" decoding=\"async\" width=\"150\" height=\"150\" src=\"https:\/\/hcd.malargue.gov.ar\/wp-content\/uploads\/2019\/05\/IMGP9732-150x150.jpg\" class=\"attachment-thumbnail size-thumbnail\" alt=\"\" \/><\/a>\n\t\t\t<\/div><\/figure><figure class='gallery-item'>\n\t\t\t<div class='gallery-icon landscape'>\n\t\t\t\t<a href='https:\/\/hcd.malargue.gov.ar\/wp-content\/uploads\/2019\/05\/IMGP9735.jpg'><img loading=\"lazy\" decoding=\"async\" width=\"150\" height=\"150\" src=\"https:\/\/hcd.malargue.gov.ar\/wp-content\/uploads\/2019\/05\/IMGP9735-150x150.jpg\" class=\"attachment-thumbnail size-thumbnail\" alt=\"\" \/><\/a>\n\t\t\t<\/div><\/figure><figure class='gallery-item'>\n\t\t\t<div class='gallery-icon landscape'>\n\t\t\t\t<a href='https:\/\/hcd.malargue.gov.ar\/wp-content\/uploads\/2019\/05\/IMGP9733.jpg'><img loading=\"lazy\" decoding=\"async\" width=\"150\" height=\"150\" src=\"https:\/\/hcd.malargue.gov.ar\/wp-content\/uploads\/2019\/05\/IMGP9733-150x150.jpg\" class=\"attachment-thumbnail size-thumbnail\" alt=\"\" \/><\/a>\n\t\t\t<\/div><\/figure><figure class='gallery-item'>\n\t\t\t<div class='gallery-icon portrait'>\n\t\t\t\t<a href='https:\/\/hcd.malargue.gov.ar\/wp-content\/uploads\/2019\/05\/IMGP9737.jpg'><img loading=\"lazy\" decoding=\"async\" width=\"150\" height=\"150\" src=\"https:\/\/hcd.malargue.gov.ar\/wp-content\/uploads\/2019\/05\/IMGP9737-150x150.jpg\" class=\"attachment-thumbnail size-thumbnail\" alt=\"\" \/><\/a>\n\t\t\t<\/div><\/figure><figure class='gallery-item'>\n\t\t\t<div class='gallery-icon landscape'>\n\t\t\t\t<a href='https:\/\/hcd.malargue.gov.ar\/wp-content\/uploads\/2019\/05\/IMGP9740.jpg'><img loading=\"lazy\" decoding=\"async\" width=\"150\" height=\"150\" src=\"https:\/\/hcd.malargue.gov.ar\/wp-content\/uploads\/2019\/05\/IMGP9740-150x150.jpg\" class=\"attachment-thumbnail size-thumbnail\" alt=\"\" \/><\/a>\n\t\t\t<\/div><\/figure>\n\t\t<\/div>\n\n<p>Notas relacionadas<\/p>\n<p>https:\/\/hcd.malargue.gov.ar\/2019\/05\/13\/la-comision-de-ehmas-recibio-a-juan-pablo-cabrera-director-del-coro\/<\/p>\n<p>https:\/\/hcd.malargue.gov.ar\/2018\/11\/07\/el-hcd-solicito-un-pedido-de-informe-al-coro-municipal-hugo-oscar-cabrera\/<\/p>\n<p>&nbsp;<\/p>\n<p>&nbsp;<\/p>\n","protected":false},"excerpt":{"rendered":"<p>Siendo las 09:00\u00a0 se reuni\u00f3 la Comisi\u00f3n de Educaci\u00f3n, Higiene, Moralidad, Acci\u00f3n Social y Cultura. Con ausencia de los Ediles Juan Manuel Ojeda y Daniela Favari, los Concejales Mauricio Mart\u00ednez, Raul Rodriguez y Paola Jofr\u00e9\u00a0 recibieron al Sr. Fernando D`Manzo y An Maria Cicchinelli integrantes del Coro Municipal adultos y menores, para tratar sobre Ordenanza [&hellip;]<\/p>\n","protected":false},"author":4,"featured_media":15815,"comment_status":"closed","ping_status":"closed","sticky":false,"template":"","format":"standard","meta":{"footnotes":""},"categories":[61,39,52,33],"tags":[],"class_list":["post-15810","post","type-post","status-publish","format-standard","has-post-thumbnail","hentry","category-comision-de-educacion-higiene-moralidad-accion-social-y-cultura","category-comisiones","category-gacetillas","category-prensa"],"yoast_head":"<!-- This site is optimized with the Yoast SEO plugin v19.10 - https:\/\/yoast.com\/wordpress\/plugins\/seo\/ -->\n<title>LA COMISI\u00d3N DE EDUCACI\u00d3N RECIBI\u00d3 A INTEGRANTES DEL CORO MUNICIPAL - Malarg\u00fce HCD<\/title>\n<meta name=\"robots\" content=\"index, follow, max-snippet:-1, max-image-preview:large, max-video-preview:-1\" \/>\n<link rel=\"canonical\" href=\"https:\/\/hcd.malargue.gov.ar\/?p=15810\" \/>\n<meta property=\"og:locale\" content=\"es_ES\" \/>\n<meta property=\"og:type\" content=\"article\" \/>\n<meta property=\"og:title\" content=\"LA COMISI\u00d3N DE EDUCACI\u00d3N RECIBI\u00d3 A INTEGRANTES DEL CORO MUNICIPAL - Malarg\u00fce HCD\" \/>\n<meta property=\"og:description\" content=\"Siendo las 09:00\u00a0 se reuni\u00f3 la Comisi\u00f3n de Educaci\u00f3n, Higiene, Moralidad, Acci\u00f3n Social y Cultura. Con ausencia de los Ediles Juan Manuel Ojeda y Daniela Favari, los Concejales Mauricio Mart\u00ednez, Raul Rodriguez y Paola Jofr\u00e9\u00a0 recibieron al Sr. Fernando D`Manzo y An Maria Cicchinelli integrantes del Coro Municipal adultos y menores, para tratar sobre Ordenanza [&hellip;]\" \/>\n<meta property=\"og:url\" content=\"https:\/\/hcd.malargue.gov.ar\/?p=15810\" \/>\n<meta property=\"og:site_name\" content=\"Malarg\u00fce HCD\" \/>\n<meta property=\"article:published_time\" content=\"2019-05-27T15:51:00+00:00\" \/>\n<meta property=\"article:modified_time\" content=\"2019-05-29T11:51:56+00:00\" \/>\n<meta property=\"og:image\" content=\"https:\/\/hcd.malargue.gov.ar\/wp-content\/uploads\/2019\/05\/IMGP9740.jpg\" \/>\n\t<meta property=\"og:image:width\" content=\"4288\" \/>\n\t<meta property=\"og:image:height\" content=\"2848\" \/>\n\t<meta property=\"og:image:type\" content=\"image\/jpeg\" \/>\n<meta name=\"author\" content=\"Marcia Sepulveda\" \/>\n<meta name=\"twitter:card\" content=\"summary_large_image\" \/>\n<meta name=\"twitter:label1\" content=\"Escrito por\" \/>\n\t<meta name=\"twitter:data1\" content=\"Marcia Sepulveda\" \/>\n\t<meta name=\"twitter:label2\" content=\"Tiempo de lectura\" \/>\n\t<meta name=\"twitter:data2\" content=\"1 minuto\" \/>\n<script type=\"application\/ld+json\" class=\"yoast-schema-graph\">{\"@context\":\"https:\/\/schema.org\",\"@graph\":[{\"@type\":\"WebPage\",\"@id\":\"https:\/\/hcd.malargue.gov.ar\/?p=15810\",\"url\":\"https:\/\/hcd.malargue.gov.ar\/?p=15810\",\"name\":\"LA COMISI\u00d3N DE EDUCACI\u00d3N RECIBI\u00d3 A INTEGRANTES DEL CORO MUNICIPAL - Malarg\u00fce HCD\",\"isPartOf\":{\"@id\":\"https:\/\/hcd.malargue.gov.ar\/#website\"},\"datePublished\":\"2019-05-27T15:51:00+00:00\",\"dateModified\":\"2019-05-29T11:51:56+00:00\",\"author\":{\"@id\":\"https:\/\/hcd.malargue.gov.ar\/#\/schema\/person\/c02f28730a528313e04d34aba071fe06\"},\"breadcrumb\":{\"@id\":\"https:\/\/hcd.malargue.gov.ar\/?p=15810#breadcrumb\"},\"inLanguage\":\"es-AR\",\"potentialAction\":[{\"@type\":\"ReadAction\",\"target\":[\"https:\/\/hcd.malargue.gov.ar\/?p=15810\"]}]},{\"@type\":\"BreadcrumbList\",\"@id\":\"https:\/\/hcd.malargue.gov.ar\/?p=15810#breadcrumb\",\"itemListElement\":[{\"@type\":\"ListItem\",\"position\":1,\"name\":\"Inicio\",\"item\":\"https:\/\/hcd.malargue.gov.ar\/\"},{\"@type\":\"ListItem\",\"position\":2,\"name\":\"LA COMISI\u00d3N DE EDUCACI\u00d3N RECIBI\u00d3 A INTEGRANTES DEL CORO MUNICIPAL\"}]},{\"@type\":\"WebSite\",\"@id\":\"https:\/\/hcd.malargue.gov.ar\/#website\",\"url\":\"https:\/\/hcd.malargue.gov.ar\/\",\"name\":\"Malarg\u00fce HCD\",\"description\":\"Malarg\u00fce Mendoza Argentina\",\"potentialAction\":[{\"@type\":\"SearchAction\",\"target\":{\"@type\":\"EntryPoint\",\"urlTemplate\":\"https:\/\/hcd.malargue.gov.ar\/?s={search_term_string}\"},\"query-input\":\"required name=search_term_string\"}],\"inLanguage\":\"es-AR\"},{\"@type\":\"Person\",\"@id\":\"https:\/\/hcd.malargue.gov.ar\/#\/schema\/person\/c02f28730a528313e04d34aba071fe06\",\"name\":\"Marcia Sepulveda\",\"image\":{\"@type\":\"ImageObject\",\"inLanguage\":\"es-AR\",\"@id\":\"https:\/\/hcd.malargue.gov.ar\/#\/schema\/person\/image\/\",\"url\":\"https:\/\/secure.gravatar.com\/avatar\/3557e3bccdef0a5d4de0476d077c8920f0638f6f0bd05553351eb0e70d99f241?s=96&d=mm&r=g\",\"contentUrl\":\"https:\/\/secure.gravatar.com\/avatar\/3557e3bccdef0a5d4de0476d077c8920f0638f6f0bd05553351eb0e70d99f241?s=96&d=mm&r=g\",\"caption\":\"Marcia Sepulveda\"},\"url\":\"https:\/\/hcd.malargue.gov.ar\/?author=4\"}]}<\/script>\n<!-- \/ Yoast SEO plugin. -->","yoast_head_json":{"title":"LA COMISI\u00d3N DE EDUCACI\u00d3N RECIBI\u00d3 A INTEGRANTES DEL CORO MUNICIPAL - Malarg\u00fce HCD","robots":{"index":"index","follow":"follow","max-snippet":"max-snippet:-1","max-image-preview":"max-image-preview:large","max-video-preview":"max-video-preview:-1"},"canonical":"https:\/\/hcd.malargue.gov.ar\/?p=15810","og_locale":"es_ES","og_type":"article","og_title":"LA COMISI\u00d3N DE EDUCACI\u00d3N RECIBI\u00d3 A INTEGRANTES DEL CORO MUNICIPAL - Malarg\u00fce HCD","og_description":"Siendo las 09:00\u00a0 se reuni\u00f3 la Comisi\u00f3n de Educaci\u00f3n, Higiene, Moralidad, Acci\u00f3n Social y Cultura. Con ausencia de los Ediles Juan Manuel Ojeda y Daniela Favari, los Concejales Mauricio Mart\u00ednez, Raul Rodriguez y Paola Jofr\u00e9\u00a0 recibieron al Sr. Fernando D`Manzo y An Maria Cicchinelli integrantes del Coro Municipal adultos y menores, para tratar sobre Ordenanza [&hellip;]","og_url":"https:\/\/hcd.malargue.gov.ar\/?p=15810","og_site_name":"Malarg\u00fce HCD","article_published_time":"2019-05-27T15:51:00+00:00","article_modified_time":"2019-05-29T11:51:56+00:00","og_image":[{"width":4288,"height":2848,"url":"https:\/\/hcd.malargue.gov.ar\/wp-content\/uploads\/2019\/05\/IMGP9740.jpg","type":"image\/jpeg"}],"author":"Marcia Sepulveda","twitter_card":"summary_large_image","twitter_misc":{"Escrito por":"Marcia Sepulveda","Tiempo de lectura":"1 minuto"},"schema":{"@context":"https:\/\/schema.org","@graph":[{"@type":"WebPage","@id":"https:\/\/hcd.malargue.gov.ar\/?p=15810","url":"https:\/\/hcd.malargue.gov.ar\/?p=15810","name":"LA COMISI\u00d3N DE EDUCACI\u00d3N RECIBI\u00d3 A INTEGRANTES DEL CORO MUNICIPAL - Malarg\u00fce HCD","isPartOf":{"@id":"https:\/\/hcd.malargue.gov.ar\/#website"},"datePublished":"2019-05-27T15:51:00+00:00","dateModified":"2019-05-29T11:51:56+00:00","author":{"@id":"https:\/\/hcd.malargue.gov.ar\/#\/schema\/person\/c02f28730a528313e04d34aba071fe06"},"breadcrumb":{"@id":"https:\/\/hcd.malargue.gov.ar\/?p=15810#breadcrumb"},"inLanguage":"es-AR","potentialAction":[{"@type":"ReadAction","target":["https:\/\/hcd.malargue.gov.ar\/?p=15810"]}]},{"@type":"BreadcrumbList","@id":"https:\/\/hcd.malargue.gov.ar\/?p=15810#breadcrumb","itemListElement":[{"@type":"ListItem","position":1,"name":"Inicio","item":"https:\/\/hcd.malargue.gov.ar\/"},{"@type":"ListItem","position":2,"name":"LA COMISI\u00d3N DE EDUCACI\u00d3N RECIBI\u00d3 A INTEGRANTES DEL CORO MUNICIPAL"}]},{"@type":"WebSite","@id":"https:\/\/hcd.malargue.gov.ar\/#website","url":"https:\/\/hcd.malargue.gov.ar\/","name":"Malarg\u00fce HCD","description":"Malarg\u00fce Mendoza Argentina","potentialAction":[{"@type":"SearchAction","target":{"@type":"EntryPoint","urlTemplate":"https:\/\/hcd.malargue.gov.ar\/?s={search_term_string}"},"query-input":"required name=search_term_string"}],"inLanguage":"es-AR"},{"@type":"Person","@id":"https:\/\/hcd.malargue.gov.ar\/#\/schema\/person\/c02f28730a528313e04d34aba071fe06","name":"Marcia Sepulveda","image":{"@type":"ImageObject","inLanguage":"es-AR","@id":"https:\/\/hcd.malargue.gov.ar\/#\/schema\/person\/image\/","url":"https:\/\/secure.gravatar.com\/avatar\/3557e3bccdef0a5d4de0476d077c8920f0638f6f0bd05553351eb0e70d99f241?s=96&d=mm&r=g","contentUrl":"https:\/\/secure.gravatar.com\/avatar\/3557e3bccdef0a5d4de0476d077c8920f0638f6f0bd05553351eb0e70d99f241?s=96&d=mm&r=g","caption":"Marcia Sepulveda"},"url":"https:\/\/hcd.malargue.gov.ar\/?author=4"}]}},"_links":{"self":[{"href":"https:\/\/hcd.malargue.gov.ar\/index.php?rest_route=\/wp\/v2\/posts\/15810","targetHints":{"allow":["GET"]}}],"collection":[{"href":"https:\/\/hcd.malargue.gov.ar\/index.php?rest_route=\/wp\/v2\/posts"}],"about":[{"href":"https:\/\/hcd.malargue.gov.ar\/index.php?rest_route=\/wp\/v2\/types\/post"}],"author":[{"embeddable":true,"href":"https:\/\/hcd.malargue.gov.ar\/index.php?rest_route=\/wp\/v2\/users\/4"}],"replies":[{"embeddable":true,"href":"https:\/\/hcd.malargue.gov.ar\/index.php?rest_route=%2Fwp%2Fv2%2Fcomments&post=15810"}],"version-history":[{"count":0,"href":"https:\/\/hcd.malargue.gov.ar\/index.php?rest_route=\/wp\/v2\/posts\/15810\/revisions"}],"wp:featuredmedia":[{"embeddable":true,"href":"https:\/\/hcd.malargue.gov.ar\/index.php?rest_route=\/wp\/v2\/media\/15815"}],"wp:attachment":[{"href":"https:\/\/hcd.malargue.gov.ar\/index.php?rest_route=%2Fwp%2Fv2%2Fmedia&parent=15810"}],"wp:term":[{"taxonomy":"category","embeddable":true,"href":"https:\/\/hcd.malargue.gov.ar\/index.php?rest_route=%2Fwp%2Fv2%2Fcategories&post=15810"},{"taxonomy":"post_tag","embeddable":true,"href":"https:\/\/hcd.malargue.gov.ar\/index.php?rest_route=%2Fwp%2Fv2%2Ftags&post=15810"}],"curies":[{"name":"wp","href":"https:\/\/api.w.org\/{rel}","templated":true}]}}