{"id":16028,"date":"2019-06-13T12:37:25","date_gmt":"2019-06-13T15:37:25","guid":{"rendered":"https:\/\/hcd.malargue.gov.ar\/?p=16028"},"modified":"2019-06-19T09:11:44","modified_gmt":"2019-06-19T12:11:44","slug":"el-concejo-llevo-a-cabo-la-12o-sesion-ordinaria-del-ejercicio-2019","status":"publish","type":"post","link":"https:\/\/hcd.malargue.gov.ar\/?p=16028","title":{"rendered":"EL CONCEJO LLEV\u00d3 A CABO LA 12\u00ba SESI\u00d3N ORDINARIA DEL EJERCICIO 2019."},"content":{"rendered":"<h6 style=\"text-align: right;\">SESI\u00d3N ORDINARIA \u2013 13 de junio\u00a0 2019<\/h6>\n<h6 style=\"text-align: right;\">Presidi\u00f3 la Sesi\u00f3n:\u00a0\u00a0Concejal\u00a0<a href=\"https:\/\/www.facebook.com\/fernando.glatigny?__tn__=K-R&amp;eid=ARDy0jr1w0tdsB44p_24sX_RFGOUUkaQWtD1SmlMWilBoYPReJren5ogg8IwAnsFHiXIBCIHlSszWJxO&amp;fref=mentions&amp;__xts__%5B0%5D=68.ARDmSN2Rx1qbBVk8DtQG_Qt2OBvoM8dGcTpbhkyQ-iiK9dXL3oGnZx222bOUR0qjhncKejMTHeOsz5QhLXw8yW2wr9T5uGpnXJnkKgEKigjEcUo12Lb3mPNmkrqaN-7izw0wLKrsaT37IUomGlChV2X0i_GJg4eyyiMrla1VclGeFY-WRu9YB2mBaThryDdczPlc3P0kazuwwD7rmjtRipEsrdb2L9d2supcRFMN_0GrPMDLdqz-bTDZcnVFkg6AOv3CJbSSIX2GMalcAiLXFnc5PVJy027DplPTPo5ciU2l5yMpqXa3NKAOBwHgALZJcmr36Xt6dq5CFdyyVWXmqCs\" data-hovercard=\"\/ajax\/hovercard\/user.php?id=100000269621744&amp;extragetparams=%7B%22__tn__%22%3A%22%2CdK-R-R%22%2C%22eid%22%3A%22ARDy0jr1w0tdsB44p_24sX_RFGOUUkaQWtD1SmlMWilBoYPReJren5ogg8IwAnsFHiXIBCIHlSszWJxO%22%2C%22fref%22%3A%22mentions%22%7D&amp;av=361313671036059&amp;eav=AfZCN0Ln-Hv5KNbJ0zOesk8My7GVHj1F5ho_Rqsry_3QLe4CbOOaV8BJx7JFVgYPLII\" data-hovercard-prefer-more-content-show=\"1\">Fernando Glatigny\u00a0\u00a0<\/a>(Bloque Cambia Mendoza)<\/h6>\n<h6 style=\"text-align: right;\">Concejales Presentes: Rodolfo Cabeza,\u00a0<a href=\"https:\/\/www.facebook.com\/profile.php?id=100006772713963\" target=\"_blank\" rel=\"noopener\">Raul Rodr\u00edguez<\/a>\u00a0\u00a0(Bloque Justicialista FPV), Jos\u00e9 Barro, Paola\u00a0<a href=\"https:\/\/www.facebook.com\/paolafer.gonzalezjofre?__tn__=K-R&amp;eid=ARDCakJJCC46y90Kliroul66qnA9Ab2OBd94PXXTHGb7qcpCSxDi5P1G6QkNaRA5BM9l0ImhWRqyj3zm&amp;fref=mentions&amp;__xts__%5B0%5D=68.ARDmSN2Rx1qbBVk8DtQG_Qt2OBvoM8dGcTpbhkyQ-iiK9dXL3oGnZx222bOUR0qjhncKejMTHeOsz5QhLXw8yW2wr9T5uGpnXJnkKgEKigjEcUo12Lb3mPNmkrqaN-7izw0wLKrsaT37IUomGlChV2X0i_GJg4eyyiMrla1VclGeFY-WRu9YB2mBaThryDdczPlc3P0kazuwwD7rmjtRipEsrdb2L9d2supcRFMN_0GrPMDLdqz-bTDZcnVFkg6AOv3CJbSSIX2GMalcAiLXFnc5PVJy027DplPTPo5ciU2l5yMpqXa3NKAOBwHgALZJcmr36Xt6dq5CFdyyVWXmqCs\" data-hovercard=\"\/ajax\/hovercard\/user.php?id=1186623343&amp;extragetparams=%7B%22__tn__%22%3A%22%2CdK-R-R%22%2C%22eid%22%3A%22ARDCakJJCC46y90Kliroul66qnA9Ab2OBd94PXXTHGb7qcpCSxDi5P1G6QkNaRA5BM9l0ImhWRqyj3zm%22%2C%22fref%22%3A%22mentions%22%7D&amp;av=361313671036059&amp;eav=AfakCvfYKlOv07u0PXFiAQ8vAoJrMcyB2aBOzJhR-llyrRKjJgBb_GRoAIQ_hPTvydE\" data-hovercard-prefer-more-content-show=\"1\">Jofre<\/a>\u00a0(Bloque Somos Mendoza)\u00a0<a href=\"https:\/\/www.facebook.com\/martin.palma.526?__tn__=K-R&amp;eid=ARC3ZTZMkX2N4GJ_ValvAdr4v-vyUPMhYMs7PeknGK-k1pJCSMomwvX1QK8uCBHypCElThuD3-_r5dd8&amp;fref=mentions&amp;__xts__%5B0%5D=68.ARDmSN2Rx1qbBVk8DtQG_Qt2OBvoM8dGcTpbhkyQ-iiK9dXL3oGnZx222bOUR0qjhncKejMTHeOsz5QhLXw8yW2wr9T5uGpnXJnkKgEKigjEcUo12Lb3mPNmkrqaN-7izw0wLKrsaT37IUomGlChV2X0i_GJg4eyyiMrla1VclGeFY-WRu9YB2mBaThryDdczPlc3P0kazuwwD7rmjtRipEsrdb2L9d2supcRFMN_0GrPMDLdqz-bTDZcnVFkg6AOv3CJbSSIX2GMalcAiLXFnc5PVJy027DplPTPo5ciU2l5yMpqXa3NKAOBwHgALZJcmr36Xt6dq5CFdyyVWXmqCs\" data-hovercard=\"\/ajax\/hovercard\/user.php?id=100003067710365&amp;extragetparams=%7B%22__tn__%22%3A%22%2CdK-R-R%22%2C%22eid%22%3A%22ARC3ZTZMkX2N4GJ_ValvAdr4v-vyUPMhYMs7PeknGK-k1pJCSMomwvX1QK8uCBHypCElThuD3-_r5dd8%22%2C%22fref%22%3A%22mentions%22%7D&amp;av=361313671036059&amp;eav=AfbeHS2oSrnMLr7F_SbYHc6jqNcyeWp_RQuB_UIdfpelErXJDJ4p4QQjBwMGHhKlwiY\" data-hovercard-prefer-more-content-show=\"1\">Martin Palma<\/a>\u00a0,\u00a0<a href=\"https:\/\/www.facebook.com\/juanmanuel.ojeda.986\" target=\"_blank\" rel=\"noopener\">Juan Manuel Ojeda<\/a>,\u00a0<a href=\"https:\/\/www.facebook.com\/mauricio.martinez.71465572?__tn__=K-R&amp;eid=ARCpPys5GAPGJtVgu7dIIO6oBRlV4IJE2Dt9nIKVcAFYWhbVRm-IkfS8XjW3siYmBXqnNI-2viHOsCe2&amp;fref=mentions&amp;__xts__%5B0%5D=68.ARDmSN2Rx1qbBVk8DtQG_Qt2OBvoM8dGcTpbhkyQ-iiK9dXL3oGnZx222bOUR0qjhncKejMTHeOsz5QhLXw8yW2wr9T5uGpnXJnkKgEKigjEcUo12Lb3mPNmkrqaN-7izw0wLKrsaT37IUomGlChV2X0i_GJg4eyyiMrla1VclGeFY-WRu9YB2mBaThryDdczPlc3P0kazuwwD7rmjtRipEsrdb2L9d2supcRFMN_0GrPMDLdqz-bTDZcnVFkg6AOv3CJbSSIX2GMalcAiLXFnc5PVJy027DplPTPo5ciU2l5yMpqXa3NKAOBwHgALZJcmr36Xt6dq5CFdyyVWXmqCs\" data-hovercard=\"\/ajax\/hovercard\/user.php?id=1347072991&amp;extragetparams=%7B%22__tn__%22%3A%22%2CdK-R-R%22%2C%22eid%22%3A%22ARCpPys5GAPGJtVgu7dIIO6oBRlV4IJE2Dt9nIKVcAFYWhbVRm-IkfS8XjW3siYmBXqnNI-2viHOsCe2%22%2C%22fref%22%3A%22mentions%22%7D&amp;av=361313671036059&amp;eav=AfbrNx55Dvzje4miB2FYAtR9Ce5HDL_7w-aUWNpn_czw--nskzYRPLlG_un0nd9ln3Q\" data-hovercard-prefer-more-content-show=\"1\">Mauricio Martinez<\/a>\u00a0y\u00a0<a href=\"https:\/\/www.facebook.com\/paola.paleico\" target=\"_blank\" rel=\"noopener\">Paola Paleico<\/a>\u00a0\u00a0(Bloque Cambia Mendoza)<\/h6>\n<p>Este jueves se llevo a cabo la 12\u00ba Sesi\u00f3n ordinaria,\u00a0ejercicio 2019, del Poder Deliberativo local. El <a href=\"https:\/\/hcd.malargue.gov.ar\/pdf\/ORDEN%2013%20%20de%20Junio%20%20%20de%20%202019.pdf\" target=\"_blank\" rel=\"noopener\">orden del d\u00eda<\/a> cont\u00f3 con cuatro proyectos de los Sres Concejales, a los cuales se sumaron un Expte. proveniente del Departamento Ejecutivo y\u00a0 doce despachos emitidos por las Comisiones de trabajo .<\/p>\n<p>El Concejo\u00a0 ingres\u00f3 y elev\u00f3 a las Comisiones y oficinas un total de 10 notas, dio lectura y elev\u00f3 a las diferentes comisiones de trabajo los cuatro proyectos presentados y dieron aprobaci\u00f3n a seis nuevas piezas legales: Detalle.<\/p>\n<ol>\n<li>Resoluci\u00f3n: Pedido de Legajo y Exptes. al Departamento Ejecutivo Municipal ( Nota HC-41-19 Sra. Ang\u00e9lica Sol\u00eds, Licenciada en Enfermer\u00eda Empleada Municipal presenta Recurso de Apelaci\u00f3n contra Decreto N\u00ba 160\/19)<\/li>\n<li>Resoluci\u00f3n: Solicitar al Instituto Provincial de la Vivienda disposici\u00f3n de una vivienda en barrios a concretar, como refugio transitorio para v\u00edctimas de violencia de g\u00e9nero. (E<span style=\"font-family: 'Open Sans', Arial, sans-serif; font-size: 14px;\">xpte. N\u00ba 4.582-HC 006-2019<\/span>)<\/li>\n<li>Resoluci\u00f3n: Declarar Patrimonio Cultural al Edificio del Honorable Concejo Deliberante de Malarg\u00fce (<span style=\"font-family: 'Open Sans', Arial, sans-serif; font-size: 14px;\">Expte. N\u00ba 4.639-HC 010-2019<\/span>)<\/li>\n<li>Resoluci\u00f3n: Crear un espacio destinado a graffiteros \u201cMuralistas Culturales\u201d dependiente de la Secretar\u00eda de Desarrollo Cultural y Protecci\u00f3n Patrimonial de la Municipalidad de Malarg\u00fce. (<span style=\"font-family: 'Open Sans', Arial, sans-serif; font-size: 14px;\">Expte. N\u00ba 4.632-HC 009-2019<\/span>)<\/li>\n<li>Declaraci\u00f3n: Adherir a la Ley Nacional N\u00ba 26.485 de protecci\u00f3n integral a las mujeres y declarar la emergencia en violencia de g\u00e9nero en el Departamento de Malarg\u00fce (<span style=\"font-family: 'Open Sans', Arial, sans-serif; font-size: 14px;\">Expte. N\u00ba 4.569-HC 005-2019<\/span>)<\/li>\n<li>Ordenanza: Modificaci\u00f3n Ordenanza N\u00ba 1793\/15 Regularizaci\u00f3n actividad nocturna y comercios-incorporaci\u00f3n nuevos rubros. (Nota HC-448-18 Sr. Horacio Enrique Junco Socio Gerente de UCO los Tres Valles S.R.L propietaria de El Brasero, solicita ampliaci\u00f3n Ordenanza N\u00ba 1793\/15)<\/li>\n<\/ol>\n<p>Sin m\u00e1s que tratar , el Presidente del Cuerpo Sr. Fernando Glatigny, dio por finalizada la sesi\u00f3n convocada.<\/p>\n<p>Marcia Sep\u00falveda-Prensa HCD<\/p>\n<p>Fotos: Belen Pedernera Ferragut-Prensa HCD<\/p>\n<blockquote>\n<h1>Detalle de los Proyectos y env\u00edo a Comisiones de Trabajo:<\/h1>\n<\/blockquote>\n<ul>\n<li><strong><em>La COMISI\u00d3N DE EDUCACI\u00d3N, HIGIENE, MORALIDAD, ACCI\u00d3N SOCIAL Y CULTURA (EHMASyC) recepcionar\u00e1 2 proyectos:<\/em><\/strong><\/li>\n<\/ul>\n<p>Expte. N\u00ba 4.642-HC 010-2019 Proyecto de Resoluci\u00f3n: Reconocer el equipo de Cadetes de H\u00e1ndbol del Club ESTIM (BLOQUE FRENTE CAMBIA MENDOZA) Autor: Concejal Osvaldo Mart\u00edn Palma<\/p>\n<p>Expte. N\u00ba 4.644-HC 010-2019 Proyecto de Resoluci\u00f3n: Aumento de recursos humanos materiales y econ\u00f3micos en el \u00e1mbito del trabajo sanitario en zona rural (BLOQUE FRENTE SOMOS MENDOZA) Autores: Concejales Jos\u00e9 Barro y Paola Jofr\u00e9<\/p>\n<ul>\n<li><em><b>La COMISI\u00d3N DE HACIENDA PRESUPUESTO LEGISLACI\u00d3N Y ASUNTOS CONSTITUCIONALES (HPLAC) recepcionar\u00e1 2 proyectos:<\/b><\/em><\/li>\n<\/ul>\n<p>Expte- N\u00ba 4.643-HC 010-2019 Proyecto de Resoluci\u00f3n: Solicitar al Sr. Gobernador de la Provincia de Mendoza la inclusi\u00f3n de cl\u00e1usulas que prioricen mano de obra y compre malarg\u00fcino en concesi\u00f3n de \u00c1reas Petroleras. (BLOQUE JUSTICIALISTA FRENTE PARA LA VICTORIA) Autor: Concejal Rodolfo An\u00edbal Cabeza<\/p>\n<p>Expte. proveniente del Departamento Ejecutivo N\u00ba 2539\/19 Responsabilidad Fiscal Primer Trimestre 2019-Municipalidad de\u00a0 Malarg\u00fce<\/p>\n<ul>\n<li><em><b>La COMISI\u00d3N DE OBRAS P\u00daBLICAS, TURISMO Y RECURSOS NATURALES (OPTyRN) recepcionar\u00e1\u00a0 un proyecto el que\u00a0luego de tratado ser\u00e1 remitido a la Comsi\u00f3n de Hacienda\u00a0<\/b><\/em><\/li>\n<\/ul>\n<p>Expte. N\u00ba 4.641 HC 010-2019 Proyecto de Resoluci\u00f3n: Realizar el asfalto en la arteria principal del Barrio en Los Molles. (BLOQUE FRENTE CAMBIA MENDOZA) Autor: Concejal Mauricio Mart\u00ednez<\/p>\n<p>&nbsp;<\/p>\n<div id='gallery-1' class='gallery galleryid-16028 gallery-columns-8 gallery-size-thumbnail'><figure class='gallery-item'>\n\t\t\t<div class='gallery-icon portrait'>\n\t\t\t\t<a href='https:\/\/hcd.malargue.gov.ar\/wp-content\/uploads\/2019\/06\/IMGP0009.jpg'><img loading=\"lazy\" decoding=\"async\" width=\"150\" height=\"150\" src=\"https:\/\/hcd.malargue.gov.ar\/wp-content\/uploads\/2019\/06\/IMGP0009-150x150.jpg\" class=\"attachment-thumbnail size-thumbnail\" alt=\"\" \/><\/a>\n\t\t\t<\/div><\/figure><figure class='gallery-item'>\n\t\t\t<div class='gallery-icon portrait'>\n\t\t\t\t<a href='https:\/\/hcd.malargue.gov.ar\/wp-content\/uploads\/2019\/06\/IMGP0010.jpg'><img loading=\"lazy\" decoding=\"async\" width=\"150\" height=\"150\" src=\"https:\/\/hcd.malargue.gov.ar\/wp-content\/uploads\/2019\/06\/IMGP0010-150x150.jpg\" class=\"attachment-thumbnail size-thumbnail\" alt=\"\" \/><\/a>\n\t\t\t<\/div><\/figure><figure class='gallery-item'>\n\t\t\t<div class='gallery-icon landscape'>\n\t\t\t\t<a href='https:\/\/hcd.malargue.gov.ar\/wp-content\/uploads\/2019\/06\/IMGP0011.jpg'><img loading=\"lazy\" decoding=\"async\" width=\"150\" height=\"150\" src=\"https:\/\/hcd.malargue.gov.ar\/wp-content\/uploads\/2019\/06\/IMGP0011-150x150.jpg\" class=\"attachment-thumbnail size-thumbnail\" alt=\"\" \/><\/a>\n\t\t\t<\/div><\/figure><figure class='gallery-item'>\n\t\t\t<div class='gallery-icon landscape'>\n\t\t\t\t<a href='https:\/\/hcd.malargue.gov.ar\/wp-content\/uploads\/2019\/06\/IMGP0012-2.jpg'><img loading=\"lazy\" decoding=\"async\" width=\"150\" height=\"150\" src=\"https:\/\/hcd.malargue.gov.ar\/wp-content\/uploads\/2019\/06\/IMGP0012-2-150x150.jpg\" class=\"attachment-thumbnail size-thumbnail\" alt=\"\" \/><\/a>\n\t\t\t<\/div><\/figure><figure class='gallery-item'>\n\t\t\t<div class='gallery-icon landscape'>\n\t\t\t\t<a href='https:\/\/hcd.malargue.gov.ar\/wp-content\/uploads\/2019\/06\/IMGP0016.jpg'><img loading=\"lazy\" decoding=\"async\" width=\"150\" height=\"150\" src=\"https:\/\/hcd.malargue.gov.ar\/wp-content\/uploads\/2019\/06\/IMGP0016-150x150.jpg\" class=\"attachment-thumbnail size-thumbnail\" alt=\"\" \/><\/a>\n\t\t\t<\/div><\/figure><figure class='gallery-item'>\n\t\t\t<div class='gallery-icon landscape'>\n\t\t\t\t<a href='https:\/\/hcd.malargue.gov.ar\/wp-content\/uploads\/2019\/06\/IMGP0018.jpg'><img loading=\"lazy\" decoding=\"async\" width=\"150\" height=\"150\" src=\"https:\/\/hcd.malargue.gov.ar\/wp-content\/uploads\/2019\/06\/IMGP0018-150x150.jpg\" class=\"attachment-thumbnail size-thumbnail\" alt=\"\" \/><\/a>\n\t\t\t<\/div><\/figure><figure class='gallery-item'>\n\t\t\t<div class='gallery-icon portrait'>\n\t\t\t\t<a href='https:\/\/hcd.malargue.gov.ar\/wp-content\/uploads\/2019\/06\/IMGP0020.jpg'><img loading=\"lazy\" decoding=\"async\" width=\"150\" height=\"150\" src=\"https:\/\/hcd.malargue.gov.ar\/wp-content\/uploads\/2019\/06\/IMGP0020-150x150.jpg\" class=\"attachment-thumbnail size-thumbnail\" alt=\"\" \/><\/a>\n\t\t\t<\/div><\/figure><figure class='gallery-item'>\n\t\t\t<div class='gallery-icon landscape'>\n\t\t\t\t<a href='https:\/\/hcd.malargue.gov.ar\/wp-content\/uploads\/2019\/06\/IMGP0021.jpg'><img loading=\"lazy\" decoding=\"async\" width=\"150\" height=\"150\" src=\"https:\/\/hcd.malargue.gov.ar\/wp-content\/uploads\/2019\/06\/IMGP0021-150x150.jpg\" class=\"attachment-thumbnail size-thumbnail\" alt=\"\" \/><\/a>\n\t\t\t<\/div><\/figure><figure class='gallery-item'>\n\t\t\t<div class='gallery-icon landscape'>\n\t\t\t\t<a href='https:\/\/hcd.malargue.gov.ar\/wp-content\/uploads\/2019\/06\/IMGP0024-2.jpg'><img loading=\"lazy\" decoding=\"async\" width=\"150\" height=\"150\" src=\"https:\/\/hcd.malargue.gov.ar\/wp-content\/uploads\/2019\/06\/IMGP0024-2-150x150.jpg\" class=\"attachment-thumbnail size-thumbnail\" alt=\"\" \/><\/a>\n\t\t\t<\/div><\/figure><figure class='gallery-item'>\n\t\t\t<div class='gallery-icon landscape'>\n\t\t\t\t<a href='https:\/\/hcd.malargue.gov.ar\/wp-content\/uploads\/2019\/06\/IMGP0026.jpg'><img loading=\"lazy\" decoding=\"async\" width=\"150\" height=\"150\" src=\"https:\/\/hcd.malargue.gov.ar\/wp-content\/uploads\/2019\/06\/IMGP0026-150x150.jpg\" class=\"attachment-thumbnail size-thumbnail\" alt=\"\" \/><\/a>\n\t\t\t<\/div><\/figure><figure class='gallery-item'>\n\t\t\t<div class='gallery-icon landscape'>\n\t\t\t\t<a href='https:\/\/hcd.malargue.gov.ar\/wp-content\/uploads\/2019\/06\/IMGP0028.jpg'><img loading=\"lazy\" decoding=\"async\" width=\"150\" height=\"150\" src=\"https:\/\/hcd.malargue.gov.ar\/wp-content\/uploads\/2019\/06\/IMGP0028-150x150.jpg\" class=\"attachment-thumbnail size-thumbnail\" alt=\"\" \/><\/a>\n\t\t\t<\/div><\/figure><figure class='gallery-item'>\n\t\t\t<div class='gallery-icon landscape'>\n\t\t\t\t<a href='https:\/\/hcd.malargue.gov.ar\/wp-content\/uploads\/2019\/06\/IMGP0030.jpg'><img loading=\"lazy\" decoding=\"async\" width=\"150\" height=\"150\" src=\"https:\/\/hcd.malargue.gov.ar\/wp-content\/uploads\/2019\/06\/IMGP0030-150x150.jpg\" class=\"attachment-thumbnail size-thumbnail\" alt=\"\" \/><\/a>\n\t\t\t<\/div><\/figure><figure class='gallery-item'>\n\t\t\t<div class='gallery-icon landscape'>\n\t\t\t\t<a href='https:\/\/hcd.malargue.gov.ar\/wp-content\/uploads\/2019\/06\/IMGP0032.jpg'><img loading=\"lazy\" decoding=\"async\" width=\"150\" height=\"150\" src=\"https:\/\/hcd.malargue.gov.ar\/wp-content\/uploads\/2019\/06\/IMGP0032-150x150.jpg\" class=\"attachment-thumbnail size-thumbnail\" alt=\"\" \/><\/a>\n\t\t\t<\/div><\/figure><figure class='gallery-item'>\n\t\t\t<div class='gallery-icon landscape'>\n\t\t\t\t<a href='https:\/\/hcd.malargue.gov.ar\/wp-content\/uploads\/2019\/06\/IMGP0034.jpg'><img loading=\"lazy\" decoding=\"async\" width=\"150\" height=\"150\" src=\"https:\/\/hcd.malargue.gov.ar\/wp-content\/uploads\/2019\/06\/IMGP0034-150x150.jpg\" class=\"attachment-thumbnail size-thumbnail\" alt=\"\" \/><\/a>\n\t\t\t<\/div><\/figure><figure class='gallery-item'>\n\t\t\t<div class='gallery-icon landscape'>\n\t\t\t\t<a href='https:\/\/hcd.malargue.gov.ar\/wp-content\/uploads\/2019\/06\/IMGP0035.jpg'><img loading=\"lazy\" decoding=\"async\" width=\"150\" height=\"150\" src=\"https:\/\/hcd.malargue.gov.ar\/wp-content\/uploads\/2019\/06\/IMGP0035-150x150.jpg\" class=\"attachment-thumbnail size-thumbnail\" alt=\"\" \/><\/a>\n\t\t\t<\/div><\/figure><figure class='gallery-item'>\n\t\t\t<div class='gallery-icon landscape'>\n\t\t\t\t<a href='https:\/\/hcd.malargue.gov.ar\/wp-content\/uploads\/2019\/06\/IMGP0036.jpg'><img loading=\"lazy\" decoding=\"async\" width=\"150\" height=\"150\" src=\"https:\/\/hcd.malargue.gov.ar\/wp-content\/uploads\/2019\/06\/IMGP0036-150x150.jpg\" class=\"attachment-thumbnail size-thumbnail\" alt=\"\" \/><\/a>\n\t\t\t<\/div><\/figure><figure class='gallery-item'>\n\t\t\t<div class='gallery-icon landscape'>\n\t\t\t\t<a href='https:\/\/hcd.malargue.gov.ar\/wp-content\/uploads\/2019\/06\/IMGP0037.jpg'><img loading=\"lazy\" decoding=\"async\" width=\"150\" height=\"150\" src=\"https:\/\/hcd.malargue.gov.ar\/wp-content\/uploads\/2019\/06\/IMGP0037-150x150.jpg\" class=\"attachment-thumbnail size-thumbnail\" alt=\"\" \/><\/a>\n\t\t\t<\/div><\/figure><figure class='gallery-item'>\n\t\t\t<div class='gallery-icon portrait'>\n\t\t\t\t<a href='https:\/\/hcd.malargue.gov.ar\/wp-content\/uploads\/2019\/06\/IMGP0044.jpg'><img loading=\"lazy\" decoding=\"async\" width=\"150\" height=\"150\" src=\"https:\/\/hcd.malargue.gov.ar\/wp-content\/uploads\/2019\/06\/IMGP0044-150x150.jpg\" class=\"attachment-thumbnail size-thumbnail\" alt=\"\" \/><\/a>\n\t\t\t<\/div><\/figure><figure class='gallery-item'>\n\t\t\t<div class='gallery-icon landscape'>\n\t\t\t\t<a href='https:\/\/hcd.malargue.gov.ar\/wp-content\/uploads\/2019\/06\/IMGP0045.jpg'><img loading=\"lazy\" decoding=\"async\" width=\"150\" height=\"150\" src=\"https:\/\/hcd.malargue.gov.ar\/wp-content\/uploads\/2019\/06\/IMGP0045-150x150.jpg\" class=\"attachment-thumbnail size-thumbnail\" alt=\"\" \/><\/a>\n\t\t\t<\/div><\/figure><figure class='gallery-item'>\n\t\t\t<div class='gallery-icon landscape'>\n\t\t\t\t<a href='https:\/\/hcd.malargue.gov.ar\/wp-content\/uploads\/2019\/06\/IMGP0046.jpg'><img loading=\"lazy\" decoding=\"async\" width=\"150\" height=\"150\" src=\"https:\/\/hcd.malargue.gov.ar\/wp-content\/uploads\/2019\/06\/IMGP0046-150x150.jpg\" class=\"attachment-thumbnail size-thumbnail\" alt=\"\" \/><\/a>\n\t\t\t<\/div><\/figure><figure class='gallery-item'>\n\t\t\t<div class='gallery-icon portrait'>\n\t\t\t\t<a href='https:\/\/hcd.malargue.gov.ar\/wp-content\/uploads\/2019\/06\/IMGP0048.jpg'><img loading=\"lazy\" decoding=\"async\" width=\"150\" height=\"150\" src=\"https:\/\/hcd.malargue.gov.ar\/wp-content\/uploads\/2019\/06\/IMGP0048-150x150.jpg\" class=\"attachment-thumbnail size-thumbnail\" alt=\"\" \/><\/a>\n\t\t\t<\/div><\/figure><figure class='gallery-item'>\n\t\t\t<div class='gallery-icon landscape'>\n\t\t\t\t<a href='https:\/\/hcd.malargue.gov.ar\/wp-content\/uploads\/2019\/06\/IMGP0051.jpg'><img loading=\"lazy\" decoding=\"async\" width=\"150\" height=\"150\" src=\"https:\/\/hcd.malargue.gov.ar\/wp-content\/uploads\/2019\/06\/IMGP0051-150x150.jpg\" class=\"attachment-thumbnail size-thumbnail\" alt=\"\" \/><\/a>\n\t\t\t<\/div><\/figure><figure class='gallery-item'>\n\t\t\t<div class='gallery-icon landscape'>\n\t\t\t\t<a href='https:\/\/hcd.malargue.gov.ar\/wp-content\/uploads\/2019\/06\/IMGP0055.jpg'><img loading=\"lazy\" decoding=\"async\" width=\"150\" height=\"150\" src=\"https:\/\/hcd.malargue.gov.ar\/wp-content\/uploads\/2019\/06\/IMGP0055-150x150.jpg\" class=\"attachment-thumbnail size-thumbnail\" alt=\"\" \/><\/a>\n\t\t\t<\/div><\/figure><figure class='gallery-item'>\n\t\t\t<div class='gallery-icon portrait'>\n\t\t\t\t<a href='https:\/\/hcd.malargue.gov.ar\/wp-content\/uploads\/2019\/06\/IMGP0060.jpg'><img loading=\"lazy\" decoding=\"async\" width=\"150\" height=\"150\" src=\"https:\/\/hcd.malargue.gov.ar\/wp-content\/uploads\/2019\/06\/IMGP0060-150x150.jpg\" class=\"attachment-thumbnail size-thumbnail\" alt=\"\" \/><\/a>\n\t\t\t<\/div><\/figure>\n\t\t<\/div>\n\n","protected":false},"excerpt":{"rendered":"<p>SESI\u00d3N ORDINARIA \u2013 13 de junio\u00a0 2019 Presidi\u00f3 la Sesi\u00f3n:\u00a0\u00a0Concejal\u00a0Fernando Glatigny\u00a0\u00a0(Bloque Cambia Mendoza) Concejales Presentes: Rodolfo Cabeza,\u00a0Raul Rodr\u00edguez\u00a0\u00a0(Bloque Justicialista FPV), Jos\u00e9 Barro, Paola\u00a0Jofre\u00a0(Bloque Somos Mendoza)\u00a0Martin Palma\u00a0,\u00a0Juan Manuel Ojeda,\u00a0Mauricio Martinez\u00a0y\u00a0Paola Paleico\u00a0\u00a0(Bloque Cambia Mendoza) Este jueves se llevo a cabo la 12\u00ba Sesi\u00f3n ordinaria,\u00a0ejercicio 2019, del Poder Deliberativo local. El orden del d\u00eda cont\u00f3 con cuatro proyectos [&hellip;]<\/p>\n","protected":false},"author":4,"featured_media":16053,"comment_status":"closed","ping_status":"closed","sticky":false,"template":"","format":"standard","meta":{"footnotes":""},"categories":[52,58,33,36],"tags":[],"class_list":["post-16028","post","type-post","status-publish","format-standard","has-post-thumbnail","hentry","category-gacetillas","category-ordinarias","category-prensa","category-sesiones"],"yoast_head":"<!-- This site is optimized with the Yoast SEO plugin v19.10 - https:\/\/yoast.com\/wordpress\/plugins\/seo\/ -->\n<title>EL CONCEJO LLEV\u00d3 A CABO LA 12\u00ba SESI\u00d3N ORDINARIA DEL EJERCICIO 2019. - Malarg\u00fce HCD<\/title>\n<meta name=\"robots\" content=\"index, follow, max-snippet:-1, max-image-preview:large, max-video-preview:-1\" \/>\n<link rel=\"canonical\" href=\"https:\/\/hcd.malargue.gov.ar\/?p=16028\" \/>\n<meta property=\"og:locale\" content=\"es_ES\" \/>\n<meta property=\"og:type\" content=\"article\" \/>\n<meta property=\"og:title\" content=\"EL CONCEJO LLEV\u00d3 A CABO LA 12\u00ba SESI\u00d3N ORDINARIA DEL EJERCICIO 2019. - Malarg\u00fce HCD\" \/>\n<meta property=\"og:description\" content=\"SESI\u00d3N ORDINARIA \u2013 13 de junio\u00a0 2019 Presidi\u00f3 la Sesi\u00f3n:\u00a0\u00a0Concejal\u00a0Fernando Glatigny\u00a0\u00a0(Bloque Cambia Mendoza) Concejales Presentes: Rodolfo Cabeza,\u00a0Raul Rodr\u00edguez\u00a0\u00a0(Bloque Justicialista FPV), Jos\u00e9 Barro, Paola\u00a0Jofre\u00a0(Bloque Somos Mendoza)\u00a0Martin Palma\u00a0,\u00a0Juan Manuel Ojeda,\u00a0Mauricio Martinez\u00a0y\u00a0Paola Paleico\u00a0\u00a0(Bloque Cambia Mendoza) Este jueves se llevo a cabo la 12\u00ba Sesi\u00f3n ordinaria,\u00a0ejercicio 2019, del Poder Deliberativo local. El orden del d\u00eda cont\u00f3 con cuatro proyectos [&hellip;]\" \/>\n<meta property=\"og:url\" content=\"https:\/\/hcd.malargue.gov.ar\/?p=16028\" \/>\n<meta property=\"og:site_name\" content=\"Malarg\u00fce HCD\" \/>\n<meta property=\"article:published_time\" content=\"2019-06-13T15:37:25+00:00\" \/>\n<meta property=\"article:modified_time\" content=\"2019-06-19T12:11:44+00:00\" \/>\n<meta property=\"og:image\" content=\"https:\/\/hcd.malargue.gov.ar\/wp-content\/uploads\/2019\/06\/IMGP0055.jpg\" \/>\n\t<meta property=\"og:image:width\" content=\"4288\" \/>\n\t<meta property=\"og:image:height\" content=\"2848\" \/>\n\t<meta property=\"og:image:type\" content=\"image\/jpeg\" \/>\n<meta name=\"author\" content=\"Marcia Sepulveda\" \/>\n<meta name=\"twitter:card\" content=\"summary_large_image\" \/>\n<meta name=\"twitter:label1\" content=\"Escrito por\" \/>\n\t<meta name=\"twitter:data1\" content=\"Marcia Sepulveda\" \/>\n\t<meta name=\"twitter:label2\" content=\"Tiempo de lectura\" \/>\n\t<meta name=\"twitter:data2\" content=\"3 minutos\" \/>\n<script type=\"application\/ld+json\" class=\"yoast-schema-graph\">{\"@context\":\"https:\/\/schema.org\",\"@graph\":[{\"@type\":\"WebPage\",\"@id\":\"https:\/\/hcd.malargue.gov.ar\/?p=16028\",\"url\":\"https:\/\/hcd.malargue.gov.ar\/?p=16028\",\"name\":\"EL CONCEJO LLEV\u00d3 A CABO LA 12\u00ba SESI\u00d3N ORDINARIA DEL EJERCICIO 2019. - Malarg\u00fce HCD\",\"isPartOf\":{\"@id\":\"https:\/\/hcd.malargue.gov.ar\/#website\"},\"datePublished\":\"2019-06-13T15:37:25+00:00\",\"dateModified\":\"2019-06-19T12:11:44+00:00\",\"author\":{\"@id\":\"https:\/\/hcd.malargue.gov.ar\/#\/schema\/person\/c02f28730a528313e04d34aba071fe06\"},\"breadcrumb\":{\"@id\":\"https:\/\/hcd.malargue.gov.ar\/?p=16028#breadcrumb\"},\"inLanguage\":\"es-AR\",\"potentialAction\":[{\"@type\":\"ReadAction\",\"target\":[\"https:\/\/hcd.malargue.gov.ar\/?p=16028\"]}]},{\"@type\":\"BreadcrumbList\",\"@id\":\"https:\/\/hcd.malargue.gov.ar\/?p=16028#breadcrumb\",\"itemListElement\":[{\"@type\":\"ListItem\",\"position\":1,\"name\":\"Inicio\",\"item\":\"https:\/\/hcd.malargue.gov.ar\/\"},{\"@type\":\"ListItem\",\"position\":2,\"name\":\"EL CONCEJO LLEV\u00d3 A CABO LA 12\u00ba SESI\u00d3N ORDINARIA DEL EJERCICIO 2019.\"}]},{\"@type\":\"WebSite\",\"@id\":\"https:\/\/hcd.malargue.gov.ar\/#website\",\"url\":\"https:\/\/hcd.malargue.gov.ar\/\",\"name\":\"Malarg\u00fce HCD\",\"description\":\"Malarg\u00fce Mendoza Argentina\",\"potentialAction\":[{\"@type\":\"SearchAction\",\"target\":{\"@type\":\"EntryPoint\",\"urlTemplate\":\"https:\/\/hcd.malargue.gov.ar\/?s={search_term_string}\"},\"query-input\":\"required name=search_term_string\"}],\"inLanguage\":\"es-AR\"},{\"@type\":\"Person\",\"@id\":\"https:\/\/hcd.malargue.gov.ar\/#\/schema\/person\/c02f28730a528313e04d34aba071fe06\",\"name\":\"Marcia Sepulveda\",\"image\":{\"@type\":\"ImageObject\",\"inLanguage\":\"es-AR\",\"@id\":\"https:\/\/hcd.malargue.gov.ar\/#\/schema\/person\/image\/\",\"url\":\"https:\/\/secure.gravatar.com\/avatar\/3557e3bccdef0a5d4de0476d077c8920f0638f6f0bd05553351eb0e70d99f241?s=96&d=mm&r=g\",\"contentUrl\":\"https:\/\/secure.gravatar.com\/avatar\/3557e3bccdef0a5d4de0476d077c8920f0638f6f0bd05553351eb0e70d99f241?s=96&d=mm&r=g\",\"caption\":\"Marcia Sepulveda\"},\"url\":\"https:\/\/hcd.malargue.gov.ar\/?author=4\"}]}<\/script>\n<!-- \/ Yoast SEO plugin. -->","yoast_head_json":{"title":"EL CONCEJO LLEV\u00d3 A CABO LA 12\u00ba SESI\u00d3N ORDINARIA DEL EJERCICIO 2019. - Malarg\u00fce HCD","robots":{"index":"index","follow":"follow","max-snippet":"max-snippet:-1","max-image-preview":"max-image-preview:large","max-video-preview":"max-video-preview:-1"},"canonical":"https:\/\/hcd.malargue.gov.ar\/?p=16028","og_locale":"es_ES","og_type":"article","og_title":"EL CONCEJO LLEV\u00d3 A CABO LA 12\u00ba SESI\u00d3N ORDINARIA DEL EJERCICIO 2019. - Malarg\u00fce HCD","og_description":"SESI\u00d3N ORDINARIA \u2013 13 de junio\u00a0 2019 Presidi\u00f3 la Sesi\u00f3n:\u00a0\u00a0Concejal\u00a0Fernando Glatigny\u00a0\u00a0(Bloque Cambia Mendoza) Concejales Presentes: Rodolfo Cabeza,\u00a0Raul Rodr\u00edguez\u00a0\u00a0(Bloque Justicialista FPV), Jos\u00e9 Barro, Paola\u00a0Jofre\u00a0(Bloque Somos Mendoza)\u00a0Martin Palma\u00a0,\u00a0Juan Manuel Ojeda,\u00a0Mauricio Martinez\u00a0y\u00a0Paola Paleico\u00a0\u00a0(Bloque Cambia Mendoza) Este jueves se llevo a cabo la 12\u00ba Sesi\u00f3n ordinaria,\u00a0ejercicio 2019, del Poder Deliberativo local. El orden del d\u00eda cont\u00f3 con cuatro proyectos [&hellip;]","og_url":"https:\/\/hcd.malargue.gov.ar\/?p=16028","og_site_name":"Malarg\u00fce HCD","article_published_time":"2019-06-13T15:37:25+00:00","article_modified_time":"2019-06-19T12:11:44+00:00","og_image":[{"width":4288,"height":2848,"url":"https:\/\/hcd.malargue.gov.ar\/wp-content\/uploads\/2019\/06\/IMGP0055.jpg","type":"image\/jpeg"}],"author":"Marcia Sepulveda","twitter_card":"summary_large_image","twitter_misc":{"Escrito por":"Marcia Sepulveda","Tiempo de lectura":"3 minutos"},"schema":{"@context":"https:\/\/schema.org","@graph":[{"@type":"WebPage","@id":"https:\/\/hcd.malargue.gov.ar\/?p=16028","url":"https:\/\/hcd.malargue.gov.ar\/?p=16028","name":"EL CONCEJO LLEV\u00d3 A CABO LA 12\u00ba SESI\u00d3N ORDINARIA DEL EJERCICIO 2019. - Malarg\u00fce HCD","isPartOf":{"@id":"https:\/\/hcd.malargue.gov.ar\/#website"},"datePublished":"2019-06-13T15:37:25+00:00","dateModified":"2019-06-19T12:11:44+00:00","author":{"@id":"https:\/\/hcd.malargue.gov.ar\/#\/schema\/person\/c02f28730a528313e04d34aba071fe06"},"breadcrumb":{"@id":"https:\/\/hcd.malargue.gov.ar\/?p=16028#breadcrumb"},"inLanguage":"es-AR","potentialAction":[{"@type":"ReadAction","target":["https:\/\/hcd.malargue.gov.ar\/?p=16028"]}]},{"@type":"BreadcrumbList","@id":"https:\/\/hcd.malargue.gov.ar\/?p=16028#breadcrumb","itemListElement":[{"@type":"ListItem","position":1,"name":"Inicio","item":"https:\/\/hcd.malargue.gov.ar\/"},{"@type":"ListItem","position":2,"name":"EL CONCEJO LLEV\u00d3 A CABO LA 12\u00ba SESI\u00d3N ORDINARIA DEL EJERCICIO 2019."}]},{"@type":"WebSite","@id":"https:\/\/hcd.malargue.gov.ar\/#website","url":"https:\/\/hcd.malargue.gov.ar\/","name":"Malarg\u00fce HCD","description":"Malarg\u00fce Mendoza Argentina","potentialAction":[{"@type":"SearchAction","target":{"@type":"EntryPoint","urlTemplate":"https:\/\/hcd.malargue.gov.ar\/?s={search_term_string}"},"query-input":"required name=search_term_string"}],"inLanguage":"es-AR"},{"@type":"Person","@id":"https:\/\/hcd.malargue.gov.ar\/#\/schema\/person\/c02f28730a528313e04d34aba071fe06","name":"Marcia Sepulveda","image":{"@type":"ImageObject","inLanguage":"es-AR","@id":"https:\/\/hcd.malargue.gov.ar\/#\/schema\/person\/image\/","url":"https:\/\/secure.gravatar.com\/avatar\/3557e3bccdef0a5d4de0476d077c8920f0638f6f0bd05553351eb0e70d99f241?s=96&d=mm&r=g","contentUrl":"https:\/\/secure.gravatar.com\/avatar\/3557e3bccdef0a5d4de0476d077c8920f0638f6f0bd05553351eb0e70d99f241?s=96&d=mm&r=g","caption":"Marcia Sepulveda"},"url":"https:\/\/hcd.malargue.gov.ar\/?author=4"}]}},"_links":{"self":[{"href":"https:\/\/hcd.malargue.gov.ar\/index.php?rest_route=\/wp\/v2\/posts\/16028","targetHints":{"allow":["GET"]}}],"collection":[{"href":"https:\/\/hcd.malargue.gov.ar\/index.php?rest_route=\/wp\/v2\/posts"}],"about":[{"href":"https:\/\/hcd.malargue.gov.ar\/index.php?rest_route=\/wp\/v2\/types\/post"}],"author":[{"embeddable":true,"href":"https:\/\/hcd.malargue.gov.ar\/index.php?rest_route=\/wp\/v2\/users\/4"}],"replies":[{"embeddable":true,"href":"https:\/\/hcd.malargue.gov.ar\/index.php?rest_route=%2Fwp%2Fv2%2Fcomments&post=16028"}],"version-history":[{"count":0,"href":"https:\/\/hcd.malargue.gov.ar\/index.php?rest_route=\/wp\/v2\/posts\/16028\/revisions"}],"wp:featuredmedia":[{"embeddable":true,"href":"https:\/\/hcd.malargue.gov.ar\/index.php?rest_route=\/wp\/v2\/media\/16053"}],"wp:attachment":[{"href":"https:\/\/hcd.malargue.gov.ar\/index.php?rest_route=%2Fwp%2Fv2%2Fmedia&parent=16028"}],"wp:term":[{"taxonomy":"category","embeddable":true,"href":"https:\/\/hcd.malargue.gov.ar\/index.php?rest_route=%2Fwp%2Fv2%2Fcategories&post=16028"},{"taxonomy":"post_tag","embeddable":true,"href":"https:\/\/hcd.malargue.gov.ar\/index.php?rest_route=%2Fwp%2Fv2%2Ftags&post=16028"}],"curies":[{"name":"wp","href":"https:\/\/api.w.org\/{rel}","templated":true}]}}