{"id":16558,"date":"2019-07-22T11:14:17","date_gmt":"2019-07-22T14:14:17","guid":{"rendered":"https:\/\/hcd.malargue.gov.ar\/?p=16558"},"modified":"2019-07-23T09:58:16","modified_gmt":"2019-07-23T12:58:16","slug":"compensacion-procesamiento-facturacion-y-recaudacion-del-servicio-de-alumbrado-publico","status":"publish","type":"post","link":"https:\/\/hcd.malargue.gov.ar\/?p=16558","title":{"rendered":"COMPENSACI\u00d3N, PROCESAMIENTO, FACTURACI\u00d3N Y RECAUDACI\u00d3N DEL SERVICIO  DE ALUMBRADO P\u00daBLICO"},"content":{"rendered":"<p>Mediante un proyecto enviado desde asesoria letrada de la Muncipalidad de Malarg\u00fce, el Cuerpo de Concejales aprob\u00f3, en el marco de la 13\u00ba Sesi\u00f3n Ordinaria, la Ordenanza N\u00ba 1991\/2019, la cual establece el \u201cCargo\u00a0 por Servicio de Alumbrado\u00a0 P\u00fablico\u00a0 del Departamento de Malarg\u00fce (CAP), ser\u00e1n sujetos\u00a0 obligados\u00a0 al pago, todos los usuarios de energ\u00eda el\u00e9ctrica\u00a0 del \u00e1rea\u00a0 correspondiente\u00a0 al Departamento de Malarg\u00fce, que resulten\u00a0 beneficiarios\u00a0 del Servicio de Alumbrado P\u00fablico\u00a0 y conforme\u00a0 a las Ordenanzas y normas\u00a0 que reglamenten la\u00a0 prestaci\u00f3n del mismo.<\/p>\n<p>Cabe destacar que el servicio de Alumbrado P\u00fablico se encuentra\u00a0 dentro de los servicios\u00a0 locales que el Art\u00edculo 197\u00b0 de la Constituci\u00f3n\u00a0 Provincial coloca dentro de la llamada\u00a0 jurisdicci\u00f3n\u00a0 municipal, en caso de que el municipio decida realizar proyectos de recambio de luminarias a tecnolog\u00eda\u00a0 LED y disponga\u00a0 por Ordenanza la cesi\u00f3n parcial de los recursos mensuales que le corresponde percibir por cobranza del Cargo por Alumbrado\u00a0 P\u00fablico (CAP),\u00a0 en garant\u00eda y pago del financiamiento\u00a0 del contrato de provisi\u00f3n de luminarias, la distribuidora\u00a0 deber\u00e1\u00a0 efectuar las liquidaciones\u00a0 de cobro\u00a0 correspondientes considerando\u00a0 un ingreso neto de\u00a0 esta cesi\u00f3n.<\/p>\n<p>Adem\u00e1s corresponde modificar el Presupuesto vigente,\u00a0 a efectos de tomar\u00a0 en consideraci\u00f3n la previsi\u00f3n del gasto de Alumbrado P\u00fablico (AP) para\u00a0 todo\u00a0 el\u00a0 Ejercicio Fiscal. Para ello se tomar\u00e1 el costo efectivamente abonado por los per\u00edodos devengados, y se pre visionar\u00e1 el no devengado hasta el cierre del Ejercicio Fiscal en curso.<\/p>\n<p>Bel\u00e9n Pederenera Ferragut\/\/ PRENSA HCD<\/p>\n<div class=\"post-container cf\">\n<div class=\"post-content-right\">\n<div class=\"post-content description \">\n<blockquote><p><a href=\"http:\/\/hcd.malargue.gov.ar\/hcdpdf\/On1991%202019%20alumbrado%20publico.pdf\">PDF Pieza Legal \u2013 ORDENANZA N\u00ba 1.991\/2.019<\/a><\/p>\n<p><img loading=\"lazy\" decoding=\"async\" class=\"no-display appear alignleft wp-image-7950\" src=\"https:\/\/hcd.malargue.gov.ar\/wp-content\/uploads\/2018\/06\/PDF-JPG-300x300.jpg\" sizes=\"auto, (max-width: 78px) 100vw, 78px\" srcset=\"https:\/\/hcd.malargue.gov.ar\/wp-content\/uploads\/2018\/06\/PDF-JPG-300x300.jpg 300w, https:\/\/hcd.malargue.gov.ar\/wp-content\/uploads\/2018\/06\/PDF-JPG-150x150.jpg 150w, https:\/\/hcd.malargue.gov.ar\/wp-content\/uploads\/2018\/06\/PDF-JPG.jpg 512w\" alt=\"\" width=\"78\" height=\"78\" \/><\/p>\n<p>&nbsp;<\/p><\/blockquote>\n<\/div>\n<\/div>\n<\/div>\n","protected":false},"excerpt":{"rendered":"<p>Mediante un proyecto enviado desde asesoria letrada de la Muncipalidad de Malarg\u00fce, el Cuerpo de Concejales aprob\u00f3, en el marco de la 13\u00ba Sesi\u00f3n Ordinaria, la Ordenanza N\u00ba 1991\/2019, la cual establece el \u201cCargo\u00a0 por Servicio de Alumbrado\u00a0 P\u00fablico\u00a0 del Departamento de Malarg\u00fce (CAP), ser\u00e1n sujetos\u00a0 obligados\u00a0 al pago, todos los usuarios de energ\u00eda el\u00e9ctrica\u00a0 [&hellip;]<\/p>\n","protected":false},"author":5,"featured_media":16559,"comment_status":"closed","ping_status":"closed","sticky":false,"template":"","format":"standard","meta":{"footnotes":""},"categories":[52,29,48,33],"tags":[],"class_list":["post-16558","post","type-post","status-publish","format-standard","has-post-thumbnail","hentry","category-gacetillas","category-lesgilacion","category-ordenanzas-municipales","category-prensa"],"yoast_head":"<!-- This site is optimized with the Yoast SEO plugin v19.10 - https:\/\/yoast.com\/wordpress\/plugins\/seo\/ -->\n<title>COMPENSACI\u00d3N, PROCESAMIENTO, FACTURACI\u00d3N Y RECAUDACI\u00d3N DEL SERVICIO DE ALUMBRADO P\u00daBLICO - Malarg\u00fce HCD<\/title>\n<meta name=\"robots\" content=\"index, follow, max-snippet:-1, max-image-preview:large, max-video-preview:-1\" \/>\n<link rel=\"canonical\" href=\"https:\/\/hcd.malargue.gov.ar\/?p=16558\" \/>\n<meta property=\"og:locale\" content=\"es_ES\" \/>\n<meta property=\"og:type\" content=\"article\" \/>\n<meta property=\"og:title\" content=\"COMPENSACI\u00d3N, PROCESAMIENTO, FACTURACI\u00d3N Y RECAUDACI\u00d3N DEL SERVICIO DE ALUMBRADO P\u00daBLICO - Malarg\u00fce HCD\" \/>\n<meta property=\"og:description\" content=\"Mediante un proyecto enviado desde asesoria letrada de la Muncipalidad de Malarg\u00fce, el Cuerpo de Concejales aprob\u00f3, en el marco de la 13\u00ba Sesi\u00f3n Ordinaria, la Ordenanza N\u00ba 1991\/2019, la cual establece el \u201cCargo\u00a0 por Servicio de Alumbrado\u00a0 P\u00fablico\u00a0 del Departamento de Malarg\u00fce (CAP), ser\u00e1n sujetos\u00a0 obligados\u00a0 al pago, todos los usuarios de energ\u00eda el\u00e9ctrica\u00a0 [&hellip;]\" \/>\n<meta property=\"og:url\" content=\"https:\/\/hcd.malargue.gov.ar\/?p=16558\" \/>\n<meta property=\"og:site_name\" content=\"Malarg\u00fce HCD\" \/>\n<meta property=\"article:published_time\" content=\"2019-07-22T14:14:17+00:00\" \/>\n<meta property=\"article:modified_time\" content=\"2019-07-23T12:58:16+00:00\" \/>\n<meta property=\"og:image\" content=\"https:\/\/hcd.malargue.gov.ar\/wp-content\/uploads\/2019\/07\/Recambio-de-luminarias-a-Led-Tgto1.jpg\" \/>\n\t<meta property=\"og:image:width\" content=\"5867\" \/>\n\t<meta property=\"og:image:height\" content=\"3911\" \/>\n\t<meta property=\"og:image:type\" content=\"image\/jpeg\" \/>\n<meta name=\"author\" content=\"Belen Pedernera Ferragut\" \/>\n<meta name=\"twitter:card\" content=\"summary_large_image\" \/>\n<meta name=\"twitter:label1\" content=\"Escrito por\" \/>\n\t<meta name=\"twitter:data1\" content=\"Belen Pedernera Ferragut\" \/>\n\t<meta name=\"twitter:label2\" content=\"Tiempo de lectura\" \/>\n\t<meta name=\"twitter:data2\" content=\"1 minuto\" \/>\n<script type=\"application\/ld+json\" class=\"yoast-schema-graph\">{\"@context\":\"https:\/\/schema.org\",\"@graph\":[{\"@type\":\"WebPage\",\"@id\":\"https:\/\/hcd.malargue.gov.ar\/?p=16558\",\"url\":\"https:\/\/hcd.malargue.gov.ar\/?p=16558\",\"name\":\"COMPENSACI\u00d3N, PROCESAMIENTO, FACTURACI\u00d3N Y RECAUDACI\u00d3N DEL SERVICIO DE ALUMBRADO P\u00daBLICO - Malarg\u00fce HCD\",\"isPartOf\":{\"@id\":\"https:\/\/hcd.malargue.gov.ar\/#website\"},\"datePublished\":\"2019-07-22T14:14:17+00:00\",\"dateModified\":\"2019-07-23T12:58:16+00:00\",\"author\":{\"@id\":\"https:\/\/hcd.malargue.gov.ar\/#\/schema\/person\/3fd6bbab64edd703961b795156c955d0\"},\"breadcrumb\":{\"@id\":\"https:\/\/hcd.malargue.gov.ar\/?p=16558#breadcrumb\"},\"inLanguage\":\"es-AR\",\"potentialAction\":[{\"@type\":\"ReadAction\",\"target\":[\"https:\/\/hcd.malargue.gov.ar\/?p=16558\"]}]},{\"@type\":\"BreadcrumbList\",\"@id\":\"https:\/\/hcd.malargue.gov.ar\/?p=16558#breadcrumb\",\"itemListElement\":[{\"@type\":\"ListItem\",\"position\":1,\"name\":\"Inicio\",\"item\":\"https:\/\/hcd.malargue.gov.ar\/\"},{\"@type\":\"ListItem\",\"position\":2,\"name\":\"COMPENSACI\u00d3N, PROCESAMIENTO, FACTURACI\u00d3N Y RECAUDACI\u00d3N DEL SERVICIO DE ALUMBRADO P\u00daBLICO\"}]},{\"@type\":\"WebSite\",\"@id\":\"https:\/\/hcd.malargue.gov.ar\/#website\",\"url\":\"https:\/\/hcd.malargue.gov.ar\/\",\"name\":\"Malarg\u00fce HCD\",\"description\":\"Malarg\u00fce Mendoza Argentina\",\"potentialAction\":[{\"@type\":\"SearchAction\",\"target\":{\"@type\":\"EntryPoint\",\"urlTemplate\":\"https:\/\/hcd.malargue.gov.ar\/?s={search_term_string}\"},\"query-input\":\"required name=search_term_string\"}],\"inLanguage\":\"es-AR\"},{\"@type\":\"Person\",\"@id\":\"https:\/\/hcd.malargue.gov.ar\/#\/schema\/person\/3fd6bbab64edd703961b795156c955d0\",\"name\":\"Belen Pedernera Ferragut\",\"image\":{\"@type\":\"ImageObject\",\"inLanguage\":\"es-AR\",\"@id\":\"https:\/\/hcd.malargue.gov.ar\/#\/schema\/person\/image\/\",\"url\":\"https:\/\/secure.gravatar.com\/avatar\/1054ffab3893de4bb3eb29bdd22f7e34b8537bf5d34d9dab311818154ad5b71f?s=96&d=mm&r=g\",\"contentUrl\":\"https:\/\/secure.gravatar.com\/avatar\/1054ffab3893de4bb3eb29bdd22f7e34b8537bf5d34d9dab311818154ad5b71f?s=96&d=mm&r=g\",\"caption\":\"Belen Pedernera Ferragut\"},\"url\":\"https:\/\/hcd.malargue.gov.ar\/?author=5\"}]}<\/script>\n<!-- \/ Yoast SEO plugin. -->","yoast_head_json":{"title":"COMPENSACI\u00d3N, PROCESAMIENTO, FACTURACI\u00d3N Y RECAUDACI\u00d3N DEL SERVICIO DE ALUMBRADO P\u00daBLICO - Malarg\u00fce HCD","robots":{"index":"index","follow":"follow","max-snippet":"max-snippet:-1","max-image-preview":"max-image-preview:large","max-video-preview":"max-video-preview:-1"},"canonical":"https:\/\/hcd.malargue.gov.ar\/?p=16558","og_locale":"es_ES","og_type":"article","og_title":"COMPENSACI\u00d3N, PROCESAMIENTO, FACTURACI\u00d3N Y RECAUDACI\u00d3N DEL SERVICIO DE ALUMBRADO P\u00daBLICO - Malarg\u00fce HCD","og_description":"Mediante un proyecto enviado desde asesoria letrada de la Muncipalidad de Malarg\u00fce, el Cuerpo de Concejales aprob\u00f3, en el marco de la 13\u00ba Sesi\u00f3n Ordinaria, la Ordenanza N\u00ba 1991\/2019, la cual establece el \u201cCargo\u00a0 por Servicio de Alumbrado\u00a0 P\u00fablico\u00a0 del Departamento de Malarg\u00fce (CAP), ser\u00e1n sujetos\u00a0 obligados\u00a0 al pago, todos los usuarios de energ\u00eda el\u00e9ctrica\u00a0 [&hellip;]","og_url":"https:\/\/hcd.malargue.gov.ar\/?p=16558","og_site_name":"Malarg\u00fce HCD","article_published_time":"2019-07-22T14:14:17+00:00","article_modified_time":"2019-07-23T12:58:16+00:00","og_image":[{"width":5867,"height":3911,"url":"https:\/\/hcd.malargue.gov.ar\/wp-content\/uploads\/2019\/07\/Recambio-de-luminarias-a-Led-Tgto1.jpg","type":"image\/jpeg"}],"author":"Belen Pedernera Ferragut","twitter_card":"summary_large_image","twitter_misc":{"Escrito por":"Belen Pedernera Ferragut","Tiempo de lectura":"1 minuto"},"schema":{"@context":"https:\/\/schema.org","@graph":[{"@type":"WebPage","@id":"https:\/\/hcd.malargue.gov.ar\/?p=16558","url":"https:\/\/hcd.malargue.gov.ar\/?p=16558","name":"COMPENSACI\u00d3N, PROCESAMIENTO, FACTURACI\u00d3N Y RECAUDACI\u00d3N DEL SERVICIO DE ALUMBRADO P\u00daBLICO - Malarg\u00fce HCD","isPartOf":{"@id":"https:\/\/hcd.malargue.gov.ar\/#website"},"datePublished":"2019-07-22T14:14:17+00:00","dateModified":"2019-07-23T12:58:16+00:00","author":{"@id":"https:\/\/hcd.malargue.gov.ar\/#\/schema\/person\/3fd6bbab64edd703961b795156c955d0"},"breadcrumb":{"@id":"https:\/\/hcd.malargue.gov.ar\/?p=16558#breadcrumb"},"inLanguage":"es-AR","potentialAction":[{"@type":"ReadAction","target":["https:\/\/hcd.malargue.gov.ar\/?p=16558"]}]},{"@type":"BreadcrumbList","@id":"https:\/\/hcd.malargue.gov.ar\/?p=16558#breadcrumb","itemListElement":[{"@type":"ListItem","position":1,"name":"Inicio","item":"https:\/\/hcd.malargue.gov.ar\/"},{"@type":"ListItem","position":2,"name":"COMPENSACI\u00d3N, PROCESAMIENTO, FACTURACI\u00d3N Y RECAUDACI\u00d3N DEL SERVICIO DE ALUMBRADO P\u00daBLICO"}]},{"@type":"WebSite","@id":"https:\/\/hcd.malargue.gov.ar\/#website","url":"https:\/\/hcd.malargue.gov.ar\/","name":"Malarg\u00fce HCD","description":"Malarg\u00fce Mendoza Argentina","potentialAction":[{"@type":"SearchAction","target":{"@type":"EntryPoint","urlTemplate":"https:\/\/hcd.malargue.gov.ar\/?s={search_term_string}"},"query-input":"required name=search_term_string"}],"inLanguage":"es-AR"},{"@type":"Person","@id":"https:\/\/hcd.malargue.gov.ar\/#\/schema\/person\/3fd6bbab64edd703961b795156c955d0","name":"Belen Pedernera Ferragut","image":{"@type":"ImageObject","inLanguage":"es-AR","@id":"https:\/\/hcd.malargue.gov.ar\/#\/schema\/person\/image\/","url":"https:\/\/secure.gravatar.com\/avatar\/1054ffab3893de4bb3eb29bdd22f7e34b8537bf5d34d9dab311818154ad5b71f?s=96&d=mm&r=g","contentUrl":"https:\/\/secure.gravatar.com\/avatar\/1054ffab3893de4bb3eb29bdd22f7e34b8537bf5d34d9dab311818154ad5b71f?s=96&d=mm&r=g","caption":"Belen Pedernera Ferragut"},"url":"https:\/\/hcd.malargue.gov.ar\/?author=5"}]}},"_links":{"self":[{"href":"https:\/\/hcd.malargue.gov.ar\/index.php?rest_route=\/wp\/v2\/posts\/16558","targetHints":{"allow":["GET"]}}],"collection":[{"href":"https:\/\/hcd.malargue.gov.ar\/index.php?rest_route=\/wp\/v2\/posts"}],"about":[{"href":"https:\/\/hcd.malargue.gov.ar\/index.php?rest_route=\/wp\/v2\/types\/post"}],"author":[{"embeddable":true,"href":"https:\/\/hcd.malargue.gov.ar\/index.php?rest_route=\/wp\/v2\/users\/5"}],"replies":[{"embeddable":true,"href":"https:\/\/hcd.malargue.gov.ar\/index.php?rest_route=%2Fwp%2Fv2%2Fcomments&post=16558"}],"version-history":[{"count":0,"href":"https:\/\/hcd.malargue.gov.ar\/index.php?rest_route=\/wp\/v2\/posts\/16558\/revisions"}],"wp:featuredmedia":[{"embeddable":true,"href":"https:\/\/hcd.malargue.gov.ar\/index.php?rest_route=\/wp\/v2\/media\/16559"}],"wp:attachment":[{"href":"https:\/\/hcd.malargue.gov.ar\/index.php?rest_route=%2Fwp%2Fv2%2Fmedia&parent=16558"}],"wp:term":[{"taxonomy":"category","embeddable":true,"href":"https:\/\/hcd.malargue.gov.ar\/index.php?rest_route=%2Fwp%2Fv2%2Fcategories&post=16558"},{"taxonomy":"post_tag","embeddable":true,"href":"https:\/\/hcd.malargue.gov.ar\/index.php?rest_route=%2Fwp%2Fv2%2Ftags&post=16558"}],"curies":[{"name":"wp","href":"https:\/\/api.w.org\/{rel}","templated":true}]}}