{"id":16725,"date":"2019-07-26T09:28:17","date_gmt":"2019-07-26T12:28:17","guid":{"rendered":"https:\/\/hcd.malargue.gov.ar\/?p=16725"},"modified":"2019-07-26T09:30:13","modified_gmt":"2019-07-26T12:30:13","slug":"creacion-e-implementacion-del-programa-municipal-participando-y-reciclando","status":"publish","type":"post","link":"https:\/\/hcd.malargue.gov.ar\/?p=16725","title":{"rendered":"CREACI\u00d3N E IMPLEMENTACI\u00d3N DEL PROGRAMA MUNICIPAL \u201cPARTICIPANDO Y RECICLANDO\u201d"},"content":{"rendered":"<p>En vista de la problem\u00e1tica ambiental que los residuos s\u00f3lidos urbanos generan constantemente y la decisi\u00f3n del Departamento de Malarg\u00fce de promover la separaci\u00f3n en origen, el Cuerpo Deliberativo mediante un proyecto iniciativa del Edil Juan Manuel Ojeda,\u00a0 orden\u00f3 al Departamento Ejecutivo la creaci\u00f3n e implementaci\u00f3n del Programa \u201cParticipando y Reciclando\u201d en el \u00e1mbito de la Direcci\u00f3n de Ambiente.<\/p>\n<p>\u00bfCUALES SON LOS OBJETIVOS DE ESTE PROGRAMA?<\/p>\n<ul>\n<li>Fomentar, promocionar y centralizar la recuperaci\u00f3n de RSU Reciclables a partir de eventos culturales, deportivos, sociales, empresariales, etc., que se desarrollen en el \u00e1mbito de la Municipalidad de Malarg\u00fce.<\/li>\n<li>Promover el h\u00e1bito de reciclar, con el fin de motivar la preservaci\u00f3n de nuestro ambiente<\/li>\n<li>Disminuir la cantidad de residuos que son llevados a disposici\u00f3n final y promover pr\u00e1cticas de la econom\u00eda circular en el departamento de Malarg\u00fce.<\/li>\n<li>Disminuir el impacto ambiental de los residuos a partir de una eficiente gesti\u00f3n, mejorando as\u00ed la salud y la calidad de vida de la poblaci\u00f3n.<\/li>\n<li>Brindar herramientas que promuevan y generen la adopci\u00f3n de pol\u00edticas de reutilizaci\u00f3n y reciclaje en el mediano y largo plazo en la Ciudad de Malarg\u00fce.<\/li>\n<li>Estimular la gesti\u00f3n diferenciada de residuos org\u00e1nicos secos reciclables y apoyar el fortalecimiento de los mercados en el Departamento aplicando la reutilizaci\u00f3n y reciclado de los residuos.<\/li>\n<li>Fomentar la inclusi\u00f3n social la mejora de la calidad de vida y el continuo desarrollo de las condiciones de trabajo de los recuperadores urbanos.<\/li>\n<\/ul>\n<p>Belen Pedernera Ferragut \/\/ PRENSA HCD<\/p>\n<div class=\"post-container cf\">\n<div class=\"post-content-right\">\n<div class=\"post-content description \">\n<blockquote><p><a href=\"https:\/\/hcd.malargue.gov.ar\/hcdpdf\/on%201993%20%202019%20programa%20participando%20y%20reciclando.pdf\">PDF Pieza Legal \u2013 ORDENANZA N\u00b0 1993\/2.019<\/a><\/p>\n<p><img loading=\"lazy\" decoding=\"async\" class=\"no-display appear alignleft wp-image-7950\" src=\"https:\/\/hcd.malargue.gov.ar\/wp-content\/uploads\/2018\/06\/PDF-JPG-300x300.jpg\" sizes=\"auto, (max-width: 78px) 100vw, 78px\" srcset=\"https:\/\/hcd.malargue.gov.ar\/wp-content\/uploads\/2018\/06\/PDF-JPG-300x300.jpg 300w, https:\/\/hcd.malargue.gov.ar\/wp-content\/uploads\/2018\/06\/PDF-JPG-150x150.jpg 150w, https:\/\/hcd.malargue.gov.ar\/wp-content\/uploads\/2018\/06\/PDF-JPG.jpg 512w\" alt=\"\" width=\"78\" height=\"78\" \/><\/p><\/blockquote>\n<\/div>\n<blockquote><p>&nbsp;<\/p>\n<p>&nbsp;<\/p><\/blockquote>\n<\/div>\n<\/div>\n","protected":false},"excerpt":{"rendered":"<p>En vista de la problem\u00e1tica ambiental que los residuos s\u00f3lidos urbanos generan constantemente y la decisi\u00f3n del Departamento de Malarg\u00fce de promover la separaci\u00f3n en origen, el Cuerpo Deliberativo mediante un proyecto iniciativa del Edil Juan Manuel Ojeda,\u00a0 orden\u00f3 al Departamento Ejecutivo la creaci\u00f3n e implementaci\u00f3n del Programa \u201cParticipando y Reciclando\u201d en el \u00e1mbito de [&hellip;]<\/p>\n","protected":false},"author":5,"featured_media":16730,"comment_status":"closed","ping_status":"closed","sticky":false,"template":"","format":"standard","meta":{"footnotes":""},"categories":[52,29,48,33],"tags":[],"class_list":["post-16725","post","type-post","status-publish","format-standard","has-post-thumbnail","hentry","category-gacetillas","category-lesgilacion","category-ordenanzas-municipales","category-prensa"],"yoast_head":"<!-- This site is optimized with the Yoast SEO plugin v19.10 - https:\/\/yoast.com\/wordpress\/plugins\/seo\/ -->\n<title>CREACI\u00d3N E IMPLEMENTACI\u00d3N DEL PROGRAMA MUNICIPAL \u201cPARTICIPANDO Y RECICLANDO\u201d - Malarg\u00fce HCD<\/title>\n<meta name=\"robots\" content=\"index, follow, max-snippet:-1, max-image-preview:large, max-video-preview:-1\" \/>\n<link rel=\"canonical\" href=\"https:\/\/hcd.malargue.gov.ar\/?p=16725\" \/>\n<meta property=\"og:locale\" content=\"es_ES\" \/>\n<meta property=\"og:type\" content=\"article\" \/>\n<meta property=\"og:title\" content=\"CREACI\u00d3N E IMPLEMENTACI\u00d3N DEL PROGRAMA MUNICIPAL \u201cPARTICIPANDO Y RECICLANDO\u201d - Malarg\u00fce HCD\" \/>\n<meta property=\"og:description\" content=\"En vista de la problem\u00e1tica ambiental que los residuos s\u00f3lidos urbanos generan constantemente y la decisi\u00f3n del Departamento de Malarg\u00fce de promover la separaci\u00f3n en origen, el Cuerpo Deliberativo mediante un proyecto iniciativa del Edil Juan Manuel Ojeda,\u00a0 orden\u00f3 al Departamento Ejecutivo la creaci\u00f3n e implementaci\u00f3n del Programa \u201cParticipando y Reciclando\u201d en el \u00e1mbito de [&hellip;]\" \/>\n<meta property=\"og:url\" content=\"https:\/\/hcd.malargue.gov.ar\/?p=16725\" \/>\n<meta property=\"og:site_name\" content=\"Malarg\u00fce HCD\" \/>\n<meta property=\"article:published_time\" content=\"2019-07-26T12:28:17+00:00\" \/>\n<meta property=\"article:modified_time\" content=\"2019-07-26T12:30:13+00:00\" \/>\n<meta property=\"og:image\" content=\"https:\/\/hcd.malargue.gov.ar\/wp-content\/uploads\/2019\/07\/depositphotos_214913002-stock-photo-group-people-holding-recycle-icons.jpg\" \/>\n\t<meta property=\"og:image:width\" content=\"1600\" \/>\n\t<meta property=\"og:image:height\" content=\"1257\" \/>\n\t<meta property=\"og:image:type\" content=\"image\/jpeg\" \/>\n<meta name=\"author\" content=\"Belen Pedernera Ferragut\" \/>\n<meta name=\"twitter:card\" content=\"summary_large_image\" \/>\n<meta name=\"twitter:label1\" content=\"Escrito por\" \/>\n\t<meta name=\"twitter:data1\" content=\"Belen Pedernera Ferragut\" \/>\n\t<meta name=\"twitter:label2\" content=\"Tiempo de lectura\" \/>\n\t<meta name=\"twitter:data2\" content=\"1 minuto\" \/>\n<script type=\"application\/ld+json\" class=\"yoast-schema-graph\">{\"@context\":\"https:\/\/schema.org\",\"@graph\":[{\"@type\":\"WebPage\",\"@id\":\"https:\/\/hcd.malargue.gov.ar\/?p=16725\",\"url\":\"https:\/\/hcd.malargue.gov.ar\/?p=16725\",\"name\":\"CREACI\u00d3N E IMPLEMENTACI\u00d3N DEL PROGRAMA MUNICIPAL \u201cPARTICIPANDO Y RECICLANDO\u201d - Malarg\u00fce HCD\",\"isPartOf\":{\"@id\":\"https:\/\/hcd.malargue.gov.ar\/#website\"},\"datePublished\":\"2019-07-26T12:28:17+00:00\",\"dateModified\":\"2019-07-26T12:30:13+00:00\",\"author\":{\"@id\":\"https:\/\/hcd.malargue.gov.ar\/#\/schema\/person\/3fd6bbab64edd703961b795156c955d0\"},\"breadcrumb\":{\"@id\":\"https:\/\/hcd.malargue.gov.ar\/?p=16725#breadcrumb\"},\"inLanguage\":\"es-AR\",\"potentialAction\":[{\"@type\":\"ReadAction\",\"target\":[\"https:\/\/hcd.malargue.gov.ar\/?p=16725\"]}]},{\"@type\":\"BreadcrumbList\",\"@id\":\"https:\/\/hcd.malargue.gov.ar\/?p=16725#breadcrumb\",\"itemListElement\":[{\"@type\":\"ListItem\",\"position\":1,\"name\":\"Inicio\",\"item\":\"https:\/\/hcd.malargue.gov.ar\/\"},{\"@type\":\"ListItem\",\"position\":2,\"name\":\"CREACI\u00d3N E IMPLEMENTACI\u00d3N DEL PROGRAMA MUNICIPAL \u201cPARTICIPANDO Y RECICLANDO\u201d\"}]},{\"@type\":\"WebSite\",\"@id\":\"https:\/\/hcd.malargue.gov.ar\/#website\",\"url\":\"https:\/\/hcd.malargue.gov.ar\/\",\"name\":\"Malarg\u00fce HCD\",\"description\":\"Malarg\u00fce Mendoza Argentina\",\"potentialAction\":[{\"@type\":\"SearchAction\",\"target\":{\"@type\":\"EntryPoint\",\"urlTemplate\":\"https:\/\/hcd.malargue.gov.ar\/?s={search_term_string}\"},\"query-input\":\"required name=search_term_string\"}],\"inLanguage\":\"es-AR\"},{\"@type\":\"Person\",\"@id\":\"https:\/\/hcd.malargue.gov.ar\/#\/schema\/person\/3fd6bbab64edd703961b795156c955d0\",\"name\":\"Belen Pedernera Ferragut\",\"image\":{\"@type\":\"ImageObject\",\"inLanguage\":\"es-AR\",\"@id\":\"https:\/\/hcd.malargue.gov.ar\/#\/schema\/person\/image\/\",\"url\":\"https:\/\/secure.gravatar.com\/avatar\/1054ffab3893de4bb3eb29bdd22f7e34b8537bf5d34d9dab311818154ad5b71f?s=96&d=mm&r=g\",\"contentUrl\":\"https:\/\/secure.gravatar.com\/avatar\/1054ffab3893de4bb3eb29bdd22f7e34b8537bf5d34d9dab311818154ad5b71f?s=96&d=mm&r=g\",\"caption\":\"Belen Pedernera Ferragut\"},\"url\":\"https:\/\/hcd.malargue.gov.ar\/?author=5\"}]}<\/script>\n<!-- \/ Yoast SEO plugin. -->","yoast_head_json":{"title":"CREACI\u00d3N E IMPLEMENTACI\u00d3N DEL PROGRAMA MUNICIPAL \u201cPARTICIPANDO Y RECICLANDO\u201d - Malarg\u00fce HCD","robots":{"index":"index","follow":"follow","max-snippet":"max-snippet:-1","max-image-preview":"max-image-preview:large","max-video-preview":"max-video-preview:-1"},"canonical":"https:\/\/hcd.malargue.gov.ar\/?p=16725","og_locale":"es_ES","og_type":"article","og_title":"CREACI\u00d3N E IMPLEMENTACI\u00d3N DEL PROGRAMA MUNICIPAL \u201cPARTICIPANDO Y RECICLANDO\u201d - Malarg\u00fce HCD","og_description":"En vista de la problem\u00e1tica ambiental que los residuos s\u00f3lidos urbanos generan constantemente y la decisi\u00f3n del Departamento de Malarg\u00fce de promover la separaci\u00f3n en origen, el Cuerpo Deliberativo mediante un proyecto iniciativa del Edil Juan Manuel Ojeda,\u00a0 orden\u00f3 al Departamento Ejecutivo la creaci\u00f3n e implementaci\u00f3n del Programa \u201cParticipando y Reciclando\u201d en el \u00e1mbito de [&hellip;]","og_url":"https:\/\/hcd.malargue.gov.ar\/?p=16725","og_site_name":"Malarg\u00fce HCD","article_published_time":"2019-07-26T12:28:17+00:00","article_modified_time":"2019-07-26T12:30:13+00:00","og_image":[{"width":1600,"height":1257,"url":"https:\/\/hcd.malargue.gov.ar\/wp-content\/uploads\/2019\/07\/depositphotos_214913002-stock-photo-group-people-holding-recycle-icons.jpg","type":"image\/jpeg"}],"author":"Belen Pedernera Ferragut","twitter_card":"summary_large_image","twitter_misc":{"Escrito por":"Belen Pedernera Ferragut","Tiempo de lectura":"1 minuto"},"schema":{"@context":"https:\/\/schema.org","@graph":[{"@type":"WebPage","@id":"https:\/\/hcd.malargue.gov.ar\/?p=16725","url":"https:\/\/hcd.malargue.gov.ar\/?p=16725","name":"CREACI\u00d3N E IMPLEMENTACI\u00d3N DEL PROGRAMA MUNICIPAL \u201cPARTICIPANDO Y RECICLANDO\u201d - Malarg\u00fce HCD","isPartOf":{"@id":"https:\/\/hcd.malargue.gov.ar\/#website"},"datePublished":"2019-07-26T12:28:17+00:00","dateModified":"2019-07-26T12:30:13+00:00","author":{"@id":"https:\/\/hcd.malargue.gov.ar\/#\/schema\/person\/3fd6bbab64edd703961b795156c955d0"},"breadcrumb":{"@id":"https:\/\/hcd.malargue.gov.ar\/?p=16725#breadcrumb"},"inLanguage":"es-AR","potentialAction":[{"@type":"ReadAction","target":["https:\/\/hcd.malargue.gov.ar\/?p=16725"]}]},{"@type":"BreadcrumbList","@id":"https:\/\/hcd.malargue.gov.ar\/?p=16725#breadcrumb","itemListElement":[{"@type":"ListItem","position":1,"name":"Inicio","item":"https:\/\/hcd.malargue.gov.ar\/"},{"@type":"ListItem","position":2,"name":"CREACI\u00d3N E IMPLEMENTACI\u00d3N DEL PROGRAMA MUNICIPAL \u201cPARTICIPANDO Y RECICLANDO\u201d"}]},{"@type":"WebSite","@id":"https:\/\/hcd.malargue.gov.ar\/#website","url":"https:\/\/hcd.malargue.gov.ar\/","name":"Malarg\u00fce HCD","description":"Malarg\u00fce Mendoza Argentina","potentialAction":[{"@type":"SearchAction","target":{"@type":"EntryPoint","urlTemplate":"https:\/\/hcd.malargue.gov.ar\/?s={search_term_string}"},"query-input":"required name=search_term_string"}],"inLanguage":"es-AR"},{"@type":"Person","@id":"https:\/\/hcd.malargue.gov.ar\/#\/schema\/person\/3fd6bbab64edd703961b795156c955d0","name":"Belen Pedernera Ferragut","image":{"@type":"ImageObject","inLanguage":"es-AR","@id":"https:\/\/hcd.malargue.gov.ar\/#\/schema\/person\/image\/","url":"https:\/\/secure.gravatar.com\/avatar\/1054ffab3893de4bb3eb29bdd22f7e34b8537bf5d34d9dab311818154ad5b71f?s=96&d=mm&r=g","contentUrl":"https:\/\/secure.gravatar.com\/avatar\/1054ffab3893de4bb3eb29bdd22f7e34b8537bf5d34d9dab311818154ad5b71f?s=96&d=mm&r=g","caption":"Belen Pedernera Ferragut"},"url":"https:\/\/hcd.malargue.gov.ar\/?author=5"}]}},"_links":{"self":[{"href":"https:\/\/hcd.malargue.gov.ar\/index.php?rest_route=\/wp\/v2\/posts\/16725","targetHints":{"allow":["GET"]}}],"collection":[{"href":"https:\/\/hcd.malargue.gov.ar\/index.php?rest_route=\/wp\/v2\/posts"}],"about":[{"href":"https:\/\/hcd.malargue.gov.ar\/index.php?rest_route=\/wp\/v2\/types\/post"}],"author":[{"embeddable":true,"href":"https:\/\/hcd.malargue.gov.ar\/index.php?rest_route=\/wp\/v2\/users\/5"}],"replies":[{"embeddable":true,"href":"https:\/\/hcd.malargue.gov.ar\/index.php?rest_route=%2Fwp%2Fv2%2Fcomments&post=16725"}],"version-history":[{"count":0,"href":"https:\/\/hcd.malargue.gov.ar\/index.php?rest_route=\/wp\/v2\/posts\/16725\/revisions"}],"wp:featuredmedia":[{"embeddable":true,"href":"https:\/\/hcd.malargue.gov.ar\/index.php?rest_route=\/wp\/v2\/media\/16730"}],"wp:attachment":[{"href":"https:\/\/hcd.malargue.gov.ar\/index.php?rest_route=%2Fwp%2Fv2%2Fmedia&parent=16725"}],"wp:term":[{"taxonomy":"category","embeddable":true,"href":"https:\/\/hcd.malargue.gov.ar\/index.php?rest_route=%2Fwp%2Fv2%2Fcategories&post=16725"},{"taxonomy":"post_tag","embeddable":true,"href":"https:\/\/hcd.malargue.gov.ar\/index.php?rest_route=%2Fwp%2Fv2%2Ftags&post=16725"}],"curies":[{"name":"wp","href":"https:\/\/api.w.org\/{rel}","templated":true}]}}