{"id":16854,"date":"2019-08-01T12:45:21","date_gmt":"2019-08-01T15:45:21","guid":{"rendered":"https:\/\/hcd.malargue.gov.ar\/?p=16854"},"modified":"2019-08-01T12:46:54","modified_gmt":"2019-08-01T15:46:54","slug":"reconocimiento-al-sr-francisco-parada-por-el-medio-grafico-informativo-mensual-el-rial-folclore-y-cultura-de-malargue","status":"publish","type":"post","link":"https:\/\/hcd.malargue.gov.ar\/?p=16854","title":{"rendered":"RECONOCIMIENTO AL SR FRANCISCO PARADA POR EL MEDIO GRAFICO \u201cEL RIAL FOLCLORE Y CULTURA DE MALARG\u00dcE\u201d"},"content":{"rendered":"<p>En la ma\u00f1ana del jueves 1 de Agosto, en el marco de la 16\u00ba Sesi\u00f3n Ordinaria se hizo entrega de un reconocimiento al Sr. Francisco Pancho Parada y su directorio por su dedicaci\u00f3n y entrega hacia la difusi\u00f3n de nuestra cultura tradicional mediante el medio grafico informativo mensual \u201cEl Rial folclore y cultura de Malarg\u00fce\u201d, declarado de inter\u00e9s departamental por la\u00a0 <a href=\"https:\/\/hcd.malargue.gov.ar\/2019\/07\/23\/el-hcd-declaro-de-interes-departamental-el-medio-grafico-informativo-mensual-el-rial-folclore-y-cultura-de-malargue\/\">RESOLUCI\u00d3N N\u00ba 223\/2.019.<\/a><\/p>\n<p><a href=\"https:\/\/www.facebook.com\/hcdmalargue\/videos\/444666876129425\/\">https:\/\/www.facebook.com\/hcdmalargue\/videos\/444666876129425\/<\/a><\/p>\n<p>Galeria de Fotos:<\/p>\n<div id='gallery-1' class='gallery galleryid-16854 gallery-columns-5 gallery-size-thumbnail'><figure class='gallery-item'>\n\t\t\t<div class='gallery-icon landscape'>\n\t\t\t\t<a href='https:\/\/hcd.malargue.gov.ar\/wp-content\/uploads\/2019\/08\/IMGP1008-1.jpg'><img loading=\"lazy\" decoding=\"async\" width=\"150\" height=\"150\" src=\"https:\/\/hcd.malargue.gov.ar\/wp-content\/uploads\/2019\/08\/IMGP1008-1-150x150.jpg\" class=\"attachment-thumbnail size-thumbnail\" alt=\"\" \/><\/a>\n\t\t\t<\/div><\/figure><figure class='gallery-item'>\n\t\t\t<div class='gallery-icon landscape'>\n\t\t\t\t<a href='https:\/\/hcd.malargue.gov.ar\/wp-content\/uploads\/2019\/08\/IMGP1010-2.jpg'><img loading=\"lazy\" decoding=\"async\" width=\"150\" height=\"150\" src=\"https:\/\/hcd.malargue.gov.ar\/wp-content\/uploads\/2019\/08\/IMGP1010-2-150x150.jpg\" class=\"attachment-thumbnail size-thumbnail\" alt=\"\" \/><\/a>\n\t\t\t<\/div><\/figure><figure class='gallery-item'>\n\t\t\t<div class='gallery-icon portrait'>\n\t\t\t\t<a href='https:\/\/hcd.malargue.gov.ar\/wp-content\/uploads\/2019\/08\/IMGP1013-1.jpg'><img loading=\"lazy\" decoding=\"async\" width=\"150\" height=\"150\" src=\"https:\/\/hcd.malargue.gov.ar\/wp-content\/uploads\/2019\/08\/IMGP1013-1-150x150.jpg\" class=\"attachment-thumbnail size-thumbnail\" alt=\"\" \/><\/a>\n\t\t\t<\/div><\/figure><figure class='gallery-item'>\n\t\t\t<div class='gallery-icon landscape'>\n\t\t\t\t<a href='https:\/\/hcd.malargue.gov.ar\/wp-content\/uploads\/2019\/08\/IMGP1014-1.jpg'><img loading=\"lazy\" decoding=\"async\" width=\"150\" height=\"150\" src=\"https:\/\/hcd.malargue.gov.ar\/wp-content\/uploads\/2019\/08\/IMGP1014-1-150x150.jpg\" class=\"attachment-thumbnail size-thumbnail\" alt=\"\" \/><\/a>\n\t\t\t<\/div><\/figure><figure class='gallery-item'>\n\t\t\t<div class='gallery-icon landscape'>\n\t\t\t\t<a href='https:\/\/hcd.malargue.gov.ar\/wp-content\/uploads\/2019\/08\/IMGP1015-1.jpg'><img loading=\"lazy\" decoding=\"async\" width=\"150\" height=\"150\" src=\"https:\/\/hcd.malargue.gov.ar\/wp-content\/uploads\/2019\/08\/IMGP1015-1-150x150.jpg\" class=\"attachment-thumbnail size-thumbnail\" alt=\"\" \/><\/a>\n\t\t\t<\/div><\/figure>\n\t\t<\/div>\n\n","protected":false},"excerpt":{"rendered":"<p>En la ma\u00f1ana del jueves 1 de Agosto, en el marco de la 16\u00ba Sesi\u00f3n Ordinaria se hizo entrega de un reconocimiento al Sr. Francisco Pancho Parada y su directorio por su dedicaci\u00f3n y entrega hacia la difusi\u00f3n de nuestra cultura tradicional mediante el medio grafico informativo mensual \u201cEl Rial folclore y cultura de Malarg\u00fce\u201d, [&hellip;]<\/p>\n","protected":false},"author":5,"featured_media":16869,"comment_status":"closed","ping_status":"closed","sticky":false,"template":"","format":"standard","meta":{"footnotes":""},"categories":[52,58,33,36],"tags":[],"class_list":["post-16854","post","type-post","status-publish","format-standard","has-post-thumbnail","hentry","category-gacetillas","category-ordinarias","category-prensa","category-sesiones"],"yoast_head":"<!-- This site is optimized with the Yoast SEO plugin v19.10 - https:\/\/yoast.com\/wordpress\/plugins\/seo\/ -->\n<title>RECONOCIMIENTO AL SR FRANCISCO PARADA POR EL MEDIO GRAFICO \u201cEL RIAL FOLCLORE Y CULTURA DE MALARG\u00dcE\u201d - Malarg\u00fce HCD<\/title>\n<meta name=\"robots\" content=\"index, follow, max-snippet:-1, max-image-preview:large, max-video-preview:-1\" \/>\n<link rel=\"canonical\" href=\"https:\/\/hcd.malargue.gov.ar\/?p=16854\" \/>\n<meta property=\"og:locale\" content=\"es_ES\" \/>\n<meta property=\"og:type\" content=\"article\" \/>\n<meta property=\"og:title\" content=\"RECONOCIMIENTO AL SR FRANCISCO PARADA POR EL MEDIO GRAFICO \u201cEL RIAL FOLCLORE Y CULTURA DE MALARG\u00dcE\u201d - Malarg\u00fce HCD\" \/>\n<meta property=\"og:description\" content=\"En la ma\u00f1ana del jueves 1 de Agosto, en el marco de la 16\u00ba Sesi\u00f3n Ordinaria se hizo entrega de un reconocimiento al Sr. Francisco Pancho Parada y su directorio por su dedicaci\u00f3n y entrega hacia la difusi\u00f3n de nuestra cultura tradicional mediante el medio grafico informativo mensual \u201cEl Rial folclore y cultura de Malarg\u00fce\u201d, [&hellip;]\" \/>\n<meta property=\"og:url\" content=\"https:\/\/hcd.malargue.gov.ar\/?p=16854\" \/>\n<meta property=\"og:site_name\" content=\"Malarg\u00fce HCD\" \/>\n<meta property=\"article:published_time\" content=\"2019-08-01T15:45:21+00:00\" \/>\n<meta property=\"article:modified_time\" content=\"2019-08-01T15:46:54+00:00\" \/>\n<meta property=\"og:image\" content=\"https:\/\/hcd.malargue.gov.ar\/wp-content\/uploads\/2019\/08\/IMGP1010-1.jpg\" \/>\n\t<meta property=\"og:image:width\" content=\"4288\" \/>\n\t<meta property=\"og:image:height\" content=\"2848\" \/>\n\t<meta property=\"og:image:type\" content=\"image\/jpeg\" \/>\n<meta name=\"author\" content=\"Belen Pedernera Ferragut\" \/>\n<meta name=\"twitter:card\" content=\"summary_large_image\" \/>\n<meta name=\"twitter:label1\" content=\"Escrito por\" \/>\n\t<meta name=\"twitter:data1\" content=\"Belen Pedernera Ferragut\" \/>\n<script type=\"application\/ld+json\" class=\"yoast-schema-graph\">{\"@context\":\"https:\/\/schema.org\",\"@graph\":[{\"@type\":\"WebPage\",\"@id\":\"https:\/\/hcd.malargue.gov.ar\/?p=16854\",\"url\":\"https:\/\/hcd.malargue.gov.ar\/?p=16854\",\"name\":\"RECONOCIMIENTO AL SR FRANCISCO PARADA POR EL MEDIO GRAFICO \u201cEL RIAL FOLCLORE Y CULTURA DE MALARG\u00dcE\u201d - Malarg\u00fce HCD\",\"isPartOf\":{\"@id\":\"https:\/\/hcd.malargue.gov.ar\/#website\"},\"datePublished\":\"2019-08-01T15:45:21+00:00\",\"dateModified\":\"2019-08-01T15:46:54+00:00\",\"author\":{\"@id\":\"https:\/\/hcd.malargue.gov.ar\/#\/schema\/person\/3fd6bbab64edd703961b795156c955d0\"},\"breadcrumb\":{\"@id\":\"https:\/\/hcd.malargue.gov.ar\/?p=16854#breadcrumb\"},\"inLanguage\":\"es-AR\",\"potentialAction\":[{\"@type\":\"ReadAction\",\"target\":[\"https:\/\/hcd.malargue.gov.ar\/?p=16854\"]}]},{\"@type\":\"BreadcrumbList\",\"@id\":\"https:\/\/hcd.malargue.gov.ar\/?p=16854#breadcrumb\",\"itemListElement\":[{\"@type\":\"ListItem\",\"position\":1,\"name\":\"Inicio\",\"item\":\"https:\/\/hcd.malargue.gov.ar\/\"},{\"@type\":\"ListItem\",\"position\":2,\"name\":\"RECONOCIMIENTO AL SR FRANCISCO PARADA POR EL MEDIO GRAFICO \u201cEL RIAL FOLCLORE Y CULTURA DE MALARG\u00dcE\u201d\"}]},{\"@type\":\"WebSite\",\"@id\":\"https:\/\/hcd.malargue.gov.ar\/#website\",\"url\":\"https:\/\/hcd.malargue.gov.ar\/\",\"name\":\"Malarg\u00fce HCD\",\"description\":\"Malarg\u00fce Mendoza Argentina\",\"potentialAction\":[{\"@type\":\"SearchAction\",\"target\":{\"@type\":\"EntryPoint\",\"urlTemplate\":\"https:\/\/hcd.malargue.gov.ar\/?s={search_term_string}\"},\"query-input\":\"required name=search_term_string\"}],\"inLanguage\":\"es-AR\"},{\"@type\":\"Person\",\"@id\":\"https:\/\/hcd.malargue.gov.ar\/#\/schema\/person\/3fd6bbab64edd703961b795156c955d0\",\"name\":\"Belen Pedernera Ferragut\",\"image\":{\"@type\":\"ImageObject\",\"inLanguage\":\"es-AR\",\"@id\":\"https:\/\/hcd.malargue.gov.ar\/#\/schema\/person\/image\/\",\"url\":\"https:\/\/secure.gravatar.com\/avatar\/1054ffab3893de4bb3eb29bdd22f7e34b8537bf5d34d9dab311818154ad5b71f?s=96&d=mm&r=g\",\"contentUrl\":\"https:\/\/secure.gravatar.com\/avatar\/1054ffab3893de4bb3eb29bdd22f7e34b8537bf5d34d9dab311818154ad5b71f?s=96&d=mm&r=g\",\"caption\":\"Belen Pedernera Ferragut\"},\"url\":\"https:\/\/hcd.malargue.gov.ar\/?author=5\"}]}<\/script>\n<!-- \/ Yoast SEO plugin. -->","yoast_head_json":{"title":"RECONOCIMIENTO AL SR FRANCISCO PARADA POR EL MEDIO GRAFICO \u201cEL RIAL FOLCLORE Y CULTURA DE MALARG\u00dcE\u201d - Malarg\u00fce HCD","robots":{"index":"index","follow":"follow","max-snippet":"max-snippet:-1","max-image-preview":"max-image-preview:large","max-video-preview":"max-video-preview:-1"},"canonical":"https:\/\/hcd.malargue.gov.ar\/?p=16854","og_locale":"es_ES","og_type":"article","og_title":"RECONOCIMIENTO AL SR FRANCISCO PARADA POR EL MEDIO GRAFICO \u201cEL RIAL FOLCLORE Y CULTURA DE MALARG\u00dcE\u201d - Malarg\u00fce HCD","og_description":"En la ma\u00f1ana del jueves 1 de Agosto, en el marco de la 16\u00ba Sesi\u00f3n Ordinaria se hizo entrega de un reconocimiento al Sr. Francisco Pancho Parada y su directorio por su dedicaci\u00f3n y entrega hacia la difusi\u00f3n de nuestra cultura tradicional mediante el medio grafico informativo mensual \u201cEl Rial folclore y cultura de Malarg\u00fce\u201d, [&hellip;]","og_url":"https:\/\/hcd.malargue.gov.ar\/?p=16854","og_site_name":"Malarg\u00fce HCD","article_published_time":"2019-08-01T15:45:21+00:00","article_modified_time":"2019-08-01T15:46:54+00:00","og_image":[{"width":4288,"height":2848,"url":"https:\/\/hcd.malargue.gov.ar\/wp-content\/uploads\/2019\/08\/IMGP1010-1.jpg","type":"image\/jpeg"}],"author":"Belen Pedernera Ferragut","twitter_card":"summary_large_image","twitter_misc":{"Escrito por":"Belen Pedernera Ferragut"},"schema":{"@context":"https:\/\/schema.org","@graph":[{"@type":"WebPage","@id":"https:\/\/hcd.malargue.gov.ar\/?p=16854","url":"https:\/\/hcd.malargue.gov.ar\/?p=16854","name":"RECONOCIMIENTO AL SR FRANCISCO PARADA POR EL MEDIO GRAFICO \u201cEL RIAL FOLCLORE Y CULTURA DE MALARG\u00dcE\u201d - Malarg\u00fce HCD","isPartOf":{"@id":"https:\/\/hcd.malargue.gov.ar\/#website"},"datePublished":"2019-08-01T15:45:21+00:00","dateModified":"2019-08-01T15:46:54+00:00","author":{"@id":"https:\/\/hcd.malargue.gov.ar\/#\/schema\/person\/3fd6bbab64edd703961b795156c955d0"},"breadcrumb":{"@id":"https:\/\/hcd.malargue.gov.ar\/?p=16854#breadcrumb"},"inLanguage":"es-AR","potentialAction":[{"@type":"ReadAction","target":["https:\/\/hcd.malargue.gov.ar\/?p=16854"]}]},{"@type":"BreadcrumbList","@id":"https:\/\/hcd.malargue.gov.ar\/?p=16854#breadcrumb","itemListElement":[{"@type":"ListItem","position":1,"name":"Inicio","item":"https:\/\/hcd.malargue.gov.ar\/"},{"@type":"ListItem","position":2,"name":"RECONOCIMIENTO AL SR FRANCISCO PARADA POR EL MEDIO GRAFICO \u201cEL RIAL FOLCLORE Y CULTURA DE MALARG\u00dcE\u201d"}]},{"@type":"WebSite","@id":"https:\/\/hcd.malargue.gov.ar\/#website","url":"https:\/\/hcd.malargue.gov.ar\/","name":"Malarg\u00fce HCD","description":"Malarg\u00fce Mendoza Argentina","potentialAction":[{"@type":"SearchAction","target":{"@type":"EntryPoint","urlTemplate":"https:\/\/hcd.malargue.gov.ar\/?s={search_term_string}"},"query-input":"required name=search_term_string"}],"inLanguage":"es-AR"},{"@type":"Person","@id":"https:\/\/hcd.malargue.gov.ar\/#\/schema\/person\/3fd6bbab64edd703961b795156c955d0","name":"Belen Pedernera Ferragut","image":{"@type":"ImageObject","inLanguage":"es-AR","@id":"https:\/\/hcd.malargue.gov.ar\/#\/schema\/person\/image\/","url":"https:\/\/secure.gravatar.com\/avatar\/1054ffab3893de4bb3eb29bdd22f7e34b8537bf5d34d9dab311818154ad5b71f?s=96&d=mm&r=g","contentUrl":"https:\/\/secure.gravatar.com\/avatar\/1054ffab3893de4bb3eb29bdd22f7e34b8537bf5d34d9dab311818154ad5b71f?s=96&d=mm&r=g","caption":"Belen Pedernera Ferragut"},"url":"https:\/\/hcd.malargue.gov.ar\/?author=5"}]}},"_links":{"self":[{"href":"https:\/\/hcd.malargue.gov.ar\/index.php?rest_route=\/wp\/v2\/posts\/16854","targetHints":{"allow":["GET"]}}],"collection":[{"href":"https:\/\/hcd.malargue.gov.ar\/index.php?rest_route=\/wp\/v2\/posts"}],"about":[{"href":"https:\/\/hcd.malargue.gov.ar\/index.php?rest_route=\/wp\/v2\/types\/post"}],"author":[{"embeddable":true,"href":"https:\/\/hcd.malargue.gov.ar\/index.php?rest_route=\/wp\/v2\/users\/5"}],"replies":[{"embeddable":true,"href":"https:\/\/hcd.malargue.gov.ar\/index.php?rest_route=%2Fwp%2Fv2%2Fcomments&post=16854"}],"version-history":[{"count":0,"href":"https:\/\/hcd.malargue.gov.ar\/index.php?rest_route=\/wp\/v2\/posts\/16854\/revisions"}],"wp:featuredmedia":[{"embeddable":true,"href":"https:\/\/hcd.malargue.gov.ar\/index.php?rest_route=\/wp\/v2\/media\/16869"}],"wp:attachment":[{"href":"https:\/\/hcd.malargue.gov.ar\/index.php?rest_route=%2Fwp%2Fv2%2Fmedia&parent=16854"}],"wp:term":[{"taxonomy":"category","embeddable":true,"href":"https:\/\/hcd.malargue.gov.ar\/index.php?rest_route=%2Fwp%2Fv2%2Fcategories&post=16854"},{"taxonomy":"post_tag","embeddable":true,"href":"https:\/\/hcd.malargue.gov.ar\/index.php?rest_route=%2Fwp%2Fv2%2Ftags&post=16854"}],"curies":[{"name":"wp","href":"https:\/\/api.w.org\/{rel}","templated":true}]}}