{"id":16891,"date":"2019-08-02T10:11:59","date_gmt":"2019-08-02T13:11:59","guid":{"rendered":"https:\/\/hcd.malargue.gov.ar\/?p=16891"},"modified":"2019-08-02T10:14:03","modified_gmt":"2019-08-02T13:14:03","slug":"las-lenas-es-de-malargue-no-de-san-rafael-y-el-cartel-del-cruce-aprobado-por-el-concejo-deliberante","status":"publish","type":"post","link":"https:\/\/hcd.malargue.gov.ar\/?p=16891","title":{"rendered":"LAS LE\u00d1AS ES DE MALARG\u00dcE, NO DE SAN RAFAEL; Y CARTEL DEL CRUCE APROBADO POR EL CONCEJO DELIBERANTE."},"content":{"rendered":"<p>El d\u00eda 18 de julio p.pdo., en el marco de la 15\u00ba Sesi\u00f3n Ordinaria, los Concejales del Departamento de Malarg\u00fce dieron aprobaci\u00f3n al proyecto de colocaci\u00f3n de cartel identificatorio en cruce de la Ruta Nacional N\u00b0 40 y la Provincial N\u00b0 222, cuya iniciativa pertenece al Concejal Mauricio Mart\u00ednez del Bloque Frente Cambia Mendoza.<\/p>\n<p>El cartel identificatorio con la leyenda \u201cValle de Las Le\u00f1as, Malarg\u00fce Mendoza\u201d, intenta generar un canal de comunicaci\u00f3n eficiente entre las personas que componen nuestra sociedad, como as\u00ed tambi\u00e9n para aquellos que visitan la ciudad en forma tur\u00edstica, dejando claro que Las Le\u00f1as es de Malarg\u00fce y no de San Rafael.<\/p>\n<p>Con ese objetivo el Concejo Deliberante de Malarg\u00fce aprob\u00f3 la ORDENANZA N\u00b0 1.999\/2.019 y facult\u00f3 al Departamento Ejecutivo Municipal; a la Direcci\u00f3n Provincial de Vialidad y a la Direcci\u00f3n Nacional de Vialidad, a colocar un cartel identificatorio con la leyenda <strong><em>\u201cValle de Las Le\u00f1as, Malarg\u00fce \u2013 Mendoza a 50 km\u201d<\/em><\/strong>, en el cruce de la Ruta Nacional N\u00b0 40 y la Ruta Provincial N\u00b0 222.<\/p>\n<p>Por- Marcia Sep\u00falveda \u2013 PRENSA HCD<\/p>\n<div class=\"post-container cf\">\n<div class=\"post-content-right\">\n<div class=\"post-content description \">\n<div class=\"post-container cf\">\n<div class=\"post-content-right\">\n<div class=\"post-content description \">\n<div class=\"post-content description \">\n<blockquote><p>PDF Pieza Legal \u2013 ORDENANZA N\u00b0 1.999\/2.019<\/p>\n<p><a href=\"https:\/\/hcd.malargue.gov.ar\/pdf\/On1999%202019%20Colocacion%20de%20Cartel%20identificatorio%20en%20cruce%20a%20Las%20Lenas.pdf\" target=\"_blank\" rel=\"noopener\"><img loading=\"lazy\" decoding=\"async\" class=\"no-display appear wp-image-7950 alignleft\" src=\"https:\/\/hcd.malargue.gov.ar\/wp-content\/uploads\/2018\/06\/PDF-JPG-300x300.jpg\" sizes=\"auto, (max-width: 78px) 100vw, 78px\" srcset=\"https:\/\/hcd.malargue.gov.ar\/wp-content\/uploads\/2018\/06\/PDF-JPG-300x300.jpg 300w, https:\/\/hcd.malargue.gov.ar\/wp-content\/uploads\/2018\/06\/PDF-JPG-150x150.jpg 150w, https:\/\/hcd.malargue.gov.ar\/wp-content\/uploads\/2018\/06\/PDF-JPG.jpg 512w\" alt=\"\" width=\"78\" height=\"78\" \/><\/a><\/p>\n<p>&nbsp;<\/p>\n<p>&nbsp;<\/p><\/blockquote>\n<\/div>\n<\/div>\n<\/div>\n<\/div>\n<\/div>\n<\/div>\n<\/div>\n<div class=\"post-share\"><\/div>\n","protected":false},"excerpt":{"rendered":"<p>El d\u00eda 18 de julio p.pdo., en el marco de la 15\u00ba Sesi\u00f3n Ordinaria, los Concejales del Departamento de Malarg\u00fce dieron aprobaci\u00f3n al proyecto de colocaci\u00f3n de cartel identificatorio en cruce de la Ruta Nacional N\u00b0 40 y la Provincial N\u00b0 222, cuya iniciativa pertenece al Concejal Mauricio Mart\u00ednez del Bloque Frente Cambia Mendoza. El [&hellip;]<\/p>\n","protected":false},"author":4,"featured_media":16892,"comment_status":"closed","ping_status":"closed","sticky":false,"template":"","format":"standard","meta":{"footnotes":""},"categories":[52,29,48,33],"tags":[],"class_list":["post-16891","post","type-post","status-publish","format-standard","has-post-thumbnail","hentry","category-gacetillas","category-lesgilacion","category-ordenanzas-municipales","category-prensa"],"yoast_head":"<!-- This site is optimized with the Yoast SEO plugin v19.10 - https:\/\/yoast.com\/wordpress\/plugins\/seo\/ -->\n<title>LAS LE\u00d1AS ES DE MALARG\u00dcE, NO DE SAN RAFAEL; Y CARTEL DEL CRUCE APROBADO POR EL CONCEJO DELIBERANTE. - Malarg\u00fce HCD<\/title>\n<meta name=\"robots\" content=\"index, follow, max-snippet:-1, max-image-preview:large, max-video-preview:-1\" \/>\n<link rel=\"canonical\" href=\"https:\/\/hcd.malargue.gov.ar\/?p=16891\" \/>\n<meta property=\"og:locale\" content=\"es_ES\" \/>\n<meta property=\"og:type\" content=\"article\" \/>\n<meta property=\"og:title\" content=\"LAS LE\u00d1AS ES DE MALARG\u00dcE, NO DE SAN RAFAEL; Y CARTEL DEL CRUCE APROBADO POR EL CONCEJO DELIBERANTE. - Malarg\u00fce HCD\" \/>\n<meta property=\"og:description\" content=\"El d\u00eda 18 de julio p.pdo., en el marco de la 15\u00ba Sesi\u00f3n Ordinaria, los Concejales del Departamento de Malarg\u00fce dieron aprobaci\u00f3n al proyecto de colocaci\u00f3n de cartel identificatorio en cruce de la Ruta Nacional N\u00b0 40 y la Provincial N\u00b0 222, cuya iniciativa pertenece al Concejal Mauricio Mart\u00ednez del Bloque Frente Cambia Mendoza. El [&hellip;]\" \/>\n<meta property=\"og:url\" content=\"https:\/\/hcd.malargue.gov.ar\/?p=16891\" \/>\n<meta property=\"og:site_name\" content=\"Malarg\u00fce HCD\" \/>\n<meta property=\"article:published_time\" content=\"2019-08-02T13:11:59+00:00\" \/>\n<meta property=\"article:modified_time\" content=\"2019-08-02T13:14:03+00:00\" \/>\n<meta property=\"og:image\" content=\"https:\/\/hcd.malargue.gov.ar\/wp-content\/uploads\/2019\/08\/LAS-LE\u00d1AS-MALARG\u00dcE.jpg\" \/>\n\t<meta property=\"og:image:width\" content=\"1040\" \/>\n\t<meta property=\"og:image:height\" content=\"488\" \/>\n\t<meta property=\"og:image:type\" content=\"image\/jpeg\" \/>\n<meta name=\"author\" content=\"Marcia Sepulveda\" \/>\n<meta name=\"twitter:card\" content=\"summary_large_image\" \/>\n<meta name=\"twitter:label1\" content=\"Escrito por\" \/>\n\t<meta name=\"twitter:data1\" content=\"Marcia Sepulveda\" \/>\n\t<meta name=\"twitter:label2\" content=\"Tiempo de lectura\" \/>\n\t<meta name=\"twitter:data2\" content=\"1 minuto\" \/>\n<script type=\"application\/ld+json\" class=\"yoast-schema-graph\">{\"@context\":\"https:\/\/schema.org\",\"@graph\":[{\"@type\":\"WebPage\",\"@id\":\"https:\/\/hcd.malargue.gov.ar\/?p=16891\",\"url\":\"https:\/\/hcd.malargue.gov.ar\/?p=16891\",\"name\":\"LAS LE\u00d1AS ES DE MALARG\u00dcE, NO DE SAN RAFAEL; Y CARTEL DEL CRUCE APROBADO POR EL CONCEJO DELIBERANTE. - Malarg\u00fce HCD\",\"isPartOf\":{\"@id\":\"https:\/\/hcd.malargue.gov.ar\/#website\"},\"datePublished\":\"2019-08-02T13:11:59+00:00\",\"dateModified\":\"2019-08-02T13:14:03+00:00\",\"author\":{\"@id\":\"https:\/\/hcd.malargue.gov.ar\/#\/schema\/person\/c02f28730a528313e04d34aba071fe06\"},\"breadcrumb\":{\"@id\":\"https:\/\/hcd.malargue.gov.ar\/?p=16891#breadcrumb\"},\"inLanguage\":\"es-AR\",\"potentialAction\":[{\"@type\":\"ReadAction\",\"target\":[\"https:\/\/hcd.malargue.gov.ar\/?p=16891\"]}]},{\"@type\":\"BreadcrumbList\",\"@id\":\"https:\/\/hcd.malargue.gov.ar\/?p=16891#breadcrumb\",\"itemListElement\":[{\"@type\":\"ListItem\",\"position\":1,\"name\":\"Inicio\",\"item\":\"https:\/\/hcd.malargue.gov.ar\/\"},{\"@type\":\"ListItem\",\"position\":2,\"name\":\"LAS LE\u00d1AS ES DE MALARG\u00dcE, NO DE SAN RAFAEL; Y CARTEL DEL CRUCE APROBADO POR EL CONCEJO DELIBERANTE.\"}]},{\"@type\":\"WebSite\",\"@id\":\"https:\/\/hcd.malargue.gov.ar\/#website\",\"url\":\"https:\/\/hcd.malargue.gov.ar\/\",\"name\":\"Malarg\u00fce HCD\",\"description\":\"Malarg\u00fce Mendoza Argentina\",\"potentialAction\":[{\"@type\":\"SearchAction\",\"target\":{\"@type\":\"EntryPoint\",\"urlTemplate\":\"https:\/\/hcd.malargue.gov.ar\/?s={search_term_string}\"},\"query-input\":\"required name=search_term_string\"}],\"inLanguage\":\"es-AR\"},{\"@type\":\"Person\",\"@id\":\"https:\/\/hcd.malargue.gov.ar\/#\/schema\/person\/c02f28730a528313e04d34aba071fe06\",\"name\":\"Marcia Sepulveda\",\"image\":{\"@type\":\"ImageObject\",\"inLanguage\":\"es-AR\",\"@id\":\"https:\/\/hcd.malargue.gov.ar\/#\/schema\/person\/image\/\",\"url\":\"https:\/\/secure.gravatar.com\/avatar\/3557e3bccdef0a5d4de0476d077c8920f0638f6f0bd05553351eb0e70d99f241?s=96&d=mm&r=g\",\"contentUrl\":\"https:\/\/secure.gravatar.com\/avatar\/3557e3bccdef0a5d4de0476d077c8920f0638f6f0bd05553351eb0e70d99f241?s=96&d=mm&r=g\",\"caption\":\"Marcia Sepulveda\"},\"url\":\"https:\/\/hcd.malargue.gov.ar\/?author=4\"}]}<\/script>\n<!-- \/ Yoast SEO plugin. -->","yoast_head_json":{"title":"LAS LE\u00d1AS ES DE MALARG\u00dcE, NO DE SAN RAFAEL; Y CARTEL DEL CRUCE APROBADO POR EL CONCEJO DELIBERANTE. - Malarg\u00fce HCD","robots":{"index":"index","follow":"follow","max-snippet":"max-snippet:-1","max-image-preview":"max-image-preview:large","max-video-preview":"max-video-preview:-1"},"canonical":"https:\/\/hcd.malargue.gov.ar\/?p=16891","og_locale":"es_ES","og_type":"article","og_title":"LAS LE\u00d1AS ES DE MALARG\u00dcE, NO DE SAN RAFAEL; Y CARTEL DEL CRUCE APROBADO POR EL CONCEJO DELIBERANTE. - Malarg\u00fce HCD","og_description":"El d\u00eda 18 de julio p.pdo., en el marco de la 15\u00ba Sesi\u00f3n Ordinaria, los Concejales del Departamento de Malarg\u00fce dieron aprobaci\u00f3n al proyecto de colocaci\u00f3n de cartel identificatorio en cruce de la Ruta Nacional N\u00b0 40 y la Provincial N\u00b0 222, cuya iniciativa pertenece al Concejal Mauricio Mart\u00ednez del Bloque Frente Cambia Mendoza. El [&hellip;]","og_url":"https:\/\/hcd.malargue.gov.ar\/?p=16891","og_site_name":"Malarg\u00fce HCD","article_published_time":"2019-08-02T13:11:59+00:00","article_modified_time":"2019-08-02T13:14:03+00:00","og_image":[{"width":1040,"height":488,"url":"https:\/\/hcd.malargue.gov.ar\/wp-content\/uploads\/2019\/08\/LAS-LE\u00d1AS-MALARG\u00dcE.jpg","type":"image\/jpeg"}],"author":"Marcia Sepulveda","twitter_card":"summary_large_image","twitter_misc":{"Escrito por":"Marcia Sepulveda","Tiempo de lectura":"1 minuto"},"schema":{"@context":"https:\/\/schema.org","@graph":[{"@type":"WebPage","@id":"https:\/\/hcd.malargue.gov.ar\/?p=16891","url":"https:\/\/hcd.malargue.gov.ar\/?p=16891","name":"LAS LE\u00d1AS ES DE MALARG\u00dcE, NO DE SAN RAFAEL; Y CARTEL DEL CRUCE APROBADO POR EL CONCEJO DELIBERANTE. - Malarg\u00fce HCD","isPartOf":{"@id":"https:\/\/hcd.malargue.gov.ar\/#website"},"datePublished":"2019-08-02T13:11:59+00:00","dateModified":"2019-08-02T13:14:03+00:00","author":{"@id":"https:\/\/hcd.malargue.gov.ar\/#\/schema\/person\/c02f28730a528313e04d34aba071fe06"},"breadcrumb":{"@id":"https:\/\/hcd.malargue.gov.ar\/?p=16891#breadcrumb"},"inLanguage":"es-AR","potentialAction":[{"@type":"ReadAction","target":["https:\/\/hcd.malargue.gov.ar\/?p=16891"]}]},{"@type":"BreadcrumbList","@id":"https:\/\/hcd.malargue.gov.ar\/?p=16891#breadcrumb","itemListElement":[{"@type":"ListItem","position":1,"name":"Inicio","item":"https:\/\/hcd.malargue.gov.ar\/"},{"@type":"ListItem","position":2,"name":"LAS LE\u00d1AS ES DE MALARG\u00dcE, NO DE SAN RAFAEL; Y CARTEL DEL CRUCE APROBADO POR EL CONCEJO DELIBERANTE."}]},{"@type":"WebSite","@id":"https:\/\/hcd.malargue.gov.ar\/#website","url":"https:\/\/hcd.malargue.gov.ar\/","name":"Malarg\u00fce HCD","description":"Malarg\u00fce Mendoza Argentina","potentialAction":[{"@type":"SearchAction","target":{"@type":"EntryPoint","urlTemplate":"https:\/\/hcd.malargue.gov.ar\/?s={search_term_string}"},"query-input":"required name=search_term_string"}],"inLanguage":"es-AR"},{"@type":"Person","@id":"https:\/\/hcd.malargue.gov.ar\/#\/schema\/person\/c02f28730a528313e04d34aba071fe06","name":"Marcia Sepulveda","image":{"@type":"ImageObject","inLanguage":"es-AR","@id":"https:\/\/hcd.malargue.gov.ar\/#\/schema\/person\/image\/","url":"https:\/\/secure.gravatar.com\/avatar\/3557e3bccdef0a5d4de0476d077c8920f0638f6f0bd05553351eb0e70d99f241?s=96&d=mm&r=g","contentUrl":"https:\/\/secure.gravatar.com\/avatar\/3557e3bccdef0a5d4de0476d077c8920f0638f6f0bd05553351eb0e70d99f241?s=96&d=mm&r=g","caption":"Marcia Sepulveda"},"url":"https:\/\/hcd.malargue.gov.ar\/?author=4"}]}},"_links":{"self":[{"href":"https:\/\/hcd.malargue.gov.ar\/index.php?rest_route=\/wp\/v2\/posts\/16891","targetHints":{"allow":["GET"]}}],"collection":[{"href":"https:\/\/hcd.malargue.gov.ar\/index.php?rest_route=\/wp\/v2\/posts"}],"about":[{"href":"https:\/\/hcd.malargue.gov.ar\/index.php?rest_route=\/wp\/v2\/types\/post"}],"author":[{"embeddable":true,"href":"https:\/\/hcd.malargue.gov.ar\/index.php?rest_route=\/wp\/v2\/users\/4"}],"replies":[{"embeddable":true,"href":"https:\/\/hcd.malargue.gov.ar\/index.php?rest_route=%2Fwp%2Fv2%2Fcomments&post=16891"}],"version-history":[{"count":0,"href":"https:\/\/hcd.malargue.gov.ar\/index.php?rest_route=\/wp\/v2\/posts\/16891\/revisions"}],"wp:featuredmedia":[{"embeddable":true,"href":"https:\/\/hcd.malargue.gov.ar\/index.php?rest_route=\/wp\/v2\/media\/16892"}],"wp:attachment":[{"href":"https:\/\/hcd.malargue.gov.ar\/index.php?rest_route=%2Fwp%2Fv2%2Fmedia&parent=16891"}],"wp:term":[{"taxonomy":"category","embeddable":true,"href":"https:\/\/hcd.malargue.gov.ar\/index.php?rest_route=%2Fwp%2Fv2%2Fcategories&post=16891"},{"taxonomy":"post_tag","embeddable":true,"href":"https:\/\/hcd.malargue.gov.ar\/index.php?rest_route=%2Fwp%2Fv2%2Ftags&post=16891"}],"curies":[{"name":"wp","href":"https:\/\/api.w.org\/{rel}","templated":true}]}}