{"id":16899,"date":"2019-08-05T10:26:10","date_gmt":"2019-08-05T13:26:10","guid":{"rendered":"https:\/\/hcd.malargue.gov.ar\/?p=16899"},"modified":"2019-08-05T10:30:13","modified_gmt":"2019-08-05T13:30:13","slug":"la-comision-de-educacion-recibio-a-2","status":"publish","type":"post","link":"https:\/\/hcd.malargue.gov.ar\/?p=16899","title":{"rendered":"SE REUNI\u00d3 LA COMISI\u00d3N DE EDUCACI\u00d3N"},"content":{"rendered":"<p>Siendo las 09:00 hrs del lunes 5 de Agosto, se reuni\u00f3 la Comisi\u00f3n de Educaci\u00f3n, Higiene, Moralidad, Acci\u00f3n Social y Cultura con la presencia de los Ediles <a class=\"profileLink\" title=\"Raul Rodriguez\" href=\"https:\/\/www.facebook.com\/profile.php?id=100006772713963&amp;__tn__=K-R&amp;eid=ARAY-dAxzC7PEPnb2ruT_4zAqI2D0poBPjZziYdQIFFUs7aHUfE3oil9g99ma9GFDGV_DbLPlJL-AL1Q&amp;fref=mentions&amp;__xts__%5B0%5D=68.ARBs_HLLoGQxnRKXAff4TW9quOYNqbisU_S85KKdCGYBChpcvep-8zTw5m46c4PO0iVsE9dFJyiJrI1-vFAX09wfy3PZXqqiALUozCnn8ltWWv-hFdJ5PWGkjweEC1qHT_dGEiR9vnyCxCvX4k0fahcaDutSL80Yefbzp4wbTuR4itfsxGC7gtcVJOJ_yZOzRSw7qxidfGKVR_oguYGLrzMZP6qzt82l8lK8zl0DoPfc58VDeY-OkuVijpqwOvVDnnycGvgPsfC68NiUq12isT1H_xE9kPqJ5FFYmrSU60gJt0H8jUoFjFbKMupX4UkDKDsEAVa8f6GLEVwz0K5vbLE\" data-hovercard=\"\/ajax\/hovercard\/user.php?id=100006772713963&amp;extragetparams=%7B%22__tn__%22%3A%22%2CdK-R-R%22%2C%22eid%22%3A%22ARAY-dAxzC7PEPnb2ruT_4zAqI2D0poBPjZziYdQIFFUs7aHUfE3oil9g99ma9GFDGV_DbLPlJL-AL1Q%22%2C%22fref%22%3A%22mentions%22%7D&amp;av=361313671036059&amp;eav=AfYK24e-xCQwoLuTBW_6V6FsAbkapCTOvEhi5woU9kHJ_HN6fx-HluKxX45C9sCwvGk\" data-hovercard-prefer-more-content-show=\"1\">Raul Rodriguez<\/a>, <a class=\"profileLink\" title=\"Daniela Favari\" href=\"https:\/\/www.facebook.com\/daniela.favari.92?__tn__=K-R&amp;eid=ARBRd4Anx4WYLN4sKpFHjXqAj0hdaMe5-Tq8AqRjLRpHz4xm_epTwCmVH_psIv2EQCA81xtoi2o5wdhP&amp;fref=mentions&amp;__xts__%5B0%5D=68.ARBs_HLLoGQxnRKXAff4TW9quOYNqbisU_S85KKdCGYBChpcvep-8zTw5m46c4PO0iVsE9dFJyiJrI1-vFAX09wfy3PZXqqiALUozCnn8ltWWv-hFdJ5PWGkjweEC1qHT_dGEiR9vnyCxCvX4k0fahcaDutSL80Yefbzp4wbTuR4itfsxGC7gtcVJOJ_yZOzRSw7qxidfGKVR_oguYGLrzMZP6qzt82l8lK8zl0DoPfc58VDeY-OkuVijpqwOvVDnnycGvgPsfC68NiUq12isT1H_xE9kPqJ5FFYmrSU60gJt0H8jUoFjFbKMupX4UkDKDsEAVa8f6GLEVwz0K5vbLE\" data-hovercard=\"\/ajax\/hovercard\/user.php?id=100001996108315&amp;extragetparams=%7B%22__tn__%22%3A%22%2CdK-R-R%22%2C%22eid%22%3A%22ARBRd4Anx4WYLN4sKpFHjXqAj0hdaMe5-Tq8AqRjLRpHz4xm_epTwCmVH_psIv2EQCA81xtoi2o5wdhP%22%2C%22fref%22%3A%22mentions%22%7D&amp;av=361313671036059&amp;eav=AfbGlf1JYcYJhWLrJuoa2r-6pD3wwiogAag06KJq5QDl86KWpLtby1FA4kpovJD24Z4\" data-hovercard-prefer-more-content-show=\"1\">Daniela Favari<\/a>, <a class=\"profileLink\" title=\"Pao Jofre\" href=\"https:\/\/www.facebook.com\/paolafer.gonzalezjofre?__tn__=K-R&amp;eid=ARCBzmRGIgYFthNe93zW8EJ43e6H7TnT7f3ZaDIWELmnYg652M6Eyj_96jc_YfoDTE8nMJcHmwd1Tnay&amp;fref=mentions&amp;__xts__%5B0%5D=68.ARBs_HLLoGQxnRKXAff4TW9quOYNqbisU_S85KKdCGYBChpcvep-8zTw5m46c4PO0iVsE9dFJyiJrI1-vFAX09wfy3PZXqqiALUozCnn8ltWWv-hFdJ5PWGkjweEC1qHT_dGEiR9vnyCxCvX4k0fahcaDutSL80Yefbzp4wbTuR4itfsxGC7gtcVJOJ_yZOzRSw7qxidfGKVR_oguYGLrzMZP6qzt82l8lK8zl0DoPfc58VDeY-OkuVijpqwOvVDnnycGvgPsfC68NiUq12isT1H_xE9kPqJ5FFYmrSU60gJt0H8jUoFjFbKMupX4UkDKDsEAVa8f6GLEVwz0K5vbLE\" data-hovercard=\"\/ajax\/hovercard\/user.php?id=1186623343&amp;extragetparams=%7B%22__tn__%22%3A%22%2CdK-R-R%22%2C%22eid%22%3A%22ARCBzmRGIgYFthNe93zW8EJ43e6H7TnT7f3ZaDIWELmnYg652M6Eyj_96jc_YfoDTE8nMJcHmwd1Tnay%22%2C%22fref%22%3A%22mentions%22%7D&amp;av=361313671036059&amp;eav=AfbcuQT6LyUAfHNp0vwa96PXFF0lS-TjGXZ9STbTMVEQmLzE_Z4W003MqDi28PmMPwQ\" data-hovercard-prefer-more-content-show=\"1\">Pao Jofre<\/a>, <a class=\"profileLink\" title=\"Mauricio Martinez\" href=\"https:\/\/www.facebook.com\/mauricio.martinez.71465572?__tn__=K-R&amp;eid=ARBsNjjNPVdQEdOiIKnDNS2TJ6lM_NKqs1ZVaIp2IT-bNJU9sk2CzREbcd89beurKBCAKQU4f395L_6j&amp;fref=mentions&amp;__xts__%5B0%5D=68.ARBs_HLLoGQxnRKXAff4TW9quOYNqbisU_S85KKdCGYBChpcvep-8zTw5m46c4PO0iVsE9dFJyiJrI1-vFAX09wfy3PZXqqiALUozCnn8ltWWv-hFdJ5PWGkjweEC1qHT_dGEiR9vnyCxCvX4k0fahcaDutSL80Yefbzp4wbTuR4itfsxGC7gtcVJOJ_yZOzRSw7qxidfGKVR_oguYGLrzMZP6qzt82l8lK8zl0DoPfc58VDeY-OkuVijpqwOvVDnnycGvgPsfC68NiUq12isT1H_xE9kPqJ5FFYmrSU60gJt0H8jUoFjFbKMupX4UkDKDsEAVa8f6GLEVwz0K5vbLE\" data-hovercard=\"\/ajax\/hovercard\/user.php?id=1347072991&amp;extragetparams=%7B%22__tn__%22%3A%22%2CdK-R-R%22%2C%22eid%22%3A%22ARBsNjjNPVdQEdOiIKnDNS2TJ6lM_NKqs1ZVaIp2IT-bNJU9sk2CzREbcd89beurKBCAKQU4f395L_6j%22%2C%22fref%22%3A%22mentions%22%7D&amp;av=361313671036059&amp;eav=AfYgv4RCBgnVsyRCLgbuhHQ57-j2HiaCWuRPycvIzvX5T2mfsTyTRODcfmZbaAjz2jA\" data-hovercard-prefer-more-content-show=\"1\">Mauricio Martinez<\/a> y <a class=\"profileLink\" href=\"https:\/\/www.facebook.com\/ojedaxmalargue\/?__tn__=K-R&amp;eid=ARAufdmEtDOcteCeO1tx9fZizS8Hu-Et6waPcMVRFua2Or1NdhLpKRhXWTmSxiFT8q-CjxUUx16JmQka&amp;fref=mentions&amp;__xts__%5B0%5D=68.ARBs_HLLoGQxnRKXAff4TW9quOYNqbisU_S85KKdCGYBChpcvep-8zTw5m46c4PO0iVsE9dFJyiJrI1-vFAX09wfy3PZXqqiALUozCnn8ltWWv-hFdJ5PWGkjweEC1qHT_dGEiR9vnyCxCvX4k0fahcaDutSL80Yefbzp4wbTuR4itfsxGC7gtcVJOJ_yZOzRSw7qxidfGKVR_oguYGLrzMZP6qzt82l8lK8zl0DoPfc58VDeY-OkuVijpqwOvVDnnycGvgPsfC68NiUq12isT1H_xE9kPqJ5FFYmrSU60gJt0H8jUoFjFbKMupX4UkDKDsEAVa8f6GLEVwz0K5vbLE\" data-hovercard=\"\/ajax\/hovercard\/page.php?id=1502054096732094&amp;extragetparams=%7B%22__tn__%22%3A%22%2CdK-R-R%22%2C%22eid%22%3A%22ARAufdmEtDOcteCeO1tx9fZizS8Hu-Et6waPcMVRFua2Or1NdhLpKRhXWTmSxiFT8q-CjxUUx16JmQka%22%2C%22fref%22%3A%22mentions%22%7D&amp;av=361313671036059&amp;eav=AfYBChO06wFbw2p9A4G8T3PNHug9SKVIprFDOs0d_h1WMzdGaIbCPhghqVF0uIfey-M\" data-hovercard-prefer-more-content-show=\"1\">Juan Manuel Ojeda<\/a>.<\/p>\n<p>Los mismos espeban la vista de la Directora de Cultura Maria del Carmen Vergara, para tratar sobre <a href=\"https:\/\/hcd.malargue.gov.ar\/2018\/12\/07\/el-coro-municipal-de-malargue-hugo-oscar-cabrera-ya-cuenta-con-un-reglamento-que-regula-su-funcionamiento\/\" target=\"_blank\" rel=\"noopener\">Ordenanza 1.448\/2.019 \u00a0<\/a>vetada por el Ejecutivo Municipal, la cual solicita la implementacion del Reglamento Interno del Coro Municipal de Malarg\u00fce Hugo Oscar Cabrera a las 9:30 y de la Directora de Servicio y Crecimiento Social, Sra. Bibiana James para tratar el N\u00ba 4.591-HC 007-2019 Proyecto de Ordenanza: Creaci\u00f3n de la Oficina de Adopci\u00f3n Municipal a las 10:30hrs; pero ninguna pudo hacerse presente.<\/p>\n<p>Ademas dieron tratamiento a diversas Notas y Expedientes obrantes en la comisi\u00f3n.<\/p>\n<div id='gallery-1' class='gallery galleryid-16899 gallery-columns-6 gallery-size-thumbnail'><figure class='gallery-item'>\n\t\t\t<div class='gallery-icon landscape'>\n\t\t\t\t<a href='https:\/\/hcd.malargue.gov.ar\/wp-content\/uploads\/2019\/08\/IMGP1035.jpg'><img loading=\"lazy\" decoding=\"async\" width=\"150\" height=\"150\" src=\"https:\/\/hcd.malargue.gov.ar\/wp-content\/uploads\/2019\/08\/IMGP1035-150x150.jpg\" class=\"attachment-thumbnail size-thumbnail\" alt=\"\" \/><\/a>\n\t\t\t<\/div><\/figure><figure class='gallery-item'>\n\t\t\t<div class='gallery-icon landscape'>\n\t\t\t\t<a href='https:\/\/hcd.malargue.gov.ar\/wp-content\/uploads\/2019\/08\/IMGP1037.jpg'><img loading=\"lazy\" decoding=\"async\" width=\"150\" height=\"150\" src=\"https:\/\/hcd.malargue.gov.ar\/wp-content\/uploads\/2019\/08\/IMGP1037-150x150.jpg\" class=\"attachment-thumbnail size-thumbnail\" alt=\"\" \/><\/a>\n\t\t\t<\/div><\/figure><figure class='gallery-item'>\n\t\t\t<div class='gallery-icon portrait'>\n\t\t\t\t<a href='https:\/\/hcd.malargue.gov.ar\/wp-content\/uploads\/2019\/08\/IMGP1039.jpg'><img loading=\"lazy\" decoding=\"async\" width=\"150\" height=\"150\" src=\"https:\/\/hcd.malargue.gov.ar\/wp-content\/uploads\/2019\/08\/IMGP1039-150x150.jpg\" class=\"attachment-thumbnail size-thumbnail\" alt=\"\" \/><\/a>\n\t\t\t<\/div><\/figure><figure class='gallery-item'>\n\t\t\t<div class='gallery-icon portrait'>\n\t\t\t\t<a href='https:\/\/hcd.malargue.gov.ar\/wp-content\/uploads\/2019\/08\/IMGP1042.jpg'><img loading=\"lazy\" decoding=\"async\" width=\"150\" height=\"150\" src=\"https:\/\/hcd.malargue.gov.ar\/wp-content\/uploads\/2019\/08\/IMGP1042-150x150.jpg\" class=\"attachment-thumbnail size-thumbnail\" alt=\"\" \/><\/a>\n\t\t\t<\/div><\/figure><figure class='gallery-item'>\n\t\t\t<div class='gallery-icon portrait'>\n\t\t\t\t<a href='https:\/\/hcd.malargue.gov.ar\/wp-content\/uploads\/2019\/08\/IMGP1044.jpg'><img loading=\"lazy\" decoding=\"async\" width=\"150\" height=\"150\" src=\"https:\/\/hcd.malargue.gov.ar\/wp-content\/uploads\/2019\/08\/IMGP1044-150x150.jpg\" class=\"attachment-thumbnail size-thumbnail\" alt=\"\" \/><\/a>\n\t\t\t<\/div><\/figure><figure class='gallery-item'>\n\t\t\t<div class='gallery-icon portrait'>\n\t\t\t\t<a href='https:\/\/hcd.malargue.gov.ar\/wp-content\/uploads\/2019\/08\/IMGP1047.jpg'><img loading=\"lazy\" decoding=\"async\" width=\"150\" height=\"150\" src=\"https:\/\/hcd.malargue.gov.ar\/wp-content\/uploads\/2019\/08\/IMGP1047-150x150.jpg\" class=\"attachment-thumbnail size-thumbnail\" alt=\"\" \/><\/a>\n\t\t\t<\/div><\/figure>\n\t\t<\/div>\n\n","protected":false},"excerpt":{"rendered":"<p>Siendo las 09:00 hrs del lunes 5 de Agosto, se reuni\u00f3 la Comisi\u00f3n de Educaci\u00f3n, Higiene, Moralidad, Acci\u00f3n Social y Cultura con la presencia de los Ediles Raul Rodriguez, Daniela Favari, Pao Jofre, Mauricio Martinez y Juan Manuel Ojeda. Los mismos espeban la vista de la Directora de Cultura Maria del Carmen Vergara, para tratar [&hellip;]<\/p>\n","protected":false},"author":5,"featured_media":16903,"comment_status":"closed","ping_status":"closed","sticky":false,"template":"","format":"standard","meta":{"footnotes":""},"categories":[61,39,52,33],"tags":[],"class_list":["post-16899","post","type-post","status-publish","format-standard","has-post-thumbnail","hentry","category-comision-de-educacion-higiene-moralidad-accion-social-y-cultura","category-comisiones","category-gacetillas","category-prensa"],"yoast_head":"<!-- This site is optimized with the Yoast SEO plugin v19.10 - https:\/\/yoast.com\/wordpress\/plugins\/seo\/ -->\n<title>SE REUNI\u00d3 LA COMISI\u00d3N DE EDUCACI\u00d3N - Malarg\u00fce HCD<\/title>\n<meta name=\"robots\" content=\"index, follow, max-snippet:-1, max-image-preview:large, max-video-preview:-1\" \/>\n<link rel=\"canonical\" href=\"https:\/\/hcd.malargue.gov.ar\/?p=16899\" \/>\n<meta property=\"og:locale\" content=\"es_ES\" \/>\n<meta property=\"og:type\" content=\"article\" \/>\n<meta property=\"og:title\" content=\"SE REUNI\u00d3 LA COMISI\u00d3N DE EDUCACI\u00d3N - Malarg\u00fce HCD\" \/>\n<meta property=\"og:description\" content=\"Siendo las 09:00 hrs del lunes 5 de Agosto, se reuni\u00f3 la Comisi\u00f3n de Educaci\u00f3n, Higiene, Moralidad, Acci\u00f3n Social y Cultura con la presencia de los Ediles Raul Rodriguez, Daniela Favari, Pao Jofre, Mauricio Martinez y Juan Manuel Ojeda. Los mismos espeban la vista de la Directora de Cultura Maria del Carmen Vergara, para tratar [&hellip;]\" \/>\n<meta property=\"og:url\" content=\"https:\/\/hcd.malargue.gov.ar\/?p=16899\" \/>\n<meta property=\"og:site_name\" content=\"Malarg\u00fce HCD\" \/>\n<meta property=\"article:published_time\" content=\"2019-08-05T13:26:10+00:00\" \/>\n<meta property=\"article:modified_time\" content=\"2019-08-05T13:30:13+00:00\" \/>\n<meta property=\"og:image\" content=\"https:\/\/hcd.malargue.gov.ar\/wp-content\/uploads\/2019\/08\/IMGP1035.jpg\" \/>\n\t<meta property=\"og:image:width\" content=\"4288\" \/>\n\t<meta property=\"og:image:height\" content=\"2848\" \/>\n\t<meta property=\"og:image:type\" content=\"image\/jpeg\" \/>\n<meta name=\"author\" content=\"Belen Pedernera Ferragut\" \/>\n<meta name=\"twitter:card\" content=\"summary_large_image\" \/>\n<meta name=\"twitter:label1\" content=\"Escrito por\" \/>\n\t<meta name=\"twitter:data1\" content=\"Belen Pedernera Ferragut\" \/>\n\t<meta name=\"twitter:label2\" content=\"Tiempo de lectura\" \/>\n\t<meta name=\"twitter:data2\" content=\"1 minuto\" \/>\n<script type=\"application\/ld+json\" class=\"yoast-schema-graph\">{\"@context\":\"https:\/\/schema.org\",\"@graph\":[{\"@type\":\"WebPage\",\"@id\":\"https:\/\/hcd.malargue.gov.ar\/?p=16899\",\"url\":\"https:\/\/hcd.malargue.gov.ar\/?p=16899\",\"name\":\"SE REUNI\u00d3 LA COMISI\u00d3N DE EDUCACI\u00d3N - Malarg\u00fce HCD\",\"isPartOf\":{\"@id\":\"https:\/\/hcd.malargue.gov.ar\/#website\"},\"datePublished\":\"2019-08-05T13:26:10+00:00\",\"dateModified\":\"2019-08-05T13:30:13+00:00\",\"author\":{\"@id\":\"https:\/\/hcd.malargue.gov.ar\/#\/schema\/person\/3fd6bbab64edd703961b795156c955d0\"},\"breadcrumb\":{\"@id\":\"https:\/\/hcd.malargue.gov.ar\/?p=16899#breadcrumb\"},\"inLanguage\":\"es-AR\",\"potentialAction\":[{\"@type\":\"ReadAction\",\"target\":[\"https:\/\/hcd.malargue.gov.ar\/?p=16899\"]}]},{\"@type\":\"BreadcrumbList\",\"@id\":\"https:\/\/hcd.malargue.gov.ar\/?p=16899#breadcrumb\",\"itemListElement\":[{\"@type\":\"ListItem\",\"position\":1,\"name\":\"Inicio\",\"item\":\"https:\/\/hcd.malargue.gov.ar\/\"},{\"@type\":\"ListItem\",\"position\":2,\"name\":\"SE REUNI\u00d3 LA COMISI\u00d3N DE EDUCACI\u00d3N\"}]},{\"@type\":\"WebSite\",\"@id\":\"https:\/\/hcd.malargue.gov.ar\/#website\",\"url\":\"https:\/\/hcd.malargue.gov.ar\/\",\"name\":\"Malarg\u00fce HCD\",\"description\":\"Malarg\u00fce Mendoza Argentina\",\"potentialAction\":[{\"@type\":\"SearchAction\",\"target\":{\"@type\":\"EntryPoint\",\"urlTemplate\":\"https:\/\/hcd.malargue.gov.ar\/?s={search_term_string}\"},\"query-input\":\"required name=search_term_string\"}],\"inLanguage\":\"es-AR\"},{\"@type\":\"Person\",\"@id\":\"https:\/\/hcd.malargue.gov.ar\/#\/schema\/person\/3fd6bbab64edd703961b795156c955d0\",\"name\":\"Belen Pedernera Ferragut\",\"image\":{\"@type\":\"ImageObject\",\"inLanguage\":\"es-AR\",\"@id\":\"https:\/\/hcd.malargue.gov.ar\/#\/schema\/person\/image\/\",\"url\":\"https:\/\/secure.gravatar.com\/avatar\/1054ffab3893de4bb3eb29bdd22f7e34b8537bf5d34d9dab311818154ad5b71f?s=96&d=mm&r=g\",\"contentUrl\":\"https:\/\/secure.gravatar.com\/avatar\/1054ffab3893de4bb3eb29bdd22f7e34b8537bf5d34d9dab311818154ad5b71f?s=96&d=mm&r=g\",\"caption\":\"Belen Pedernera Ferragut\"},\"url\":\"https:\/\/hcd.malargue.gov.ar\/?author=5\"}]}<\/script>\n<!-- \/ Yoast SEO plugin. -->","yoast_head_json":{"title":"SE REUNI\u00d3 LA COMISI\u00d3N DE EDUCACI\u00d3N - Malarg\u00fce HCD","robots":{"index":"index","follow":"follow","max-snippet":"max-snippet:-1","max-image-preview":"max-image-preview:large","max-video-preview":"max-video-preview:-1"},"canonical":"https:\/\/hcd.malargue.gov.ar\/?p=16899","og_locale":"es_ES","og_type":"article","og_title":"SE REUNI\u00d3 LA COMISI\u00d3N DE EDUCACI\u00d3N - Malarg\u00fce HCD","og_description":"Siendo las 09:00 hrs del lunes 5 de Agosto, se reuni\u00f3 la Comisi\u00f3n de Educaci\u00f3n, Higiene, Moralidad, Acci\u00f3n Social y Cultura con la presencia de los Ediles Raul Rodriguez, Daniela Favari, Pao Jofre, Mauricio Martinez y Juan Manuel Ojeda. Los mismos espeban la vista de la Directora de Cultura Maria del Carmen Vergara, para tratar [&hellip;]","og_url":"https:\/\/hcd.malargue.gov.ar\/?p=16899","og_site_name":"Malarg\u00fce HCD","article_published_time":"2019-08-05T13:26:10+00:00","article_modified_time":"2019-08-05T13:30:13+00:00","og_image":[{"width":4288,"height":2848,"url":"https:\/\/hcd.malargue.gov.ar\/wp-content\/uploads\/2019\/08\/IMGP1035.jpg","type":"image\/jpeg"}],"author":"Belen Pedernera Ferragut","twitter_card":"summary_large_image","twitter_misc":{"Escrito por":"Belen Pedernera Ferragut","Tiempo de lectura":"1 minuto"},"schema":{"@context":"https:\/\/schema.org","@graph":[{"@type":"WebPage","@id":"https:\/\/hcd.malargue.gov.ar\/?p=16899","url":"https:\/\/hcd.malargue.gov.ar\/?p=16899","name":"SE REUNI\u00d3 LA COMISI\u00d3N DE EDUCACI\u00d3N - Malarg\u00fce HCD","isPartOf":{"@id":"https:\/\/hcd.malargue.gov.ar\/#website"},"datePublished":"2019-08-05T13:26:10+00:00","dateModified":"2019-08-05T13:30:13+00:00","author":{"@id":"https:\/\/hcd.malargue.gov.ar\/#\/schema\/person\/3fd6bbab64edd703961b795156c955d0"},"breadcrumb":{"@id":"https:\/\/hcd.malargue.gov.ar\/?p=16899#breadcrumb"},"inLanguage":"es-AR","potentialAction":[{"@type":"ReadAction","target":["https:\/\/hcd.malargue.gov.ar\/?p=16899"]}]},{"@type":"BreadcrumbList","@id":"https:\/\/hcd.malargue.gov.ar\/?p=16899#breadcrumb","itemListElement":[{"@type":"ListItem","position":1,"name":"Inicio","item":"https:\/\/hcd.malargue.gov.ar\/"},{"@type":"ListItem","position":2,"name":"SE REUNI\u00d3 LA COMISI\u00d3N DE EDUCACI\u00d3N"}]},{"@type":"WebSite","@id":"https:\/\/hcd.malargue.gov.ar\/#website","url":"https:\/\/hcd.malargue.gov.ar\/","name":"Malarg\u00fce HCD","description":"Malarg\u00fce Mendoza Argentina","potentialAction":[{"@type":"SearchAction","target":{"@type":"EntryPoint","urlTemplate":"https:\/\/hcd.malargue.gov.ar\/?s={search_term_string}"},"query-input":"required name=search_term_string"}],"inLanguage":"es-AR"},{"@type":"Person","@id":"https:\/\/hcd.malargue.gov.ar\/#\/schema\/person\/3fd6bbab64edd703961b795156c955d0","name":"Belen Pedernera Ferragut","image":{"@type":"ImageObject","inLanguage":"es-AR","@id":"https:\/\/hcd.malargue.gov.ar\/#\/schema\/person\/image\/","url":"https:\/\/secure.gravatar.com\/avatar\/1054ffab3893de4bb3eb29bdd22f7e34b8537bf5d34d9dab311818154ad5b71f?s=96&d=mm&r=g","contentUrl":"https:\/\/secure.gravatar.com\/avatar\/1054ffab3893de4bb3eb29bdd22f7e34b8537bf5d34d9dab311818154ad5b71f?s=96&d=mm&r=g","caption":"Belen Pedernera Ferragut"},"url":"https:\/\/hcd.malargue.gov.ar\/?author=5"}]}},"_links":{"self":[{"href":"https:\/\/hcd.malargue.gov.ar\/index.php?rest_route=\/wp\/v2\/posts\/16899","targetHints":{"allow":["GET"]}}],"collection":[{"href":"https:\/\/hcd.malargue.gov.ar\/index.php?rest_route=\/wp\/v2\/posts"}],"about":[{"href":"https:\/\/hcd.malargue.gov.ar\/index.php?rest_route=\/wp\/v2\/types\/post"}],"author":[{"embeddable":true,"href":"https:\/\/hcd.malargue.gov.ar\/index.php?rest_route=\/wp\/v2\/users\/5"}],"replies":[{"embeddable":true,"href":"https:\/\/hcd.malargue.gov.ar\/index.php?rest_route=%2Fwp%2Fv2%2Fcomments&post=16899"}],"version-history":[{"count":0,"href":"https:\/\/hcd.malargue.gov.ar\/index.php?rest_route=\/wp\/v2\/posts\/16899\/revisions"}],"wp:featuredmedia":[{"embeddable":true,"href":"https:\/\/hcd.malargue.gov.ar\/index.php?rest_route=\/wp\/v2\/media\/16903"}],"wp:attachment":[{"href":"https:\/\/hcd.malargue.gov.ar\/index.php?rest_route=%2Fwp%2Fv2%2Fmedia&parent=16899"}],"wp:term":[{"taxonomy":"category","embeddable":true,"href":"https:\/\/hcd.malargue.gov.ar\/index.php?rest_route=%2Fwp%2Fv2%2Fcategories&post=16899"},{"taxonomy":"post_tag","embeddable":true,"href":"https:\/\/hcd.malargue.gov.ar\/index.php?rest_route=%2Fwp%2Fv2%2Ftags&post=16899"}],"curies":[{"name":"wp","href":"https:\/\/api.w.org\/{rel}","templated":true}]}}