{"id":17213,"date":"2019-08-21T11:03:16","date_gmt":"2019-08-21T14:03:16","guid":{"rendered":"https:\/\/hcd.malargue.gov.ar\/?p=17213"},"modified":"2019-08-21T11:03:16","modified_gmt":"2019-08-21T14:03:16","slug":"orden-del-dia-sesion-ordinaria-17","status":"publish","type":"post","link":"https:\/\/hcd.malargue.gov.ar\/?p=17213","title":{"rendered":"ORDEN DEL DIA  SESION ORDINARIA"},"content":{"rendered":"<p>D\u00eda Jueves 22 de Agosto de 2019<a href=\"https:\/\/hcd.malargue.gov.ar\/pdf\/ORDEN%2022%20de%20Agosto%20%20%20de%20%202019.pdf\" target=\"_blank\" rel=\"noopener noreferrer\"><img loading=\"lazy\" decoding=\"async\" class=\" wp-image-7950 alignright\" src=\"https:\/\/hcd.malargue.gov.ar\/wp-content\/uploads\/2018\/06\/PDF-JPG-300x300.jpg\" alt=\"\" width=\"64\" height=\"64\" srcset=\"https:\/\/hcd.malargue.gov.ar\/wp-content\/uploads\/2018\/06\/PDF-JPG-300x300.jpg 300w, https:\/\/hcd.malargue.gov.ar\/wp-content\/uploads\/2018\/06\/PDF-JPG-150x150.jpg 150w, https:\/\/hcd.malargue.gov.ar\/wp-content\/uploads\/2018\/06\/PDF-JPG.jpg 512w\" sizes=\"auto, (max-width: 64px) 100vw, 64px\" \/><\/a><\/p>\n<p>Hora: 08:50<br \/>\nBANCA DEL CIUDADANO: Sr. Nicol\u00e1s Ramos<br \/>\nTema: Realidad y necesidades de la Comunidad Sorda de Malarg\u00fce.<\/p>\n<p>a) Acto de Izar la Ense\u00f1a Patria a cargo del Sr. Juan Manuel OJEDA<br \/>\nb) Homenaje de los Se\u00f1ores Concejales.<br \/>\nc) Consideraci\u00f3n Acta Sesi\u00f3n Ordinaria N\u00ba 1021-\u201cO\u201d-2019.<br \/>\nd) Lectura del detalle de la correspondencia recibida y emitida.<br \/>\ne) Determinaci\u00f3n de los temas que ser\u00e1n incluidos en el punto Asuntos Varios y puesta a consideraci\u00f3n de mociones de tratamientos sobre tablas de diversos expedientes.<br \/>\nf) Proyectos de los Se\u00f1ores Concejales:<br \/>\n-No Ingresados-<br \/>\ng) Expedientes provenientes del Departamento Ejecutivo:<br \/>\n1. Expte. N\u00ba 3727\/2019-0 Direcci\u00f3n de Ganader\u00eda Veterinaria y Zoonosis Ref. Ley<br \/>\nsobre el manejo de la Profesi\u00f3n . Ley N\u00ba 6.472<br \/>\nh) Despachos de las Comisiones de Trabajo:<br \/>\n1. Expte. N\u00ba 4.664-HC 012-2019 Proyecto de Resoluci\u00f3n: Solicitar al Sr. Intendente Municipal arbitre medidas para abonar la re categorizaci\u00f3n del personal municipal que a\u00fan no lo ha percibido. (H.P.L.A.C.)<br \/>\n2. Expte. N\u00ba 4.670-HC 012-2019 Proyecto de Resoluci\u00f3n: Solicitar a Direcci\u00f3n General de Aduana la creaci\u00f3n de una oficina de esa dependencia en el Departamento de Malarg\u00fce. (PASOS INTERNACIONALES Y ASUNTOS REGIONALES)<br \/>\n3. Expte. N\u00ba 4.661-HC 011-2019 Proyecto de Resoluci\u00f3n: Solicitud de informe a ECOGAS sobre facturaci\u00f3n de servicio de gas natural domiciliario. (H.P.L.A.C.)<br \/>\n4. Nota HC 263-19 Sr. Rub\u00e9n An\u00edbal Dom\u00ednguez en representaci\u00f3n de ATE Seccional Malarg\u00fce interpone Apelaci\u00f3n Decreto N\u00ba 1.142\/2019 y Decreto N\u00ba 666\/2019. (H.P.L.A.C. )<br \/>\n5. Nota HC 262-19 Sr. Rub\u00e9n An\u00edbal Dom\u00ednguez en representaci\u00f3n de ATE Seccional Malarg\u00fce, interpone Apelaci\u00f3n contra Decreto N\u00ba 1.141\/2019 y Decreto N\u00ba 667\/2019 .(H.P.L.A.C.)<br \/>\n6. Nota HC 264-19 Sr. Rub\u00e9n An\u00edbal Dom\u00ednguez en representaci\u00f3n de ATE Seccional Malarg\u00fce, interpone Apelaci\u00f3n contra Decreto N\u00ba 1.140\/2019 y Decreto N\u00ba 668\/2019 .(H.P.L.A.C.)<br \/>\n7. Expte. N\u00ba 4.666-HC 012-2019 Proyecto de Resoluci\u00f3n: Solicitar al Departamento Ejecutivo informe sobre la situaci\u00f3n de los espacios verdes en el Departamento. (O.P.T Y R.N )<br \/>\n8. Nota HC-316-19 Ing. Emilio Gui\u00f1az\u00fa Fader, Subsecretario de Energ\u00eda y Miner\u00eda eleva respuesta a requerimiento seg\u00fan Resoluci\u00f3n N\u00ba141\/2019 solicitando se constituya la Mesa Minera Departamental Malarg\u00fce (O.P.T Y R.N )<br \/>\n9. Expte. N\u00ba 4.667-HC 012-2019 Proyecto de Declaraci\u00f3n: Repudio al Proyecto de Reforma Laboral en Argentina. (H.P.L.A.C.)<br \/>\ni) Asuntos Varios.-<br \/>\nj) Acto de arriar el Pabell\u00f3n Nacional a cargo del concejal que lo iz\u00f3.-<br \/>\nPresidencia H.C.D 20 de Agosto de 2019.-<\/p>\n<p>CORRESPONDENCIA PARA LA SESI\u00d3N<br \/>\nDEL DIA JUEVES 22 DE AGOSTO DE 2.019<\/p>\n<p>NOTAS INGRESADAS<\/p>\n<p>1. C\u00e1mara de Comercio y Afines de Malarg\u00fce manifiesta inquietud por la situaci\u00f3n de sequia que afecta a productores ganaderos y agropecuarios de Malarg\u00fce, solicitan acciones al respecto.<br \/>\n2. Espec\u00edfica de Ganader\u00eda de C\u00e1mara de Comercio y Afines de Malarg\u00fce, solicita respuesta a presentaci\u00f3n de fecha 11 de Junio p.pdo., respecto al Regimen de Asistencia al Productor Ganadero y su incorporaci\u00f3n al Presupuesto Municipal.<br \/>\n3. Sr. Horacio Marinaro, Secretario de Obras y Servicios P\u00fablicos de Municipalidad de Malarg\u00fce, eleva respuesta referida a Resoluci\u00f3n N\u00ba 294\/2.019 obra Red de Gas del Barrio Nueva Esperanza.<br \/>\n4. Presidencia de la Naci\u00f3n, remite acuse recibo Resoluci\u00f3n N\u00ba 266\/2.019 solicitando se promueva ampliar planes de inclusi\u00f3n jubilatorias y pensiones a trav\u00e9s de moratorias.<br \/>\n5. Departamento Ejecutivo, eleva respuesta a inquietud respecto a presentaci\u00f3n de la Sra. Sara Clarisa M\u00e9ndez sobre demolici\u00f3n de m\u00f3dulo.<br \/>\n6. Departamento Ejecutivo, eleva copia de Convenio de trabajos mancomunados suscripto con la C\u00e1mara de Comercio sobre desarrollo de comercio a cielo abierto en el Departamento, para conocimiento.<br \/>\n7. Departamento Ejecutivo, remite copia de Convenio de Cooperaci\u00f3n T\u00e9cnica suscripto con el Instituto Nacional de Tecnolog\u00eda Agropecuaria, para conocimiento.<\/p>\n<p>NOTAS EMITIDAS<\/p>\n<p>1. Al Sr. Ministro de Transporte de la Naci\u00f3n, Sra. Administradora de Direcci\u00f3n Nacional de Vialidad y Legisladores Nacionales por Mendoza, remitiendo copia de Resoluci\u00f3n N\u00ba 309\/2.019, solicitando alambrado sobre la Ruta 40 Sur en Ranquil Norte.<br \/>\n2. Al Sr. Nicol\u00e1s Ramos, informando que podr\u00e1 hacer uso de Banca del Ciudadano.<\/p>\n","protected":false},"excerpt":{"rendered":"<p>D\u00eda Jueves 22 de Agosto de 2019 Hora: 08:50 BANCA DEL CIUDADANO: Sr. Nicol\u00e1s Ramos Tema: Realidad y necesidades de la Comunidad Sorda de Malarg\u00fce. a) Acto de Izar la Ense\u00f1a Patria a cargo del Sr. Juan Manuel OJEDA b) Homenaje de los Se\u00f1ores Concejales. c) Consideraci\u00f3n Acta Sesi\u00f3n Ordinaria N\u00ba 1021-\u201cO\u201d-2019. d) Lectura del [&hellip;]<\/p>\n","protected":false},"author":4,"featured_media":17218,"comment_status":"closed","ping_status":"closed","sticky":false,"template":"","format":"standard","meta":{"footnotes":""},"categories":[52,58,33,36],"tags":[],"class_list":["post-17213","post","type-post","status-publish","format-standard","has-post-thumbnail","hentry","category-gacetillas","category-ordinarias","category-prensa","category-sesiones"],"yoast_head":"<!-- This site is optimized with the Yoast SEO plugin v19.10 - https:\/\/yoast.com\/wordpress\/plugins\/seo\/ -->\n<title>ORDEN DEL DIA SESION ORDINARIA - Malarg\u00fce HCD<\/title>\n<meta name=\"robots\" content=\"index, follow, max-snippet:-1, max-image-preview:large, max-video-preview:-1\" \/>\n<link rel=\"canonical\" href=\"https:\/\/hcd.malargue.gov.ar\/?p=17213\" \/>\n<meta property=\"og:locale\" content=\"es_ES\" \/>\n<meta property=\"og:type\" content=\"article\" \/>\n<meta property=\"og:title\" content=\"ORDEN DEL DIA SESION ORDINARIA - Malarg\u00fce HCD\" \/>\n<meta property=\"og:description\" content=\"D\u00eda Jueves 22 de Agosto de 2019 Hora: 08:50 BANCA DEL CIUDADANO: Sr. Nicol\u00e1s Ramos Tema: Realidad y necesidades de la Comunidad Sorda de Malarg\u00fce. a) Acto de Izar la Ense\u00f1a Patria a cargo del Sr. Juan Manuel OJEDA b) Homenaje de los Se\u00f1ores Concejales. c) Consideraci\u00f3n Acta Sesi\u00f3n Ordinaria N\u00ba 1021-\u201cO\u201d-2019. d) Lectura del [&hellip;]\" \/>\n<meta property=\"og:url\" content=\"https:\/\/hcd.malargue.gov.ar\/?p=17213\" \/>\n<meta property=\"og:site_name\" content=\"Malarg\u00fce HCD\" \/>\n<meta property=\"article:published_time\" content=\"2019-08-21T14:03:16+00:00\" \/>\n<meta property=\"og:image\" content=\"https:\/\/hcd.malargue.gov.ar\/wp-content\/uploads\/2019\/08\/OJEDA-4.jpg\" \/>\n\t<meta property=\"og:image:width\" content=\"2848\" \/>\n\t<meta property=\"og:image:height\" content=\"2428\" \/>\n\t<meta property=\"og:image:type\" content=\"image\/jpeg\" \/>\n<meta name=\"author\" content=\"Marcia Sepulveda\" \/>\n<meta name=\"twitter:card\" content=\"summary_large_image\" \/>\n<meta name=\"twitter:label1\" content=\"Escrito por\" \/>\n\t<meta name=\"twitter:data1\" content=\"Marcia Sepulveda\" \/>\n\t<meta name=\"twitter:label2\" content=\"Tiempo de lectura\" \/>\n\t<meta name=\"twitter:data2\" content=\"4 minutos\" \/>\n<script type=\"application\/ld+json\" class=\"yoast-schema-graph\">{\"@context\":\"https:\/\/schema.org\",\"@graph\":[{\"@type\":\"WebPage\",\"@id\":\"https:\/\/hcd.malargue.gov.ar\/?p=17213\",\"url\":\"https:\/\/hcd.malargue.gov.ar\/?p=17213\",\"name\":\"ORDEN DEL DIA SESION ORDINARIA - Malarg\u00fce HCD\",\"isPartOf\":{\"@id\":\"https:\/\/hcd.malargue.gov.ar\/#website\"},\"datePublished\":\"2019-08-21T14:03:16+00:00\",\"dateModified\":\"2019-08-21T14:03:16+00:00\",\"author\":{\"@id\":\"https:\/\/hcd.malargue.gov.ar\/#\/schema\/person\/c02f28730a528313e04d34aba071fe06\"},\"breadcrumb\":{\"@id\":\"https:\/\/hcd.malargue.gov.ar\/?p=17213#breadcrumb\"},\"inLanguage\":\"es-AR\",\"potentialAction\":[{\"@type\":\"ReadAction\",\"target\":[\"https:\/\/hcd.malargue.gov.ar\/?p=17213\"]}]},{\"@type\":\"BreadcrumbList\",\"@id\":\"https:\/\/hcd.malargue.gov.ar\/?p=17213#breadcrumb\",\"itemListElement\":[{\"@type\":\"ListItem\",\"position\":1,\"name\":\"Inicio\",\"item\":\"https:\/\/hcd.malargue.gov.ar\/\"},{\"@type\":\"ListItem\",\"position\":2,\"name\":\"ORDEN DEL DIA SESION ORDINARIA\"}]},{\"@type\":\"WebSite\",\"@id\":\"https:\/\/hcd.malargue.gov.ar\/#website\",\"url\":\"https:\/\/hcd.malargue.gov.ar\/\",\"name\":\"Malarg\u00fce HCD\",\"description\":\"Malarg\u00fce Mendoza Argentina\",\"potentialAction\":[{\"@type\":\"SearchAction\",\"target\":{\"@type\":\"EntryPoint\",\"urlTemplate\":\"https:\/\/hcd.malargue.gov.ar\/?s={search_term_string}\"},\"query-input\":\"required name=search_term_string\"}],\"inLanguage\":\"es-AR\"},{\"@type\":\"Person\",\"@id\":\"https:\/\/hcd.malargue.gov.ar\/#\/schema\/person\/c02f28730a528313e04d34aba071fe06\",\"name\":\"Marcia Sepulveda\",\"image\":{\"@type\":\"ImageObject\",\"inLanguage\":\"es-AR\",\"@id\":\"https:\/\/hcd.malargue.gov.ar\/#\/schema\/person\/image\/\",\"url\":\"https:\/\/secure.gravatar.com\/avatar\/3557e3bccdef0a5d4de0476d077c8920f0638f6f0bd05553351eb0e70d99f241?s=96&d=mm&r=g\",\"contentUrl\":\"https:\/\/secure.gravatar.com\/avatar\/3557e3bccdef0a5d4de0476d077c8920f0638f6f0bd05553351eb0e70d99f241?s=96&d=mm&r=g\",\"caption\":\"Marcia Sepulveda\"},\"url\":\"https:\/\/hcd.malargue.gov.ar\/?author=4\"}]}<\/script>\n<!-- \/ Yoast SEO plugin. -->","yoast_head_json":{"title":"ORDEN DEL DIA SESION ORDINARIA - Malarg\u00fce HCD","robots":{"index":"index","follow":"follow","max-snippet":"max-snippet:-1","max-image-preview":"max-image-preview:large","max-video-preview":"max-video-preview:-1"},"canonical":"https:\/\/hcd.malargue.gov.ar\/?p=17213","og_locale":"es_ES","og_type":"article","og_title":"ORDEN DEL DIA SESION ORDINARIA - Malarg\u00fce HCD","og_description":"D\u00eda Jueves 22 de Agosto de 2019 Hora: 08:50 BANCA DEL CIUDADANO: Sr. Nicol\u00e1s Ramos Tema: Realidad y necesidades de la Comunidad Sorda de Malarg\u00fce. a) Acto de Izar la Ense\u00f1a Patria a cargo del Sr. Juan Manuel OJEDA b) Homenaje de los Se\u00f1ores Concejales. c) Consideraci\u00f3n Acta Sesi\u00f3n Ordinaria N\u00ba 1021-\u201cO\u201d-2019. d) Lectura del [&hellip;]","og_url":"https:\/\/hcd.malargue.gov.ar\/?p=17213","og_site_name":"Malarg\u00fce HCD","article_published_time":"2019-08-21T14:03:16+00:00","og_image":[{"width":2848,"height":2428,"url":"https:\/\/hcd.malargue.gov.ar\/wp-content\/uploads\/2019\/08\/OJEDA-4.jpg","type":"image\/jpeg"}],"author":"Marcia Sepulveda","twitter_card":"summary_large_image","twitter_misc":{"Escrito por":"Marcia Sepulveda","Tiempo de lectura":"4 minutos"},"schema":{"@context":"https:\/\/schema.org","@graph":[{"@type":"WebPage","@id":"https:\/\/hcd.malargue.gov.ar\/?p=17213","url":"https:\/\/hcd.malargue.gov.ar\/?p=17213","name":"ORDEN DEL DIA SESION ORDINARIA - Malarg\u00fce HCD","isPartOf":{"@id":"https:\/\/hcd.malargue.gov.ar\/#website"},"datePublished":"2019-08-21T14:03:16+00:00","dateModified":"2019-08-21T14:03:16+00:00","author":{"@id":"https:\/\/hcd.malargue.gov.ar\/#\/schema\/person\/c02f28730a528313e04d34aba071fe06"},"breadcrumb":{"@id":"https:\/\/hcd.malargue.gov.ar\/?p=17213#breadcrumb"},"inLanguage":"es-AR","potentialAction":[{"@type":"ReadAction","target":["https:\/\/hcd.malargue.gov.ar\/?p=17213"]}]},{"@type":"BreadcrumbList","@id":"https:\/\/hcd.malargue.gov.ar\/?p=17213#breadcrumb","itemListElement":[{"@type":"ListItem","position":1,"name":"Inicio","item":"https:\/\/hcd.malargue.gov.ar\/"},{"@type":"ListItem","position":2,"name":"ORDEN DEL DIA SESION ORDINARIA"}]},{"@type":"WebSite","@id":"https:\/\/hcd.malargue.gov.ar\/#website","url":"https:\/\/hcd.malargue.gov.ar\/","name":"Malarg\u00fce HCD","description":"Malarg\u00fce Mendoza Argentina","potentialAction":[{"@type":"SearchAction","target":{"@type":"EntryPoint","urlTemplate":"https:\/\/hcd.malargue.gov.ar\/?s={search_term_string}"},"query-input":"required name=search_term_string"}],"inLanguage":"es-AR"},{"@type":"Person","@id":"https:\/\/hcd.malargue.gov.ar\/#\/schema\/person\/c02f28730a528313e04d34aba071fe06","name":"Marcia Sepulveda","image":{"@type":"ImageObject","inLanguage":"es-AR","@id":"https:\/\/hcd.malargue.gov.ar\/#\/schema\/person\/image\/","url":"https:\/\/secure.gravatar.com\/avatar\/3557e3bccdef0a5d4de0476d077c8920f0638f6f0bd05553351eb0e70d99f241?s=96&d=mm&r=g","contentUrl":"https:\/\/secure.gravatar.com\/avatar\/3557e3bccdef0a5d4de0476d077c8920f0638f6f0bd05553351eb0e70d99f241?s=96&d=mm&r=g","caption":"Marcia Sepulveda"},"url":"https:\/\/hcd.malargue.gov.ar\/?author=4"}]}},"_links":{"self":[{"href":"https:\/\/hcd.malargue.gov.ar\/index.php?rest_route=\/wp\/v2\/posts\/17213","targetHints":{"allow":["GET"]}}],"collection":[{"href":"https:\/\/hcd.malargue.gov.ar\/index.php?rest_route=\/wp\/v2\/posts"}],"about":[{"href":"https:\/\/hcd.malargue.gov.ar\/index.php?rest_route=\/wp\/v2\/types\/post"}],"author":[{"embeddable":true,"href":"https:\/\/hcd.malargue.gov.ar\/index.php?rest_route=\/wp\/v2\/users\/4"}],"replies":[{"embeddable":true,"href":"https:\/\/hcd.malargue.gov.ar\/index.php?rest_route=%2Fwp%2Fv2%2Fcomments&post=17213"}],"version-history":[{"count":0,"href":"https:\/\/hcd.malargue.gov.ar\/index.php?rest_route=\/wp\/v2\/posts\/17213\/revisions"}],"wp:featuredmedia":[{"embeddable":true,"href":"https:\/\/hcd.malargue.gov.ar\/index.php?rest_route=\/wp\/v2\/media\/17218"}],"wp:attachment":[{"href":"https:\/\/hcd.malargue.gov.ar\/index.php?rest_route=%2Fwp%2Fv2%2Fmedia&parent=17213"}],"wp:term":[{"taxonomy":"category","embeddable":true,"href":"https:\/\/hcd.malargue.gov.ar\/index.php?rest_route=%2Fwp%2Fv2%2Fcategories&post=17213"},{"taxonomy":"post_tag","embeddable":true,"href":"https:\/\/hcd.malargue.gov.ar\/index.php?rest_route=%2Fwp%2Fv2%2Ftags&post=17213"}],"curies":[{"name":"wp","href":"https:\/\/api.w.org\/{rel}","templated":true}]}}