{"id":17385,"date":"2019-08-29T13:02:08","date_gmt":"2019-08-29T16:02:08","guid":{"rendered":"https:\/\/hcd.malargue.gov.ar\/?p=17385"},"modified":"2019-08-30T08:35:01","modified_gmt":"2019-08-30T11:35:01","slug":"el-hcd-llevo-a-cabo-la-20o-sesion-ordinaria","status":"publish","type":"post","link":"https:\/\/hcd.malargue.gov.ar\/?p=17385","title":{"rendered":"EL HCD LLEV\u00d3 A CABO LA 20\u00ba SESI\u00d3N ORDINARIA"},"content":{"rendered":"<header class=\"post-header cf\"><\/header>\n<div class=\"post-container cf\">\n<div class=\"post-content-right\">\n<div class=\"post-content description \">\n<h6 style=\"text-align: right;\">SESI\u00d3N ORDINARIA \u2013 29 de agosto 2019<\/h6>\n<h6 style=\"text-align: right;\">Presidi\u00f3 la Sesi\u00f3n:\u00a0\u00a0Concejal\u00a0<a href=\"https:\/\/www.facebook.com\/fernando.glatigny?__tn__=K-R&amp;eid=ARDy0jr1w0tdsB44p_24sX_RFGOUUkaQWtD1SmlMWilBoYPReJren5ogg8IwAnsFHiXIBCIHlSszWJxO&amp;fref=mentions&amp;__xts__%5B0%5D=68.ARDmSN2Rx1qbBVk8DtQG_Qt2OBvoM8dGcTpbhkyQ-iiK9dXL3oGnZx222bOUR0qjhncKejMTHeOsz5QhLXw8yW2wr9T5uGpnXJnkKgEKigjEcUo12Lb3mPNmkrqaN-7izw0wLKrsaT37IUomGlChV2X0i_GJg4eyyiMrla1VclGeFY-WRu9YB2mBaThryDdczPlc3P0kazuwwD7rmjtRipEsrdb2L9d2supcRFMN_0GrPMDLdqz-bTDZcnVFkg6AOv3CJbSSIX2GMalcAiLXFnc5PVJy027DplPTPo5ciU2l5yMpqXa3NKAOBwHgALZJcmr36Xt6dq5CFdyyVWXmqCs\" data-hovercard=\"\/ajax\/hovercard\/user.php?id=100000269621744&amp;extragetparams=%7B%22__tn__%22%3A%22%2CdK-R-R%22%2C%22eid%22%3A%22ARDy0jr1w0tdsB44p_24sX_RFGOUUkaQWtD1SmlMWilBoYPReJren5ogg8IwAnsFHiXIBCIHlSszWJxO%22%2C%22fref%22%3A%22mentions%22%7D&amp;av=361313671036059&amp;eav=AfZCN0Ln-Hv5KNbJ0zOesk8My7GVHj1F5ho_Rqsry_3QLe4CbOOaV8BJx7JFVgYPLII\" data-hovercard-prefer-more-content-show=\"1\">Fernando Glatigny\u00a0\u00a0<\/a>(Bloque Cambia Mendoza)<\/h6>\n<h6 style=\"text-align: right;\">Concejales Presentes: Rodolfo Cabeza,\u00a0<a href=\"https:\/\/www.facebook.com\/profile.php?id=100006772713963\" target=\"_blank\" rel=\"noopener noreferrer\">Raul Rodr\u00edguez<\/a>\u00a0\u00a0(Bloque Justicialista FPV), Jos\u00e9 Barro, Paola\u00a0<a href=\"https:\/\/www.facebook.com\/paolafer.gonzalezjofre?__tn__=K-R&amp;eid=ARDCakJJCC46y90Kliroul66qnA9Ab2OBd94PXXTHGb7qcpCSxDi5P1G6QkNaRA5BM9l0ImhWRqyj3zm&amp;fref=mentions&amp;__xts__%5B0%5D=68.ARDmSN2Rx1qbBVk8DtQG_Qt2OBvoM8dGcTpbhkyQ-iiK9dXL3oGnZx222bOUR0qjhncKejMTHeOsz5QhLXw8yW2wr9T5uGpnXJnkKgEKigjEcUo12Lb3mPNmkrqaN-7izw0wLKrsaT37IUomGlChV2X0i_GJg4eyyiMrla1VclGeFY-WRu9YB2mBaThryDdczPlc3P0kazuwwD7rmjtRipEsrdb2L9d2supcRFMN_0GrPMDLdqz-bTDZcnVFkg6AOv3CJbSSIX2GMalcAiLXFnc5PVJy027DplPTPo5ciU2l5yMpqXa3NKAOBwHgALZJcmr36Xt6dq5CFdyyVWXmqCs\" data-hovercard=\"\/ajax\/hovercard\/user.php?id=1186623343&amp;extragetparams=%7B%22__tn__%22%3A%22%2CdK-R-R%22%2C%22eid%22%3A%22ARDCakJJCC46y90Kliroul66qnA9Ab2OBd94PXXTHGb7qcpCSxDi5P1G6QkNaRA5BM9l0ImhWRqyj3zm%22%2C%22fref%22%3A%22mentions%22%7D&amp;av=361313671036059&amp;eav=AfakCvfYKlOv07u0PXFiAQ8vAoJrMcyB2aBOzJhR-llyrRKjJgBb_GRoAIQ_hPTvydE\" data-hovercard-prefer-more-content-show=\"1\">Jofre<\/a>\u00a0(Bloque Somos Mendoza) Daniela Favari (Bloque Partido Justicialista)\u00a0<a href=\"https:\/\/www.facebook.com\/martin.palma.526?__tn__=K-R&amp;eid=ARC3ZTZMkX2N4GJ_ValvAdr4v-vyUPMhYMs7PeknGK-k1pJCSMomwvX1QK8uCBHypCElThuD3-_r5dd8&amp;fref=mentions&amp;__xts__%5B0%5D=68.ARDmSN2Rx1qbBVk8DtQG_Qt2OBvoM8dGcTpbhkyQ-iiK9dXL3oGnZx222bOUR0qjhncKejMTHeOsz5QhLXw8yW2wr9T5uGpnXJnkKgEKigjEcUo12Lb3mPNmkrqaN-7izw0wLKrsaT37IUomGlChV2X0i_GJg4eyyiMrla1VclGeFY-WRu9YB2mBaThryDdczPlc3P0kazuwwD7rmjtRipEsrdb2L9d2supcRFMN_0GrPMDLdqz-bTDZcnVFkg6AOv3CJbSSIX2GMalcAiLXFnc5PVJy027DplPTPo5ciU2l5yMpqXa3NKAOBwHgALZJcmr36Xt6dq5CFdyyVWXmqCs\" data-hovercard=\"\/ajax\/hovercard\/user.php?id=100003067710365&amp;extragetparams=%7B%22__tn__%22%3A%22%2CdK-R-R%22%2C%22eid%22%3A%22ARC3ZTZMkX2N4GJ_ValvAdr4v-vyUPMhYMs7PeknGK-k1pJCSMomwvX1QK8uCBHypCElThuD3-_r5dd8%22%2C%22fref%22%3A%22mentions%22%7D&amp;av=361313671036059&amp;eav=AfbeHS2oSrnMLr7F_SbYHc6jqNcyeWp_RQuB_UIdfpelErXJDJ4p4QQjBwMGHhKlwiY\" data-hovercard-prefer-more-content-show=\"1\">Martin Palma<\/a>\u00a0,\u00a0<a href=\"https:\/\/www.facebook.com\/juanmanuel.ojeda.986\" target=\"_blank\" rel=\"noopener noreferrer\">Juan Manuel Ojeda<\/a>,\u00a0<a href=\"https:\/\/www.facebook.com\/mauricio.martinez.71465572?__tn__=K-R&amp;eid=ARCpPys5GAPGJtVgu7dIIO6oBRlV4IJE2Dt9nIKVcAFYWhbVRm-IkfS8XjW3siYmBXqnNI-2viHOsCe2&amp;fref=mentions&amp;__xts__%5B0%5D=68.ARDmSN2Rx1qbBVk8DtQG_Qt2OBvoM8dGcTpbhkyQ-iiK9dXL3oGnZx222bOUR0qjhncKejMTHeOsz5QhLXw8yW2wr9T5uGpnXJnkKgEKigjEcUo12Lb3mPNmkrqaN-7izw0wLKrsaT37IUomGlChV2X0i_GJg4eyyiMrla1VclGeFY-WRu9YB2mBaThryDdczPlc3P0kazuwwD7rmjtRipEsrdb2L9d2supcRFMN_0GrPMDLdqz-bTDZcnVFkg6AOv3CJbSSIX2GMalcAiLXFnc5PVJy027DplPTPo5ciU2l5yMpqXa3NKAOBwHgALZJcmr36Xt6dq5CFdyyVWXmqCs\" data-hovercard=\"\/ajax\/hovercard\/user.php?id=1347072991&amp;extragetparams=%7B%22__tn__%22%3A%22%2CdK-R-R%22%2C%22eid%22%3A%22ARCpPys5GAPGJtVgu7dIIO6oBRlV4IJE2Dt9nIKVcAFYWhbVRm-IkfS8XjW3siYmBXqnNI-2viHOsCe2%22%2C%22fref%22%3A%22mentions%22%7D&amp;av=361313671036059&amp;eav=AfbrNx55Dvzje4miB2FYAtR9Ce5HDL_7w-aUWNpn_czw--nskzYRPLlG_un0nd9ln3Q\" data-hovercard-prefer-more-content-show=\"1\">Mauricio Martinez<\/a>\u00a0y\u00a0<a href=\"https:\/\/www.facebook.com\/paola.paleico\" target=\"_blank\" rel=\"noopener noreferrer\">Paola Paleico<\/a>\u00a0\u00a0(Bloque Cambia Mendoza)<\/h6>\n<p>Con la presencia de\u00a0 los 10\u00a0 ediles se realiz\u00f3 20\u00ba sesi\u00f3n ordinaria del\u00a0 a\u00f1o.<\/p>\n<p>Una vez iniciada la Sesi\u00f3n convocada,\u00a0 se realiz\u00f3 la entrega del <a href=\"https:\/\/www.facebook.com\/hcdmalargue\/videos\/490028475129040\/?t=5\" target=\"_blank\" rel=\"noopener noreferrer\">Reconocimiento a la Profesora Ana Mar\u00eda Cruz<\/a> por los logros\u00a0 obtenidos en su trayectoria como representante de la poes\u00eda y literatura Malarg\u00fcina.\u00a0 (<a href=\"https:\/\/hcd.malargue.gov.ar\/hcdpdf\/decla%20%20259%20%202019%20%20destacar%20a%20la%20Profesora%20Ana%20Maria%20Cruz.pdf\">PDF Pieza Legal \u2013 DECLARACI\u00d3N N\u00b0 259\/2.019<\/a>)<\/p>\n<p>En cumplimiento del Orden del D\u00eda de la Sesi\u00f3n convocada los Sres Concejales\u00a0 elevaron 5 notas a las distintas comisiones de trabajo para su correspondiente tratamiento; adem\u00e1s fueron aprobados un total de 4 proyectos, 2 con car\u00e1cter de Resoluci\u00f3n y\u00a0 2 Ordenanzas\u00a0 Detalle:\u00a0<strong style=\"font-family: 'Open Sans', Arial, sans-serif; font-size: 14px;\">\u00a0R<\/strong><strong style=\"font-family: 'Open Sans', Arial, sans-serif; font-size: 14px;\">esoluci\u00f3n: Solicitar a las Empresas de telefon\u00eda celular la instalaci\u00f3n de antena para garantizar cobertura en Ruta Nacional 40 tramo El Sosneado &#8211; Pareditas. (<\/strong><strong style=\"font-family: 'Open Sans', Arial, sans-serif; font-size: 14px;\">\u00a0Expte. N\u00ba 4.675-HC 012-2019<\/strong><strong style=\"font-family: 'Open Sans', Arial, sans-serif; font-size: 14px;\">); <\/strong><strong style=\"font-size: 14px;\">Resoluci\u00f3n: Solicitar el reacondicionamiento de la carteler\u00eda de nombres y ubicaci\u00f3n de las calles en el Paraje La Junta del Departamento de Malarg\u00fce. (<\/strong><strong style=\"font-family: 'Open Sans', Arial, sans-serif; font-size: 14px;\">Expte. N\u00ba 4.665-HC 012-2019<\/strong><strong style=\"font-size: 14px;\">);\u00a0 <\/strong><strong style=\"font-size: 14px;\">Ordenanza: Mantenimiento Complejo Planetario Malarg\u00fce.(<\/strong><strong style=\"font-family: 'Open Sans', Arial, sans-serif; font-size: 14px;\">Expte. N\u00ba 4.475-HC 285-2018<\/strong><strong style=\"font-size: 14px;\">) y la\u00a0 <\/strong><strong style=\"font-size: 14px;\">Ordenanza: Realizaci\u00f3n de una playa para estacionamiento vehicular en zona de Bardas Blancas. (<\/strong><strong style=\"font-family: 'Open Sans', Arial, sans-serif; font-size: 14px;\">Expte. N\u00ba 4.660-HC 011-2019<\/strong><strong style=\"font-size: 14px;\">)<\/strong><\/p>\n<p>En el ultimo punto del Orden del Dia\u00a0 el Cuerpo de Ediles dio <a href=\"https:\/\/hcd.malargue.gov.ar\/2019\/08\/29\/desocupadas-y-desocupados-el-hcd-resolvio-convocar-a-una-reunion-multisectorial\/\" target=\"_blank\" rel=\"noopener noreferrer\">tratamiento a nota elevada por desocupados y desocupadas del Departamento de Malarg\u00fce, mediante la\u00a0cual solicitaron la concreci\u00f3n de reuni\u00f3n con referentes locales y provinciales\u00a0 de sindicatos existentes en Malarg\u00fce como UOCRA y PETROLEROS<\/a>, a los fines de mejorar la situaci\u00f3n\u00a0 laboral,\u00a0 econ\u00f3mica desesperante\u00a0que est\u00e1n viviendo,\u00a0por no ser tenidos en cuenta para ocupar vacantes en empresas que residen o llegan a Malarg\u00fce.<\/p>\n<p>Una vez desafectada la nota por pedido del Concejal Mart\u00edn Palma,\u00a0 los Sres Ediles dieron lectura a la misma, conformaron el Cuerpo en Comsi\u00f3n y resolvieron convocar al Sr. Intendente Municipal , a referentes locales y provinciales\u00a0 de sindicatos existentes en Malarg\u00fce como UOCRA y PETROLEROS y a cuatro representantes de los desocupados y desocupadas,\u00a0 auna reuni\u00f3n para el d\u00eda mi\u00e9rcoles 4 de septiembre a las 17 hs, en\u00a0 Comisi\u00f3n de Obras Publicas,\u00a0 la que tambi\u00e9n contar\u00e1 con la presencia de cada uno de los Concejales que integran el Concejo Deliberante de Malarg\u00fce.<\/p>\n<p>Sin m\u00e1s que tratar , el Presidente del Cuerpo dio por finalizada la sesi\u00f3n convocada.<\/p>\n<p>Marcia Sep\u00falveda -Prensa HCD<\/p>\n<p>Fotos: Bel\u00e9n Pedernera Ferragut -Prensa HCD<\/p>\n<blockquote>\n<h1>Detalle de los Proyectos y env\u00edo a Comisiones de Trabajo:<\/h1>\n<\/blockquote>\n<p><strong><em>La COMISI\u00d3N DE EDUCACI\u00d3N, HIGIENE, MORALIDAD, ACCI\u00d3N SOCIAL Y CULTURA (EHMASyC) recepcionar\u00e1 tres proyectos:\u00a0<\/em><\/strong><\/p>\n<ul>\n<li><span style=\"font-family: 'Open Sans', Arial, sans-serif; font-size: 14px;\">CON TRATAMIENTO PREFERENCIAL <\/span>1. &#8211; Expte. N\u00ba 4.683-HC 013-2019 Proyecto de Resoluci\u00f3n: Declarar de Inter\u00e9s Departamental el Primer Torneo de Penales Australianos del Pa\u00eds a realizarse en Malarg\u00fce (BLOQUE FRENTE CAMBIA MENDOZA) Autor: Concejal Osvaldo Mart\u00edn Palma.<\/li>\n<li>2. Expte. N\u00ba 4.684-HC 013-2019 Proyecto de Declaraci\u00f3n: Reconocer la labor de la Sra. Ilsa Dolores Mendoza y su trayectoria en pos de la comunidad Malarg\u00fcina. (BLOQUE FRENTE CAMBIA MENDOZA ) Autor: Concejal Mauricio Mart\u00ednez<\/li>\n<li>3. Expte. N\u00ba 4.686-HC 013-2019 Proyecto de Ordenanza: Crear Programa \u201cMi Primera Licencia de Conducir\u201d (BLOQUE FRENTE CAMBIA MENDOZA) Autor.: Concejal Juan Manuel Ojeda \/\/\/\/Tras el an\u00e1lisis en la Comisi\u00f3n de Educaci\u00f3n, el proyecto ser\u00e1 remitido a la Comsi\u00f3n de Hacienda.<\/li>\n<\/ul>\n<p><em><b>La COMISI\u00d3N DE HACIENDA PRESUPUESTO LEGISLACI\u00d3N Y ASUNTOS CONSTITUCIONALES (HPLAC) recepcionar\u00e1 cuatro proyectos:<\/b><\/em><\/p>\n<ul>\n<li>HPLC AMPLIADA- 1. Expte.N\u00ba 4.685-HC 013-2019 Proyecto de Ordenanza: Implementar la obligatoriedad de los debates p\u00fablicos entre los precandidatos a Intendentes y Concejales luego de la realizaci\u00f3n de las elecciones PASO (Primarias, Abiertas, Simult\u00e1neas y Obligatorias) (BLOQUE FRENTE CAMBIA MENDOZA) Autores: Concejales Mauricio Mart\u00ednez, Juan M. Ojeda, Paola Paleico y Osvaldo M. Palma<\/li>\n<li>2. Expte. N\u00ba 4.687-HC 013-2019 Proyecto de Resoluci\u00f3n: Aplicaci\u00f3n del R\u00e9gimen Normativo a los agentes que se capacitan. (BLOQUE FRENTE SOMOS MENDOZA) Autor: Concejal Paola Fernanda Jofr\u00e9.<\/li>\n<li>3. Expte. N\u00ba 4.688-HC 013-2019 Proyecto de Declaraci\u00f3n: Declarar de Inter\u00e9s Social Cultural y Edcativo el proyecto \u201cIdentificaci\u00f3n de factores asociados a conductas suicidas en la Ciudad de Malarg\u00fce\u201d (BLOQUE FRENTE CAMBIA MENDOZA) Autor: Concejal Juan Manuel Ojeda<\/li>\n<li>CON TRATAMIENTO PREFERENCIAL 4. Expte. N\u00ba 4.689-HC 013-2019 Proyecto de Resoluci\u00f3n: Solicitud de revisi\u00f3n Concesi\u00f3n a ECOGAS en Malarg\u00fce. (BLOQUE FRENTE CAMBIA MENDOZA) Autor: Concejal Juan Manuel Ojeda.<\/li>\n<\/ul>\n<div id='gallery-1' class='gallery galleryid-17385 gallery-columns-9 gallery-size-thumbnail'><figure class='gallery-item'>\n\t\t\t<div class='gallery-icon portrait'>\n\t\t\t\t<a href='https:\/\/hcd.malargue.gov.ar\/wp-content\/uploads\/2019\/08\/IMGP1556.jpg'><img loading=\"lazy\" decoding=\"async\" width=\"150\" height=\"150\" src=\"https:\/\/hcd.malargue.gov.ar\/wp-content\/uploads\/2019\/08\/IMGP1556-150x150.jpg\" class=\"attachment-thumbnail size-thumbnail\" alt=\"\" \/><\/a>\n\t\t\t<\/div><\/figure><figure class='gallery-item'>\n\t\t\t<div class='gallery-icon portrait'>\n\t\t\t\t<a href='https:\/\/hcd.malargue.gov.ar\/wp-content\/uploads\/2019\/08\/IMGP1557-2.jpg'><img loading=\"lazy\" decoding=\"async\" width=\"150\" height=\"150\" src=\"https:\/\/hcd.malargue.gov.ar\/wp-content\/uploads\/2019\/08\/IMGP1557-2-150x150.jpg\" class=\"attachment-thumbnail size-thumbnail\" alt=\"\" \/><\/a>\n\t\t\t<\/div><\/figure><figure class='gallery-item'>\n\t\t\t<div class='gallery-icon landscape'>\n\t\t\t\t<a href='https:\/\/hcd.malargue.gov.ar\/wp-content\/uploads\/2019\/08\/IMGP1558-2-1.jpg'><img loading=\"lazy\" decoding=\"async\" width=\"150\" height=\"150\" src=\"https:\/\/hcd.malargue.gov.ar\/wp-content\/uploads\/2019\/08\/IMGP1558-2-1-150x150.jpg\" class=\"attachment-thumbnail size-thumbnail\" alt=\"\" \/><\/a>\n\t\t\t<\/div><\/figure><figure class='gallery-item'>\n\t\t\t<div class='gallery-icon landscape'>\n\t\t\t\t<a href='https:\/\/hcd.malargue.gov.ar\/wp-content\/uploads\/2019\/08\/IMGP1560-1.jpg'><img loading=\"lazy\" decoding=\"async\" width=\"150\" height=\"150\" src=\"https:\/\/hcd.malargue.gov.ar\/wp-content\/uploads\/2019\/08\/IMGP1560-1-150x150.jpg\" class=\"attachment-thumbnail size-thumbnail\" alt=\"\" \/><\/a>\n\t\t\t<\/div><\/figure><figure class='gallery-item'>\n\t\t\t<div class='gallery-icon landscape'>\n\t\t\t\t<a href='https:\/\/hcd.malargue.gov.ar\/wp-content\/uploads\/2019\/08\/IMGP1561-1.jpg'><img loading=\"lazy\" decoding=\"async\" width=\"150\" height=\"150\" src=\"https:\/\/hcd.malargue.gov.ar\/wp-content\/uploads\/2019\/08\/IMGP1561-1-150x150.jpg\" class=\"attachment-thumbnail size-thumbnail\" alt=\"\" \/><\/a>\n\t\t\t<\/div><\/figure><figure class='gallery-item'>\n\t\t\t<div class='gallery-icon portrait'>\n\t\t\t\t<a href='https:\/\/hcd.malargue.gov.ar\/wp-content\/uploads\/2019\/08\/IMGP1562-1.jpg'><img loading=\"lazy\" decoding=\"async\" width=\"150\" height=\"150\" src=\"https:\/\/hcd.malargue.gov.ar\/wp-content\/uploads\/2019\/08\/IMGP1562-1-150x150.jpg\" class=\"attachment-thumbnail size-thumbnail\" alt=\"\" \/><\/a>\n\t\t\t<\/div><\/figure><figure class='gallery-item'>\n\t\t\t<div class='gallery-icon landscape'>\n\t\t\t\t<a href='https:\/\/hcd.malargue.gov.ar\/wp-content\/uploads\/2019\/08\/IMGP1564.jpg'><img loading=\"lazy\" decoding=\"async\" width=\"150\" height=\"150\" src=\"https:\/\/hcd.malargue.gov.ar\/wp-content\/uploads\/2019\/08\/IMGP1564-150x150.jpg\" class=\"attachment-thumbnail size-thumbnail\" alt=\"\" \/><\/a>\n\t\t\t<\/div><\/figure><figure class='gallery-item'>\n\t\t\t<div class='gallery-icon landscape'>\n\t\t\t\t<a href='https:\/\/hcd.malargue.gov.ar\/wp-content\/uploads\/2019\/08\/IMGP1568.jpg'><img loading=\"lazy\" decoding=\"async\" width=\"150\" height=\"150\" src=\"https:\/\/hcd.malargue.gov.ar\/wp-content\/uploads\/2019\/08\/IMGP1568-150x150.jpg\" class=\"attachment-thumbnail size-thumbnail\" alt=\"\" \/><\/a>\n\t\t\t<\/div><\/figure><figure class='gallery-item'>\n\t\t\t<div class='gallery-icon landscape'>\n\t\t\t\t<a href='https:\/\/hcd.malargue.gov.ar\/wp-content\/uploads\/2019\/08\/IMGP1570.jpg'><img loading=\"lazy\" decoding=\"async\" width=\"150\" height=\"150\" src=\"https:\/\/hcd.malargue.gov.ar\/wp-content\/uploads\/2019\/08\/IMGP1570-150x150.jpg\" class=\"attachment-thumbnail size-thumbnail\" alt=\"\" \/><\/a>\n\t\t\t<\/div><\/figure><figure class='gallery-item'>\n\t\t\t<div class='gallery-icon portrait'>\n\t\t\t\t<a href='https:\/\/hcd.malargue.gov.ar\/wp-content\/uploads\/2019\/08\/IMGP1573-1.jpg'><img loading=\"lazy\" decoding=\"async\" width=\"150\" height=\"150\" src=\"https:\/\/hcd.malargue.gov.ar\/wp-content\/uploads\/2019\/08\/IMGP1573-1-150x150.jpg\" class=\"attachment-thumbnail size-thumbnail\" alt=\"\" \/><\/a>\n\t\t\t<\/div><\/figure><figure class='gallery-item'>\n\t\t\t<div class='gallery-icon portrait'>\n\t\t\t\t<a href='https:\/\/hcd.malargue.gov.ar\/wp-content\/uploads\/2019\/08\/IMGP1575-1.jpg'><img loading=\"lazy\" decoding=\"async\" width=\"150\" height=\"150\" src=\"https:\/\/hcd.malargue.gov.ar\/wp-content\/uploads\/2019\/08\/IMGP1575-1-150x150.jpg\" class=\"attachment-thumbnail size-thumbnail\" alt=\"\" \/><\/a>\n\t\t\t<\/div><\/figure><figure class='gallery-item'>\n\t\t\t<div class='gallery-icon landscape'>\n\t\t\t\t<a href='https:\/\/hcd.malargue.gov.ar\/wp-content\/uploads\/2019\/08\/IMGP1577-1.jpg'><img loading=\"lazy\" decoding=\"async\" width=\"150\" height=\"150\" src=\"https:\/\/hcd.malargue.gov.ar\/wp-content\/uploads\/2019\/08\/IMGP1577-1-150x150.jpg\" class=\"attachment-thumbnail size-thumbnail\" alt=\"\" \/><\/a>\n\t\t\t<\/div><\/figure><figure class='gallery-item'>\n\t\t\t<div class='gallery-icon landscape'>\n\t\t\t\t<a href='https:\/\/hcd.malargue.gov.ar\/wp-content\/uploads\/2019\/08\/IMGP1578-2-1.jpg'><img loading=\"lazy\" decoding=\"async\" width=\"150\" height=\"150\" src=\"https:\/\/hcd.malargue.gov.ar\/wp-content\/uploads\/2019\/08\/IMGP1578-2-1-150x150.jpg\" class=\"attachment-thumbnail size-thumbnail\" alt=\"\" \/><\/a>\n\t\t\t<\/div><\/figure><figure class='gallery-item'>\n\t\t\t<div class='gallery-icon portrait'>\n\t\t\t\t<a href='https:\/\/hcd.malargue.gov.ar\/wp-content\/uploads\/2019\/08\/IMGP1584-1.jpg'><img loading=\"lazy\" decoding=\"async\" width=\"150\" height=\"150\" src=\"https:\/\/hcd.malargue.gov.ar\/wp-content\/uploads\/2019\/08\/IMGP1584-1-150x150.jpg\" class=\"attachment-thumbnail size-thumbnail\" alt=\"\" \/><\/a>\n\t\t\t<\/div><\/figure><figure class='gallery-item'>\n\t\t\t<div class='gallery-icon landscape'>\n\t\t\t\t<a href='https:\/\/hcd.malargue.gov.ar\/wp-content\/uploads\/2019\/08\/IMGP1586-1.jpg'><img loading=\"lazy\" decoding=\"async\" width=\"150\" height=\"150\" src=\"https:\/\/hcd.malargue.gov.ar\/wp-content\/uploads\/2019\/08\/IMGP1586-1-150x150.jpg\" class=\"attachment-thumbnail size-thumbnail\" alt=\"\" \/><\/a>\n\t\t\t<\/div><\/figure><figure class='gallery-item'>\n\t\t\t<div class='gallery-icon landscape'>\n\t\t\t\t<a href='https:\/\/hcd.malargue.gov.ar\/wp-content\/uploads\/2019\/08\/IMGP1588-1.jpg'><img loading=\"lazy\" decoding=\"async\" width=\"150\" height=\"150\" src=\"https:\/\/hcd.malargue.gov.ar\/wp-content\/uploads\/2019\/08\/IMGP1588-1-150x150.jpg\" class=\"attachment-thumbnail size-thumbnail\" alt=\"\" \/><\/a>\n\t\t\t<\/div><\/figure><figure class='gallery-item'>\n\t\t\t<div class='gallery-icon landscape'>\n\t\t\t\t<a href='https:\/\/hcd.malargue.gov.ar\/wp-content\/uploads\/2019\/08\/IMGP1590-1.jpg'><img loading=\"lazy\" decoding=\"async\" width=\"150\" height=\"150\" src=\"https:\/\/hcd.malargue.gov.ar\/wp-content\/uploads\/2019\/08\/IMGP1590-1-150x150.jpg\" class=\"attachment-thumbnail size-thumbnail\" alt=\"\" \/><\/a>\n\t\t\t<\/div><\/figure><figure class='gallery-item'>\n\t\t\t<div class='gallery-icon landscape'>\n\t\t\t\t<a href='https:\/\/hcd.malargue.gov.ar\/wp-content\/uploads\/2019\/08\/IMGP1593.jpg'><img loading=\"lazy\" decoding=\"async\" width=\"150\" height=\"150\" src=\"https:\/\/hcd.malargue.gov.ar\/wp-content\/uploads\/2019\/08\/IMGP1593-150x150.jpg\" class=\"attachment-thumbnail size-thumbnail\" alt=\"\" \/><\/a>\n\t\t\t<\/div><\/figure><figure class='gallery-item'>\n\t\t\t<div class='gallery-icon landscape'>\n\t\t\t\t<a href='https:\/\/hcd.malargue.gov.ar\/wp-content\/uploads\/2019\/08\/IMGP1595.jpg'><img loading=\"lazy\" decoding=\"async\" width=\"150\" height=\"150\" src=\"https:\/\/hcd.malargue.gov.ar\/wp-content\/uploads\/2019\/08\/IMGP1595-150x150.jpg\" class=\"attachment-thumbnail size-thumbnail\" alt=\"\" \/><\/a>\n\t\t\t<\/div><\/figure><figure class='gallery-item'>\n\t\t\t<div class='gallery-icon landscape'>\n\t\t\t\t<a href='https:\/\/hcd.malargue.gov.ar\/wp-content\/uploads\/2019\/08\/IMGP1596-2.jpg'><img loading=\"lazy\" decoding=\"async\" width=\"150\" height=\"150\" src=\"https:\/\/hcd.malargue.gov.ar\/wp-content\/uploads\/2019\/08\/IMGP1596-2-150x150.jpg\" class=\"attachment-thumbnail size-thumbnail\" alt=\"\" \/><\/a>\n\t\t\t<\/div><\/figure><figure class='gallery-item'>\n\t\t\t<div class='gallery-icon landscape'>\n\t\t\t\t<a href='https:\/\/hcd.malargue.gov.ar\/wp-content\/uploads\/2019\/08\/IMGP1597.jpg'><img loading=\"lazy\" decoding=\"async\" width=\"150\" height=\"150\" src=\"https:\/\/hcd.malargue.gov.ar\/wp-content\/uploads\/2019\/08\/IMGP1597-150x150.jpg\" class=\"attachment-thumbnail size-thumbnail\" alt=\"\" \/><\/a>\n\t\t\t<\/div><\/figure><figure class='gallery-item'>\n\t\t\t<div class='gallery-icon portrait'>\n\t\t\t\t<a href='https:\/\/hcd.malargue.gov.ar\/wp-content\/uploads\/2019\/08\/IMGP1600.jpg'><img loading=\"lazy\" decoding=\"async\" width=\"150\" height=\"150\" src=\"https:\/\/hcd.malargue.gov.ar\/wp-content\/uploads\/2019\/08\/IMGP1600-150x150.jpg\" class=\"attachment-thumbnail size-thumbnail\" alt=\"\" \/><\/a>\n\t\t\t<\/div><\/figure><figure class='gallery-item'>\n\t\t\t<div class='gallery-icon landscape'>\n\t\t\t\t<a href='https:\/\/hcd.malargue.gov.ar\/wp-content\/uploads\/2019\/08\/IMGP1601.jpg'><img loading=\"lazy\" decoding=\"async\" width=\"150\" height=\"150\" src=\"https:\/\/hcd.malargue.gov.ar\/wp-content\/uploads\/2019\/08\/IMGP1601-150x150.jpg\" class=\"attachment-thumbnail size-thumbnail\" alt=\"\" \/><\/a>\n\t\t\t<\/div><\/figure><figure class='gallery-item'>\n\t\t\t<div class='gallery-icon landscape'>\n\t\t\t\t<a href='https:\/\/hcd.malargue.gov.ar\/wp-content\/uploads\/2019\/08\/IMGP1605.jpg'><img loading=\"lazy\" decoding=\"async\" width=\"150\" height=\"150\" src=\"https:\/\/hcd.malargue.gov.ar\/wp-content\/uploads\/2019\/08\/IMGP1605-150x150.jpg\" class=\"attachment-thumbnail size-thumbnail\" alt=\"\" \/><\/a>\n\t\t\t<\/div><\/figure><figure class='gallery-item'>\n\t\t\t<div class='gallery-icon landscape'>\n\t\t\t\t<a href='https:\/\/hcd.malargue.gov.ar\/wp-content\/uploads\/2019\/08\/IMGP1610-2.jpg'><img loading=\"lazy\" decoding=\"async\" width=\"150\" height=\"150\" src=\"https:\/\/hcd.malargue.gov.ar\/wp-content\/uploads\/2019\/08\/IMGP1610-2-150x150.jpg\" class=\"attachment-thumbnail size-thumbnail\" alt=\"\" \/><\/a>\n\t\t\t<\/div><\/figure><figure class='gallery-item'>\n\t\t\t<div class='gallery-icon landscape'>\n\t\t\t\t<a href='https:\/\/hcd.malargue.gov.ar\/wp-content\/uploads\/2019\/08\/IMGP1611.jpg'><img loading=\"lazy\" decoding=\"async\" width=\"150\" height=\"150\" src=\"https:\/\/hcd.malargue.gov.ar\/wp-content\/uploads\/2019\/08\/IMGP1611-150x150.jpg\" class=\"attachment-thumbnail size-thumbnail\" alt=\"\" \/><\/a>\n\t\t\t<\/div><\/figure><figure class='gallery-item'>\n\t\t\t<div class='gallery-icon portrait'>\n\t\t\t\t<a href='https:\/\/hcd.malargue.gov.ar\/wp-content\/uploads\/2019\/08\/IMGP1613.jpg'><img loading=\"lazy\" decoding=\"async\" width=\"150\" height=\"150\" src=\"https:\/\/hcd.malargue.gov.ar\/wp-content\/uploads\/2019\/08\/IMGP1613-150x150.jpg\" class=\"attachment-thumbnail size-thumbnail\" alt=\"\" \/><\/a>\n\t\t\t<\/div><\/figure><figure class='gallery-item'>\n\t\t\t<div class='gallery-icon landscape'>\n\t\t\t\t<a href='https:\/\/hcd.malargue.gov.ar\/wp-content\/uploads\/2019\/08\/IMGP1616.jpg'><img loading=\"lazy\" decoding=\"async\" width=\"150\" height=\"150\" src=\"https:\/\/hcd.malargue.gov.ar\/wp-content\/uploads\/2019\/08\/IMGP1616-150x150.jpg\" class=\"attachment-thumbnail size-thumbnail\" alt=\"\" \/><\/a>\n\t\t\t<\/div><\/figure><figure class='gallery-item'>\n\t\t\t<div class='gallery-icon landscape'>\n\t\t\t\t<a href='https:\/\/hcd.malargue.gov.ar\/wp-content\/uploads\/2019\/08\/IMGP1617.jpg'><img loading=\"lazy\" decoding=\"async\" width=\"150\" height=\"150\" src=\"https:\/\/hcd.malargue.gov.ar\/wp-content\/uploads\/2019\/08\/IMGP1617-150x150.jpg\" class=\"attachment-thumbnail size-thumbnail\" alt=\"\" \/><\/a>\n\t\t\t<\/div><\/figure><figure class='gallery-item'>\n\t\t\t<div class='gallery-icon landscape'>\n\t\t\t\t<a href='https:\/\/hcd.malargue.gov.ar\/wp-content\/uploads\/2019\/08\/IMGP1621-1.jpg'><img loading=\"lazy\" decoding=\"async\" width=\"150\" height=\"150\" src=\"https:\/\/hcd.malargue.gov.ar\/wp-content\/uploads\/2019\/08\/IMGP1621-1-150x150.jpg\" class=\"attachment-thumbnail size-thumbnail\" alt=\"\" \/><\/a>\n\t\t\t<\/div><\/figure><figure class='gallery-item'>\n\t\t\t<div class='gallery-icon landscape'>\n\t\t\t\t<a href='https:\/\/hcd.malargue.gov.ar\/wp-content\/uploads\/2019\/08\/IMGP1622.jpg'><img loading=\"lazy\" decoding=\"async\" width=\"150\" height=\"150\" src=\"https:\/\/hcd.malargue.gov.ar\/wp-content\/uploads\/2019\/08\/IMGP1622-150x150.jpg\" class=\"attachment-thumbnail size-thumbnail\" alt=\"\" \/><\/a>\n\t\t\t<\/div><\/figure><figure class='gallery-item'>\n\t\t\t<div class='gallery-icon portrait'>\n\t\t\t\t<a href='https:\/\/hcd.malargue.gov.ar\/wp-content\/uploads\/2019\/08\/IMGP1625.jpg'><img loading=\"lazy\" decoding=\"async\" width=\"150\" height=\"150\" src=\"https:\/\/hcd.malargue.gov.ar\/wp-content\/uploads\/2019\/08\/IMGP1625-150x150.jpg\" class=\"attachment-thumbnail size-thumbnail\" alt=\"\" \/><\/a>\n\t\t\t<\/div><\/figure><figure class='gallery-item'>\n\t\t\t<div class='gallery-icon landscape'>\n\t\t\t\t<a href='https:\/\/hcd.malargue.gov.ar\/wp-content\/uploads\/2019\/08\/IMGP1627.jpg'><img loading=\"lazy\" decoding=\"async\" width=\"150\" height=\"150\" src=\"https:\/\/hcd.malargue.gov.ar\/wp-content\/uploads\/2019\/08\/IMGP1627-150x150.jpg\" class=\"attachment-thumbnail size-thumbnail\" alt=\"\" \/><\/a>\n\t\t\t<\/div><\/figure><figure class='gallery-item'>\n\t\t\t<div class='gallery-icon landscape'>\n\t\t\t\t<a href='https:\/\/hcd.malargue.gov.ar\/wp-content\/uploads\/2019\/08\/IMGP1629.jpg'><img loading=\"lazy\" decoding=\"async\" width=\"150\" height=\"150\" src=\"https:\/\/hcd.malargue.gov.ar\/wp-content\/uploads\/2019\/08\/IMGP1629-150x150.jpg\" class=\"attachment-thumbnail size-thumbnail\" alt=\"\" \/><\/a>\n\t\t\t<\/div><\/figure><figure class='gallery-item'>\n\t\t\t<div class='gallery-icon landscape'>\n\t\t\t\t<a href='https:\/\/hcd.malargue.gov.ar\/wp-content\/uploads\/2019\/08\/IMGP1632.jpg'><img loading=\"lazy\" decoding=\"async\" width=\"150\" height=\"150\" src=\"https:\/\/hcd.malargue.gov.ar\/wp-content\/uploads\/2019\/08\/IMGP1632-150x150.jpg\" class=\"attachment-thumbnail size-thumbnail\" alt=\"\" \/><\/a>\n\t\t\t<\/div><\/figure><figure class='gallery-item'>\n\t\t\t<div class='gallery-icon portrait'>\n\t\t\t\t<a href='https:\/\/hcd.malargue.gov.ar\/wp-content\/uploads\/2019\/08\/IMGP1633.jpg'><img loading=\"lazy\" decoding=\"async\" width=\"150\" height=\"150\" src=\"https:\/\/hcd.malargue.gov.ar\/wp-content\/uploads\/2019\/08\/IMGP1633-150x150.jpg\" class=\"attachment-thumbnail size-thumbnail\" alt=\"\" \/><\/a>\n\t\t\t<\/div><\/figure>\n\t\t<\/div>\n\n<\/div>\n<\/div>\n<\/div>\n","protected":false},"excerpt":{"rendered":"<p>SESI\u00d3N ORDINARIA \u2013 29 de agosto 2019 Presidi\u00f3 la Sesi\u00f3n:\u00a0\u00a0Concejal\u00a0Fernando Glatigny\u00a0\u00a0(Bloque Cambia Mendoza) Concejales Presentes: Rodolfo Cabeza,\u00a0Raul Rodr\u00edguez\u00a0\u00a0(Bloque Justicialista FPV), Jos\u00e9 Barro, Paola\u00a0Jofre\u00a0(Bloque Somos Mendoza) Daniela Favari (Bloque Partido Justicialista)\u00a0Martin Palma\u00a0,\u00a0Juan Manuel Ojeda,\u00a0Mauricio Martinez\u00a0y\u00a0Paola Paleico\u00a0\u00a0(Bloque Cambia Mendoza) Con la presencia de\u00a0 los 10\u00a0 ediles se realiz\u00f3 20\u00ba sesi\u00f3n ordinaria del\u00a0 a\u00f1o. Una vez iniciada la [&hellip;]<\/p>\n","protected":false},"author":4,"featured_media":17387,"comment_status":"closed","ping_status":"closed","sticky":false,"template":"","format":"standard","meta":{"footnotes":""},"categories":[52,58,33,36],"tags":[],"class_list":["post-17385","post","type-post","status-publish","format-standard","has-post-thumbnail","hentry","category-gacetillas","category-ordinarias","category-prensa","category-sesiones"],"yoast_head":"<!-- This site is optimized with the Yoast SEO plugin v19.10 - https:\/\/yoast.com\/wordpress\/plugins\/seo\/ -->\n<title>EL HCD LLEV\u00d3 A CABO LA 20\u00ba SESI\u00d3N ORDINARIA - Malarg\u00fce HCD<\/title>\n<meta name=\"robots\" content=\"index, follow, max-snippet:-1, max-image-preview:large, max-video-preview:-1\" \/>\n<link rel=\"canonical\" href=\"https:\/\/hcd.malargue.gov.ar\/?p=17385\" \/>\n<meta property=\"og:locale\" content=\"es_ES\" \/>\n<meta property=\"og:type\" content=\"article\" \/>\n<meta property=\"og:title\" content=\"EL HCD LLEV\u00d3 A CABO LA 20\u00ba SESI\u00d3N ORDINARIA - Malarg\u00fce HCD\" \/>\n<meta property=\"og:description\" content=\"SESI\u00d3N ORDINARIA \u2013 29 de agosto 2019 Presidi\u00f3 la Sesi\u00f3n:\u00a0\u00a0Concejal\u00a0Fernando Glatigny\u00a0\u00a0(Bloque Cambia Mendoza) Concejales Presentes: Rodolfo Cabeza,\u00a0Raul Rodr\u00edguez\u00a0\u00a0(Bloque Justicialista FPV), Jos\u00e9 Barro, Paola\u00a0Jofre\u00a0(Bloque Somos Mendoza) Daniela Favari (Bloque Partido Justicialista)\u00a0Martin Palma\u00a0,\u00a0Juan Manuel Ojeda,\u00a0Mauricio Martinez\u00a0y\u00a0Paola Paleico\u00a0\u00a0(Bloque Cambia Mendoza) Con la presencia de\u00a0 los 10\u00a0 ediles se realiz\u00f3 20\u00ba sesi\u00f3n ordinaria del\u00a0 a\u00f1o. Una vez iniciada la [&hellip;]\" \/>\n<meta property=\"og:url\" content=\"https:\/\/hcd.malargue.gov.ar\/?p=17385\" \/>\n<meta property=\"og:site_name\" content=\"Malarg\u00fce HCD\" \/>\n<meta property=\"article:published_time\" content=\"2019-08-29T16:02:08+00:00\" \/>\n<meta property=\"article:modified_time\" content=\"2019-08-30T11:35:01+00:00\" \/>\n<meta property=\"og:image\" content=\"https:\/\/hcd.malargue.gov.ar\/wp-content\/uploads\/2019\/08\/IMGP1560.jpg\" \/>\n\t<meta property=\"og:image:width\" content=\"4288\" \/>\n\t<meta property=\"og:image:height\" content=\"2848\" \/>\n\t<meta property=\"og:image:type\" content=\"image\/jpeg\" \/>\n<meta name=\"author\" content=\"Marcia Sepulveda\" \/>\n<meta name=\"twitter:card\" content=\"summary_large_image\" \/>\n<meta name=\"twitter:label1\" content=\"Escrito por\" \/>\n\t<meta name=\"twitter:data1\" content=\"Marcia Sepulveda\" \/>\n\t<meta name=\"twitter:label2\" content=\"Tiempo de lectura\" \/>\n\t<meta name=\"twitter:data2\" content=\"4 minutos\" \/>\n<script type=\"application\/ld+json\" class=\"yoast-schema-graph\">{\"@context\":\"https:\/\/schema.org\",\"@graph\":[{\"@type\":\"WebPage\",\"@id\":\"https:\/\/hcd.malargue.gov.ar\/?p=17385\",\"url\":\"https:\/\/hcd.malargue.gov.ar\/?p=17385\",\"name\":\"EL HCD LLEV\u00d3 A CABO LA 20\u00ba SESI\u00d3N ORDINARIA - Malarg\u00fce HCD\",\"isPartOf\":{\"@id\":\"https:\/\/hcd.malargue.gov.ar\/#website\"},\"datePublished\":\"2019-08-29T16:02:08+00:00\",\"dateModified\":\"2019-08-30T11:35:01+00:00\",\"author\":{\"@id\":\"https:\/\/hcd.malargue.gov.ar\/#\/schema\/person\/c02f28730a528313e04d34aba071fe06\"},\"breadcrumb\":{\"@id\":\"https:\/\/hcd.malargue.gov.ar\/?p=17385#breadcrumb\"},\"inLanguage\":\"es-AR\",\"potentialAction\":[{\"@type\":\"ReadAction\",\"target\":[\"https:\/\/hcd.malargue.gov.ar\/?p=17385\"]}]},{\"@type\":\"BreadcrumbList\",\"@id\":\"https:\/\/hcd.malargue.gov.ar\/?p=17385#breadcrumb\",\"itemListElement\":[{\"@type\":\"ListItem\",\"position\":1,\"name\":\"Inicio\",\"item\":\"https:\/\/hcd.malargue.gov.ar\/\"},{\"@type\":\"ListItem\",\"position\":2,\"name\":\"EL HCD LLEV\u00d3 A CABO LA 20\u00ba SESI\u00d3N ORDINARIA\"}]},{\"@type\":\"WebSite\",\"@id\":\"https:\/\/hcd.malargue.gov.ar\/#website\",\"url\":\"https:\/\/hcd.malargue.gov.ar\/\",\"name\":\"Malarg\u00fce HCD\",\"description\":\"Malarg\u00fce Mendoza Argentina\",\"potentialAction\":[{\"@type\":\"SearchAction\",\"target\":{\"@type\":\"EntryPoint\",\"urlTemplate\":\"https:\/\/hcd.malargue.gov.ar\/?s={search_term_string}\"},\"query-input\":\"required name=search_term_string\"}],\"inLanguage\":\"es-AR\"},{\"@type\":\"Person\",\"@id\":\"https:\/\/hcd.malargue.gov.ar\/#\/schema\/person\/c02f28730a528313e04d34aba071fe06\",\"name\":\"Marcia Sepulveda\",\"image\":{\"@type\":\"ImageObject\",\"inLanguage\":\"es-AR\",\"@id\":\"https:\/\/hcd.malargue.gov.ar\/#\/schema\/person\/image\/\",\"url\":\"https:\/\/secure.gravatar.com\/avatar\/3557e3bccdef0a5d4de0476d077c8920f0638f6f0bd05553351eb0e70d99f241?s=96&d=mm&r=g\",\"contentUrl\":\"https:\/\/secure.gravatar.com\/avatar\/3557e3bccdef0a5d4de0476d077c8920f0638f6f0bd05553351eb0e70d99f241?s=96&d=mm&r=g\",\"caption\":\"Marcia Sepulveda\"},\"url\":\"https:\/\/hcd.malargue.gov.ar\/?author=4\"}]}<\/script>\n<!-- \/ Yoast SEO plugin. -->","yoast_head_json":{"title":"EL HCD LLEV\u00d3 A CABO LA 20\u00ba SESI\u00d3N ORDINARIA - Malarg\u00fce HCD","robots":{"index":"index","follow":"follow","max-snippet":"max-snippet:-1","max-image-preview":"max-image-preview:large","max-video-preview":"max-video-preview:-1"},"canonical":"https:\/\/hcd.malargue.gov.ar\/?p=17385","og_locale":"es_ES","og_type":"article","og_title":"EL HCD LLEV\u00d3 A CABO LA 20\u00ba SESI\u00d3N ORDINARIA - Malarg\u00fce HCD","og_description":"SESI\u00d3N ORDINARIA \u2013 29 de agosto 2019 Presidi\u00f3 la Sesi\u00f3n:\u00a0\u00a0Concejal\u00a0Fernando Glatigny\u00a0\u00a0(Bloque Cambia Mendoza) Concejales Presentes: Rodolfo Cabeza,\u00a0Raul Rodr\u00edguez\u00a0\u00a0(Bloque Justicialista FPV), Jos\u00e9 Barro, Paola\u00a0Jofre\u00a0(Bloque Somos Mendoza) Daniela Favari (Bloque Partido Justicialista)\u00a0Martin Palma\u00a0,\u00a0Juan Manuel Ojeda,\u00a0Mauricio Martinez\u00a0y\u00a0Paola Paleico\u00a0\u00a0(Bloque Cambia Mendoza) Con la presencia de\u00a0 los 10\u00a0 ediles se realiz\u00f3 20\u00ba sesi\u00f3n ordinaria del\u00a0 a\u00f1o. Una vez iniciada la [&hellip;]","og_url":"https:\/\/hcd.malargue.gov.ar\/?p=17385","og_site_name":"Malarg\u00fce HCD","article_published_time":"2019-08-29T16:02:08+00:00","article_modified_time":"2019-08-30T11:35:01+00:00","og_image":[{"width":4288,"height":2848,"url":"https:\/\/hcd.malargue.gov.ar\/wp-content\/uploads\/2019\/08\/IMGP1560.jpg","type":"image\/jpeg"}],"author":"Marcia Sepulveda","twitter_card":"summary_large_image","twitter_misc":{"Escrito por":"Marcia Sepulveda","Tiempo de lectura":"4 minutos"},"schema":{"@context":"https:\/\/schema.org","@graph":[{"@type":"WebPage","@id":"https:\/\/hcd.malargue.gov.ar\/?p=17385","url":"https:\/\/hcd.malargue.gov.ar\/?p=17385","name":"EL HCD LLEV\u00d3 A CABO LA 20\u00ba SESI\u00d3N ORDINARIA - Malarg\u00fce HCD","isPartOf":{"@id":"https:\/\/hcd.malargue.gov.ar\/#website"},"datePublished":"2019-08-29T16:02:08+00:00","dateModified":"2019-08-30T11:35:01+00:00","author":{"@id":"https:\/\/hcd.malargue.gov.ar\/#\/schema\/person\/c02f28730a528313e04d34aba071fe06"},"breadcrumb":{"@id":"https:\/\/hcd.malargue.gov.ar\/?p=17385#breadcrumb"},"inLanguage":"es-AR","potentialAction":[{"@type":"ReadAction","target":["https:\/\/hcd.malargue.gov.ar\/?p=17385"]}]},{"@type":"BreadcrumbList","@id":"https:\/\/hcd.malargue.gov.ar\/?p=17385#breadcrumb","itemListElement":[{"@type":"ListItem","position":1,"name":"Inicio","item":"https:\/\/hcd.malargue.gov.ar\/"},{"@type":"ListItem","position":2,"name":"EL HCD LLEV\u00d3 A CABO LA 20\u00ba SESI\u00d3N ORDINARIA"}]},{"@type":"WebSite","@id":"https:\/\/hcd.malargue.gov.ar\/#website","url":"https:\/\/hcd.malargue.gov.ar\/","name":"Malarg\u00fce HCD","description":"Malarg\u00fce Mendoza Argentina","potentialAction":[{"@type":"SearchAction","target":{"@type":"EntryPoint","urlTemplate":"https:\/\/hcd.malargue.gov.ar\/?s={search_term_string}"},"query-input":"required name=search_term_string"}],"inLanguage":"es-AR"},{"@type":"Person","@id":"https:\/\/hcd.malargue.gov.ar\/#\/schema\/person\/c02f28730a528313e04d34aba071fe06","name":"Marcia Sepulveda","image":{"@type":"ImageObject","inLanguage":"es-AR","@id":"https:\/\/hcd.malargue.gov.ar\/#\/schema\/person\/image\/","url":"https:\/\/secure.gravatar.com\/avatar\/3557e3bccdef0a5d4de0476d077c8920f0638f6f0bd05553351eb0e70d99f241?s=96&d=mm&r=g","contentUrl":"https:\/\/secure.gravatar.com\/avatar\/3557e3bccdef0a5d4de0476d077c8920f0638f6f0bd05553351eb0e70d99f241?s=96&d=mm&r=g","caption":"Marcia Sepulveda"},"url":"https:\/\/hcd.malargue.gov.ar\/?author=4"}]}},"_links":{"self":[{"href":"https:\/\/hcd.malargue.gov.ar\/index.php?rest_route=\/wp\/v2\/posts\/17385","targetHints":{"allow":["GET"]}}],"collection":[{"href":"https:\/\/hcd.malargue.gov.ar\/index.php?rest_route=\/wp\/v2\/posts"}],"about":[{"href":"https:\/\/hcd.malargue.gov.ar\/index.php?rest_route=\/wp\/v2\/types\/post"}],"author":[{"embeddable":true,"href":"https:\/\/hcd.malargue.gov.ar\/index.php?rest_route=\/wp\/v2\/users\/4"}],"replies":[{"embeddable":true,"href":"https:\/\/hcd.malargue.gov.ar\/index.php?rest_route=%2Fwp%2Fv2%2Fcomments&post=17385"}],"version-history":[{"count":0,"href":"https:\/\/hcd.malargue.gov.ar\/index.php?rest_route=\/wp\/v2\/posts\/17385\/revisions"}],"wp:featuredmedia":[{"embeddable":true,"href":"https:\/\/hcd.malargue.gov.ar\/index.php?rest_route=\/wp\/v2\/media\/17387"}],"wp:attachment":[{"href":"https:\/\/hcd.malargue.gov.ar\/index.php?rest_route=%2Fwp%2Fv2%2Fmedia&parent=17385"}],"wp:term":[{"taxonomy":"category","embeddable":true,"href":"https:\/\/hcd.malargue.gov.ar\/index.php?rest_route=%2Fwp%2Fv2%2Fcategories&post=17385"},{"taxonomy":"post_tag","embeddable":true,"href":"https:\/\/hcd.malargue.gov.ar\/index.php?rest_route=%2Fwp%2Fv2%2Ftags&post=17385"}],"curies":[{"name":"wp","href":"https:\/\/api.w.org\/{rel}","templated":true}]}}