{"id":17512,"date":"2019-09-05T08:57:06","date_gmt":"2019-09-05T11:57:06","guid":{"rendered":"https:\/\/hcd.malargue.gov.ar\/?p=17512"},"modified":"2019-09-05T10:21:34","modified_gmt":"2019-09-05T13:21:34","slug":"orden-del-dia-21o-sesion-ordinaria-2","status":"publish","type":"post","link":"https:\/\/hcd.malargue.gov.ar\/?p=17512","title":{"rendered":"ORDEN\u00a0 DEL DIA \u00a0&#8211;\u00a021\u00ba SESI\u00d3N ORDINARIA"},"content":{"rendered":"<p>D\u00eda \u00a0\u00a0Jueves\u00a0\u00a0 05 de Setiembre \u00a0de 2019<\/p>\n<p>Hora: 09:00<\/p>\n<ol>\n<li><strong><em>Acto de Izar\u00a0 la Ense\u00f1a Patria\u00a0\u00a0 a cargo\u00a0 del \u00a0\u00a0\u00a0 Concejal\u00a0 Osvaldo Mart\u00edn PALMA<\/em><\/strong><\/li>\n<li><strong><em>Homenaje de los Se\u00f1ores Concejales.<\/em><\/strong><\/li>\n<li><strong><em>Consideraci\u00f3n Acta Sesi\u00f3n Ordinaria N\u00ba 1023-\u201cO\u201d-2019.<\/em><\/strong><\/li>\n<li><strong><em>Lectura del detalle de la correspondencia recibida y emitida.<\/em><\/strong><\/li>\n<li><strong><em>Determinaci\u00f3n de los temas que ser\u00e1n incluidos en el punto Asuntos Varios y puesta a consideraci\u00f3n de mociones de tratamientos sobre tablas de diversos expedientes.<\/em><\/strong><\/li>\n<li><strong><em>Proyectos de los Se\u00f1ores Concejales: <\/em><\/strong><\/li>\n<li>N\u00ba 4.691-HC 013-2019 Proyecto de Resoluci\u00f3n: Solicitar adhesi\u00f3n\u00a0 de la Provincia de Mendoza\u00a0 a la Ley N\u00ba27.043 abordaje de personas que presentan Trastornos del Espectro Autista (T.E.A) (BLOQUE FRENTE CAMBIA MENDOZA) Autor: Concejal Mauricio A. Mart\u00ednez .<\/li>\n<li>N\u00ba 4.692- HC 013-2019 Proyecto de Resoluci\u00f3n: Solicitar designaci\u00f3n de m\u00e9dico especializado en diabetes para la planta de profesionales del Hospital Malarg\u00fce. (BLOQUE JUSTICIALISTA FRENTE PARA LA VICTORIA \u00a0) Autor: Concejal Rodolfo A. Cabeza.<\/li>\n<li>N\u00ba4.693-HC 014-2019 Proyecto de Resoluci\u00f3n: Repudio sobre la postura de la Senadora Nacional y candidata a Gobernadora de la Provincia de Mendoza y el Ex Gobernador Rodolfo Gabrielli en referencia a Portezuelo del Viento. (BLOQUE FRENTE CAMBIA MENDOZA) Autor: Concejal\u00a0 Osvaldo M. Palma<\/li>\n<li>N\u00ba 4.694-HC 014-2019 Proyecto de Resoluci\u00f3n: Creaci\u00f3n de Informador Tur\u00edstico dependiente de Direcci\u00f3n de Turismo de Malarg\u00fce sobre Ruta Nacional 40 Departamento de San Carlos. (BLOQUE FRENTE CAMBIA MENDOZA) Autor.: Concejal Juan M. Ojeda<\/li>\n<li>N\u00ba 4.695-HC 014-2019 Proyecto de Ordenanza: Denominaci\u00f3n calles existentes en Barrio Virgen del Carmen y colocaci\u00f3n de carteles nomencladores correspondientes. (BLOQUE FRENTE CAMBIA MENDOZA) Autor: Concejal Juan M. Ojeda<\/li>\n<li>N\u00ba 4.696-HC 014-2019 Proyecto de Declaraci\u00f3n: Declarar de Inter\u00e9s Social Educativo el \u201c2\u00ba Encuentro de la Integraci\u00f3n Superior\u00a0 P\u00fablica: Educaci\u00f3n en contexto Malarg\u00fce\u201d (BLOQUE FRENTE SOMOS \u00a0MENDOZA) Autores: Concejal Jos\u00e9 Barro y\u00a0 Paola Jofr\u00e9<\/li>\n<li>N\u00ba4.697-HC 014-2019 Proyecto de Resoluci\u00f3n: Solicitar al Departamento Ejecutivo brinde servicios de recolecci\u00f3n de residuos, iluminaci\u00f3n y riego de calles, en zona de Trintrica hasta el atractivo tur\u00edstico denominado \u201cLaberintos de Carmona\u201d (BLOQUE\u00a0 JUSTICIALISTA FRENTE PARA LA VICTORIA ) Autor: Concejal Ra\u00fal Rodr\u00edguez.<\/li>\n<li>N\u00ba 4.698-HC 014-2019 Proyecto de Declaraci\u00f3n: Declarar de Inter\u00e9s Departamental Social,Cultural y Educacional la micro serie digital animada\u00a0 \u201cSituaciones Homicidas\u201d \u00a0(BLOQUE FRENTE\u00a0 CAMBIA MENDOZA) Autor: Concejal Fernando Glatigny<\/li>\n<li>N\u00ba 4.699-HC 014-2019 Proyecto de Resoluci\u00f3n: Relevamiento de actividades y presupuesto del Centro Regional de Investigaciones de Malarg\u00fce (C.R.I.D.C) (BLOQUE FRENTE SOMOS MENDOZA) Autora: Concejal Paola F. Jofr\u00e9<\/li>\n<li>N\u00ba 4.700-HC 014-2019 Proyecto de Resoluci\u00f3n: Solicitud de Tarifa preferencial a Pie de Presa de Energ\u00eda El\u00e9ctrica generada en Portezuelo del Viento. (BLOQUE FRENTE SOMOS MENDOZA) Autor: Concejal Jos\u00e9 A. Barro.<\/li>\n<li><strong><em>Expedientes provenientes del Departamento Ejecutivo: <\/em><\/strong><\/li>\n<li>N\u00ba 4054\/19 Responsabilidad Fiscal N\u00ba 4559 del Honorable Tribunal de Cuentas Segundo Trimestre Ejercicio 2019.-<\/li>\n<li>N\u00ba 4.628-HC 009-2019 Proyecto de Resoluci\u00f3n: Requerir al Sr. Intendente informe estado actual de la Oficina Anticorrupci\u00f3n y su responsable.<\/li>\n<li><strong><em>h) Despachos de las Comisiones de Trabajo:<\/em><\/strong><\/li>\n<\/ol>\n<p>&#8211; No Ingresados-<\/p>\n<ol>\n<li><strong>i<\/strong><strong><em>) Asuntos Varios.- <\/em><\/strong><\/li>\n<li><strong><em>j) Acto de arriar el Pabell\u00f3n Nacional a cargo del concejal que lo<\/em><\/strong><strong> iz\u00f3.- <\/strong><\/li>\n<\/ol>\n<p style=\"text-align: right;\"><strong>Presidencia \u00a0H.C.D \u00a0\u00a003 de Setiembre \u00a0\u00a0\u00a0de 2019.- <\/strong><\/p>\n<p><strong>\u00a0<\/strong><\/p>\n<p><strong>CORRESPONDENCIA\u00a0 PARA LA SESI\u00d3N<\/strong><\/p>\n<p><strong>DEL DIA JUEVES 05 de Setiembre de\u00a0 2.019<\/strong><\/p>\n<p><strong>NOTAS INGRESADAS<\/strong><\/p>\n<ol>\n<li>Ing. Emilio Gui\u00f1azu Fader, Subsecretario de Energ\u00eda y Miner\u00eda, eleva respuesta a solicitud de informe seg\u00fan Resoluci\u00f3n N\u00ba 131\/2.019 uso de gas obtenido de los pozos de petr\u00f3leo, para conocimiento.<\/li>\n<li>Juzgado de Paz, Letrado, Tributario y de Faltas, solicita informe integrantes del Jury de Tachas.<\/li>\n<li>Ing. Emilio Gui\u00f1azu Fader, Subsecretario de Energ\u00eda y Miner\u00eda, eleva respuesta a Resoluci\u00f3n N\u00ba 288\/2.019, solicitando excluir al territorio de Malarg\u00fce de las prohibiciones de la Ley N\u00ba 7722.<\/li>\n<li>Prof. Fabiana Glatigny Subdelegada de Direcci\u00f3n General de Escuelas, eleva respuesta a Resoluci\u00f3n N\u00ba 324\/2.019\u00a0 protocolo de actuaci\u00f3n ante casos de Gripe A.<\/li>\n<li>Sr. Jos\u00e9 Amador Palma, solicita hacer uso de Banca del Ciudadano para exponer en torno a proyectos concernientes al desarrollo departamental.<\/li>\n<\/ol>\n<p><strong>NOTAS\u00a0 EMITIDAS<\/strong><\/p>\n<ol>\n<li>Al Sr. Intendente Municipal, Sindicato Petroleros de Mendoza, UOCRA, Asociaci\u00f3n Obreros de la Miner\u00eda, Subsecretar\u00eda de Trabajo y Representantes de Desocupados de Malarg\u00fce, convocando a reuni\u00f3n de trabajo.<\/li>\n<li>A Legisladores Nacionales por Mendoza y Legisladores Provinciales por el Cuarto Distrito Electoral, remitiendo copia de Declaraci\u00f3n N\u00ba 262\/2.019 repudio al Proyecto de Reforma Laboral.<\/li>\n<li>Al Sr. Director General de Aduanas , Legisladores Nacionales por Mendoza y Legisladores Provinciales por el 4\u00ba Distrito, remitiendo copia de Resoluci\u00f3n N\u00ba 334\/2.019 solicitando creaci\u00f3n de dependencia de aduanas en el Departamento.<\/li>\n<li>Al Ente Nacional de Comunicaciones, remitiendo copia de Resoluci\u00f3n N\u00ba 350\/2.019 solicitando instalaci\u00f3n de antena que garantice cobertura de telefon\u00eda celular en Ruta Naciona l 40 tramo Pareditas\u00a0 &#8211; El Sosneado.<\/li>\n<\/ol>\n","protected":false},"excerpt":{"rendered":"<p>D\u00eda \u00a0\u00a0Jueves\u00a0\u00a0 05 de Setiembre \u00a0de 2019 Hora: 09:00 Acto de Izar\u00a0 la Ense\u00f1a Patria\u00a0\u00a0 a cargo\u00a0 del \u00a0\u00a0\u00a0 Concejal\u00a0 Osvaldo Mart\u00edn PALMA Homenaje de los Se\u00f1ores Concejales. Consideraci\u00f3n Acta Sesi\u00f3n Ordinaria N\u00ba 1023-\u201cO\u201d-2019. Lectura del detalle de la correspondencia recibida y emitida. Determinaci\u00f3n de los temas que ser\u00e1n incluidos en el punto Asuntos Varios [&hellip;]<\/p>\n","protected":false},"author":4,"featured_media":17513,"comment_status":"closed","ping_status":"closed","sticky":false,"template":"","format":"standard","meta":{"footnotes":""},"categories":[52,58,33,36],"tags":[],"class_list":["post-17512","post","type-post","status-publish","format-standard","has-post-thumbnail","hentry","category-gacetillas","category-ordinarias","category-prensa","category-sesiones"],"yoast_head":"<!-- This site is optimized with the Yoast SEO plugin v19.10 - https:\/\/yoast.com\/wordpress\/plugins\/seo\/ -->\n<title>ORDEN\u00a0 DEL DIA \u00a0-\u00a021\u00ba SESI\u00d3N ORDINARIA - Malarg\u00fce HCD<\/title>\n<meta name=\"robots\" content=\"index, follow, max-snippet:-1, max-image-preview:large, max-video-preview:-1\" \/>\n<link rel=\"canonical\" href=\"https:\/\/hcd.malargue.gov.ar\/?p=17512\" \/>\n<meta property=\"og:locale\" content=\"es_ES\" \/>\n<meta property=\"og:type\" content=\"article\" \/>\n<meta property=\"og:title\" content=\"ORDEN\u00a0 DEL DIA \u00a0-\u00a021\u00ba SESI\u00d3N ORDINARIA - Malarg\u00fce HCD\" \/>\n<meta property=\"og:description\" content=\"D\u00eda \u00a0\u00a0Jueves\u00a0\u00a0 05 de Setiembre \u00a0de 2019 Hora: 09:00 Acto de Izar\u00a0 la Ense\u00f1a Patria\u00a0\u00a0 a cargo\u00a0 del \u00a0\u00a0\u00a0 Concejal\u00a0 Osvaldo Mart\u00edn PALMA Homenaje de los Se\u00f1ores Concejales. Consideraci\u00f3n Acta Sesi\u00f3n Ordinaria N\u00ba 1023-\u201cO\u201d-2019. Lectura del detalle de la correspondencia recibida y emitida. Determinaci\u00f3n de los temas que ser\u00e1n incluidos en el punto Asuntos Varios [&hellip;]\" \/>\n<meta property=\"og:url\" content=\"https:\/\/hcd.malargue.gov.ar\/?p=17512\" \/>\n<meta property=\"og:site_name\" content=\"Malarg\u00fce HCD\" \/>\n<meta property=\"article:published_time\" content=\"2019-09-05T11:57:06+00:00\" \/>\n<meta property=\"article:modified_time\" content=\"2019-09-05T13:21:34+00:00\" \/>\n<meta property=\"og:image\" content=\"https:\/\/hcd.malargue.gov.ar\/wp-content\/uploads\/2019\/09\/palma.jpg\" \/>\n\t<meta property=\"og:image:width\" content=\"4288\" \/>\n\t<meta property=\"og:image:height\" content=\"2848\" \/>\n\t<meta property=\"og:image:type\" content=\"image\/jpeg\" \/>\n<meta name=\"author\" content=\"Marcia Sepulveda\" \/>\n<meta name=\"twitter:card\" content=\"summary_large_image\" \/>\n<meta name=\"twitter:label1\" content=\"Escrito por\" \/>\n\t<meta name=\"twitter:data1\" content=\"Marcia Sepulveda\" \/>\n\t<meta name=\"twitter:label2\" content=\"Tiempo de lectura\" \/>\n\t<meta name=\"twitter:data2\" content=\"4 minutos\" \/>\n<script type=\"application\/ld+json\" class=\"yoast-schema-graph\">{\"@context\":\"https:\/\/schema.org\",\"@graph\":[{\"@type\":\"WebPage\",\"@id\":\"https:\/\/hcd.malargue.gov.ar\/?p=17512\",\"url\":\"https:\/\/hcd.malargue.gov.ar\/?p=17512\",\"name\":\"ORDEN\u00a0 DEL DIA \u00a0-\u00a021\u00ba SESI\u00d3N ORDINARIA - Malarg\u00fce HCD\",\"isPartOf\":{\"@id\":\"https:\/\/hcd.malargue.gov.ar\/#website\"},\"datePublished\":\"2019-09-05T11:57:06+00:00\",\"dateModified\":\"2019-09-05T13:21:34+00:00\",\"author\":{\"@id\":\"https:\/\/hcd.malargue.gov.ar\/#\/schema\/person\/c02f28730a528313e04d34aba071fe06\"},\"breadcrumb\":{\"@id\":\"https:\/\/hcd.malargue.gov.ar\/?p=17512#breadcrumb\"},\"inLanguage\":\"es-AR\",\"potentialAction\":[{\"@type\":\"ReadAction\",\"target\":[\"https:\/\/hcd.malargue.gov.ar\/?p=17512\"]}]},{\"@type\":\"BreadcrumbList\",\"@id\":\"https:\/\/hcd.malargue.gov.ar\/?p=17512#breadcrumb\",\"itemListElement\":[{\"@type\":\"ListItem\",\"position\":1,\"name\":\"Inicio\",\"item\":\"https:\/\/hcd.malargue.gov.ar\/\"},{\"@type\":\"ListItem\",\"position\":2,\"name\":\"ORDEN\u00a0 DEL DIA \u00a0&#8211;\u00a021\u00ba SESI\u00d3N ORDINARIA\"}]},{\"@type\":\"WebSite\",\"@id\":\"https:\/\/hcd.malargue.gov.ar\/#website\",\"url\":\"https:\/\/hcd.malargue.gov.ar\/\",\"name\":\"Malarg\u00fce HCD\",\"description\":\"Malarg\u00fce Mendoza Argentina\",\"potentialAction\":[{\"@type\":\"SearchAction\",\"target\":{\"@type\":\"EntryPoint\",\"urlTemplate\":\"https:\/\/hcd.malargue.gov.ar\/?s={search_term_string}\"},\"query-input\":\"required name=search_term_string\"}],\"inLanguage\":\"es-AR\"},{\"@type\":\"Person\",\"@id\":\"https:\/\/hcd.malargue.gov.ar\/#\/schema\/person\/c02f28730a528313e04d34aba071fe06\",\"name\":\"Marcia Sepulveda\",\"image\":{\"@type\":\"ImageObject\",\"inLanguage\":\"es-AR\",\"@id\":\"https:\/\/hcd.malargue.gov.ar\/#\/schema\/person\/image\/\",\"url\":\"https:\/\/secure.gravatar.com\/avatar\/3557e3bccdef0a5d4de0476d077c8920f0638f6f0bd05553351eb0e70d99f241?s=96&d=mm&r=g\",\"contentUrl\":\"https:\/\/secure.gravatar.com\/avatar\/3557e3bccdef0a5d4de0476d077c8920f0638f6f0bd05553351eb0e70d99f241?s=96&d=mm&r=g\",\"caption\":\"Marcia Sepulveda\"},\"url\":\"https:\/\/hcd.malargue.gov.ar\/?author=4\"}]}<\/script>\n<!-- \/ Yoast SEO plugin. -->","yoast_head_json":{"title":"ORDEN\u00a0 DEL DIA \u00a0-\u00a021\u00ba SESI\u00d3N ORDINARIA - Malarg\u00fce HCD","robots":{"index":"index","follow":"follow","max-snippet":"max-snippet:-1","max-image-preview":"max-image-preview:large","max-video-preview":"max-video-preview:-1"},"canonical":"https:\/\/hcd.malargue.gov.ar\/?p=17512","og_locale":"es_ES","og_type":"article","og_title":"ORDEN\u00a0 DEL DIA \u00a0-\u00a021\u00ba SESI\u00d3N ORDINARIA - Malarg\u00fce HCD","og_description":"D\u00eda \u00a0\u00a0Jueves\u00a0\u00a0 05 de Setiembre \u00a0de 2019 Hora: 09:00 Acto de Izar\u00a0 la Ense\u00f1a Patria\u00a0\u00a0 a cargo\u00a0 del \u00a0\u00a0\u00a0 Concejal\u00a0 Osvaldo Mart\u00edn PALMA Homenaje de los Se\u00f1ores Concejales. Consideraci\u00f3n Acta Sesi\u00f3n Ordinaria N\u00ba 1023-\u201cO\u201d-2019. Lectura del detalle de la correspondencia recibida y emitida. Determinaci\u00f3n de los temas que ser\u00e1n incluidos en el punto Asuntos Varios [&hellip;]","og_url":"https:\/\/hcd.malargue.gov.ar\/?p=17512","og_site_name":"Malarg\u00fce HCD","article_published_time":"2019-09-05T11:57:06+00:00","article_modified_time":"2019-09-05T13:21:34+00:00","og_image":[{"width":4288,"height":2848,"url":"https:\/\/hcd.malargue.gov.ar\/wp-content\/uploads\/2019\/09\/palma.jpg","type":"image\/jpeg"}],"author":"Marcia Sepulveda","twitter_card":"summary_large_image","twitter_misc":{"Escrito por":"Marcia Sepulveda","Tiempo de lectura":"4 minutos"},"schema":{"@context":"https:\/\/schema.org","@graph":[{"@type":"WebPage","@id":"https:\/\/hcd.malargue.gov.ar\/?p=17512","url":"https:\/\/hcd.malargue.gov.ar\/?p=17512","name":"ORDEN\u00a0 DEL DIA \u00a0-\u00a021\u00ba SESI\u00d3N ORDINARIA - Malarg\u00fce HCD","isPartOf":{"@id":"https:\/\/hcd.malargue.gov.ar\/#website"},"datePublished":"2019-09-05T11:57:06+00:00","dateModified":"2019-09-05T13:21:34+00:00","author":{"@id":"https:\/\/hcd.malargue.gov.ar\/#\/schema\/person\/c02f28730a528313e04d34aba071fe06"},"breadcrumb":{"@id":"https:\/\/hcd.malargue.gov.ar\/?p=17512#breadcrumb"},"inLanguage":"es-AR","potentialAction":[{"@type":"ReadAction","target":["https:\/\/hcd.malargue.gov.ar\/?p=17512"]}]},{"@type":"BreadcrumbList","@id":"https:\/\/hcd.malargue.gov.ar\/?p=17512#breadcrumb","itemListElement":[{"@type":"ListItem","position":1,"name":"Inicio","item":"https:\/\/hcd.malargue.gov.ar\/"},{"@type":"ListItem","position":2,"name":"ORDEN\u00a0 DEL DIA \u00a0&#8211;\u00a021\u00ba SESI\u00d3N ORDINARIA"}]},{"@type":"WebSite","@id":"https:\/\/hcd.malargue.gov.ar\/#website","url":"https:\/\/hcd.malargue.gov.ar\/","name":"Malarg\u00fce HCD","description":"Malarg\u00fce Mendoza Argentina","potentialAction":[{"@type":"SearchAction","target":{"@type":"EntryPoint","urlTemplate":"https:\/\/hcd.malargue.gov.ar\/?s={search_term_string}"},"query-input":"required name=search_term_string"}],"inLanguage":"es-AR"},{"@type":"Person","@id":"https:\/\/hcd.malargue.gov.ar\/#\/schema\/person\/c02f28730a528313e04d34aba071fe06","name":"Marcia Sepulveda","image":{"@type":"ImageObject","inLanguage":"es-AR","@id":"https:\/\/hcd.malargue.gov.ar\/#\/schema\/person\/image\/","url":"https:\/\/secure.gravatar.com\/avatar\/3557e3bccdef0a5d4de0476d077c8920f0638f6f0bd05553351eb0e70d99f241?s=96&d=mm&r=g","contentUrl":"https:\/\/secure.gravatar.com\/avatar\/3557e3bccdef0a5d4de0476d077c8920f0638f6f0bd05553351eb0e70d99f241?s=96&d=mm&r=g","caption":"Marcia Sepulveda"},"url":"https:\/\/hcd.malargue.gov.ar\/?author=4"}]}},"_links":{"self":[{"href":"https:\/\/hcd.malargue.gov.ar\/index.php?rest_route=\/wp\/v2\/posts\/17512","targetHints":{"allow":["GET"]}}],"collection":[{"href":"https:\/\/hcd.malargue.gov.ar\/index.php?rest_route=\/wp\/v2\/posts"}],"about":[{"href":"https:\/\/hcd.malargue.gov.ar\/index.php?rest_route=\/wp\/v2\/types\/post"}],"author":[{"embeddable":true,"href":"https:\/\/hcd.malargue.gov.ar\/index.php?rest_route=\/wp\/v2\/users\/4"}],"replies":[{"embeddable":true,"href":"https:\/\/hcd.malargue.gov.ar\/index.php?rest_route=%2Fwp%2Fv2%2Fcomments&post=17512"}],"version-history":[{"count":0,"href":"https:\/\/hcd.malargue.gov.ar\/index.php?rest_route=\/wp\/v2\/posts\/17512\/revisions"}],"wp:featuredmedia":[{"embeddable":true,"href":"https:\/\/hcd.malargue.gov.ar\/index.php?rest_route=\/wp\/v2\/media\/17513"}],"wp:attachment":[{"href":"https:\/\/hcd.malargue.gov.ar\/index.php?rest_route=%2Fwp%2Fv2%2Fmedia&parent=17512"}],"wp:term":[{"taxonomy":"category","embeddable":true,"href":"https:\/\/hcd.malargue.gov.ar\/index.php?rest_route=%2Fwp%2Fv2%2Fcategories&post=17512"},{"taxonomy":"post_tag","embeddable":true,"href":"https:\/\/hcd.malargue.gov.ar\/index.php?rest_route=%2Fwp%2Fv2%2Ftags&post=17512"}],"curies":[{"name":"wp","href":"https:\/\/api.w.org\/{rel}","templated":true}]}}