{"id":17589,"date":"2019-09-09T09:57:56","date_gmt":"2019-09-09T12:57:56","guid":{"rendered":"https:\/\/hcd.malargue.gov.ar\/?p=17589"},"modified":"2019-09-09T10:00:27","modified_gmt":"2019-09-09T13:00:27","slug":"sin-quorum-la-comision-de-educacion-3","status":"publish","type":"post","link":"https:\/\/hcd.malargue.gov.ar\/?p=17589","title":{"rendered":"SIN QUORUM LA COMISI\u00d3N DE EDUCACI\u00d3N"},"content":{"rendered":"<p>9\/SEP\/2019 Los Ediles <a class=\"profileLink\" href=\"https:\/\/www.facebook.com\/ojedaxmalargue\/?__tn__=K-R&amp;eid=ARB3ltpcmMLk1hEYlqzRR6j8P21yp825b_VcIQSUm-egbAt76b7EsoODnDoWgNsCF5irKsCPO1f3dqm2&amp;fref=mentions&amp;__xts__%5B0%5D=68.ARDGS6I1gfmKnnspcX7QvYbGjM2TPexFJAaW3MroDt9XjAWpofXyhsAMpA5uoE5uz5M6IPPkX7nMgius7kwHHRV5qlViQQ6_rMhXss5sP3bPQ764OfI6ahsh73VRN9CiAzjFZu7q1DCsAPviNC_GrypRk4_cmLWOiArE0GkxARlBNxxnymg74QE_ASouU0x_-VNPv8Hkec17eVZ_g5UobwqJusFsoxVL4TBd2et4S6BIiLBFXTrVR4pvpmWxdFSYC2qOwRzgP-Q-Y29zOe4vw8gLXYTbPSM3d_QPteAxJjxJ2iaFKG53uy1JowZoBtf26_IMdQx9-zYEMqKJASvW_kA\" data-hovercard=\"\/ajax\/hovercard\/page.php?id=1502054096732094&amp;extragetparams=%7B%22__tn__%22%3A%22%2CdK-R-R%22%2C%22eid%22%3A%22ARB3ltpcmMLk1hEYlqzRR6j8P21yp825b_VcIQSUm-egbAt76b7EsoODnDoWgNsCF5irKsCPO1f3dqm2%22%2C%22fref%22%3A%22mentions%22%7D&amp;av=361313671036059&amp;eav=Afa26TfEmQev1G5-xS3kc6zYp2_HxPd6tIl22cfnAKUhpXWs7e1C6lzciO_JHIENB0k\" data-hovercard-prefer-more-content-show=\"1\">Juan Manuel Ojeda<\/a>, y Raul Rodriguez no pudieron llevar a cabo la reuni\u00f3n de la Comisi\u00f3n de Educaci\u00f3n, Higiene, Moralidad, Acci\u00f3n Social y Cultura por falta de Quorum. Ausentes Concejales: Daniela Favari y Mauricio Martinez, Paola Jofre contin\u00faa a cargo de la Presidencia del Concejo Deliberante.<\/p>\n","protected":false},"excerpt":{"rendered":"<p>9\/SEP\/2019 Los Ediles Juan Manuel Ojeda, y Raul Rodriguez no pudieron llevar a cabo la reuni\u00f3n de la Comisi\u00f3n de Educaci\u00f3n, Higiene, Moralidad, Acci\u00f3n Social y Cultura por falta de Quorum. Ausentes Concejales: Daniela Favari y Mauricio Martinez, Paola Jofre contin\u00faa a cargo de la Presidencia del Concejo Deliberante.<\/p>\n","protected":false},"author":5,"featured_media":17590,"comment_status":"closed","ping_status":"closed","sticky":false,"template":"","format":"standard","meta":{"footnotes":""},"categories":[61,39,52,33],"tags":[],"class_list":["post-17589","post","type-post","status-publish","format-standard","has-post-thumbnail","hentry","category-comision-de-educacion-higiene-moralidad-accion-social-y-cultura","category-comisiones","category-gacetillas","category-prensa"],"yoast_head":"<!-- This site is optimized with the Yoast SEO plugin v19.10 - https:\/\/yoast.com\/wordpress\/plugins\/seo\/ -->\n<title>SIN QUORUM LA COMISI\u00d3N DE EDUCACI\u00d3N - Malarg\u00fce HCD<\/title>\n<meta name=\"robots\" content=\"index, follow, max-snippet:-1, max-image-preview:large, max-video-preview:-1\" \/>\n<link rel=\"canonical\" href=\"https:\/\/hcd.malargue.gov.ar\/?p=17589\" \/>\n<meta property=\"og:locale\" content=\"es_ES\" \/>\n<meta property=\"og:type\" content=\"article\" \/>\n<meta property=\"og:title\" content=\"SIN QUORUM LA COMISI\u00d3N DE EDUCACI\u00d3N - Malarg\u00fce HCD\" \/>\n<meta property=\"og:description\" content=\"9\/SEP\/2019 Los Ediles Juan Manuel Ojeda, y Raul Rodriguez no pudieron llevar a cabo la reuni\u00f3n de la Comisi\u00f3n de Educaci\u00f3n, Higiene, Moralidad, Acci\u00f3n Social y Cultura por falta de Quorum. Ausentes Concejales: Daniela Favari y Mauricio Martinez, Paola Jofre contin\u00faa a cargo de la Presidencia del Concejo Deliberante.\" \/>\n<meta property=\"og:url\" content=\"https:\/\/hcd.malargue.gov.ar\/?p=17589\" \/>\n<meta property=\"og:site_name\" content=\"Malarg\u00fce HCD\" \/>\n<meta property=\"article:published_time\" content=\"2019-09-09T12:57:56+00:00\" \/>\n<meta property=\"article:modified_time\" content=\"2019-09-09T13:00:27+00:00\" \/>\n<meta property=\"og:image\" content=\"https:\/\/hcd.malargue.gov.ar\/wp-content\/uploads\/2019\/09\/IMGP8194-2.jpg\" \/>\n\t<meta property=\"og:image:width\" content=\"3387\" \/>\n\t<meta property=\"og:image:height\" content=\"2198\" \/>\n\t<meta property=\"og:image:type\" content=\"image\/jpeg\" \/>\n<meta name=\"author\" content=\"Belen Pedernera Ferragut\" \/>\n<meta name=\"twitter:card\" content=\"summary_large_image\" \/>\n<meta name=\"twitter:label1\" content=\"Escrito por\" \/>\n\t<meta name=\"twitter:data1\" content=\"Belen Pedernera Ferragut\" \/>\n<script type=\"application\/ld+json\" class=\"yoast-schema-graph\">{\"@context\":\"https:\/\/schema.org\",\"@graph\":[{\"@type\":\"WebPage\",\"@id\":\"https:\/\/hcd.malargue.gov.ar\/?p=17589\",\"url\":\"https:\/\/hcd.malargue.gov.ar\/?p=17589\",\"name\":\"SIN QUORUM LA COMISI\u00d3N DE EDUCACI\u00d3N - Malarg\u00fce HCD\",\"isPartOf\":{\"@id\":\"https:\/\/hcd.malargue.gov.ar\/#website\"},\"datePublished\":\"2019-09-09T12:57:56+00:00\",\"dateModified\":\"2019-09-09T13:00:27+00:00\",\"author\":{\"@id\":\"https:\/\/hcd.malargue.gov.ar\/#\/schema\/person\/3fd6bbab64edd703961b795156c955d0\"},\"breadcrumb\":{\"@id\":\"https:\/\/hcd.malargue.gov.ar\/?p=17589#breadcrumb\"},\"inLanguage\":\"es-AR\",\"potentialAction\":[{\"@type\":\"ReadAction\",\"target\":[\"https:\/\/hcd.malargue.gov.ar\/?p=17589\"]}]},{\"@type\":\"BreadcrumbList\",\"@id\":\"https:\/\/hcd.malargue.gov.ar\/?p=17589#breadcrumb\",\"itemListElement\":[{\"@type\":\"ListItem\",\"position\":1,\"name\":\"Inicio\",\"item\":\"https:\/\/hcd.malargue.gov.ar\/\"},{\"@type\":\"ListItem\",\"position\":2,\"name\":\"SIN QUORUM LA COMISI\u00d3N DE EDUCACI\u00d3N\"}]},{\"@type\":\"WebSite\",\"@id\":\"https:\/\/hcd.malargue.gov.ar\/#website\",\"url\":\"https:\/\/hcd.malargue.gov.ar\/\",\"name\":\"Malarg\u00fce HCD\",\"description\":\"Malarg\u00fce Mendoza Argentina\",\"potentialAction\":[{\"@type\":\"SearchAction\",\"target\":{\"@type\":\"EntryPoint\",\"urlTemplate\":\"https:\/\/hcd.malargue.gov.ar\/?s={search_term_string}\"},\"query-input\":\"required name=search_term_string\"}],\"inLanguage\":\"es-AR\"},{\"@type\":\"Person\",\"@id\":\"https:\/\/hcd.malargue.gov.ar\/#\/schema\/person\/3fd6bbab64edd703961b795156c955d0\",\"name\":\"Belen Pedernera Ferragut\",\"image\":{\"@type\":\"ImageObject\",\"inLanguage\":\"es-AR\",\"@id\":\"https:\/\/hcd.malargue.gov.ar\/#\/schema\/person\/image\/\",\"url\":\"https:\/\/secure.gravatar.com\/avatar\/1054ffab3893de4bb3eb29bdd22f7e34b8537bf5d34d9dab311818154ad5b71f?s=96&d=mm&r=g\",\"contentUrl\":\"https:\/\/secure.gravatar.com\/avatar\/1054ffab3893de4bb3eb29bdd22f7e34b8537bf5d34d9dab311818154ad5b71f?s=96&d=mm&r=g\",\"caption\":\"Belen Pedernera Ferragut\"},\"url\":\"https:\/\/hcd.malargue.gov.ar\/?author=5\"}]}<\/script>\n<!-- \/ Yoast SEO plugin. -->","yoast_head_json":{"title":"SIN QUORUM LA COMISI\u00d3N DE EDUCACI\u00d3N - Malarg\u00fce HCD","robots":{"index":"index","follow":"follow","max-snippet":"max-snippet:-1","max-image-preview":"max-image-preview:large","max-video-preview":"max-video-preview:-1"},"canonical":"https:\/\/hcd.malargue.gov.ar\/?p=17589","og_locale":"es_ES","og_type":"article","og_title":"SIN QUORUM LA COMISI\u00d3N DE EDUCACI\u00d3N - Malarg\u00fce HCD","og_description":"9\/SEP\/2019 Los Ediles Juan Manuel Ojeda, y Raul Rodriguez no pudieron llevar a cabo la reuni\u00f3n de la Comisi\u00f3n de Educaci\u00f3n, Higiene, Moralidad, Acci\u00f3n Social y Cultura por falta de Quorum. Ausentes Concejales: Daniela Favari y Mauricio Martinez, Paola Jofre contin\u00faa a cargo de la Presidencia del Concejo Deliberante.","og_url":"https:\/\/hcd.malargue.gov.ar\/?p=17589","og_site_name":"Malarg\u00fce HCD","article_published_time":"2019-09-09T12:57:56+00:00","article_modified_time":"2019-09-09T13:00:27+00:00","og_image":[{"width":3387,"height":2198,"url":"https:\/\/hcd.malargue.gov.ar\/wp-content\/uploads\/2019\/09\/IMGP8194-2.jpg","type":"image\/jpeg"}],"author":"Belen Pedernera Ferragut","twitter_card":"summary_large_image","twitter_misc":{"Escrito por":"Belen Pedernera Ferragut"},"schema":{"@context":"https:\/\/schema.org","@graph":[{"@type":"WebPage","@id":"https:\/\/hcd.malargue.gov.ar\/?p=17589","url":"https:\/\/hcd.malargue.gov.ar\/?p=17589","name":"SIN QUORUM LA COMISI\u00d3N DE EDUCACI\u00d3N - Malarg\u00fce HCD","isPartOf":{"@id":"https:\/\/hcd.malargue.gov.ar\/#website"},"datePublished":"2019-09-09T12:57:56+00:00","dateModified":"2019-09-09T13:00:27+00:00","author":{"@id":"https:\/\/hcd.malargue.gov.ar\/#\/schema\/person\/3fd6bbab64edd703961b795156c955d0"},"breadcrumb":{"@id":"https:\/\/hcd.malargue.gov.ar\/?p=17589#breadcrumb"},"inLanguage":"es-AR","potentialAction":[{"@type":"ReadAction","target":["https:\/\/hcd.malargue.gov.ar\/?p=17589"]}]},{"@type":"BreadcrumbList","@id":"https:\/\/hcd.malargue.gov.ar\/?p=17589#breadcrumb","itemListElement":[{"@type":"ListItem","position":1,"name":"Inicio","item":"https:\/\/hcd.malargue.gov.ar\/"},{"@type":"ListItem","position":2,"name":"SIN QUORUM LA COMISI\u00d3N DE EDUCACI\u00d3N"}]},{"@type":"WebSite","@id":"https:\/\/hcd.malargue.gov.ar\/#website","url":"https:\/\/hcd.malargue.gov.ar\/","name":"Malarg\u00fce HCD","description":"Malarg\u00fce Mendoza Argentina","potentialAction":[{"@type":"SearchAction","target":{"@type":"EntryPoint","urlTemplate":"https:\/\/hcd.malargue.gov.ar\/?s={search_term_string}"},"query-input":"required name=search_term_string"}],"inLanguage":"es-AR"},{"@type":"Person","@id":"https:\/\/hcd.malargue.gov.ar\/#\/schema\/person\/3fd6bbab64edd703961b795156c955d0","name":"Belen Pedernera Ferragut","image":{"@type":"ImageObject","inLanguage":"es-AR","@id":"https:\/\/hcd.malargue.gov.ar\/#\/schema\/person\/image\/","url":"https:\/\/secure.gravatar.com\/avatar\/1054ffab3893de4bb3eb29bdd22f7e34b8537bf5d34d9dab311818154ad5b71f?s=96&d=mm&r=g","contentUrl":"https:\/\/secure.gravatar.com\/avatar\/1054ffab3893de4bb3eb29bdd22f7e34b8537bf5d34d9dab311818154ad5b71f?s=96&d=mm&r=g","caption":"Belen Pedernera Ferragut"},"url":"https:\/\/hcd.malargue.gov.ar\/?author=5"}]}},"_links":{"self":[{"href":"https:\/\/hcd.malargue.gov.ar\/index.php?rest_route=\/wp\/v2\/posts\/17589","targetHints":{"allow":["GET"]}}],"collection":[{"href":"https:\/\/hcd.malargue.gov.ar\/index.php?rest_route=\/wp\/v2\/posts"}],"about":[{"href":"https:\/\/hcd.malargue.gov.ar\/index.php?rest_route=\/wp\/v2\/types\/post"}],"author":[{"embeddable":true,"href":"https:\/\/hcd.malargue.gov.ar\/index.php?rest_route=\/wp\/v2\/users\/5"}],"replies":[{"embeddable":true,"href":"https:\/\/hcd.malargue.gov.ar\/index.php?rest_route=%2Fwp%2Fv2%2Fcomments&post=17589"}],"version-history":[{"count":0,"href":"https:\/\/hcd.malargue.gov.ar\/index.php?rest_route=\/wp\/v2\/posts\/17589\/revisions"}],"wp:featuredmedia":[{"embeddable":true,"href":"https:\/\/hcd.malargue.gov.ar\/index.php?rest_route=\/wp\/v2\/media\/17590"}],"wp:attachment":[{"href":"https:\/\/hcd.malargue.gov.ar\/index.php?rest_route=%2Fwp%2Fv2%2Fmedia&parent=17589"}],"wp:term":[{"taxonomy":"category","embeddable":true,"href":"https:\/\/hcd.malargue.gov.ar\/index.php?rest_route=%2Fwp%2Fv2%2Fcategories&post=17589"},{"taxonomy":"post_tag","embeddable":true,"href":"https:\/\/hcd.malargue.gov.ar\/index.php?rest_route=%2Fwp%2Fv2%2Ftags&post=17589"}],"curies":[{"name":"wp","href":"https:\/\/api.w.org\/{rel}","templated":true}]}}