{"id":17612,"date":"2019-09-12T07:18:23","date_gmt":"2019-09-12T10:18:23","guid":{"rendered":"https:\/\/hcd.malargue.gov.ar\/?p=17612"},"modified":"2019-09-12T07:46:31","modified_gmt":"2019-09-12T10:46:31","slug":"orden-del-dia-sesion-ordinaria-19","status":"publish","type":"post","link":"https:\/\/hcd.malargue.gov.ar\/?p=17612","title":{"rendered":"ORDEN DEL DIA 22\u00ba SESION ORDINARIA"},"content":{"rendered":"<p>D\u00eda Jueves 12 de Setiembre de 2019<a href=\"https:\/\/hcd.malargue.gov.ar\/pdf\/ORDEN%2012%20de%20Setiembre%20%20%20de%20%20%20%202019.pdf\" target=\"_blank\" rel=\"noopener noreferrer\"><img loading=\"lazy\" decoding=\"async\" class=\"wp-image-7950 alignright\" src=\"https:\/\/hcd.malargue.gov.ar\/wp-content\/uploads\/2018\/06\/PDF-JPG-300x300.jpg\" alt=\"\" width=\"92\" height=\"92\" srcset=\"https:\/\/hcd.malargue.gov.ar\/wp-content\/uploads\/2018\/06\/PDF-JPG-300x300.jpg 300w, https:\/\/hcd.malargue.gov.ar\/wp-content\/uploads\/2018\/06\/PDF-JPG-150x150.jpg 150w, https:\/\/hcd.malargue.gov.ar\/wp-content\/uploads\/2018\/06\/PDF-JPG.jpg 512w\" sizes=\"auto, (max-width: 92px) 100vw, 92px\" \/><\/a><\/p>\n<p>Hora: 09:00<\/p>\n<p>a) Acto de Izar la Ense\u00f1a Patria a cargo del Concejal Sr. Ra\u00fal B.RODRIGUEZ<br \/>\nb) Homenaje de los Se\u00f1ores Concejales.<br \/>\nc) Lectura del detalle de la correspondencia recibida y emitida.<br \/>\nd) Determinaci\u00f3n de los temas que ser\u00e1n incluidos en el punto Asuntos Varios y puesta a consideraci\u00f3n de mociones de tratamientos sobre tablas de diversos expedientes.<br \/>\ne) Proyectos de los Se\u00f1ores Concejales:<br \/>\n1. .Expte. N\u00ba 4.701-HC 014-2019 Proyecto de Resoluci\u00f3n: Solicitar a los Sres. Legisladores por el 4\u00ba Distrito Electoral requieran al Subsecretario de Energ\u00eda y Miner\u00eda de Mendoza informe del estado actual de la reingenier\u00eda de Vale- Potasio R\u00edo Colorado. (BLOQUE JUSTICIALISTA FRENTE PARA LA VICTORIA) Autor: Concejal Rodolfo A. Cabeza.<br \/>\n2. Expte. N\u00ba 4.702-HC 014-2019 Proyecto de Resoluci\u00f3n: Solicitar cambio y\/o refacci\u00f3n de unidades de transporte p\u00fablico de corta distancia en el Departamento. (BLOQUE FRENTE SOMOS MENDOZA) Autora: Concejal Paola F. Jofr\u00e9<br \/>\n3. Expte. N\u00ba 4.703-HC 014-2019 Proyecto de Declaraci\u00f3n: Declarar de Inter\u00e9s Cultural Departamental el III Congreso de Enfermer\u00eda y Enfermer\u00eda Innovadora para el 2020. (BLOQUE FRENTE CAMBIA MENDOZA) Autor: Concejal Fernando R. Glatigny<br \/>\n4. Expte. N\u00ba 4.704-HC 014-2019 Proyecto de Comunicaci\u00f3n: Quita en el Impuesto al Valor Agregado (I.V.A.) sobre rubro energ\u00eda el\u00e9ctrica y de gas tipo domiciliario en el Departamento de Malarg\u00fce (BLOQUE FRENTE CAMBIA MENDOZA) Autor: Concejal Juan M. Ojeda<br \/>\n5. Expte. N\u00ba 4.705-HC 014-2019 Proyecto de Resoluci\u00f3n: Solicitar a la Comisi\u00f3n de Regulaci\u00f3n de las Comunicaciones, audite Movistar en Malarg\u00fce, por deficiente funcionamiento (BLOQUE FRENTE CAMBIA MENDOZA) Autor: Concejal Juan M. Ojeda.<br \/>\n6. Expte. N\u00ba 4.706-HC 015-2019 Proyecto de Ordenanza: Control de capacidad calor\u00edfica del gas recibido por red en hogares e industrias (BLOQUE FRENTE CAMBIA MENDOZA) Autor: Concejal Juan M. Ojeda<\/p>\n<p>f) Expedientes provenientes del Departamento Ejecutivo:<br \/>\n1. Expte. N\u00ba 4.618-HC 008-2019 Proyecto de Resoluci\u00f3n: Mensura en Campos Potreros de Cordillera-Ba\u00f1os del Azufre &#8211; Distrito R\u00edo Grande.<br \/>\n2. Expte. N\u00ba 3.724\/2019-0 Dir. de Ganader\u00eda Veterinaria y Zoonosis. Solicita modificaci\u00f3n de Ordenanza Municipal N\u00ba 1.136\/2002<br \/>\n3. Expte. N\u00ba 4.523\/2019-0 PRO.CRE.AR Apoderado Gervasio Ruiz de Gopegui Ref.: Aceptaci\u00f3n Donaci\u00f3n Espacios Comuneros. Emprendimiento PRO.CRE.AR<br \/>\ng) Despachos de las Comisiones de Trabajo:<br \/>\n1. Nota HC-297-19 Sra. Clariza M\u00e9ndez expone situaci\u00f3n particular por la que atraviesa ante demolici\u00f3n de m\u00f3dulo habitacional (O.P.T. Y R.N)<br \/>\nh) Asuntos Varios.-<br \/>\ni) Acto de arriar el Pabell\u00f3n Nacional a cargo del concejal que lo iz\u00f3.-<br \/>\nPresidencia H.C.D 10 de Setiembre de 2019.-<\/p>\n<p>CORRESPONDENCIA PARA LA SESI\u00d3N<br \/>\nDEL DIA JUEVES 12 de Setiembre de 2.019<\/p>\n<p>NOTAS INGRESADAS<\/p>\n<p>1. Vecinos de Barrio Virgen del Carmen, solicitan regularizaci\u00f3n de terrenos del barrio y de tierras en el sector norte del mismo.<br \/>\n2. C\u00e1mara de Comercio y Afines eleva adjunto para conocimiento, documento expresando que la obra Portezuelo del Viento no debe politizarse.<br \/>\n3. Bloque Frente Cambia Mendoza, eleva nota remitida al Sr. Intendente de General Alvear en pos de la realizaci\u00f3n de obras de la Ruta 188 tramo Alvear \u2013 Malarg\u00fce.<br \/>\n4. Vecinos Desocupados de Malarg\u00fce, elevan n\u00f3mina a postulaci\u00f3n de empleo solicitan urgente soluci\u00f3n a la problem\u00e1tica.<br \/>\n5. Concejal Jos\u00e9 Alejandrino Barro, solicita hacer uso de licencia sin goce de haberes a partir del d\u00eda 09 y hasta el d\u00eda 30 de Setiembre, a fin de abocarse a la campa\u00f1a electoral como candidato a Intendente.<br \/>\n6. Sra. Silvana Arredondo, solicita hacer uso de Banca del Ciudadano en representaci\u00f3n del taller Trabajando por un Sue\u00f1o que se desarrolla en la Incubadora de Empresas.<br \/>\n7. Escuela N\u00ba 6-008 Luis Pasteur, solicita donaci\u00f3n de insumos para confecci\u00f3n de indumentaria de pr\u00e1cticas profesionales.<br \/>\n8. Sr. Jesus Mariano Acevedo, Secretario Gral. de Presidencia de la Naci\u00f3n eleva respuesta a Resoluci\u00f3n N\u00ba 266\/2.019 respecto a la ampliaci\u00f3n de plazos de inclusi\u00f3n jubilatorias y pensiones a trav\u00e9s de moratorias.<br \/>\n9. Dra. Maria Paz Zabalegui, Conjuez Juzgado de Paz Letrado Tributario y Contravencional, solicita n\u00f3mina de integrantes del Jury de Tachas.<br \/>\n10. Diputado Nacional Luis Borsani, eleva respuesta a Resoluci\u00f3n N\u00ba 244\/2.019 solicitando aumento de la planta de personal de la dependencia de PAMI Malarg\u00fce.<br \/>\n11. Diputado Nacional Luis Borsani, eleva respuesta a Resoluci\u00f3n N\u00ba 266\/2.019 solicitando la ampliaci\u00f3n de moratorias de jubilaciones y pensiones.<\/p>\n<p>NOTAS EMITIDAS<\/p>\n<p>1. Al Sr. Subsecretario de Trabajo de la Provincia, al Sr. Intendente Municipal, a Representantes del Sindicato Petroleros de Cuyo, Sindicato UOCRA, Asociaci\u00f3n Obreros de la Miner\u00eda y los Sres. Diego Mod\u00f3n, Franco Mod\u00f3n, Facundo Duhovnik y Sabrina Mod\u00f3n convocando a reuni\u00f3n de trabajo para el d\u00eda 20 de setiembre del corriente a\u00f1o.<\/p>\n","protected":false},"excerpt":{"rendered":"<p>D\u00eda Jueves 12 de Setiembre de 2019 Hora: 09:00 a) Acto de Izar la Ense\u00f1a Patria a cargo del Concejal Sr. Ra\u00fal B.RODRIGUEZ b) Homenaje de los Se\u00f1ores Concejales. c) Lectura del detalle de la correspondencia recibida y emitida. d) Determinaci\u00f3n de los temas que ser\u00e1n incluidos en el punto Asuntos Varios y puesta a [&hellip;]<\/p>\n","protected":false},"author":4,"featured_media":17615,"comment_status":"closed","ping_status":"closed","sticky":false,"template":"","format":"standard","meta":{"footnotes":""},"categories":[52,58,33,36],"tags":[],"class_list":["post-17612","post","type-post","status-publish","format-standard","has-post-thumbnail","hentry","category-gacetillas","category-ordinarias","category-prensa","category-sesiones"],"yoast_head":"<!-- This site is optimized with the Yoast SEO plugin v19.10 - https:\/\/yoast.com\/wordpress\/plugins\/seo\/ -->\n<title>ORDEN DEL DIA 22\u00ba SESION ORDINARIA - Malarg\u00fce HCD<\/title>\n<meta name=\"robots\" content=\"index, follow, max-snippet:-1, max-image-preview:large, max-video-preview:-1\" \/>\n<link rel=\"canonical\" href=\"https:\/\/hcd.malargue.gov.ar\/?p=17612\" \/>\n<meta property=\"og:locale\" content=\"es_ES\" \/>\n<meta property=\"og:type\" content=\"article\" \/>\n<meta property=\"og:title\" content=\"ORDEN DEL DIA 22\u00ba SESION ORDINARIA - Malarg\u00fce HCD\" \/>\n<meta property=\"og:description\" content=\"D\u00eda Jueves 12 de Setiembre de 2019 Hora: 09:00 a) Acto de Izar la Ense\u00f1a Patria a cargo del Concejal Sr. Ra\u00fal B.RODRIGUEZ b) Homenaje de los Se\u00f1ores Concejales. c) Lectura del detalle de la correspondencia recibida y emitida. d) Determinaci\u00f3n de los temas que ser\u00e1n incluidos en el punto Asuntos Varios y puesta a [&hellip;]\" \/>\n<meta property=\"og:url\" content=\"https:\/\/hcd.malargue.gov.ar\/?p=17612\" \/>\n<meta property=\"og:site_name\" content=\"Malarg\u00fce HCD\" \/>\n<meta property=\"article:published_time\" content=\"2019-09-12T10:18:23+00:00\" \/>\n<meta property=\"article:modified_time\" content=\"2019-09-12T10:46:31+00:00\" \/>\n<meta property=\"og:image\" content=\"https:\/\/hcd.malargue.gov.ar\/wp-content\/uploads\/2019\/09\/RODRIGUEZ-2019-2.jpg\" \/>\n\t<meta property=\"og:image:width\" content=\"2848\" \/>\n\t<meta property=\"og:image:height\" content=\"3373\" \/>\n\t<meta property=\"og:image:type\" content=\"image\/jpeg\" \/>\n<meta name=\"author\" content=\"Marcia Sepulveda\" \/>\n<meta name=\"twitter:card\" content=\"summary_large_image\" \/>\n<meta name=\"twitter:label1\" content=\"Escrito por\" \/>\n\t<meta name=\"twitter:data1\" content=\"Marcia Sepulveda\" \/>\n\t<meta name=\"twitter:label2\" content=\"Tiempo de lectura\" \/>\n\t<meta name=\"twitter:data2\" content=\"4 minutos\" \/>\n<script type=\"application\/ld+json\" class=\"yoast-schema-graph\">{\"@context\":\"https:\/\/schema.org\",\"@graph\":[{\"@type\":\"WebPage\",\"@id\":\"https:\/\/hcd.malargue.gov.ar\/?p=17612\",\"url\":\"https:\/\/hcd.malargue.gov.ar\/?p=17612\",\"name\":\"ORDEN DEL DIA 22\u00ba SESION ORDINARIA - Malarg\u00fce HCD\",\"isPartOf\":{\"@id\":\"https:\/\/hcd.malargue.gov.ar\/#website\"},\"datePublished\":\"2019-09-12T10:18:23+00:00\",\"dateModified\":\"2019-09-12T10:46:31+00:00\",\"author\":{\"@id\":\"https:\/\/hcd.malargue.gov.ar\/#\/schema\/person\/c02f28730a528313e04d34aba071fe06\"},\"breadcrumb\":{\"@id\":\"https:\/\/hcd.malargue.gov.ar\/?p=17612#breadcrumb\"},\"inLanguage\":\"es-AR\",\"potentialAction\":[{\"@type\":\"ReadAction\",\"target\":[\"https:\/\/hcd.malargue.gov.ar\/?p=17612\"]}]},{\"@type\":\"BreadcrumbList\",\"@id\":\"https:\/\/hcd.malargue.gov.ar\/?p=17612#breadcrumb\",\"itemListElement\":[{\"@type\":\"ListItem\",\"position\":1,\"name\":\"Inicio\",\"item\":\"https:\/\/hcd.malargue.gov.ar\/\"},{\"@type\":\"ListItem\",\"position\":2,\"name\":\"ORDEN DEL DIA 22\u00ba SESION ORDINARIA\"}]},{\"@type\":\"WebSite\",\"@id\":\"https:\/\/hcd.malargue.gov.ar\/#website\",\"url\":\"https:\/\/hcd.malargue.gov.ar\/\",\"name\":\"Malarg\u00fce HCD\",\"description\":\"Malarg\u00fce Mendoza Argentina\",\"potentialAction\":[{\"@type\":\"SearchAction\",\"target\":{\"@type\":\"EntryPoint\",\"urlTemplate\":\"https:\/\/hcd.malargue.gov.ar\/?s={search_term_string}\"},\"query-input\":\"required name=search_term_string\"}],\"inLanguage\":\"es-AR\"},{\"@type\":\"Person\",\"@id\":\"https:\/\/hcd.malargue.gov.ar\/#\/schema\/person\/c02f28730a528313e04d34aba071fe06\",\"name\":\"Marcia Sepulveda\",\"image\":{\"@type\":\"ImageObject\",\"inLanguage\":\"es-AR\",\"@id\":\"https:\/\/hcd.malargue.gov.ar\/#\/schema\/person\/image\/\",\"url\":\"https:\/\/secure.gravatar.com\/avatar\/3557e3bccdef0a5d4de0476d077c8920f0638f6f0bd05553351eb0e70d99f241?s=96&d=mm&r=g\",\"contentUrl\":\"https:\/\/secure.gravatar.com\/avatar\/3557e3bccdef0a5d4de0476d077c8920f0638f6f0bd05553351eb0e70d99f241?s=96&d=mm&r=g\",\"caption\":\"Marcia Sepulveda\"},\"url\":\"https:\/\/hcd.malargue.gov.ar\/?author=4\"}]}<\/script>\n<!-- \/ Yoast SEO plugin. -->","yoast_head_json":{"title":"ORDEN DEL DIA 22\u00ba SESION ORDINARIA - Malarg\u00fce HCD","robots":{"index":"index","follow":"follow","max-snippet":"max-snippet:-1","max-image-preview":"max-image-preview:large","max-video-preview":"max-video-preview:-1"},"canonical":"https:\/\/hcd.malargue.gov.ar\/?p=17612","og_locale":"es_ES","og_type":"article","og_title":"ORDEN DEL DIA 22\u00ba SESION ORDINARIA - Malarg\u00fce HCD","og_description":"D\u00eda Jueves 12 de Setiembre de 2019 Hora: 09:00 a) Acto de Izar la Ense\u00f1a Patria a cargo del Concejal Sr. Ra\u00fal B.RODRIGUEZ b) Homenaje de los Se\u00f1ores Concejales. c) Lectura del detalle de la correspondencia recibida y emitida. d) Determinaci\u00f3n de los temas que ser\u00e1n incluidos en el punto Asuntos Varios y puesta a [&hellip;]","og_url":"https:\/\/hcd.malargue.gov.ar\/?p=17612","og_site_name":"Malarg\u00fce HCD","article_published_time":"2019-09-12T10:18:23+00:00","article_modified_time":"2019-09-12T10:46:31+00:00","og_image":[{"width":2848,"height":3373,"url":"https:\/\/hcd.malargue.gov.ar\/wp-content\/uploads\/2019\/09\/RODRIGUEZ-2019-2.jpg","type":"image\/jpeg"}],"author":"Marcia Sepulveda","twitter_card":"summary_large_image","twitter_misc":{"Escrito por":"Marcia Sepulveda","Tiempo de lectura":"4 minutos"},"schema":{"@context":"https:\/\/schema.org","@graph":[{"@type":"WebPage","@id":"https:\/\/hcd.malargue.gov.ar\/?p=17612","url":"https:\/\/hcd.malargue.gov.ar\/?p=17612","name":"ORDEN DEL DIA 22\u00ba SESION ORDINARIA - Malarg\u00fce HCD","isPartOf":{"@id":"https:\/\/hcd.malargue.gov.ar\/#website"},"datePublished":"2019-09-12T10:18:23+00:00","dateModified":"2019-09-12T10:46:31+00:00","author":{"@id":"https:\/\/hcd.malargue.gov.ar\/#\/schema\/person\/c02f28730a528313e04d34aba071fe06"},"breadcrumb":{"@id":"https:\/\/hcd.malargue.gov.ar\/?p=17612#breadcrumb"},"inLanguage":"es-AR","potentialAction":[{"@type":"ReadAction","target":["https:\/\/hcd.malargue.gov.ar\/?p=17612"]}]},{"@type":"BreadcrumbList","@id":"https:\/\/hcd.malargue.gov.ar\/?p=17612#breadcrumb","itemListElement":[{"@type":"ListItem","position":1,"name":"Inicio","item":"https:\/\/hcd.malargue.gov.ar\/"},{"@type":"ListItem","position":2,"name":"ORDEN DEL DIA 22\u00ba SESION ORDINARIA"}]},{"@type":"WebSite","@id":"https:\/\/hcd.malargue.gov.ar\/#website","url":"https:\/\/hcd.malargue.gov.ar\/","name":"Malarg\u00fce HCD","description":"Malarg\u00fce Mendoza Argentina","potentialAction":[{"@type":"SearchAction","target":{"@type":"EntryPoint","urlTemplate":"https:\/\/hcd.malargue.gov.ar\/?s={search_term_string}"},"query-input":"required name=search_term_string"}],"inLanguage":"es-AR"},{"@type":"Person","@id":"https:\/\/hcd.malargue.gov.ar\/#\/schema\/person\/c02f28730a528313e04d34aba071fe06","name":"Marcia Sepulveda","image":{"@type":"ImageObject","inLanguage":"es-AR","@id":"https:\/\/hcd.malargue.gov.ar\/#\/schema\/person\/image\/","url":"https:\/\/secure.gravatar.com\/avatar\/3557e3bccdef0a5d4de0476d077c8920f0638f6f0bd05553351eb0e70d99f241?s=96&d=mm&r=g","contentUrl":"https:\/\/secure.gravatar.com\/avatar\/3557e3bccdef0a5d4de0476d077c8920f0638f6f0bd05553351eb0e70d99f241?s=96&d=mm&r=g","caption":"Marcia Sepulveda"},"url":"https:\/\/hcd.malargue.gov.ar\/?author=4"}]}},"_links":{"self":[{"href":"https:\/\/hcd.malargue.gov.ar\/index.php?rest_route=\/wp\/v2\/posts\/17612","targetHints":{"allow":["GET"]}}],"collection":[{"href":"https:\/\/hcd.malargue.gov.ar\/index.php?rest_route=\/wp\/v2\/posts"}],"about":[{"href":"https:\/\/hcd.malargue.gov.ar\/index.php?rest_route=\/wp\/v2\/types\/post"}],"author":[{"embeddable":true,"href":"https:\/\/hcd.malargue.gov.ar\/index.php?rest_route=\/wp\/v2\/users\/4"}],"replies":[{"embeddable":true,"href":"https:\/\/hcd.malargue.gov.ar\/index.php?rest_route=%2Fwp%2Fv2%2Fcomments&post=17612"}],"version-history":[{"count":0,"href":"https:\/\/hcd.malargue.gov.ar\/index.php?rest_route=\/wp\/v2\/posts\/17612\/revisions"}],"wp:featuredmedia":[{"embeddable":true,"href":"https:\/\/hcd.malargue.gov.ar\/index.php?rest_route=\/wp\/v2\/media\/17615"}],"wp:attachment":[{"href":"https:\/\/hcd.malargue.gov.ar\/index.php?rest_route=%2Fwp%2Fv2%2Fmedia&parent=17612"}],"wp:term":[{"taxonomy":"category","embeddable":true,"href":"https:\/\/hcd.malargue.gov.ar\/index.php?rest_route=%2Fwp%2Fv2%2Fcategories&post=17612"},{"taxonomy":"post_tag","embeddable":true,"href":"https:\/\/hcd.malargue.gov.ar\/index.php?rest_route=%2Fwp%2Fv2%2Ftags&post=17612"}],"curies":[{"name":"wp","href":"https:\/\/api.w.org\/{rel}","templated":true}]}}