{"id":17621,"date":"2019-09-12T12:08:00","date_gmt":"2019-09-12T15:08:00","guid":{"rendered":"https:\/\/hcd.malargue.gov.ar\/?p=17621"},"modified":"2019-09-12T12:59:36","modified_gmt":"2019-09-12T15:59:36","slug":"el-concejo-deliberante-llevo-a-cabo-la-22o-sesion-ordinaria-del-ano-2019","status":"publish","type":"post","link":"https:\/\/hcd.malargue.gov.ar\/?p=17621","title":{"rendered":"EL CONCEJO DELIBERANTE LLEV\u00d3 A CABO LA 22\u00ba SESI\u00d3N ORDINARIA DEL A\u00d1O 2019."},"content":{"rendered":"<h6 style=\"text-align: right;\">SESI\u00d3N ORDINARIA \u2013 12 de septiembre 2019<\/h6>\n<h6 style=\"text-align: right;\">Presidi\u00f3 la Sesi\u00f3n:\u00a0\u00a0Concejal\u00a0<a href=\"https:\/\/www.facebook.com\/fernando.glatigny?__tn__=K-R&amp;eid=ARDy0jr1w0tdsB44p_24sX_RFGOUUkaQWtD1SmlMWilBoYPReJren5ogg8IwAnsFHiXIBCIHlSszWJxO&amp;fref=mentions&amp;__xts__%5B0%5D=68.ARDmSN2Rx1qbBVk8DtQG_Qt2OBvoM8dGcTpbhkyQ-iiK9dXL3oGnZx222bOUR0qjhncKejMTHeOsz5QhLXw8yW2wr9T5uGpnXJnkKgEKigjEcUo12Lb3mPNmkrqaN-7izw0wLKrsaT37IUomGlChV2X0i_GJg4eyyiMrla1VclGeFY-WRu9YB2mBaThryDdczPlc3P0kazuwwD7rmjtRipEsrdb2L9d2supcRFMN_0GrPMDLdqz-bTDZcnVFkg6AOv3CJbSSIX2GMalcAiLXFnc5PVJy027DplPTPo5ciU2l5yMpqXa3NKAOBwHgALZJcmr36Xt6dq5CFdyyVWXmqCs\" data-hovercard=\"\/ajax\/hovercard\/user.php?id=100000269621744&amp;extragetparams=%7B%22__tn__%22%3A%22%2CdK-R-R%22%2C%22eid%22%3A%22ARDy0jr1w0tdsB44p_24sX_RFGOUUkaQWtD1SmlMWilBoYPReJren5ogg8IwAnsFHiXIBCIHlSszWJxO%22%2C%22fref%22%3A%22mentions%22%7D&amp;av=361313671036059&amp;eav=AfZCN0Ln-Hv5KNbJ0zOesk8My7GVHj1F5ho_Rqsry_3QLe4CbOOaV8BJx7JFVgYPLII\" data-hovercard-prefer-more-content-show=\"1\">Fernando Glatigny\u00a0\u00a0<\/a>(Bloque Cambia Mendoza)<\/h6>\n<h6 style=\"text-align: right;\">Concejales Presentes: Rodolfo Cabeza,\u00a0<a href=\"https:\/\/www.facebook.com\/profile.php?id=100006772713963\" target=\"_blank\" rel=\"noopener noreferrer\">Raul Rodr\u00edguez<\/a>\u00a0\u00a0(Bloque Justicialista FPV),\u00a0<a href=\"https:\/\/www.facebook.com\/martin.palma.526?__tn__=K-R&amp;eid=ARC3ZTZMkX2N4GJ_ValvAdr4v-vyUPMhYMs7PeknGK-k1pJCSMomwvX1QK8uCBHypCElThuD3-_r5dd8&amp;fref=mentions&amp;__xts__%5B0%5D=68.ARDmSN2Rx1qbBVk8DtQG_Qt2OBvoM8dGcTpbhkyQ-iiK9dXL3oGnZx222bOUR0qjhncKejMTHeOsz5QhLXw8yW2wr9T5uGpnXJnkKgEKigjEcUo12Lb3mPNmkrqaN-7izw0wLKrsaT37IUomGlChV2X0i_GJg4eyyiMrla1VclGeFY-WRu9YB2mBaThryDdczPlc3P0kazuwwD7rmjtRipEsrdb2L9d2supcRFMN_0GrPMDLdqz-bTDZcnVFkg6AOv3CJbSSIX2GMalcAiLXFnc5PVJy027DplPTPo5ciU2l5yMpqXa3NKAOBwHgALZJcmr36Xt6dq5CFdyyVWXmqCs\" data-hovercard=\"\/ajax\/hovercard\/user.php?id=100003067710365&amp;extragetparams=%7B%22__tn__%22%3A%22%2CdK-R-R%22%2C%22eid%22%3A%22ARC3ZTZMkX2N4GJ_ValvAdr4v-vyUPMhYMs7PeknGK-k1pJCSMomwvX1QK8uCBHypCElThuD3-_r5dd8%22%2C%22fref%22%3A%22mentions%22%7D&amp;av=361313671036059&amp;eav=AfbeHS2oSrnMLr7F_SbYHc6jqNcyeWp_RQuB_UIdfpelErXJDJ4p4QQjBwMGHhKlwiY\" data-hovercard-prefer-more-content-show=\"1\">Martin Palma<\/a>\u00a0,\u00a0<a href=\"https:\/\/www.facebook.com\/juanmanuel.ojeda.986\" target=\"_blank\" rel=\"noopener noreferrer\">Juan Manuel Ojeda<\/a>,\u00a0<a href=\"https:\/\/www.facebook.com\/mauricio.martinez.71465572?__tn__=K-R&amp;eid=ARCpPys5GAPGJtVgu7dIIO6oBRlV4IJE2Dt9nIKVcAFYWhbVRm-IkfS8XjW3siYmBXqnNI-2viHOsCe2&amp;fref=mentions&amp;__xts__%5B0%5D=68.ARDmSN2Rx1qbBVk8DtQG_Qt2OBvoM8dGcTpbhkyQ-iiK9dXL3oGnZx222bOUR0qjhncKejMTHeOsz5QhLXw8yW2wr9T5uGpnXJnkKgEKigjEcUo12Lb3mPNmkrqaN-7izw0wLKrsaT37IUomGlChV2X0i_GJg4eyyiMrla1VclGeFY-WRu9YB2mBaThryDdczPlc3P0kazuwwD7rmjtRipEsrdb2L9d2supcRFMN_0GrPMDLdqz-bTDZcnVFkg6AOv3CJbSSIX2GMalcAiLXFnc5PVJy027DplPTPo5ciU2l5yMpqXa3NKAOBwHgALZJcmr36Xt6dq5CFdyyVWXmqCs\" data-hovercard=\"\/ajax\/hovercard\/user.php?id=1347072991&amp;extragetparams=%7B%22__tn__%22%3A%22%2CdK-R-R%22%2C%22eid%22%3A%22ARCpPys5GAPGJtVgu7dIIO6oBRlV4IJE2Dt9nIKVcAFYWhbVRm-IkfS8XjW3siYmBXqnNI-2viHOsCe2%22%2C%22fref%22%3A%22mentions%22%7D&amp;av=361313671036059&amp;eav=AfbrNx55Dvzje4miB2FYAtR9Ce5HDL_7w-aUWNpn_czw--nskzYRPLlG_un0nd9ln3Q\" data-hovercard-prefer-more-content-show=\"1\">Mauricio Martinez<\/a>\u00a0y\u00a0<a href=\"https:\/\/www.facebook.com\/paola.paleico\" target=\"_blank\" rel=\"noopener noreferrer\">Paola Paleico<\/a>\u00a0\u00a0(Bloque Cambia Mendoza)<\/h6>\n<p>Con la presencia de\u00a0 los 7 Ediles se realiz\u00f3 la vig\u00e9simo segunda sesi\u00f3n ordinaria del\u00a0 a\u00f1o en curso.<\/p>\n<p>El jueves 12 de septiembre, en cumplimiento del <a href=\"https:\/\/hcd.malargue.gov.ar\/2019\/09\/12\/orden-del-dia-sesion-ordinaria-19\/\" target=\"_blank\" rel=\"noopener noreferrer\">Orden del D\u00eda<\/a> de la Sesi\u00f3n convocada los Sres Concejales\u00a0 elevaron once notas, seis\u00a0 proyectos y tres Exptes provenientes del Departamento Ejecutivo\u00a0 a las distintas comisiones de trabajo para su correspondiente tratamiento; adem\u00e1s fue aprobado el despacho emitido por la Comsi\u00f3n de Obras Publicas respecto a Nota HC-297-19 Sra. Clariza M\u00e9ndez quien expone situaci\u00f3n particular por la que atraviesa ante demolici\u00f3n de m\u00f3dulo habitacional.<\/p>\n<p>Sin m\u00e1s que tratar , el Presidente del Cuerpo dio por finalizada la sesi\u00f3n convocada.<\/p>\n<p>Marcia Sep\u00falveda -Prensa HCD<\/p>\n<p>Fotos: Bel\u00e9n Pedernera Ferragut -Prensa HCD<\/p>\n<blockquote>\n<h1>Detalle de los Proyectos y env\u00edo a Comisiones de Trabajo:<\/h1>\n<\/blockquote>\n<p><strong><em>La COMISI\u00d3N DE EDUCACI\u00d3N, HIGIENE, MORALIDAD, ACCI\u00d3N SOCIAL Y CULTURA (EHMASyC) recepcionar\u00e1 un proyecto <b> y un Expte. del Departamento Ejecutivo<\/b><\/em><\/strong><\/p>\n<ul>\n<li>Expte. N\u00ba 4.703-HC 014-2019 Proyecto de Declaraci\u00f3n: Declarar de Inter\u00e9s Cultural Departamental el III Congreso de Enfermer\u00eda y Enfermer\u00eda Innovadora para el 2020. (BLOQUE FRENTE CAMBIA MENDOZA) Autor: Concejal Fernando R. Glatigny<\/li>\n<li><strong><em>Expediente proveniente del Departamento Ejecutivo- <\/em><\/strong>Expte. N\u00ba 3.724\/2019-0 Dir. de Ganader\u00eda Veterinaria y Zoonosis. Solicita modificaci\u00f3n de Ordenanza Municipal N\u00ba 1.136\/2002. \/Tras el an\u00e1lisis en la Comisi\u00f3n de Educaci\u00f3n, el\u00a0 Expte. ser\u00e1 remitido a la Comsi\u00f3n de Hacienda.<\/li>\n<\/ul>\n<p><em><b>La COMISI\u00d3N DE HACIENDA PRESUPUESTO LEGISLACI\u00d3N Y ASUNTOS CONSTITUCIONALES (HPLAC) recepcionar\u00e1 cuatro proyectos:<\/b><\/em><\/p>\n<ul>\n<li>Expte. N\u00ba 4.701-HC 014-2019 Proyecto de Resoluci\u00f3n: Solicitar a los Sres. Legisladores por el 4\u00ba Distrito Electoral requieran al Subsecretario de Energ\u00eda y Miner\u00eda de Mendoza informe del estado actual de la reingenier\u00eda de Vale- Potasio R\u00edo Colorado. (BLOQUE JUSTICIALISTA FRENTE PARA LA VICTORIA) Autor: Concejal Rodolfo A. Cabeza.<\/li>\n<li>Expte. N\u00ba 4.702-HC 014-2019 Proyecto de Resoluci\u00f3n: Solicitar cambio y\/o refacci\u00f3n de unidades de transporte p\u00fablico de corta distancia en el Departamento. (BLOQUE FRENTE SOMOS MENDOZA) Autora: Concejal Paola F. Jofr\u00e9<\/li>\n<li>Con Tratamiento Preferencial\/\/ Expte. N\u00ba 4.704-HC 014-2019 Proyecto de Comunicaci\u00f3n: Quita en el Impuesto al Valor Agregado (I.V.A.) sobre rubro energ\u00eda el\u00e9ctrica y de gas tipo domiciliario en el Departamento de Malarg\u00fce (BLOQUE FRENTE CAMBIA MENDOZA) Autor: Concejal Juan M. Ojeda<\/li>\n<li>Expte. N\u00ba 4.705-HC 014-2019 Proyecto de Resoluci\u00f3n: Solicitar a la Comisi\u00f3n de Regulaci\u00f3n de las Comunicaciones, audite Movistar en Malarg\u00fce, por deficiente funcionamiento (BLOQUE FRENTE CAMBIA MENDOZA) Autor: Concejal Juan M. Ojeda.<\/li>\n<\/ul>\n<p><em><b>La COMISI\u00d3N DE OBRAS P\u00daBLICAS, TURISMO Y RECURSOS NATURALES (OPTyRN) recepcionar\u00e1 un proyectos y dos Exptes. del Departamento Ejecutivo<\/b><\/em><\/p>\n<ul>\n<li>Con Tratamiento Preferencial\/\/ Expte. N\u00ba 4.706-HC 015-2019 Proyecto de Ordenanza: Control de capacidad calor\u00edfica del gas recibido por red en hogares e industrias (BLOQUE FRENTE CAMBIA MENDOZA) Autor: Concejal Juan M. Ojeda<\/li>\n<li><strong><em>Expediente proveniente del Departamento Ejecutivo- <\/em><\/strong>Expte. N\u00ba 4.618-HC 008-2019 Proyecto de Resoluci\u00f3n: Mensura en Campos Potreros de Cordillera-Ba\u00f1os del Azufre &#8211; Distrito R\u00edo Grande.<\/li>\n<li><strong><em>Expediente proveniente del Departamento Ejecutivo &#8211;<\/em><\/strong>Expte. N\u00ba 4.523\/2019-0 PRO.CRE.AR Apoderado Gervasio Ruiz de Gopegui Ref.: Aceptaci\u00f3n Donaci\u00f3n Espacios Comuneros. Emprendimiento PRO.CRE.AR. \/Tras el an\u00e1lisis en la Comisi\u00f3n de Educaci\u00f3n, el Expte. ser\u00e1 remitido a la Comsi\u00f3n de Hacienda.<\/li>\n<\/ul>\n<div id='gallery-1' class='gallery galleryid-17621 gallery-columns-8 gallery-size-thumbnail'><figure class='gallery-item'>\n\t\t\t<div class='gallery-icon landscape'>\n\t\t\t\t<a href='https:\/\/hcd.malargue.gov.ar\/wp-content\/uploads\/2019\/09\/IMGP1815.jpg'><img loading=\"lazy\" decoding=\"async\" width=\"150\" height=\"150\" src=\"https:\/\/hcd.malargue.gov.ar\/wp-content\/uploads\/2019\/09\/IMGP1815-150x150.jpg\" class=\"attachment-thumbnail size-thumbnail\" alt=\"\" \/><\/a>\n\t\t\t<\/div><\/figure><figure class='gallery-item'>\n\t\t\t<div class='gallery-icon landscape'>\n\t\t\t\t<a href='https:\/\/hcd.malargue.gov.ar\/wp-content\/uploads\/2019\/09\/IMGP1818.jpg'><img loading=\"lazy\" decoding=\"async\" width=\"150\" height=\"150\" src=\"https:\/\/hcd.malargue.gov.ar\/wp-content\/uploads\/2019\/09\/IMGP1818-150x150.jpg\" class=\"attachment-thumbnail size-thumbnail\" alt=\"\" \/><\/a>\n\t\t\t<\/div><\/figure><figure class='gallery-item'>\n\t\t\t<div class='gallery-icon landscape'>\n\t\t\t\t<a href='https:\/\/hcd.malargue.gov.ar\/wp-content\/uploads\/2019\/09\/IMGP1824.jpg'><img loading=\"lazy\" decoding=\"async\" width=\"150\" height=\"150\" src=\"https:\/\/hcd.malargue.gov.ar\/wp-content\/uploads\/2019\/09\/IMGP1824-150x150.jpg\" class=\"attachment-thumbnail size-thumbnail\" alt=\"\" \/><\/a>\n\t\t\t<\/div><\/figure><figure class='gallery-item'>\n\t\t\t<div class='gallery-icon landscape'>\n\t\t\t\t<a href='https:\/\/hcd.malargue.gov.ar\/wp-content\/uploads\/2019\/09\/IMGP1825.jpg'><img loading=\"lazy\" decoding=\"async\" width=\"150\" height=\"150\" src=\"https:\/\/hcd.malargue.gov.ar\/wp-content\/uploads\/2019\/09\/IMGP1825-150x150.jpg\" class=\"attachment-thumbnail size-thumbnail\" alt=\"\" \/><\/a>\n\t\t\t<\/div><\/figure><figure class='gallery-item'>\n\t\t\t<div class='gallery-icon landscape'>\n\t\t\t\t<a href='https:\/\/hcd.malargue.gov.ar\/wp-content\/uploads\/2019\/09\/IMGP1828.jpg'><img loading=\"lazy\" decoding=\"async\" width=\"150\" height=\"150\" src=\"https:\/\/hcd.malargue.gov.ar\/wp-content\/uploads\/2019\/09\/IMGP1828-150x150.jpg\" class=\"attachment-thumbnail size-thumbnail\" alt=\"\" \/><\/a>\n\t\t\t<\/div><\/figure><figure class='gallery-item'>\n\t\t\t<div class='gallery-icon landscape'>\n\t\t\t\t<a href='https:\/\/hcd.malargue.gov.ar\/wp-content\/uploads\/2019\/09\/IMGP1829-2.jpg'><img loading=\"lazy\" decoding=\"async\" width=\"150\" height=\"150\" src=\"https:\/\/hcd.malargue.gov.ar\/wp-content\/uploads\/2019\/09\/IMGP1829-2-150x150.jpg\" class=\"attachment-thumbnail size-thumbnail\" alt=\"\" \/><\/a>\n\t\t\t<\/div><\/figure><figure class='gallery-item'>\n\t\t\t<div class='gallery-icon landscape'>\n\t\t\t\t<a href='https:\/\/hcd.malargue.gov.ar\/wp-content\/uploads\/2019\/09\/IMGP1831.jpg'><img loading=\"lazy\" decoding=\"async\" width=\"150\" height=\"150\" src=\"https:\/\/hcd.malargue.gov.ar\/wp-content\/uploads\/2019\/09\/IMGP1831-150x150.jpg\" class=\"attachment-thumbnail size-thumbnail\" alt=\"\" \/><\/a>\n\t\t\t<\/div><\/figure><figure class='gallery-item'>\n\t\t\t<div class='gallery-icon portrait'>\n\t\t\t\t<a href='https:\/\/hcd.malargue.gov.ar\/wp-content\/uploads\/2019\/09\/IMGP1833.jpg'><img loading=\"lazy\" decoding=\"async\" width=\"150\" height=\"150\" src=\"https:\/\/hcd.malargue.gov.ar\/wp-content\/uploads\/2019\/09\/IMGP1833-150x150.jpg\" class=\"attachment-thumbnail size-thumbnail\" alt=\"\" \/><\/a>\n\t\t\t<\/div><\/figure>\n\t\t<\/div>\n\n","protected":false},"excerpt":{"rendered":"<p>SESI\u00d3N ORDINARIA \u2013 12 de septiembre 2019 Presidi\u00f3 la Sesi\u00f3n:\u00a0\u00a0Concejal\u00a0Fernando Glatigny\u00a0\u00a0(Bloque Cambia Mendoza) Concejales Presentes: Rodolfo Cabeza,\u00a0Raul Rodr\u00edguez\u00a0\u00a0(Bloque Justicialista FPV),\u00a0Martin Palma\u00a0,\u00a0Juan Manuel Ojeda,\u00a0Mauricio Martinez\u00a0y\u00a0Paola Paleico\u00a0\u00a0(Bloque Cambia Mendoza) Con la presencia de\u00a0 los 7 Ediles se realiz\u00f3 la vig\u00e9simo segunda sesi\u00f3n ordinaria del\u00a0 a\u00f1o en curso. El jueves 12 de septiembre, en cumplimiento del Orden del [&hellip;]<\/p>\n","protected":false},"author":4,"featured_media":17654,"comment_status":"closed","ping_status":"closed","sticky":false,"template":"","format":"standard","meta":{"footnotes":""},"categories":[52,58,33,36],"tags":[],"class_list":["post-17621","post","type-post","status-publish","format-standard","has-post-thumbnail","hentry","category-gacetillas","category-ordinarias","category-prensa","category-sesiones"],"yoast_head":"<!-- This site is optimized with the Yoast SEO plugin v19.10 - https:\/\/yoast.com\/wordpress\/plugins\/seo\/ -->\n<title>EL CONCEJO DELIBERANTE LLEV\u00d3 A CABO LA 22\u00ba SESI\u00d3N ORDINARIA DEL A\u00d1O 2019. - Malarg\u00fce HCD<\/title>\n<meta name=\"robots\" content=\"index, follow, max-snippet:-1, max-image-preview:large, max-video-preview:-1\" \/>\n<link rel=\"canonical\" href=\"https:\/\/hcd.malargue.gov.ar\/?p=17621\" \/>\n<meta property=\"og:locale\" content=\"es_ES\" \/>\n<meta property=\"og:type\" content=\"article\" \/>\n<meta property=\"og:title\" content=\"EL CONCEJO DELIBERANTE LLEV\u00d3 A CABO LA 22\u00ba SESI\u00d3N ORDINARIA DEL A\u00d1O 2019. - Malarg\u00fce HCD\" \/>\n<meta property=\"og:description\" content=\"SESI\u00d3N ORDINARIA \u2013 12 de septiembre 2019 Presidi\u00f3 la Sesi\u00f3n:\u00a0\u00a0Concejal\u00a0Fernando Glatigny\u00a0\u00a0(Bloque Cambia Mendoza) Concejales Presentes: Rodolfo Cabeza,\u00a0Raul Rodr\u00edguez\u00a0\u00a0(Bloque Justicialista FPV),\u00a0Martin Palma\u00a0,\u00a0Juan Manuel Ojeda,\u00a0Mauricio Martinez\u00a0y\u00a0Paola Paleico\u00a0\u00a0(Bloque Cambia Mendoza) Con la presencia de\u00a0 los 7 Ediles se realiz\u00f3 la vig\u00e9simo segunda sesi\u00f3n ordinaria del\u00a0 a\u00f1o en curso. El jueves 12 de septiembre, en cumplimiento del Orden del [&hellip;]\" \/>\n<meta property=\"og:url\" content=\"https:\/\/hcd.malargue.gov.ar\/?p=17621\" \/>\n<meta property=\"og:site_name\" content=\"Malarg\u00fce HCD\" \/>\n<meta property=\"article:published_time\" content=\"2019-09-12T15:08:00+00:00\" \/>\n<meta property=\"article:modified_time\" content=\"2019-09-12T15:59:36+00:00\" \/>\n<meta property=\"og:image\" content=\"https:\/\/hcd.malargue.gov.ar\/wp-content\/uploads\/2019\/09\/IMGP1831.jpg\" \/>\n\t<meta property=\"og:image:width\" content=\"4288\" \/>\n\t<meta property=\"og:image:height\" content=\"2848\" \/>\n\t<meta property=\"og:image:type\" content=\"image\/jpeg\" \/>\n<meta name=\"author\" content=\"Marcia Sepulveda\" \/>\n<meta name=\"twitter:card\" content=\"summary_large_image\" \/>\n<meta name=\"twitter:label1\" content=\"Escrito por\" \/>\n\t<meta name=\"twitter:data1\" content=\"Marcia Sepulveda\" \/>\n\t<meta name=\"twitter:label2\" content=\"Tiempo de lectura\" \/>\n\t<meta name=\"twitter:data2\" content=\"3 minutos\" \/>\n<script type=\"application\/ld+json\" class=\"yoast-schema-graph\">{\"@context\":\"https:\/\/schema.org\",\"@graph\":[{\"@type\":\"WebPage\",\"@id\":\"https:\/\/hcd.malargue.gov.ar\/?p=17621\",\"url\":\"https:\/\/hcd.malargue.gov.ar\/?p=17621\",\"name\":\"EL CONCEJO DELIBERANTE LLEV\u00d3 A CABO LA 22\u00ba SESI\u00d3N ORDINARIA DEL A\u00d1O 2019. - Malarg\u00fce HCD\",\"isPartOf\":{\"@id\":\"https:\/\/hcd.malargue.gov.ar\/#website\"},\"datePublished\":\"2019-09-12T15:08:00+00:00\",\"dateModified\":\"2019-09-12T15:59:36+00:00\",\"author\":{\"@id\":\"https:\/\/hcd.malargue.gov.ar\/#\/schema\/person\/c02f28730a528313e04d34aba071fe06\"},\"breadcrumb\":{\"@id\":\"https:\/\/hcd.malargue.gov.ar\/?p=17621#breadcrumb\"},\"inLanguage\":\"es-AR\",\"potentialAction\":[{\"@type\":\"ReadAction\",\"target\":[\"https:\/\/hcd.malargue.gov.ar\/?p=17621\"]}]},{\"@type\":\"BreadcrumbList\",\"@id\":\"https:\/\/hcd.malargue.gov.ar\/?p=17621#breadcrumb\",\"itemListElement\":[{\"@type\":\"ListItem\",\"position\":1,\"name\":\"Inicio\",\"item\":\"https:\/\/hcd.malargue.gov.ar\/\"},{\"@type\":\"ListItem\",\"position\":2,\"name\":\"EL CONCEJO DELIBERANTE LLEV\u00d3 A CABO LA 22\u00ba SESI\u00d3N ORDINARIA DEL A\u00d1O 2019.\"}]},{\"@type\":\"WebSite\",\"@id\":\"https:\/\/hcd.malargue.gov.ar\/#website\",\"url\":\"https:\/\/hcd.malargue.gov.ar\/\",\"name\":\"Malarg\u00fce HCD\",\"description\":\"Malarg\u00fce Mendoza Argentina\",\"potentialAction\":[{\"@type\":\"SearchAction\",\"target\":{\"@type\":\"EntryPoint\",\"urlTemplate\":\"https:\/\/hcd.malargue.gov.ar\/?s={search_term_string}\"},\"query-input\":\"required name=search_term_string\"}],\"inLanguage\":\"es-AR\"},{\"@type\":\"Person\",\"@id\":\"https:\/\/hcd.malargue.gov.ar\/#\/schema\/person\/c02f28730a528313e04d34aba071fe06\",\"name\":\"Marcia Sepulveda\",\"image\":{\"@type\":\"ImageObject\",\"inLanguage\":\"es-AR\",\"@id\":\"https:\/\/hcd.malargue.gov.ar\/#\/schema\/person\/image\/\",\"url\":\"https:\/\/secure.gravatar.com\/avatar\/3557e3bccdef0a5d4de0476d077c8920f0638f6f0bd05553351eb0e70d99f241?s=96&d=mm&r=g\",\"contentUrl\":\"https:\/\/secure.gravatar.com\/avatar\/3557e3bccdef0a5d4de0476d077c8920f0638f6f0bd05553351eb0e70d99f241?s=96&d=mm&r=g\",\"caption\":\"Marcia Sepulveda\"},\"url\":\"https:\/\/hcd.malargue.gov.ar\/?author=4\"}]}<\/script>\n<!-- \/ Yoast SEO plugin. -->","yoast_head_json":{"title":"EL CONCEJO DELIBERANTE LLEV\u00d3 A CABO LA 22\u00ba SESI\u00d3N ORDINARIA DEL A\u00d1O 2019. - Malarg\u00fce HCD","robots":{"index":"index","follow":"follow","max-snippet":"max-snippet:-1","max-image-preview":"max-image-preview:large","max-video-preview":"max-video-preview:-1"},"canonical":"https:\/\/hcd.malargue.gov.ar\/?p=17621","og_locale":"es_ES","og_type":"article","og_title":"EL CONCEJO DELIBERANTE LLEV\u00d3 A CABO LA 22\u00ba SESI\u00d3N ORDINARIA DEL A\u00d1O 2019. - Malarg\u00fce HCD","og_description":"SESI\u00d3N ORDINARIA \u2013 12 de septiembre 2019 Presidi\u00f3 la Sesi\u00f3n:\u00a0\u00a0Concejal\u00a0Fernando Glatigny\u00a0\u00a0(Bloque Cambia Mendoza) Concejales Presentes: Rodolfo Cabeza,\u00a0Raul Rodr\u00edguez\u00a0\u00a0(Bloque Justicialista FPV),\u00a0Martin Palma\u00a0,\u00a0Juan Manuel Ojeda,\u00a0Mauricio Martinez\u00a0y\u00a0Paola Paleico\u00a0\u00a0(Bloque Cambia Mendoza) Con la presencia de\u00a0 los 7 Ediles se realiz\u00f3 la vig\u00e9simo segunda sesi\u00f3n ordinaria del\u00a0 a\u00f1o en curso. El jueves 12 de septiembre, en cumplimiento del Orden del [&hellip;]","og_url":"https:\/\/hcd.malargue.gov.ar\/?p=17621","og_site_name":"Malarg\u00fce HCD","article_published_time":"2019-09-12T15:08:00+00:00","article_modified_time":"2019-09-12T15:59:36+00:00","og_image":[{"width":4288,"height":2848,"url":"https:\/\/hcd.malargue.gov.ar\/wp-content\/uploads\/2019\/09\/IMGP1831.jpg","type":"image\/jpeg"}],"author":"Marcia Sepulveda","twitter_card":"summary_large_image","twitter_misc":{"Escrito por":"Marcia Sepulveda","Tiempo de lectura":"3 minutos"},"schema":{"@context":"https:\/\/schema.org","@graph":[{"@type":"WebPage","@id":"https:\/\/hcd.malargue.gov.ar\/?p=17621","url":"https:\/\/hcd.malargue.gov.ar\/?p=17621","name":"EL CONCEJO DELIBERANTE LLEV\u00d3 A CABO LA 22\u00ba SESI\u00d3N ORDINARIA DEL A\u00d1O 2019. - Malarg\u00fce HCD","isPartOf":{"@id":"https:\/\/hcd.malargue.gov.ar\/#website"},"datePublished":"2019-09-12T15:08:00+00:00","dateModified":"2019-09-12T15:59:36+00:00","author":{"@id":"https:\/\/hcd.malargue.gov.ar\/#\/schema\/person\/c02f28730a528313e04d34aba071fe06"},"breadcrumb":{"@id":"https:\/\/hcd.malargue.gov.ar\/?p=17621#breadcrumb"},"inLanguage":"es-AR","potentialAction":[{"@type":"ReadAction","target":["https:\/\/hcd.malargue.gov.ar\/?p=17621"]}]},{"@type":"BreadcrumbList","@id":"https:\/\/hcd.malargue.gov.ar\/?p=17621#breadcrumb","itemListElement":[{"@type":"ListItem","position":1,"name":"Inicio","item":"https:\/\/hcd.malargue.gov.ar\/"},{"@type":"ListItem","position":2,"name":"EL CONCEJO DELIBERANTE LLEV\u00d3 A CABO LA 22\u00ba SESI\u00d3N ORDINARIA DEL A\u00d1O 2019."}]},{"@type":"WebSite","@id":"https:\/\/hcd.malargue.gov.ar\/#website","url":"https:\/\/hcd.malargue.gov.ar\/","name":"Malarg\u00fce HCD","description":"Malarg\u00fce Mendoza Argentina","potentialAction":[{"@type":"SearchAction","target":{"@type":"EntryPoint","urlTemplate":"https:\/\/hcd.malargue.gov.ar\/?s={search_term_string}"},"query-input":"required name=search_term_string"}],"inLanguage":"es-AR"},{"@type":"Person","@id":"https:\/\/hcd.malargue.gov.ar\/#\/schema\/person\/c02f28730a528313e04d34aba071fe06","name":"Marcia Sepulveda","image":{"@type":"ImageObject","inLanguage":"es-AR","@id":"https:\/\/hcd.malargue.gov.ar\/#\/schema\/person\/image\/","url":"https:\/\/secure.gravatar.com\/avatar\/3557e3bccdef0a5d4de0476d077c8920f0638f6f0bd05553351eb0e70d99f241?s=96&d=mm&r=g","contentUrl":"https:\/\/secure.gravatar.com\/avatar\/3557e3bccdef0a5d4de0476d077c8920f0638f6f0bd05553351eb0e70d99f241?s=96&d=mm&r=g","caption":"Marcia Sepulveda"},"url":"https:\/\/hcd.malargue.gov.ar\/?author=4"}]}},"_links":{"self":[{"href":"https:\/\/hcd.malargue.gov.ar\/index.php?rest_route=\/wp\/v2\/posts\/17621","targetHints":{"allow":["GET"]}}],"collection":[{"href":"https:\/\/hcd.malargue.gov.ar\/index.php?rest_route=\/wp\/v2\/posts"}],"about":[{"href":"https:\/\/hcd.malargue.gov.ar\/index.php?rest_route=\/wp\/v2\/types\/post"}],"author":[{"embeddable":true,"href":"https:\/\/hcd.malargue.gov.ar\/index.php?rest_route=\/wp\/v2\/users\/4"}],"replies":[{"embeddable":true,"href":"https:\/\/hcd.malargue.gov.ar\/index.php?rest_route=%2Fwp%2Fv2%2Fcomments&post=17621"}],"version-history":[{"count":0,"href":"https:\/\/hcd.malargue.gov.ar\/index.php?rest_route=\/wp\/v2\/posts\/17621\/revisions"}],"wp:featuredmedia":[{"embeddable":true,"href":"https:\/\/hcd.malargue.gov.ar\/index.php?rest_route=\/wp\/v2\/media\/17654"}],"wp:attachment":[{"href":"https:\/\/hcd.malargue.gov.ar\/index.php?rest_route=%2Fwp%2Fv2%2Fmedia&parent=17621"}],"wp:term":[{"taxonomy":"category","embeddable":true,"href":"https:\/\/hcd.malargue.gov.ar\/index.php?rest_route=%2Fwp%2Fv2%2Fcategories&post=17621"},{"taxonomy":"post_tag","embeddable":true,"href":"https:\/\/hcd.malargue.gov.ar\/index.php?rest_route=%2Fwp%2Fv2%2Ftags&post=17621"}],"curies":[{"name":"wp","href":"https:\/\/api.w.org\/{rel}","templated":true}]}}