{"id":18142,"date":"2019-10-18T08:30:16","date_gmt":"2019-10-18T11:30:16","guid":{"rendered":"https:\/\/hcd.malargue.gov.ar\/?p=18142"},"modified":"2019-10-21T12:19:33","modified_gmt":"2019-10-21T15:19:33","slug":"el-hcd-declaro-de-interes-educativo-y-cultural-el-evento-emprender-en-futuro","status":"publish","type":"post","link":"https:\/\/hcd.malargue.gov.ar\/?p=18142","title":{"rendered":"EL HCD DECLAR\u00d3 DE INTER\u00c9S EDUCATIVO Y CULTURAL, EL EVENTO EMPRENDER EN FUTURO"},"content":{"rendered":"<div class=\"\" data-block=\"true\" data-editor=\"6qhie\" data-offset-key=\"db3ca-0-0\">\n<div class=\"_1mf _1mj\" data-offset-key=\"4cf92-0-0\"><span data-offset-key=\"4cf92-0-0\">La Direcci\u00f3n de Educaci\u00f3n organizar\u00e1 este a\u00f1o la Oferta Educativa Malarg\u00fce 2019, junto con el \u201cEmprender Futuro\u201d el d\u00eda 22 de octubre del 2019, en el Centro de Convenciones y Exposiciones Thesaurus.<\/span><\/div>\n<\/div>\n<div data-offset-key=\"4cf92-0-0\"><\/div>\n<div class=\"\" data-block=\"true\" data-editor=\"6qhie\" data-offset-key=\"db3ca-0-0\">\n<div data-offset-key=\"4cf92-0-0\"><span data-offset-key=\"efior-0-0\"><span data-offset-key=\"efior-0-0\"><img loading=\"lazy\" decoding=\"async\" class=\" wp-image-18217 alignright\" src=\"https:\/\/hcd.malargue.gov.ar\/wp-content\/uploads\/2019\/10\/72720509_140693803960110_3276891031294967808_n-212x300.jpg\" alt=\"\" width=\"289\" height=\"409\" srcset=\"https:\/\/hcd.malargue.gov.ar\/wp-content\/uploads\/2019\/10\/72720509_140693803960110_3276891031294967808_n-212x300.jpg 212w, https:\/\/hcd.malargue.gov.ar\/wp-content\/uploads\/2019\/10\/72720509_140693803960110_3276891031294967808_n.jpg 679w\" sizes=\"auto, (max-width: 289px) 100vw, 289px\" \/><\/span><\/span><\/div>\n<div class=\"_1mf _1mj\" data-offset-key=\"4cf92-0-0\"><span data-offset-key=\"efior-0-0\">Esta actividad la actividad tiene como objetivo potenciar las carreras formales y no formales. Disertar\u00e1n reconocidos expositores a nivel departamental, provincial y nacional, se podr\u00e1n presenciar conferencias motivadoras para la sociedad. Serian innumerables los aspectos y beneficios que este evento brindar\u00e1 a las personas del Departamento, es muy satisfactorio para los emprendedores locales que se los rec<\/span><span data-offset-key=\"efior-0-0\">onozca y apoye realizando este tipo de eventos.<\/span><\/div>\n<\/div>\n<div data-offset-key=\"4cf92-0-0\"><\/div>\n<div data-offset-key=\"4cf92-0-0\"><\/div>\n<div class=\"\" data-block=\"true\" data-editor=\"6qhie\" data-offset-key=\"db3ca-0-0\">\n<div class=\"_1mf _1mj\" data-offset-key=\"4cf92-0-0\"><span data-offset-key=\"efior-0-0\"><span data-offset-key=\"efior-0-0\">Resulta necesario potenciar las tareas que se realizan en post del bien com\u00fan de la sociedad Malarg\u00fcina y en particular cada una de las actividades que se desarrollan en el \u201cEmprender Futuro\u201d; por todo ello, y mediante un proyecto del Edil <a class=\"profileLink\" title=\"Mauricio Martinez\" href=\"https:\/\/www.facebook.com\/mauricio.martinez.71465572?__tn__=K-R-R-R&amp;eid=ARC1lRWu0XR9YVhX0-CRsZ_WTGpvGZbLdssVV_fcJ_4jHNTlVGbZ29HvwATEvz9lKEPrummLCX4vlcOF&amp;fref=mentions&amp;__xts__%5B0%5D=68.ARAUjnMCf6exoMtcTJY1TbXvIkIsA0GycheaUcHSu9SPOfDfFJiDDoep0tsl8KDKxbVBXg3ZZRket0BA_k3ldmYb9QZzTyl2dp443ml1XO8nvim1Wf0ITnVUC-4NGPuf_EaZw91LG7eF04mrFTOQ4qmIeLhyvTA0Ig1orpKt04fynbPzMyIGxt2SUO5aZ2te-5Hi4rT3CB7UqolWGQAW65HCMRVOOzomK-X1xfy97fd9fBtlcn2uzcLlPWTg2Rbh3eVDlffILLIH69Wfea3HhzsyagEfJ3xKTz6uqaGqDUdZU-EcF-jrPJc6tkh5NS2sInw\" data-hovercard=\"\/ajax\/hovercard\/user.php?id=1347072991&amp;extragetparams=%7B%22__tn__%22%3A%22%2CdK-R-R-R-R%22%2C%22eid%22%3A%22ARC1lRWu0XR9YVhX0-CRsZ_WTGpvGZbLdssVV_fcJ_4jHNTlVGbZ29HvwATEvz9lKEPrummLCX4vlcOF%22%2C%22fref%22%3A%22mentions%22%7D&amp;av=361313671036059&amp;eav=Afa68YyeU_92c8fa5WUR3NRwlbIZJPrBqCSoFODLv6g-SltYP7NkuEMAE4GPdDLL1pI\" data-hovercard-prefer-more-content-show=\"1\">Mauricio Martinez<\/a>, el Cuerpo Deliberativo aprob\u00f3 la Pieza Legal que declara al Evento de Inter\u00e9s Educativo y Cultural. <\/span><\/span><span data-offset-key=\"efior-2-0\"><br \/>\n<\/span><\/div>\n<\/div>\n<p>Belen Pedernera Feragut\/\/ PRENSA HCD<\/p>\n<div class=\"post-container cf\">\n<div class=\"post-content-right\">\n<div class=\"post-content description \">\n<blockquote><p><a href=\"https:\/\/hcd.malargue.gov.ar\/hcdpdf\/Decla%20267%202019%20%20emprender%20en%20futuro.pdf\">PDF Pieza Legal \u2013 DECLARACI\u00d3N N\u00b0 267\/2.019<\/a><\/p>\n<p><img loading=\"lazy\" decoding=\"async\" class=\"no-display appear alignleft wp-image-7950\" src=\"https:\/\/hcd.malargue.gov.ar\/wp-content\/uploads\/2018\/06\/PDF-JPG-300x300.jpg\" sizes=\"auto, (max-width: 78px) 100vw, 78px\" srcset=\"https:\/\/hcd.malargue.gov.ar\/wp-content\/uploads\/2018\/06\/PDF-JPG-300x300.jpg 300w, https:\/\/hcd.malargue.gov.ar\/wp-content\/uploads\/2018\/06\/PDF-JPG-150x150.jpg 150w, https:\/\/hcd.malargue.gov.ar\/wp-content\/uploads\/2018\/06\/PDF-JPG.jpg 512w\" alt=\"\" width=\"78\" height=\"78\" \/><\/p><\/blockquote>\n<\/div>\n<blockquote><p>&nbsp;<\/p>\n<p>&nbsp;<\/p><\/blockquote>\n<\/div>\n<\/div>\n","protected":false},"excerpt":{"rendered":"<p>La Direcci\u00f3n de Educaci\u00f3n organizar\u00e1 este a\u00f1o la Oferta Educativa Malarg\u00fce 2019, junto con el \u201cEmprender Futuro\u201d el d\u00eda 22 de octubre del 2019, en el Centro de Convenciones y Exposiciones Thesaurus. Esta actividad la actividad tiene como objetivo potenciar las carreras formales y no formales. Disertar\u00e1n reconocidos expositores a nivel departamental, provincial y nacional, [&hellip;]<\/p>\n","protected":false},"author":5,"featured_media":18145,"comment_status":"closed","ping_status":"closed","sticky":false,"template":"","format":"standard","meta":{"footnotes":""},"categories":[46,52,29,33],"tags":[],"class_list":["post-18142","post","type-post","status-publish","format-standard","has-post-thumbnail","hentry","category-declaraciones","category-gacetillas","category-lesgilacion","category-prensa"],"yoast_head":"<!-- This site is optimized with the Yoast SEO plugin v19.10 - https:\/\/yoast.com\/wordpress\/plugins\/seo\/ -->\n<title>EL HCD DECLAR\u00d3 DE INTER\u00c9S EDUCATIVO Y CULTURAL, EL EVENTO EMPRENDER EN FUTURO - Malarg\u00fce HCD<\/title>\n<meta name=\"robots\" content=\"index, follow, max-snippet:-1, max-image-preview:large, max-video-preview:-1\" \/>\n<link rel=\"canonical\" href=\"https:\/\/hcd.malargue.gov.ar\/?p=18142\" \/>\n<meta property=\"og:locale\" content=\"es_ES\" \/>\n<meta property=\"og:type\" content=\"article\" \/>\n<meta property=\"og:title\" content=\"EL HCD DECLAR\u00d3 DE INTER\u00c9S EDUCATIVO Y CULTURAL, EL EVENTO EMPRENDER EN FUTURO - Malarg\u00fce HCD\" \/>\n<meta property=\"og:description\" content=\"La Direcci\u00f3n de Educaci\u00f3n organizar\u00e1 este a\u00f1o la Oferta Educativa Malarg\u00fce 2019, junto con el \u201cEmprender Futuro\u201d el d\u00eda 22 de octubre del 2019, en el Centro de Convenciones y Exposiciones Thesaurus. Esta actividad la actividad tiene como objetivo potenciar las carreras formales y no formales. Disertar\u00e1n reconocidos expositores a nivel departamental, provincial y nacional, [&hellip;]\" \/>\n<meta property=\"og:url\" content=\"https:\/\/hcd.malargue.gov.ar\/?p=18142\" \/>\n<meta property=\"og:site_name\" content=\"Malarg\u00fce HCD\" \/>\n<meta property=\"article:published_time\" content=\"2019-10-18T11:30:16+00:00\" \/>\n<meta property=\"article:modified_time\" content=\"2019-10-21T15:19:33+00:00\" \/>\n<meta property=\"og:image\" content=\"https:\/\/hcd.malargue.gov.ar\/wp-content\/uploads\/2019\/10\/72569233_522517885253631_1519171576598102016_n.jpg\" \/>\n\t<meta property=\"og:image:width\" content=\"960\" \/>\n\t<meta property=\"og:image:height\" content=\"664\" \/>\n\t<meta property=\"og:image:type\" content=\"image\/jpeg\" \/>\n<meta name=\"author\" content=\"Belen Pedernera Ferragut\" \/>\n<meta name=\"twitter:card\" content=\"summary_large_image\" \/>\n<meta name=\"twitter:label1\" content=\"Escrito por\" \/>\n\t<meta name=\"twitter:data1\" content=\"Belen Pedernera Ferragut\" \/>\n\t<meta name=\"twitter:label2\" content=\"Tiempo de lectura\" \/>\n\t<meta name=\"twitter:data2\" content=\"1 minuto\" \/>\n<script type=\"application\/ld+json\" class=\"yoast-schema-graph\">{\"@context\":\"https:\/\/schema.org\",\"@graph\":[{\"@type\":\"WebPage\",\"@id\":\"https:\/\/hcd.malargue.gov.ar\/?p=18142\",\"url\":\"https:\/\/hcd.malargue.gov.ar\/?p=18142\",\"name\":\"EL HCD DECLAR\u00d3 DE INTER\u00c9S EDUCATIVO Y CULTURAL, EL EVENTO EMPRENDER EN FUTURO - Malarg\u00fce HCD\",\"isPartOf\":{\"@id\":\"https:\/\/hcd.malargue.gov.ar\/#website\"},\"datePublished\":\"2019-10-18T11:30:16+00:00\",\"dateModified\":\"2019-10-21T15:19:33+00:00\",\"author\":{\"@id\":\"https:\/\/hcd.malargue.gov.ar\/#\/schema\/person\/3fd6bbab64edd703961b795156c955d0\"},\"breadcrumb\":{\"@id\":\"https:\/\/hcd.malargue.gov.ar\/?p=18142#breadcrumb\"},\"inLanguage\":\"es-AR\",\"potentialAction\":[{\"@type\":\"ReadAction\",\"target\":[\"https:\/\/hcd.malargue.gov.ar\/?p=18142\"]}]},{\"@type\":\"BreadcrumbList\",\"@id\":\"https:\/\/hcd.malargue.gov.ar\/?p=18142#breadcrumb\",\"itemListElement\":[{\"@type\":\"ListItem\",\"position\":1,\"name\":\"Inicio\",\"item\":\"https:\/\/hcd.malargue.gov.ar\/\"},{\"@type\":\"ListItem\",\"position\":2,\"name\":\"EL HCD DECLAR\u00d3 DE INTER\u00c9S EDUCATIVO Y CULTURAL, EL EVENTO EMPRENDER EN FUTURO\"}]},{\"@type\":\"WebSite\",\"@id\":\"https:\/\/hcd.malargue.gov.ar\/#website\",\"url\":\"https:\/\/hcd.malargue.gov.ar\/\",\"name\":\"Malarg\u00fce HCD\",\"description\":\"Malarg\u00fce Mendoza Argentina\",\"potentialAction\":[{\"@type\":\"SearchAction\",\"target\":{\"@type\":\"EntryPoint\",\"urlTemplate\":\"https:\/\/hcd.malargue.gov.ar\/?s={search_term_string}\"},\"query-input\":\"required name=search_term_string\"}],\"inLanguage\":\"es-AR\"},{\"@type\":\"Person\",\"@id\":\"https:\/\/hcd.malargue.gov.ar\/#\/schema\/person\/3fd6bbab64edd703961b795156c955d0\",\"name\":\"Belen Pedernera Ferragut\",\"image\":{\"@type\":\"ImageObject\",\"inLanguage\":\"es-AR\",\"@id\":\"https:\/\/hcd.malargue.gov.ar\/#\/schema\/person\/image\/\",\"url\":\"https:\/\/secure.gravatar.com\/avatar\/1054ffab3893de4bb3eb29bdd22f7e34b8537bf5d34d9dab311818154ad5b71f?s=96&d=mm&r=g\",\"contentUrl\":\"https:\/\/secure.gravatar.com\/avatar\/1054ffab3893de4bb3eb29bdd22f7e34b8537bf5d34d9dab311818154ad5b71f?s=96&d=mm&r=g\",\"caption\":\"Belen Pedernera Ferragut\"},\"url\":\"https:\/\/hcd.malargue.gov.ar\/?author=5\"}]}<\/script>\n<!-- \/ Yoast SEO plugin. -->","yoast_head_json":{"title":"EL HCD DECLAR\u00d3 DE INTER\u00c9S EDUCATIVO Y CULTURAL, EL EVENTO EMPRENDER EN FUTURO - Malarg\u00fce HCD","robots":{"index":"index","follow":"follow","max-snippet":"max-snippet:-1","max-image-preview":"max-image-preview:large","max-video-preview":"max-video-preview:-1"},"canonical":"https:\/\/hcd.malargue.gov.ar\/?p=18142","og_locale":"es_ES","og_type":"article","og_title":"EL HCD DECLAR\u00d3 DE INTER\u00c9S EDUCATIVO Y CULTURAL, EL EVENTO EMPRENDER EN FUTURO - Malarg\u00fce HCD","og_description":"La Direcci\u00f3n de Educaci\u00f3n organizar\u00e1 este a\u00f1o la Oferta Educativa Malarg\u00fce 2019, junto con el \u201cEmprender Futuro\u201d el d\u00eda 22 de octubre del 2019, en el Centro de Convenciones y Exposiciones Thesaurus. Esta actividad la actividad tiene como objetivo potenciar las carreras formales y no formales. Disertar\u00e1n reconocidos expositores a nivel departamental, provincial y nacional, [&hellip;]","og_url":"https:\/\/hcd.malargue.gov.ar\/?p=18142","og_site_name":"Malarg\u00fce HCD","article_published_time":"2019-10-18T11:30:16+00:00","article_modified_time":"2019-10-21T15:19:33+00:00","og_image":[{"width":960,"height":664,"url":"https:\/\/hcd.malargue.gov.ar\/wp-content\/uploads\/2019\/10\/72569233_522517885253631_1519171576598102016_n.jpg","type":"image\/jpeg"}],"author":"Belen Pedernera Ferragut","twitter_card":"summary_large_image","twitter_misc":{"Escrito por":"Belen Pedernera Ferragut","Tiempo de lectura":"1 minuto"},"schema":{"@context":"https:\/\/schema.org","@graph":[{"@type":"WebPage","@id":"https:\/\/hcd.malargue.gov.ar\/?p=18142","url":"https:\/\/hcd.malargue.gov.ar\/?p=18142","name":"EL HCD DECLAR\u00d3 DE INTER\u00c9S EDUCATIVO Y CULTURAL, EL EVENTO EMPRENDER EN FUTURO - Malarg\u00fce HCD","isPartOf":{"@id":"https:\/\/hcd.malargue.gov.ar\/#website"},"datePublished":"2019-10-18T11:30:16+00:00","dateModified":"2019-10-21T15:19:33+00:00","author":{"@id":"https:\/\/hcd.malargue.gov.ar\/#\/schema\/person\/3fd6bbab64edd703961b795156c955d0"},"breadcrumb":{"@id":"https:\/\/hcd.malargue.gov.ar\/?p=18142#breadcrumb"},"inLanguage":"es-AR","potentialAction":[{"@type":"ReadAction","target":["https:\/\/hcd.malargue.gov.ar\/?p=18142"]}]},{"@type":"BreadcrumbList","@id":"https:\/\/hcd.malargue.gov.ar\/?p=18142#breadcrumb","itemListElement":[{"@type":"ListItem","position":1,"name":"Inicio","item":"https:\/\/hcd.malargue.gov.ar\/"},{"@type":"ListItem","position":2,"name":"EL HCD DECLAR\u00d3 DE INTER\u00c9S EDUCATIVO Y CULTURAL, EL EVENTO EMPRENDER EN FUTURO"}]},{"@type":"WebSite","@id":"https:\/\/hcd.malargue.gov.ar\/#website","url":"https:\/\/hcd.malargue.gov.ar\/","name":"Malarg\u00fce HCD","description":"Malarg\u00fce Mendoza Argentina","potentialAction":[{"@type":"SearchAction","target":{"@type":"EntryPoint","urlTemplate":"https:\/\/hcd.malargue.gov.ar\/?s={search_term_string}"},"query-input":"required name=search_term_string"}],"inLanguage":"es-AR"},{"@type":"Person","@id":"https:\/\/hcd.malargue.gov.ar\/#\/schema\/person\/3fd6bbab64edd703961b795156c955d0","name":"Belen Pedernera Ferragut","image":{"@type":"ImageObject","inLanguage":"es-AR","@id":"https:\/\/hcd.malargue.gov.ar\/#\/schema\/person\/image\/","url":"https:\/\/secure.gravatar.com\/avatar\/1054ffab3893de4bb3eb29bdd22f7e34b8537bf5d34d9dab311818154ad5b71f?s=96&d=mm&r=g","contentUrl":"https:\/\/secure.gravatar.com\/avatar\/1054ffab3893de4bb3eb29bdd22f7e34b8537bf5d34d9dab311818154ad5b71f?s=96&d=mm&r=g","caption":"Belen Pedernera Ferragut"},"url":"https:\/\/hcd.malargue.gov.ar\/?author=5"}]}},"_links":{"self":[{"href":"https:\/\/hcd.malargue.gov.ar\/index.php?rest_route=\/wp\/v2\/posts\/18142","targetHints":{"allow":["GET"]}}],"collection":[{"href":"https:\/\/hcd.malargue.gov.ar\/index.php?rest_route=\/wp\/v2\/posts"}],"about":[{"href":"https:\/\/hcd.malargue.gov.ar\/index.php?rest_route=\/wp\/v2\/types\/post"}],"author":[{"embeddable":true,"href":"https:\/\/hcd.malargue.gov.ar\/index.php?rest_route=\/wp\/v2\/users\/5"}],"replies":[{"embeddable":true,"href":"https:\/\/hcd.malargue.gov.ar\/index.php?rest_route=%2Fwp%2Fv2%2Fcomments&post=18142"}],"version-history":[{"count":0,"href":"https:\/\/hcd.malargue.gov.ar\/index.php?rest_route=\/wp\/v2\/posts\/18142\/revisions"}],"wp:featuredmedia":[{"embeddable":true,"href":"https:\/\/hcd.malargue.gov.ar\/index.php?rest_route=\/wp\/v2\/media\/18145"}],"wp:attachment":[{"href":"https:\/\/hcd.malargue.gov.ar\/index.php?rest_route=%2Fwp%2Fv2%2Fmedia&parent=18142"}],"wp:term":[{"taxonomy":"category","embeddable":true,"href":"https:\/\/hcd.malargue.gov.ar\/index.php?rest_route=%2Fwp%2Fv2%2Fcategories&post=18142"},{"taxonomy":"post_tag","embeddable":true,"href":"https:\/\/hcd.malargue.gov.ar\/index.php?rest_route=%2Fwp%2Fv2%2Ftags&post=18142"}],"curies":[{"name":"wp","href":"https:\/\/api.w.org\/{rel}","templated":true}]}}