{"id":18299,"date":"2019-10-24T11:56:56","date_gmt":"2019-10-24T14:56:56","guid":{"rendered":"https:\/\/hcd.malargue.gov.ar\/?p=18299"},"modified":"2019-10-24T12:23:23","modified_gmt":"2019-10-24T15:23:23","slug":"aprobando-6-proyectos-el-concejo-deliberante-llevo-a-cabo-la-27o-sesion-ordinaria","status":"publish","type":"post","link":"https:\/\/hcd.malargue.gov.ar\/?p=18299","title":{"rendered":"APROBANDO 6 PROYECTOS, EL CONCEJO DELIBERANTE LLEV\u00d3 A CABO LA 27\u00ba SESI\u00d3N ORDINARIA"},"content":{"rendered":"<h6>SESI\u00d3N ORDINARIA \u2013 24 de octubre 2019<\/h6>\n<h6>Presidi\u00f3 la Sesi\u00f3n:\u00a0\u00a0Concejal\u00a0<a href=\"https:\/\/www.facebook.com\/fernando.glatigny?__tn__=K-R&amp;eid=ARDy0jr1w0tdsB44p_24sX_RFGOUUkaQWtD1SmlMWilBoYPReJren5ogg8IwAnsFHiXIBCIHlSszWJxO&amp;fref=mentions&amp;__xts__%5B0%5D=68.ARDmSN2Rx1qbBVk8DtQG_Qt2OBvoM8dGcTpbhkyQ-iiK9dXL3oGnZx222bOUR0qjhncKejMTHeOsz5QhLXw8yW2wr9T5uGpnXJnkKgEKigjEcUo12Lb3mPNmkrqaN-7izw0wLKrsaT37IUomGlChV2X0i_GJg4eyyiMrla1VclGeFY-WRu9YB2mBaThryDdczPlc3P0kazuwwD7rmjtRipEsrdb2L9d2supcRFMN_0GrPMDLdqz-bTDZcnVFkg6AOv3CJbSSIX2GMalcAiLXFnc5PVJy027DplPTPo5ciU2l5yMpqXa3NKAOBwHgALZJcmr36Xt6dq5CFdyyVWXmqCs\" data-hovercard=\"\/ajax\/hovercard\/user.php?id=100000269621744&amp;extragetparams=%7B%22__tn__%22%3A%22%2CdK-R-R%22%2C%22eid%22%3A%22ARDy0jr1w0tdsB44p_24sX_RFGOUUkaQWtD1SmlMWilBoYPReJren5ogg8IwAnsFHiXIBCIHlSszWJxO%22%2C%22fref%22%3A%22mentions%22%7D&amp;av=361313671036059&amp;eav=AfZCN0Ln-Hv5KNbJ0zOesk8My7GVHj1F5ho_Rqsry_3QLe4CbOOaV8BJx7JFVgYPLII\" data-hovercard-prefer-more-content-show=\"1\">Fernando Glatigny\u00a0\u00a0<\/a>(Bloque Cambia Mendoza)<\/h6>\n<h6>Concejales Presentes: Rodolfo Cabeza,\u00a0<a href=\"https:\/\/www.facebook.com\/profile.php?id=100006772713963\" target=\"_blank\" rel=\"noopener noreferrer\">Raul Rodr\u00edguez<\/a> \u00a0(Bloque Justicialista FPV), Paola <a href=\"https:\/\/www.facebook.com\/paolafer.gonzalezjofre?__tn__=K-R&amp;eid=ARDCakJJCC46y90Kliroul66qnA9Ab2OBd94PXXTHGb7qcpCSxDi5P1G6QkNaRA5BM9l0ImhWRqyj3zm&amp;fref=mentions&amp;__xts__%5B0%5D=68.ARDmSN2Rx1qbBVk8DtQG_Qt2OBvoM8dGcTpbhkyQ-iiK9dXL3oGnZx222bOUR0qjhncKejMTHeOsz5QhLXw8yW2wr9T5uGpnXJnkKgEKigjEcUo12Lb3mPNmkrqaN-7izw0wLKrsaT37IUomGlChV2X0i_GJg4eyyiMrla1VclGeFY-WRu9YB2mBaThryDdczPlc3P0kazuwwD7rmjtRipEsrdb2L9d2supcRFMN_0GrPMDLdqz-bTDZcnVFkg6AOv3CJbSSIX2GMalcAiLXFnc5PVJy027DplPTPo5ciU2l5yMpqXa3NKAOBwHgALZJcmr36Xt6dq5CFdyyVWXmqCs\" data-hovercard=\"\/ajax\/hovercard\/user.php?id=1186623343&amp;extragetparams=%7B%22__tn__%22%3A%22%2CdK-R-R%22%2C%22eid%22%3A%22ARDCakJJCC46y90Kliroul66qnA9Ab2OBd94PXXTHGb7qcpCSxDi5P1G6QkNaRA5BM9l0ImhWRqyj3zm%22%2C%22fref%22%3A%22mentions%22%7D&amp;av=361313671036059&amp;eav=AfakCvfYKlOv07u0PXFiAQ8vAoJrMcyB2aBOzJhR-llyrRKjJgBb_GRoAIQ_hPTvydE\" data-hovercard-prefer-more-content-show=\"1\">Jofre<\/a>\u00a0(Bloque Somos Mendoza) Daniela Favari (Bloque Partido Justicialista)\u00a0<a href=\"https:\/\/www.facebook.com\/martin.palma.526?__tn__=K-R&amp;eid=ARC3ZTZMkX2N4GJ_ValvAdr4v-vyUPMhYMs7PeknGK-k1pJCSMomwvX1QK8uCBHypCElThuD3-_r5dd8&amp;fref=mentions&amp;__xts__%5B0%5D=68.ARDmSN2Rx1qbBVk8DtQG_Qt2OBvoM8dGcTpbhkyQ-iiK9dXL3oGnZx222bOUR0qjhncKejMTHeOsz5QhLXw8yW2wr9T5uGpnXJnkKgEKigjEcUo12Lb3mPNmkrqaN-7izw0wLKrsaT37IUomGlChV2X0i_GJg4eyyiMrla1VclGeFY-WRu9YB2mBaThryDdczPlc3P0kazuwwD7rmjtRipEsrdb2L9d2supcRFMN_0GrPMDLdqz-bTDZcnVFkg6AOv3CJbSSIX2GMalcAiLXFnc5PVJy027DplPTPo5ciU2l5yMpqXa3NKAOBwHgALZJcmr36Xt6dq5CFdyyVWXmqCs\" data-hovercard=\"\/ajax\/hovercard\/user.php?id=100003067710365&amp;extragetparams=%7B%22__tn__%22%3A%22%2CdK-R-R%22%2C%22eid%22%3A%22ARC3ZTZMkX2N4GJ_ValvAdr4v-vyUPMhYMs7PeknGK-k1pJCSMomwvX1QK8uCBHypCElThuD3-_r5dd8%22%2C%22fref%22%3A%22mentions%22%7D&amp;av=361313671036059&amp;eav=AfbeHS2oSrnMLr7F_SbYHc6jqNcyeWp_RQuB_UIdfpelErXJDJ4p4QQjBwMGHhKlwiY\" data-hovercard-prefer-more-content-show=\"1\">Martin Palma<\/a>\u00a0,\u00a0<a href=\"https:\/\/www.facebook.com\/juanmanuel.ojeda.986\" target=\"_blank\" rel=\"noopener noreferrer\">Juan Manuel Ojeda<\/a>,\u00a0<a href=\"https:\/\/www.facebook.com\/mauricio.martinez.71465572?__tn__=K-R&amp;eid=ARCpPys5GAPGJtVgu7dIIO6oBRlV4IJE2Dt9nIKVcAFYWhbVRm-IkfS8XjW3siYmBXqnNI-2viHOsCe2&amp;fref=mentions&amp;__xts__%5B0%5D=68.ARDmSN2Rx1qbBVk8DtQG_Qt2OBvoM8dGcTpbhkyQ-iiK9dXL3oGnZx222bOUR0qjhncKejMTHeOsz5QhLXw8yW2wr9T5uGpnXJnkKgEKigjEcUo12Lb3mPNmkrqaN-7izw0wLKrsaT37IUomGlChV2X0i_GJg4eyyiMrla1VclGeFY-WRu9YB2mBaThryDdczPlc3P0kazuwwD7rmjtRipEsrdb2L9d2supcRFMN_0GrPMDLdqz-bTDZcnVFkg6AOv3CJbSSIX2GMalcAiLXFnc5PVJy027DplPTPo5ciU2l5yMpqXa3NKAOBwHgALZJcmr36Xt6dq5CFdyyVWXmqCs\" data-hovercard=\"\/ajax\/hovercard\/user.php?id=1347072991&amp;extragetparams=%7B%22__tn__%22%3A%22%2CdK-R-R%22%2C%22eid%22%3A%22ARCpPys5GAPGJtVgu7dIIO6oBRlV4IJE2Dt9nIKVcAFYWhbVRm-IkfS8XjW3siYmBXqnNI-2viHOsCe2%22%2C%22fref%22%3A%22mentions%22%7D&amp;av=361313671036059&amp;eav=AfbrNx55Dvzje4miB2FYAtR9Ce5HDL_7w-aUWNpn_czw--nskzYRPLlG_un0nd9ln3Q\" data-hovercard-prefer-more-content-show=\"1\">Mauricio Martinez<\/a>\u00a0y\u00a0<a href=\"https:\/\/www.facebook.com\/paola.paleico\" target=\"_blank\" rel=\"noopener noreferrer\">Paola Paleico<\/a>\u00a0\u00a0(Bloque Cambia Mendoza)<\/h6>\n<p>Antes del inicio de la Sesi\u00f3n convocada, el<a href=\"https:\/\/www.facebook.com\/hcdmalargue\/videos\/2439586066297517\/\"> Sr. Diego Walter Mod\u00f3n hizo uso de la Banca del Ciudadano<\/a> para exponer sobre cambio de Presidente de la Uni\u00f3n Vecinal B\u00ba Carbometal. Con aprobaci\u00f3n del Cuerpo el tema fue elevado a la Comisi\u00f3n de Educaci\u00f3n, y se le dara tratamiento el proximo lunes a las 11 hr.<\/p>\n<p>En cumplimiento del Orden del D\u00eda de la Sesi\u00f3n convocada los Sres Concejales elevaron 5 notas y 5 proyectos a las distintas comisiones de trabajo para su correspondiente tratamiento; adem\u00e1s fueron aprobados un total de 6 proyectos, 3 con car\u00e1cter de Resoluci\u00f3n, 1 Ordenanza y 2 Declaraci\u00f3nes.<\/p>\n<p>Detalle:<\/p>\n<ul>\n<li><strong>Declaraci\u00f3n:<\/strong> Declarar de Inter\u00e9s Social y Departamental la Trayectoria de la Profesora Violeta Andina Aguilar. (Expte. N\u00ba 4.723-HC 016-2019)<\/li>\n<li><strong>Declaraci\u00f3n:<\/strong> Declarar de Inter\u00e9s Departamental Educativo y Cultural las 4\u00ba Jornadas de Conservaci\u00f3n y manejo de las \u00c1reas Naturales Protegidas a realizarse en Malarg\u00fce. (Expte. N\u00ba 4.712-HC 015-2019)<\/li>\n<li><strong>Resoluci\u00f3n:<\/strong> Creaci\u00f3n de la Escuela Municipal de Cer\u00e1mica para fortalecer la creatividad art\u00edstica y cultural de ni\u00f1os, j\u00f3venes y adultos. (Expte. N\u00ba 4.718-HC 015-2019)<\/li>\n<li><strong>Resoluci\u00f3n:<\/strong> Declarar de Inter\u00e9s Departamental la Liga de Futbol de Veteranos que se realiza en el Departamento. (Expte. N\u00ba 4.714-HC 015-2019)<\/li>\n<li><strong>Resoluci\u00f3n:<\/strong> Adherir a la propuesta presentada ante la UNESCO para declarar Patrimonio de la Humanidad las Rutas Sanmartinianas. (Expte. N\u00ba 4.707-HC 015-2019)<\/li>\n<\/ul>\n<p>En el ultimo punto del Orden del D\u00eda el Cuerpo, dio tratamiento al tema solicitado por la Concejal Paleico y aprob\u00f3 la <strong>Ordenanza:<\/strong> Asesor\u00eda Letrada \u2013Municipalidad de Malarg\u00fce Solicita modificaci\u00f3n y\/o derogaci\u00f3n Ordenanza N\u00ba1916\/2017 ( Expte N\u00ba 2610\/2019-0).<\/p>\n<p>Sin m\u00e1s que tratar, el Presidente del Cuerpo dio por finalizada la sesi\u00f3n convocada.<\/p>\n<p>Bel\u00e9n Pedernera Ferragut -Prensa HCD<\/p>\n<blockquote>\n<h1>Detalle de los Proyectos y env\u00edo a Comisiones de Trabajo:<\/h1>\n<\/blockquote>\n<p><strong><em>La COMISI\u00d3N DE EDUCACI\u00d3N, HIGIENE, MORALIDAD, ACCI\u00d3N SOCIAL Y CULTURA (EHMASyC) recepcionar\u00e1 un proyecto:\u00a0<\/em><\/strong><\/p>\n<ol>\n<li>Expte. N\u00ba 4.724-HC 016-2019 \u2013 Proyecto de Resoluci\u00f3n: Declarar de Inter\u00e9s Departamental el Primer Curso de Comunicaci\u00f3n Integral, a desarrollarse en el Departamento de Malarg\u00fce. (BLOQUE FRENTE CAMBIA MENDOZA) Autor: Concejal Osvaldo M. Palma<\/li>\n<li>2Expte. N\u00ba 4.725-HC 016-2019 Proyecto de Declaraci\u00f3n: Declarar de Inter\u00e9s Departamental Social y Educacional El Congreso Internacional LASI (BLOQUE FRENTE CAMBIA MENDOZA) Autor: Concejal Fernando R. Glatigny<\/li>\n<li>Expte. N\u00ba 4.726-HC 016-2019 Proyecto de Resoluci\u00f3n: Espacio f\u00edsico para desarrollo del proyecto \u201cCon discapacidad tambi\u00e9n se trabaja\u201d (BLOQUE FRENTE SOMOS MENDOZA) Autora: Concejal Paola F. Jofr\u00e9<\/li>\n<li>Expte. N\u00ba 4.727-HC 016-2019 Proyecto de Resoluci\u00f3n: Solicitar informe sobre el estado actual del Club Municipal.( BLOQUE FRENTE SOMOS MENDOZA) Autora: Concejal Paola F. Jofr\u00e9<\/li>\n<li>Expte. N\u00ba 4.728-HC 016-2019 Proyecto de Declaraci\u00f3n: Declarar de Inter\u00e9s Departamental las Primeras Jornadas Abiertas \u201cPotenciando Emprendedores\u201d(BLOQUE FRENTE CAMBIA MENDOZA) Autor: Concejal Fernando R. Glatigny<\/li>\n<\/ol>\n<p><em><b>La COMISI\u00d3N DE OBRAS P\u00daBLICAS, TURISMO Y RECURSOS NATURALES (OPTyRN) recepcionar\u00e1 <strong>un proyecto:\u00a0<\/strong><\/b><\/em><\/p>\n<ol>\n<li>Expte. N\u00ba 5389\/2019-0 Direcci\u00f3n de Miner\u00eda Industria y Energ\u00eda Ref.: Reglamento Interno Parque Industrial.<\/li>\n<\/ol>\n<div id='gallery-1' class='gallery galleryid-18299 gallery-columns-7 gallery-size-thumbnail'><figure class='gallery-item'>\n\t\t\t<div class='gallery-icon portrait'>\n\t\t\t\t<a href='https:\/\/hcd.malargue.gov.ar\/wp-content\/uploads\/2019\/10\/IMGP2401.jpg'><img loading=\"lazy\" decoding=\"async\" width=\"150\" height=\"150\" src=\"https:\/\/hcd.malargue.gov.ar\/wp-content\/uploads\/2019\/10\/IMGP2401-150x150.jpg\" class=\"attachment-thumbnail size-thumbnail\" alt=\"\" \/><\/a>\n\t\t\t<\/div><\/figure><figure class='gallery-item'>\n\t\t\t<div class='gallery-icon landscape'>\n\t\t\t\t<a href='https:\/\/hcd.malargue.gov.ar\/wp-content\/uploads\/2019\/10\/IMGP2403.jpg'><img loading=\"lazy\" decoding=\"async\" width=\"150\" height=\"150\" src=\"https:\/\/hcd.malargue.gov.ar\/wp-content\/uploads\/2019\/10\/IMGP2403-150x150.jpg\" class=\"attachment-thumbnail size-thumbnail\" alt=\"\" \/><\/a>\n\t\t\t<\/div><\/figure><figure class='gallery-item'>\n\t\t\t<div class='gallery-icon landscape'>\n\t\t\t\t<a href='https:\/\/hcd.malargue.gov.ar\/wp-content\/uploads\/2019\/10\/IMGP2405.jpg'><img loading=\"lazy\" decoding=\"async\" width=\"150\" height=\"150\" src=\"https:\/\/hcd.malargue.gov.ar\/wp-content\/uploads\/2019\/10\/IMGP2405-150x150.jpg\" class=\"attachment-thumbnail size-thumbnail\" alt=\"\" \/><\/a>\n\t\t\t<\/div><\/figure><figure class='gallery-item'>\n\t\t\t<div class='gallery-icon landscape'>\n\t\t\t\t<a href='https:\/\/hcd.malargue.gov.ar\/wp-content\/uploads\/2019\/10\/IMGP2408.jpg'><img loading=\"lazy\" decoding=\"async\" width=\"150\" height=\"150\" src=\"https:\/\/hcd.malargue.gov.ar\/wp-content\/uploads\/2019\/10\/IMGP2408-150x150.jpg\" class=\"attachment-thumbnail size-thumbnail\" alt=\"\" \/><\/a>\n\t\t\t<\/div><\/figure><figure class='gallery-item'>\n\t\t\t<div class='gallery-icon portrait'>\n\t\t\t\t<a href='https:\/\/hcd.malargue.gov.ar\/wp-content\/uploads\/2019\/10\/IMGP2409-2.jpg'><img loading=\"lazy\" decoding=\"async\" width=\"150\" height=\"150\" src=\"https:\/\/hcd.malargue.gov.ar\/wp-content\/uploads\/2019\/10\/IMGP2409-2-150x150.jpg\" class=\"attachment-thumbnail size-thumbnail\" alt=\"\" \/><\/a>\n\t\t\t<\/div><\/figure><figure class='gallery-item'>\n\t\t\t<div class='gallery-icon portrait'>\n\t\t\t\t<a href='https:\/\/hcd.malargue.gov.ar\/wp-content\/uploads\/2019\/10\/IMGP2413.jpg'><img loading=\"lazy\" decoding=\"async\" width=\"150\" height=\"150\" src=\"https:\/\/hcd.malargue.gov.ar\/wp-content\/uploads\/2019\/10\/IMGP2413-150x150.jpg\" class=\"attachment-thumbnail size-thumbnail\" alt=\"\" \/><\/a>\n\t\t\t<\/div><\/figure><figure class='gallery-item'>\n\t\t\t<div class='gallery-icon portrait'>\n\t\t\t\t<a href='https:\/\/hcd.malargue.gov.ar\/wp-content\/uploads\/2019\/10\/IMGP2417.jpg'><img loading=\"lazy\" decoding=\"async\" width=\"150\" height=\"150\" src=\"https:\/\/hcd.malargue.gov.ar\/wp-content\/uploads\/2019\/10\/IMGP2417-150x150.jpg\" class=\"attachment-thumbnail size-thumbnail\" alt=\"\" \/><\/a>\n\t\t\t<\/div><\/figure><figure class='gallery-item'>\n\t\t\t<div class='gallery-icon portrait'>\n\t\t\t\t<a href='https:\/\/hcd.malargue.gov.ar\/wp-content\/uploads\/2019\/10\/IMGP2420.jpg'><img loading=\"lazy\" decoding=\"async\" width=\"150\" height=\"150\" src=\"https:\/\/hcd.malargue.gov.ar\/wp-content\/uploads\/2019\/10\/IMGP2420-150x150.jpg\" class=\"attachment-thumbnail size-thumbnail\" alt=\"\" \/><\/a>\n\t\t\t<\/div><\/figure><figure class='gallery-item'>\n\t\t\t<div class='gallery-icon landscape'>\n\t\t\t\t<a href='https:\/\/hcd.malargue.gov.ar\/wp-content\/uploads\/2019\/10\/IMGP2421.jpg'><img loading=\"lazy\" decoding=\"async\" width=\"150\" height=\"150\" src=\"https:\/\/hcd.malargue.gov.ar\/wp-content\/uploads\/2019\/10\/IMGP2421-150x150.jpg\" class=\"attachment-thumbnail size-thumbnail\" alt=\"\" \/><\/a>\n\t\t\t<\/div><\/figure><figure class='gallery-item'>\n\t\t\t<div class='gallery-icon landscape'>\n\t\t\t\t<a href='https:\/\/hcd.malargue.gov.ar\/wp-content\/uploads\/2019\/10\/IMGP2424.jpg'><img loading=\"lazy\" decoding=\"async\" width=\"150\" height=\"150\" src=\"https:\/\/hcd.malargue.gov.ar\/wp-content\/uploads\/2019\/10\/IMGP2424-150x150.jpg\" class=\"attachment-thumbnail size-thumbnail\" alt=\"\" \/><\/a>\n\t\t\t<\/div><\/figure><figure class='gallery-item'>\n\t\t\t<div class='gallery-icon landscape'>\n\t\t\t\t<a href='https:\/\/hcd.malargue.gov.ar\/wp-content\/uploads\/2019\/10\/IMGP2425.jpg'><img loading=\"lazy\" decoding=\"async\" width=\"150\" height=\"150\" src=\"https:\/\/hcd.malargue.gov.ar\/wp-content\/uploads\/2019\/10\/IMGP2425-150x150.jpg\" class=\"attachment-thumbnail size-thumbnail\" alt=\"\" \/><\/a>\n\t\t\t<\/div><\/figure><figure class='gallery-item'>\n\t\t\t<div class='gallery-icon landscape'>\n\t\t\t\t<a href='https:\/\/hcd.malargue.gov.ar\/wp-content\/uploads\/2019\/10\/IMGP2426-1.jpg'><img loading=\"lazy\" decoding=\"async\" width=\"150\" height=\"150\" src=\"https:\/\/hcd.malargue.gov.ar\/wp-content\/uploads\/2019\/10\/IMGP2426-1-150x150.jpg\" class=\"attachment-thumbnail size-thumbnail\" alt=\"\" \/><\/a>\n\t\t\t<\/div><\/figure><figure class='gallery-item'>\n\t\t\t<div class='gallery-icon portrait'>\n\t\t\t\t<a href='https:\/\/hcd.malargue.gov.ar\/wp-content\/uploads\/2019\/10\/IMGP2427.jpg'><img loading=\"lazy\" decoding=\"async\" width=\"150\" height=\"150\" src=\"https:\/\/hcd.malargue.gov.ar\/wp-content\/uploads\/2019\/10\/IMGP2427-150x150.jpg\" class=\"attachment-thumbnail size-thumbnail\" alt=\"\" \/><\/a>\n\t\t\t<\/div><\/figure>\n\t\t<\/div>\n\n","protected":false},"excerpt":{"rendered":"<p>SESI\u00d3N ORDINARIA \u2013 24 de octubre 2019 Presidi\u00f3 la Sesi\u00f3n:\u00a0\u00a0Concejal\u00a0Fernando Glatigny\u00a0\u00a0(Bloque Cambia Mendoza) Concejales Presentes: Rodolfo Cabeza,\u00a0Raul Rodr\u00edguez \u00a0(Bloque Justicialista FPV), Paola Jofre\u00a0(Bloque Somos Mendoza) Daniela Favari (Bloque Partido Justicialista)\u00a0Martin Palma\u00a0,\u00a0Juan Manuel Ojeda,\u00a0Mauricio Martinez\u00a0y\u00a0Paola Paleico\u00a0\u00a0(Bloque Cambia Mendoza) Antes del inicio de la Sesi\u00f3n convocada, el Sr. Diego Walter Mod\u00f3n hizo uso de la Banca del [&hellip;]<\/p>\n","protected":false},"author":5,"featured_media":18310,"comment_status":"closed","ping_status":"closed","sticky":false,"template":"","format":"standard","meta":{"footnotes":""},"categories":[52,58,33,36],"tags":[],"class_list":["post-18299","post","type-post","status-publish","format-standard","has-post-thumbnail","hentry","category-gacetillas","category-ordinarias","category-prensa","category-sesiones"],"yoast_head":"<!-- This site is optimized with the Yoast SEO plugin v19.10 - https:\/\/yoast.com\/wordpress\/plugins\/seo\/ -->\n<title>APROBANDO 6 PROYECTOS, EL CONCEJO DELIBERANTE LLEV\u00d3 A CABO LA 27\u00ba SESI\u00d3N ORDINARIA - Malarg\u00fce HCD<\/title>\n<meta name=\"robots\" content=\"index, follow, max-snippet:-1, max-image-preview:large, max-video-preview:-1\" \/>\n<link rel=\"canonical\" href=\"https:\/\/hcd.malargue.gov.ar\/?p=18299\" \/>\n<meta property=\"og:locale\" content=\"es_ES\" \/>\n<meta property=\"og:type\" content=\"article\" \/>\n<meta property=\"og:title\" content=\"APROBANDO 6 PROYECTOS, EL CONCEJO DELIBERANTE LLEV\u00d3 A CABO LA 27\u00ba SESI\u00d3N ORDINARIA - Malarg\u00fce HCD\" \/>\n<meta property=\"og:description\" content=\"SESI\u00d3N ORDINARIA \u2013 24 de octubre 2019 Presidi\u00f3 la Sesi\u00f3n:\u00a0\u00a0Concejal\u00a0Fernando Glatigny\u00a0\u00a0(Bloque Cambia Mendoza) Concejales Presentes: Rodolfo Cabeza,\u00a0Raul Rodr\u00edguez \u00a0(Bloque Justicialista FPV), Paola Jofre\u00a0(Bloque Somos Mendoza) Daniela Favari (Bloque Partido Justicialista)\u00a0Martin Palma\u00a0,\u00a0Juan Manuel Ojeda,\u00a0Mauricio Martinez\u00a0y\u00a0Paola Paleico\u00a0\u00a0(Bloque Cambia Mendoza) Antes del inicio de la Sesi\u00f3n convocada, el Sr. Diego Walter Mod\u00f3n hizo uso de la Banca del [&hellip;]\" \/>\n<meta property=\"og:url\" content=\"https:\/\/hcd.malargue.gov.ar\/?p=18299\" \/>\n<meta property=\"og:site_name\" content=\"Malarg\u00fce HCD\" \/>\n<meta property=\"article:published_time\" content=\"2019-10-24T14:56:56+00:00\" \/>\n<meta property=\"article:modified_time\" content=\"2019-10-24T15:23:23+00:00\" \/>\n<meta property=\"og:image\" content=\"https:\/\/hcd.malargue.gov.ar\/wp-content\/uploads\/2019\/10\/IMGP2426.jpg\" \/>\n\t<meta property=\"og:image:width\" content=\"4288\" \/>\n\t<meta property=\"og:image:height\" content=\"2848\" \/>\n\t<meta property=\"og:image:type\" content=\"image\/jpeg\" \/>\n<meta name=\"author\" content=\"Belen Pedernera Ferragut\" \/>\n<meta name=\"twitter:card\" content=\"summary_large_image\" \/>\n<meta name=\"twitter:label1\" content=\"Escrito por\" \/>\n\t<meta name=\"twitter:data1\" content=\"Belen Pedernera Ferragut\" \/>\n\t<meta name=\"twitter:label2\" content=\"Tiempo de lectura\" \/>\n\t<meta name=\"twitter:data2\" content=\"3 minutos\" \/>\n<script type=\"application\/ld+json\" class=\"yoast-schema-graph\">{\"@context\":\"https:\/\/schema.org\",\"@graph\":[{\"@type\":\"WebPage\",\"@id\":\"https:\/\/hcd.malargue.gov.ar\/?p=18299\",\"url\":\"https:\/\/hcd.malargue.gov.ar\/?p=18299\",\"name\":\"APROBANDO 6 PROYECTOS, EL CONCEJO DELIBERANTE LLEV\u00d3 A CABO LA 27\u00ba SESI\u00d3N ORDINARIA - Malarg\u00fce HCD\",\"isPartOf\":{\"@id\":\"https:\/\/hcd.malargue.gov.ar\/#website\"},\"datePublished\":\"2019-10-24T14:56:56+00:00\",\"dateModified\":\"2019-10-24T15:23:23+00:00\",\"author\":{\"@id\":\"https:\/\/hcd.malargue.gov.ar\/#\/schema\/person\/3fd6bbab64edd703961b795156c955d0\"},\"breadcrumb\":{\"@id\":\"https:\/\/hcd.malargue.gov.ar\/?p=18299#breadcrumb\"},\"inLanguage\":\"es-AR\",\"potentialAction\":[{\"@type\":\"ReadAction\",\"target\":[\"https:\/\/hcd.malargue.gov.ar\/?p=18299\"]}]},{\"@type\":\"BreadcrumbList\",\"@id\":\"https:\/\/hcd.malargue.gov.ar\/?p=18299#breadcrumb\",\"itemListElement\":[{\"@type\":\"ListItem\",\"position\":1,\"name\":\"Inicio\",\"item\":\"https:\/\/hcd.malargue.gov.ar\/\"},{\"@type\":\"ListItem\",\"position\":2,\"name\":\"APROBANDO 6 PROYECTOS, EL CONCEJO DELIBERANTE LLEV\u00d3 A CABO LA 27\u00ba SESI\u00d3N ORDINARIA\"}]},{\"@type\":\"WebSite\",\"@id\":\"https:\/\/hcd.malargue.gov.ar\/#website\",\"url\":\"https:\/\/hcd.malargue.gov.ar\/\",\"name\":\"Malarg\u00fce HCD\",\"description\":\"Malarg\u00fce Mendoza Argentina\",\"potentialAction\":[{\"@type\":\"SearchAction\",\"target\":{\"@type\":\"EntryPoint\",\"urlTemplate\":\"https:\/\/hcd.malargue.gov.ar\/?s={search_term_string}\"},\"query-input\":\"required name=search_term_string\"}],\"inLanguage\":\"es-AR\"},{\"@type\":\"Person\",\"@id\":\"https:\/\/hcd.malargue.gov.ar\/#\/schema\/person\/3fd6bbab64edd703961b795156c955d0\",\"name\":\"Belen Pedernera Ferragut\",\"image\":{\"@type\":\"ImageObject\",\"inLanguage\":\"es-AR\",\"@id\":\"https:\/\/hcd.malargue.gov.ar\/#\/schema\/person\/image\/\",\"url\":\"https:\/\/secure.gravatar.com\/avatar\/1054ffab3893de4bb3eb29bdd22f7e34b8537bf5d34d9dab311818154ad5b71f?s=96&d=mm&r=g\",\"contentUrl\":\"https:\/\/secure.gravatar.com\/avatar\/1054ffab3893de4bb3eb29bdd22f7e34b8537bf5d34d9dab311818154ad5b71f?s=96&d=mm&r=g\",\"caption\":\"Belen Pedernera Ferragut\"},\"url\":\"https:\/\/hcd.malargue.gov.ar\/?author=5\"}]}<\/script>\n<!-- \/ Yoast SEO plugin. -->","yoast_head_json":{"title":"APROBANDO 6 PROYECTOS, EL CONCEJO DELIBERANTE LLEV\u00d3 A CABO LA 27\u00ba SESI\u00d3N ORDINARIA - Malarg\u00fce HCD","robots":{"index":"index","follow":"follow","max-snippet":"max-snippet:-1","max-image-preview":"max-image-preview:large","max-video-preview":"max-video-preview:-1"},"canonical":"https:\/\/hcd.malargue.gov.ar\/?p=18299","og_locale":"es_ES","og_type":"article","og_title":"APROBANDO 6 PROYECTOS, EL CONCEJO DELIBERANTE LLEV\u00d3 A CABO LA 27\u00ba SESI\u00d3N ORDINARIA - Malarg\u00fce HCD","og_description":"SESI\u00d3N ORDINARIA \u2013 24 de octubre 2019 Presidi\u00f3 la Sesi\u00f3n:\u00a0\u00a0Concejal\u00a0Fernando Glatigny\u00a0\u00a0(Bloque Cambia Mendoza) Concejales Presentes: Rodolfo Cabeza,\u00a0Raul Rodr\u00edguez \u00a0(Bloque Justicialista FPV), Paola Jofre\u00a0(Bloque Somos Mendoza) Daniela Favari (Bloque Partido Justicialista)\u00a0Martin Palma\u00a0,\u00a0Juan Manuel Ojeda,\u00a0Mauricio Martinez\u00a0y\u00a0Paola Paleico\u00a0\u00a0(Bloque Cambia Mendoza) Antes del inicio de la Sesi\u00f3n convocada, el Sr. Diego Walter Mod\u00f3n hizo uso de la Banca del [&hellip;]","og_url":"https:\/\/hcd.malargue.gov.ar\/?p=18299","og_site_name":"Malarg\u00fce HCD","article_published_time":"2019-10-24T14:56:56+00:00","article_modified_time":"2019-10-24T15:23:23+00:00","og_image":[{"width":4288,"height":2848,"url":"https:\/\/hcd.malargue.gov.ar\/wp-content\/uploads\/2019\/10\/IMGP2426.jpg","type":"image\/jpeg"}],"author":"Belen Pedernera Ferragut","twitter_card":"summary_large_image","twitter_misc":{"Escrito por":"Belen Pedernera Ferragut","Tiempo de lectura":"3 minutos"},"schema":{"@context":"https:\/\/schema.org","@graph":[{"@type":"WebPage","@id":"https:\/\/hcd.malargue.gov.ar\/?p=18299","url":"https:\/\/hcd.malargue.gov.ar\/?p=18299","name":"APROBANDO 6 PROYECTOS, EL CONCEJO DELIBERANTE LLEV\u00d3 A CABO LA 27\u00ba SESI\u00d3N ORDINARIA - Malarg\u00fce HCD","isPartOf":{"@id":"https:\/\/hcd.malargue.gov.ar\/#website"},"datePublished":"2019-10-24T14:56:56+00:00","dateModified":"2019-10-24T15:23:23+00:00","author":{"@id":"https:\/\/hcd.malargue.gov.ar\/#\/schema\/person\/3fd6bbab64edd703961b795156c955d0"},"breadcrumb":{"@id":"https:\/\/hcd.malargue.gov.ar\/?p=18299#breadcrumb"},"inLanguage":"es-AR","potentialAction":[{"@type":"ReadAction","target":["https:\/\/hcd.malargue.gov.ar\/?p=18299"]}]},{"@type":"BreadcrumbList","@id":"https:\/\/hcd.malargue.gov.ar\/?p=18299#breadcrumb","itemListElement":[{"@type":"ListItem","position":1,"name":"Inicio","item":"https:\/\/hcd.malargue.gov.ar\/"},{"@type":"ListItem","position":2,"name":"APROBANDO 6 PROYECTOS, EL CONCEJO DELIBERANTE LLEV\u00d3 A CABO LA 27\u00ba SESI\u00d3N ORDINARIA"}]},{"@type":"WebSite","@id":"https:\/\/hcd.malargue.gov.ar\/#website","url":"https:\/\/hcd.malargue.gov.ar\/","name":"Malarg\u00fce HCD","description":"Malarg\u00fce Mendoza Argentina","potentialAction":[{"@type":"SearchAction","target":{"@type":"EntryPoint","urlTemplate":"https:\/\/hcd.malargue.gov.ar\/?s={search_term_string}"},"query-input":"required name=search_term_string"}],"inLanguage":"es-AR"},{"@type":"Person","@id":"https:\/\/hcd.malargue.gov.ar\/#\/schema\/person\/3fd6bbab64edd703961b795156c955d0","name":"Belen Pedernera Ferragut","image":{"@type":"ImageObject","inLanguage":"es-AR","@id":"https:\/\/hcd.malargue.gov.ar\/#\/schema\/person\/image\/","url":"https:\/\/secure.gravatar.com\/avatar\/1054ffab3893de4bb3eb29bdd22f7e34b8537bf5d34d9dab311818154ad5b71f?s=96&d=mm&r=g","contentUrl":"https:\/\/secure.gravatar.com\/avatar\/1054ffab3893de4bb3eb29bdd22f7e34b8537bf5d34d9dab311818154ad5b71f?s=96&d=mm&r=g","caption":"Belen Pedernera Ferragut"},"url":"https:\/\/hcd.malargue.gov.ar\/?author=5"}]}},"_links":{"self":[{"href":"https:\/\/hcd.malargue.gov.ar\/index.php?rest_route=\/wp\/v2\/posts\/18299","targetHints":{"allow":["GET"]}}],"collection":[{"href":"https:\/\/hcd.malargue.gov.ar\/index.php?rest_route=\/wp\/v2\/posts"}],"about":[{"href":"https:\/\/hcd.malargue.gov.ar\/index.php?rest_route=\/wp\/v2\/types\/post"}],"author":[{"embeddable":true,"href":"https:\/\/hcd.malargue.gov.ar\/index.php?rest_route=\/wp\/v2\/users\/5"}],"replies":[{"embeddable":true,"href":"https:\/\/hcd.malargue.gov.ar\/index.php?rest_route=%2Fwp%2Fv2%2Fcomments&post=18299"}],"version-history":[{"count":0,"href":"https:\/\/hcd.malargue.gov.ar\/index.php?rest_route=\/wp\/v2\/posts\/18299\/revisions"}],"wp:featuredmedia":[{"embeddable":true,"href":"https:\/\/hcd.malargue.gov.ar\/index.php?rest_route=\/wp\/v2\/media\/18310"}],"wp:attachment":[{"href":"https:\/\/hcd.malargue.gov.ar\/index.php?rest_route=%2Fwp%2Fv2%2Fmedia&parent=18299"}],"wp:term":[{"taxonomy":"category","embeddable":true,"href":"https:\/\/hcd.malargue.gov.ar\/index.php?rest_route=%2Fwp%2Fv2%2Fcategories&post=18299"},{"taxonomy":"post_tag","embeddable":true,"href":"https:\/\/hcd.malargue.gov.ar\/index.php?rest_route=%2Fwp%2Fv2%2Ftags&post=18299"}],"curies":[{"name":"wp","href":"https:\/\/api.w.org\/{rel}","templated":true}]}}