{"id":18538,"date":"2019-11-04T12:20:31","date_gmt":"2019-11-04T15:20:31","guid":{"rendered":"https:\/\/hcd.malargue.gov.ar\/?p=18538"},"modified":"2019-12-16T09:23:13","modified_gmt":"2019-12-16T12:23:13","slug":"favari-jofre-y-palma-elegidos-como-integrantes-de-la-comision-de-poderes","status":"publish","type":"post","link":"https:\/\/hcd.malargue.gov.ar\/?p=18538","title":{"rendered":"FAVARI, JOFR\u00c9 Y PALMA , INTEGRANTES DE LA COMISI\u00d3N QUE EVALUAR\u00c1 LOS DIPLOMAS DE LOS CONCEJALES ELECTOS"},"content":{"rendered":"<p>Fue este lunes 4 de noviembre en la Sala de Sesiones Dr. Ricardo Balb\u00edn del Concejo Deliberante, en la Sesi\u00f3n Especial celebrada a las 11:30 hs. Tal como lo dispone el art\u00edculo 45\u00ba de la Ley N\u00ba 1.079 Org\u00e1nica de Municipalidades y el Art\u00edculo 197\u00ba de la Constituci\u00f3n Provincial, qued\u00f3 conformada la Comisi\u00f3n de Poderes, que deber\u00e1 juzgar la validez o nulidad de la elecci\u00f3n y la calidad de los Concejales electos en las elecciones p.p.<\/p>\n<p>El acto cont\u00f3 con la presencia de los concejales Rodolfo Cabeza, Raul Rodr\u00edguez (Bloque Justicialista FPV), Jos\u00e9 Barro, Paola <a href=\"https:\/\/www.facebook.com\/paolafer.gonzalezjofre?__tn__=K-R&amp;eid=ARDCakJJCC46y90Kliroul66qnA9Ab2OBd94PXXTHGb7qcpCSxDi5P1G6QkNaRA5BM9l0ImhWRqyj3zm&amp;fref=mentions&amp;__xts__%5B0%5D=68.ARDmSN2Rx1qbBVk8DtQG_Qt2OBvoM8dGcTpbhkyQ-iiK9dXL3oGnZx222bOUR0qjhncKejMTHeOsz5QhLXw8yW2wr9T5uGpnXJnkKgEKigjEcUo12Lb3mPNmkrqaN-7izw0wLKrsaT37IUomGlChV2X0i_GJg4eyyiMrla1VclGeFY-WRu9YB2mBaThryDdczPlc3P0kazuwwD7rmjtRipEsrdb2L9d2supcRFMN_0GrPMDLdqz-bTDZcnVFkg6AOv3CJbSSIX2GMalcAiLXFnc5PVJy027DplPTPo5ciU2l5yMpqXa3NKAOBwHgALZJcmr36Xt6dq5CFdyyVWXmqCs\" data-hovercard=\"\/ajax\/hovercard\/user.php?id=1186623343&amp;extragetparams=%7B%22__tn__%22%3A%22%2CdK-R-R%22%2C%22eid%22%3A%22ARDCakJJCC46y90Kliroul66qnA9Ab2OBd94PXXTHGb7qcpCSxDi5P1G6QkNaRA5BM9l0ImhWRqyj3zm%22%2C%22fref%22%3A%22mentions%22%7D&amp;av=361313671036059&amp;eav=AfakCvfYKlOv07u0PXFiAQ8vAoJrMcyB2aBOzJhR-llyrRKjJgBb_GRoAIQ_hPTvydE\" data-hovercard-prefer-more-content-show=\"1\">Jofre<\/a>\u00a0(Bloque Somos Mendoza) Daniela Favari (Bloque Partido Justicialista)\u00a0<a href=\"https:\/\/www.facebook.com\/martin.palma.526?__tn__=K-R&amp;eid=ARC3ZTZMkX2N4GJ_ValvAdr4v-vyUPMhYMs7PeknGK-k1pJCSMomwvX1QK8uCBHypCElThuD3-_r5dd8&amp;fref=mentions&amp;__xts__%5B0%5D=68.ARDmSN2Rx1qbBVk8DtQG_Qt2OBvoM8dGcTpbhkyQ-iiK9dXL3oGnZx222bOUR0qjhncKejMTHeOsz5QhLXw8yW2wr9T5uGpnXJnkKgEKigjEcUo12Lb3mPNmkrqaN-7izw0wLKrsaT37IUomGlChV2X0i_GJg4eyyiMrla1VclGeFY-WRu9YB2mBaThryDdczPlc3P0kazuwwD7rmjtRipEsrdb2L9d2supcRFMN_0GrPMDLdqz-bTDZcnVFkg6AOv3CJbSSIX2GMalcAiLXFnc5PVJy027DplPTPo5ciU2l5yMpqXa3NKAOBwHgALZJcmr36Xt6dq5CFdyyVWXmqCs\" data-hovercard=\"\/ajax\/hovercard\/user.php?id=100003067710365&amp;extragetparams=%7B%22__tn__%22%3A%22%2CdK-R-R%22%2C%22eid%22%3A%22ARC3ZTZMkX2N4GJ_ValvAdr4v-vyUPMhYMs7PeknGK-k1pJCSMomwvX1QK8uCBHypCElThuD3-_r5dd8%22%2C%22fref%22%3A%22mentions%22%7D&amp;av=361313671036059&amp;eav=AfbeHS2oSrnMLr7F_SbYHc6jqNcyeWp_RQuB_UIdfpelErXJDJ4p4QQjBwMGHhKlwiY\" data-hovercard-prefer-more-content-show=\"1\">Martin Palma<\/a>\u00a0,\u00a0<a href=\"https:\/\/www.facebook.com\/juanmanuel.ojeda.986\" target=\"_blank\" rel=\"noopener noreferrer\">Juan Manuel Ojeda<\/a>,\u00a0<a href=\"https:\/\/www.facebook.com\/mauricio.martinez.71465572?__tn__=K-R&amp;eid=ARCpPys5GAPGJtVgu7dIIO6oBRlV4IJE2Dt9nIKVcAFYWhbVRm-IkfS8XjW3siYmBXqnNI-2viHOsCe2&amp;fref=mentions&amp;__xts__%5B0%5D=68.ARDmSN2Rx1qbBVk8DtQG_Qt2OBvoM8dGcTpbhkyQ-iiK9dXL3oGnZx222bOUR0qjhncKejMTHeOsz5QhLXw8yW2wr9T5uGpnXJnkKgEKigjEcUo12Lb3mPNmkrqaN-7izw0wLKrsaT37IUomGlChV2X0i_GJg4eyyiMrla1VclGeFY-WRu9YB2mBaThryDdczPlc3P0kazuwwD7rmjtRipEsrdb2L9d2supcRFMN_0GrPMDLdqz-bTDZcnVFkg6AOv3CJbSSIX2GMalcAiLXFnc5PVJy027DplPTPo5ciU2l5yMpqXa3NKAOBwHgALZJcmr36Xt6dq5CFdyyVWXmqCs\" data-hovercard=\"\/ajax\/hovercard\/user.php?id=1347072991&amp;extragetparams=%7B%22__tn__%22%3A%22%2CdK-R-R%22%2C%22eid%22%3A%22ARCpPys5GAPGJtVgu7dIIO6oBRlV4IJE2Dt9nIKVcAFYWhbVRm-IkfS8XjW3siYmBXqnNI-2viHOsCe2%22%2C%22fref%22%3A%22mentions%22%7D&amp;av=361313671036059&amp;eav=AfbrNx55Dvzje4miB2FYAtR9Ce5HDL_7w-aUWNpn_czw--nskzYRPLlG_un0nd9ln3Q\" data-hovercard-prefer-more-content-show=\"1\">Mauricio Martinez<\/a>\u00a0y\u00a0<a href=\"https:\/\/www.facebook.com\/paola.paleico\" target=\"_blank\" rel=\"noopener noreferrer\">Paola Paleico<\/a>\u00a0\u00a0(Bloque Cambia Mendoza)<\/p>\n<p>La sesi\u00f3n fue presidida por el Concejal\u00a0<a href=\"https:\/\/www.facebook.com\/fernando.glatigny?__tn__=K-R&amp;eid=ARDy0jr1w0tdsB44p_24sX_RFGOUUkaQWtD1SmlMWilBoYPReJren5ogg8IwAnsFHiXIBCIHlSszWJxO&amp;fref=mentions&amp;__xts__%5B0%5D=68.ARDmSN2Rx1qbBVk8DtQG_Qt2OBvoM8dGcTpbhkyQ-iiK9dXL3oGnZx222bOUR0qjhncKejMTHeOsz5QhLXw8yW2wr9T5uGpnXJnkKgEKigjEcUo12Lb3mPNmkrqaN-7izw0wLKrsaT37IUomGlChV2X0i_GJg4eyyiMrla1VclGeFY-WRu9YB2mBaThryDdczPlc3P0kazuwwD7rmjtRipEsrdb2L9d2supcRFMN_0GrPMDLdqz-bTDZcnVFkg6AOv3CJbSSIX2GMalcAiLXFnc5PVJy027DplPTPo5ciU2l5yMpqXa3NKAOBwHgALZJcmr36Xt6dq5CFdyyVWXmqCs\" data-hovercard=\"\/ajax\/hovercard\/user.php?id=100000269621744&amp;extragetparams=%7B%22__tn__%22%3A%22%2CdK-R-R%22%2C%22eid%22%3A%22ARDy0jr1w0tdsB44p_24sX_RFGOUUkaQWtD1SmlMWilBoYPReJren5ogg8IwAnsFHiXIBCIHlSszWJxO%22%2C%22fref%22%3A%22mentions%22%7D&amp;av=361313671036059&amp;eav=AfZCN0Ln-Hv5KNbJ0zOesk8My7GVHj1F5ho_Rqsry_3QLe4CbOOaV8BJx7JFVgYPLII\" data-hovercard-prefer-more-content-show=\"1\">Fernando Glatigny\u00a0\u00a0<\/a>(Bloque Cambia Mendoza)<\/p>\n<p>Tras el acto de izar la Ense\u00f1a Patria , El Edil Jos\u00e9 Barro (Bloque Somos Mendoza), en uso de la palabra mocion\u00f3 a favor de Paola Jofr\u00e9 Edil que integra el Bloque que \u00e9l preside; aprobada esta moci\u00f3n los Concejales procedieron votar\u00a0 por la moci\u00f3n presentada por Fernando Glatigny, presidente del Cuerpo,\u00a0 a favor de que los Concejales Daniela Favari del Bloque Partido Justicialista y el Concejal Martin Palma del Bloque Cambia Mendoza, formen parte de\u00a0 la Comisi\u00f3n especial.<\/p>\n<p>De este modo y luego de la votaci\u00f3n los Ediles Daniela Favari, Paola Jofr\u00e9 y Mart\u00edn Palma se consagraron miembros integrantes de la Comisi\u00f3n de Poderes <a href=\"https:\/\/hcd.malargue.gov.ar\/pdf\/Rn%20498%202019%20Conformacion%20de%20%20la%20Comision%20Especial%20de%20Poderes.pdf\" target=\"_blank\" rel=\"noopener noreferrer\">(Resoluci\u00f3n N\u00ba 498\/2.019)<\/a><\/p>\n<p>En los pr\u00f3ximos d\u00edas, cuando se reanude la sesi\u00f3n se conocer\u00e1 el despacho emitido por la Comisi\u00f3n de poderes respecto a los diplomas de los Concejales electos : Gabriel Rosas, Paola Lorena Rojo , Daiana Varas por el Frente Cambia Mendoza;\u00a0 Silvia Correa\u00a0 y Andres Risi por Alianza Eleg\u00ed Mendoza Frente Pol\u00edtico y Social.<\/p>\n<p>Marcia Sep\u00falveda- Prensa HCD<\/p>\n<div id='gallery-1' class='gallery galleryid-18538 gallery-columns-7 gallery-size-thumbnail'><figure class='gallery-item'>\n\t\t\t<div class='gallery-icon portrait'>\n\t\t\t\t<a href='https:\/\/hcd.malargue.gov.ar\/wp-content\/uploads\/2019\/11\/IMGP2607.jpg'><img loading=\"lazy\" decoding=\"async\" width=\"150\" height=\"150\" src=\"https:\/\/hcd.malargue.gov.ar\/wp-content\/uploads\/2019\/11\/IMGP2607-150x150.jpg\" class=\"attachment-thumbnail size-thumbnail\" alt=\"\" \/><\/a>\n\t\t\t<\/div><\/figure><figure class='gallery-item'>\n\t\t\t<div class='gallery-icon portrait'>\n\t\t\t\t<a href='https:\/\/hcd.malargue.gov.ar\/wp-content\/uploads\/2019\/11\/IMGP2609.jpg'><img loading=\"lazy\" decoding=\"async\" width=\"150\" height=\"150\" src=\"https:\/\/hcd.malargue.gov.ar\/wp-content\/uploads\/2019\/11\/IMGP2609-150x150.jpg\" class=\"attachment-thumbnail size-thumbnail\" alt=\"\" \/><\/a>\n\t\t\t<\/div><\/figure><figure class='gallery-item'>\n\t\t\t<div class='gallery-icon landscape'>\n\t\t\t\t<a href='https:\/\/hcd.malargue.gov.ar\/wp-content\/uploads\/2019\/11\/IMGP2610.jpg'><img loading=\"lazy\" decoding=\"async\" width=\"150\" height=\"150\" src=\"https:\/\/hcd.malargue.gov.ar\/wp-content\/uploads\/2019\/11\/IMGP2610-150x150.jpg\" class=\"attachment-thumbnail size-thumbnail\" alt=\"\" \/><\/a>\n\t\t\t<\/div><\/figure><figure class='gallery-item'>\n\t\t\t<div class='gallery-icon portrait'>\n\t\t\t\t<a href='https:\/\/hcd.malargue.gov.ar\/wp-content\/uploads\/2019\/11\/IMGP2611.jpg'><img loading=\"lazy\" decoding=\"async\" width=\"150\" height=\"150\" src=\"https:\/\/hcd.malargue.gov.ar\/wp-content\/uploads\/2019\/11\/IMGP2611-150x150.jpg\" class=\"attachment-thumbnail size-thumbnail\" alt=\"\" \/><\/a>\n\t\t\t<\/div><\/figure><figure class='gallery-item'>\n\t\t\t<div class='gallery-icon landscape'>\n\t\t\t\t<a href='https:\/\/hcd.malargue.gov.ar\/wp-content\/uploads\/2019\/11\/IMGP2613.jpg'><img loading=\"lazy\" decoding=\"async\" width=\"150\" height=\"150\" src=\"https:\/\/hcd.malargue.gov.ar\/wp-content\/uploads\/2019\/11\/IMGP2613-150x150.jpg\" class=\"attachment-thumbnail size-thumbnail\" alt=\"\" \/><\/a>\n\t\t\t<\/div><\/figure><figure class='gallery-item'>\n\t\t\t<div class='gallery-icon landscape'>\n\t\t\t\t<a href='https:\/\/hcd.malargue.gov.ar\/wp-content\/uploads\/2019\/11\/IMGP2614.jpg'><img loading=\"lazy\" decoding=\"async\" width=\"150\" height=\"150\" src=\"https:\/\/hcd.malargue.gov.ar\/wp-content\/uploads\/2019\/11\/IMGP2614-150x150.jpg\" class=\"attachment-thumbnail size-thumbnail\" alt=\"\" \/><\/a>\n\t\t\t<\/div><\/figure><figure class='gallery-item'>\n\t\t\t<div class='gallery-icon landscape'>\n\t\t\t\t<a href='https:\/\/hcd.malargue.gov.ar\/wp-content\/uploads\/2019\/11\/IMGP2615.jpg'><img loading=\"lazy\" decoding=\"async\" width=\"150\" height=\"150\" src=\"https:\/\/hcd.malargue.gov.ar\/wp-content\/uploads\/2019\/11\/IMGP2615-150x150.jpg\" class=\"attachment-thumbnail size-thumbnail\" alt=\"\" \/><\/a>\n\t\t\t<\/div><\/figure>\n\t\t<\/div>\n\n","protected":false},"excerpt":{"rendered":"<p>Fue este lunes 4 de noviembre en la Sala de Sesiones Dr. Ricardo Balb\u00edn del Concejo Deliberante, en la Sesi\u00f3n Especial celebrada a las 11:30 hs. Tal como lo dispone el art\u00edculo 45\u00ba de la Ley N\u00ba 1.079 Org\u00e1nica de Municipalidades y el Art\u00edculo 197\u00ba de la Constituci\u00f3n Provincial, qued\u00f3 conformada la Comisi\u00f3n de Poderes, [&hellip;]<\/p>\n","protected":false},"author":4,"featured_media":18544,"comment_status":"closed","ping_status":"closed","sticky":false,"template":"","format":"standard","meta":{"footnotes":""},"categories":[56,52,33,36],"tags":[],"class_list":["post-18538","post","type-post","status-publish","format-standard","has-post-thumbnail","hentry","category-especiales","category-gacetillas","category-prensa","category-sesiones"],"yoast_head":"<!-- This site is optimized with the Yoast SEO plugin v19.10 - https:\/\/yoast.com\/wordpress\/plugins\/seo\/ -->\n<title>FAVARI, JOFR\u00c9 Y PALMA , INTEGRANTES DE LA COMISI\u00d3N QUE EVALUAR\u00c1 LOS DIPLOMAS DE LOS CONCEJALES ELECTOS - Malarg\u00fce HCD<\/title>\n<meta name=\"robots\" content=\"index, follow, max-snippet:-1, max-image-preview:large, max-video-preview:-1\" \/>\n<link rel=\"canonical\" href=\"https:\/\/hcd.malargue.gov.ar\/?p=18538\" \/>\n<meta property=\"og:locale\" content=\"es_ES\" \/>\n<meta property=\"og:type\" content=\"article\" \/>\n<meta property=\"og:title\" content=\"FAVARI, JOFR\u00c9 Y PALMA , INTEGRANTES DE LA COMISI\u00d3N QUE EVALUAR\u00c1 LOS DIPLOMAS DE LOS CONCEJALES ELECTOS - Malarg\u00fce HCD\" \/>\n<meta property=\"og:description\" content=\"Fue este lunes 4 de noviembre en la Sala de Sesiones Dr. Ricardo Balb\u00edn del Concejo Deliberante, en la Sesi\u00f3n Especial celebrada a las 11:30 hs. Tal como lo dispone el art\u00edculo 45\u00ba de la Ley N\u00ba 1.079 Org\u00e1nica de Municipalidades y el Art\u00edculo 197\u00ba de la Constituci\u00f3n Provincial, qued\u00f3 conformada la Comisi\u00f3n de Poderes, [&hellip;]\" \/>\n<meta property=\"og:url\" content=\"https:\/\/hcd.malargue.gov.ar\/?p=18538\" \/>\n<meta property=\"og:site_name\" content=\"Malarg\u00fce HCD\" \/>\n<meta property=\"article:published_time\" content=\"2019-11-04T15:20:31+00:00\" \/>\n<meta property=\"article:modified_time\" content=\"2019-12-16T12:23:13+00:00\" \/>\n<meta property=\"og:image\" content=\"https:\/\/hcd.malargue.gov.ar\/wp-content\/uploads\/2019\/11\/IMGP2616-2.jpg\" \/>\n\t<meta property=\"og:image:width\" content=\"3871\" \/>\n\t<meta property=\"og:image:height\" content=\"2506\" \/>\n\t<meta property=\"og:image:type\" content=\"image\/jpeg\" \/>\n<meta name=\"author\" content=\"Marcia Sepulveda\" \/>\n<meta name=\"twitter:card\" content=\"summary_large_image\" \/>\n<meta name=\"twitter:label1\" content=\"Escrito por\" \/>\n\t<meta name=\"twitter:data1\" content=\"Marcia Sepulveda\" \/>\n\t<meta name=\"twitter:label2\" content=\"Tiempo de lectura\" \/>\n\t<meta name=\"twitter:data2\" content=\"2 minutos\" \/>\n<script type=\"application\/ld+json\" class=\"yoast-schema-graph\">{\"@context\":\"https:\/\/schema.org\",\"@graph\":[{\"@type\":\"WebPage\",\"@id\":\"https:\/\/hcd.malargue.gov.ar\/?p=18538\",\"url\":\"https:\/\/hcd.malargue.gov.ar\/?p=18538\",\"name\":\"FAVARI, JOFR\u00c9 Y PALMA , INTEGRANTES DE LA COMISI\u00d3N QUE EVALUAR\u00c1 LOS DIPLOMAS DE LOS CONCEJALES ELECTOS - Malarg\u00fce HCD\",\"isPartOf\":{\"@id\":\"https:\/\/hcd.malargue.gov.ar\/#website\"},\"datePublished\":\"2019-11-04T15:20:31+00:00\",\"dateModified\":\"2019-12-16T12:23:13+00:00\",\"author\":{\"@id\":\"https:\/\/hcd.malargue.gov.ar\/#\/schema\/person\/c02f28730a528313e04d34aba071fe06\"},\"breadcrumb\":{\"@id\":\"https:\/\/hcd.malargue.gov.ar\/?p=18538#breadcrumb\"},\"inLanguage\":\"es-AR\",\"potentialAction\":[{\"@type\":\"ReadAction\",\"target\":[\"https:\/\/hcd.malargue.gov.ar\/?p=18538\"]}]},{\"@type\":\"BreadcrumbList\",\"@id\":\"https:\/\/hcd.malargue.gov.ar\/?p=18538#breadcrumb\",\"itemListElement\":[{\"@type\":\"ListItem\",\"position\":1,\"name\":\"Inicio\",\"item\":\"https:\/\/hcd.malargue.gov.ar\/\"},{\"@type\":\"ListItem\",\"position\":2,\"name\":\"FAVARI, JOFR\u00c9 Y PALMA , INTEGRANTES DE LA COMISI\u00d3N QUE EVALUAR\u00c1 LOS DIPLOMAS DE LOS CONCEJALES ELECTOS\"}]},{\"@type\":\"WebSite\",\"@id\":\"https:\/\/hcd.malargue.gov.ar\/#website\",\"url\":\"https:\/\/hcd.malargue.gov.ar\/\",\"name\":\"Malarg\u00fce HCD\",\"description\":\"Malarg\u00fce Mendoza Argentina\",\"potentialAction\":[{\"@type\":\"SearchAction\",\"target\":{\"@type\":\"EntryPoint\",\"urlTemplate\":\"https:\/\/hcd.malargue.gov.ar\/?s={search_term_string}\"},\"query-input\":\"required name=search_term_string\"}],\"inLanguage\":\"es-AR\"},{\"@type\":\"Person\",\"@id\":\"https:\/\/hcd.malargue.gov.ar\/#\/schema\/person\/c02f28730a528313e04d34aba071fe06\",\"name\":\"Marcia Sepulveda\",\"image\":{\"@type\":\"ImageObject\",\"inLanguage\":\"es-AR\",\"@id\":\"https:\/\/hcd.malargue.gov.ar\/#\/schema\/person\/image\/\",\"url\":\"https:\/\/secure.gravatar.com\/avatar\/3557e3bccdef0a5d4de0476d077c8920f0638f6f0bd05553351eb0e70d99f241?s=96&d=mm&r=g\",\"contentUrl\":\"https:\/\/secure.gravatar.com\/avatar\/3557e3bccdef0a5d4de0476d077c8920f0638f6f0bd05553351eb0e70d99f241?s=96&d=mm&r=g\",\"caption\":\"Marcia Sepulveda\"},\"url\":\"https:\/\/hcd.malargue.gov.ar\/?author=4\"}]}<\/script>\n<!-- \/ Yoast SEO plugin. -->","yoast_head_json":{"title":"FAVARI, JOFR\u00c9 Y PALMA , INTEGRANTES DE LA COMISI\u00d3N QUE EVALUAR\u00c1 LOS DIPLOMAS DE LOS CONCEJALES ELECTOS - Malarg\u00fce HCD","robots":{"index":"index","follow":"follow","max-snippet":"max-snippet:-1","max-image-preview":"max-image-preview:large","max-video-preview":"max-video-preview:-1"},"canonical":"https:\/\/hcd.malargue.gov.ar\/?p=18538","og_locale":"es_ES","og_type":"article","og_title":"FAVARI, JOFR\u00c9 Y PALMA , INTEGRANTES DE LA COMISI\u00d3N QUE EVALUAR\u00c1 LOS DIPLOMAS DE LOS CONCEJALES ELECTOS - Malarg\u00fce HCD","og_description":"Fue este lunes 4 de noviembre en la Sala de Sesiones Dr. Ricardo Balb\u00edn del Concejo Deliberante, en la Sesi\u00f3n Especial celebrada a las 11:30 hs. Tal como lo dispone el art\u00edculo 45\u00ba de la Ley N\u00ba 1.079 Org\u00e1nica de Municipalidades y el Art\u00edculo 197\u00ba de la Constituci\u00f3n Provincial, qued\u00f3 conformada la Comisi\u00f3n de Poderes, [&hellip;]","og_url":"https:\/\/hcd.malargue.gov.ar\/?p=18538","og_site_name":"Malarg\u00fce HCD","article_published_time":"2019-11-04T15:20:31+00:00","article_modified_time":"2019-12-16T12:23:13+00:00","og_image":[{"width":3871,"height":2506,"url":"https:\/\/hcd.malargue.gov.ar\/wp-content\/uploads\/2019\/11\/IMGP2616-2.jpg","type":"image\/jpeg"}],"author":"Marcia Sepulveda","twitter_card":"summary_large_image","twitter_misc":{"Escrito por":"Marcia Sepulveda","Tiempo de lectura":"2 minutos"},"schema":{"@context":"https:\/\/schema.org","@graph":[{"@type":"WebPage","@id":"https:\/\/hcd.malargue.gov.ar\/?p=18538","url":"https:\/\/hcd.malargue.gov.ar\/?p=18538","name":"FAVARI, JOFR\u00c9 Y PALMA , INTEGRANTES DE LA COMISI\u00d3N QUE EVALUAR\u00c1 LOS DIPLOMAS DE LOS CONCEJALES ELECTOS - Malarg\u00fce HCD","isPartOf":{"@id":"https:\/\/hcd.malargue.gov.ar\/#website"},"datePublished":"2019-11-04T15:20:31+00:00","dateModified":"2019-12-16T12:23:13+00:00","author":{"@id":"https:\/\/hcd.malargue.gov.ar\/#\/schema\/person\/c02f28730a528313e04d34aba071fe06"},"breadcrumb":{"@id":"https:\/\/hcd.malargue.gov.ar\/?p=18538#breadcrumb"},"inLanguage":"es-AR","potentialAction":[{"@type":"ReadAction","target":["https:\/\/hcd.malargue.gov.ar\/?p=18538"]}]},{"@type":"BreadcrumbList","@id":"https:\/\/hcd.malargue.gov.ar\/?p=18538#breadcrumb","itemListElement":[{"@type":"ListItem","position":1,"name":"Inicio","item":"https:\/\/hcd.malargue.gov.ar\/"},{"@type":"ListItem","position":2,"name":"FAVARI, JOFR\u00c9 Y PALMA , INTEGRANTES DE LA COMISI\u00d3N QUE EVALUAR\u00c1 LOS DIPLOMAS DE LOS CONCEJALES ELECTOS"}]},{"@type":"WebSite","@id":"https:\/\/hcd.malargue.gov.ar\/#website","url":"https:\/\/hcd.malargue.gov.ar\/","name":"Malarg\u00fce HCD","description":"Malarg\u00fce Mendoza Argentina","potentialAction":[{"@type":"SearchAction","target":{"@type":"EntryPoint","urlTemplate":"https:\/\/hcd.malargue.gov.ar\/?s={search_term_string}"},"query-input":"required name=search_term_string"}],"inLanguage":"es-AR"},{"@type":"Person","@id":"https:\/\/hcd.malargue.gov.ar\/#\/schema\/person\/c02f28730a528313e04d34aba071fe06","name":"Marcia Sepulveda","image":{"@type":"ImageObject","inLanguage":"es-AR","@id":"https:\/\/hcd.malargue.gov.ar\/#\/schema\/person\/image\/","url":"https:\/\/secure.gravatar.com\/avatar\/3557e3bccdef0a5d4de0476d077c8920f0638f6f0bd05553351eb0e70d99f241?s=96&d=mm&r=g","contentUrl":"https:\/\/secure.gravatar.com\/avatar\/3557e3bccdef0a5d4de0476d077c8920f0638f6f0bd05553351eb0e70d99f241?s=96&d=mm&r=g","caption":"Marcia Sepulveda"},"url":"https:\/\/hcd.malargue.gov.ar\/?author=4"}]}},"_links":{"self":[{"href":"https:\/\/hcd.malargue.gov.ar\/index.php?rest_route=\/wp\/v2\/posts\/18538","targetHints":{"allow":["GET"]}}],"collection":[{"href":"https:\/\/hcd.malargue.gov.ar\/index.php?rest_route=\/wp\/v2\/posts"}],"about":[{"href":"https:\/\/hcd.malargue.gov.ar\/index.php?rest_route=\/wp\/v2\/types\/post"}],"author":[{"embeddable":true,"href":"https:\/\/hcd.malargue.gov.ar\/index.php?rest_route=\/wp\/v2\/users\/4"}],"replies":[{"embeddable":true,"href":"https:\/\/hcd.malargue.gov.ar\/index.php?rest_route=%2Fwp%2Fv2%2Fcomments&post=18538"}],"version-history":[{"count":0,"href":"https:\/\/hcd.malargue.gov.ar\/index.php?rest_route=\/wp\/v2\/posts\/18538\/revisions"}],"wp:featuredmedia":[{"embeddable":true,"href":"https:\/\/hcd.malargue.gov.ar\/index.php?rest_route=\/wp\/v2\/media\/18544"}],"wp:attachment":[{"href":"https:\/\/hcd.malargue.gov.ar\/index.php?rest_route=%2Fwp%2Fv2%2Fmedia&parent=18538"}],"wp:term":[{"taxonomy":"category","embeddable":true,"href":"https:\/\/hcd.malargue.gov.ar\/index.php?rest_route=%2Fwp%2Fv2%2Fcategories&post=18538"},{"taxonomy":"post_tag","embeddable":true,"href":"https:\/\/hcd.malargue.gov.ar\/index.php?rest_route=%2Fwp%2Fv2%2Ftags&post=18538"}],"curies":[{"name":"wp","href":"https:\/\/api.w.org\/{rel}","templated":true}]}}