{"id":19002,"date":"2019-12-03T07:58:00","date_gmt":"2019-12-03T10:58:00","guid":{"rendered":"https:\/\/hcd.malargue.gov.ar\/?p=19002"},"modified":"2019-12-03T07:58:00","modified_gmt":"2019-12-03T10:58:00","slug":"declarar-de-interes-departamental-el-primer-curso-de-comunicacion-integral","status":"publish","type":"post","link":"https:\/\/hcd.malargue.gov.ar\/?p=19002","title":{"rendered":"DECLARAR DE INTER\u00c9S DEPARTAMENTAL EL PRIMER CURSO DE COMUNICACI\u00d3N INTEGRAL"},"content":{"rendered":"<p>Considerando la\u00a0 importancia de capacitar a la comunidad de una forma constante, para que puedan conocer, planear y realizar sus actividades en conjunto con sus colegas para sobresalir con grandes est\u00e1ndares de calidad en el rubro que se desempe\u00f1an, el Cuerpo de Concejales declar\u00f3 de Inter\u00e9s Departamental el Primer Curso de Comunicaci\u00f3n Integral, desarrollado en el Departamento de Malarg\u00fce.<\/p>\n<div class=\"post-container cf\">\n<div class=\"post-content-right\">\n<div class=\"post-content description \">\n<p>El proyecto, aprobado el pasado 21 de noviembre,\u00a0 pertenece al Edil Mart\u00edn Palma del Bloque Cambia Mendoza.<\/p>\n<p>Marcia Sep\u00falveda- Prensa HCD<\/p>\n<div class=\"post-container cf\">\n<div class=\"post-content-right\">\n<div class=\"post-content description \">\n<blockquote><p>PDF Pieza Legal \u2013 RESOLUCI\u00d3N N\u00ba 511\/2.019.<\/p>\n<p><a href=\"https:\/\/hcd.malargue.gov.ar\/pdf\/Rn%20511%202019%20Declarar%20de%20Interes%20Departamental%20el%20Primer%20Curso%20de%20Comunicacion%20Integral.pdf\" target=\"_blank\" rel=\"noopener noreferrer\"><img loading=\"lazy\" decoding=\"async\" class=\"no-display appear wp-image-7950 alignleft\" src=\"https:\/\/hcd.malargue.gov.ar\/wp-content\/uploads\/2018\/06\/PDF-JPG-300x300.jpg\" sizes=\"auto, (max-width: 78px) 100vw, 78px\" srcset=\"https:\/\/hcd.malargue.gov.ar\/wp-content\/uploads\/2018\/06\/PDF-JPG-300x300.jpg 300w, https:\/\/hcd.malargue.gov.ar\/wp-content\/uploads\/2018\/06\/PDF-JPG-150x150.jpg 150w, https:\/\/hcd.malargue.gov.ar\/wp-content\/uploads\/2018\/06\/PDF-JPG.jpg 512w\" alt=\"\" width=\"78\" height=\"78\" \/><\/a><\/p>\n<p>&nbsp;<\/p>\n<p>&nbsp;<\/p><\/blockquote>\n<\/div>\n<\/div>\n<\/div>\n<p>&nbsp;<\/p>\n<div class=\"tagcloud\"><\/div>\n<\/div>\n<\/div>\n<\/div>\n<div class=\"post-share\"><span class=\"text\">SHARE.<\/span><\/div>\n<p>&nbsp;<\/p>\n","protected":false},"excerpt":{"rendered":"<p>Considerando la\u00a0 importancia de capacitar a la comunidad de una forma constante, para que puedan conocer, planear y realizar sus actividades en conjunto con sus colegas para sobresalir con grandes est\u00e1ndares de calidad en el rubro que se desempe\u00f1an, el Cuerpo de Concejales declar\u00f3 de Inter\u00e9s Departamental el Primer Curso de Comunicaci\u00f3n Integral, desarrollado en [&hellip;]<\/p>\n","protected":false},"author":4,"featured_media":19003,"comment_status":"closed","ping_status":"closed","sticky":false,"template":"","format":"standard","meta":{"footnotes":""},"categories":[52,29,33,51],"tags":[],"class_list":["post-19002","post","type-post","status-publish","format-standard","has-post-thumbnail","hentry","category-gacetillas","category-lesgilacion","category-prensa","category-resoluciones"],"yoast_head":"<!-- This site is optimized with the Yoast SEO plugin v19.10 - https:\/\/yoast.com\/wordpress\/plugins\/seo\/ -->\n<title>DECLARAR DE INTER\u00c9S DEPARTAMENTAL EL PRIMER CURSO DE COMUNICACI\u00d3N INTEGRAL - Malarg\u00fce HCD<\/title>\n<meta name=\"robots\" content=\"index, follow, max-snippet:-1, max-image-preview:large, max-video-preview:-1\" \/>\n<link rel=\"canonical\" href=\"https:\/\/hcd.malargue.gov.ar\/?p=19002\" \/>\n<meta property=\"og:locale\" content=\"es_ES\" \/>\n<meta property=\"og:type\" content=\"article\" \/>\n<meta property=\"og:title\" content=\"DECLARAR DE INTER\u00c9S DEPARTAMENTAL EL PRIMER CURSO DE COMUNICACI\u00d3N INTEGRAL - Malarg\u00fce HCD\" \/>\n<meta property=\"og:description\" content=\"Considerando la\u00a0 importancia de capacitar a la comunidad de una forma constante, para que puedan conocer, planear y realizar sus actividades en conjunto con sus colegas para sobresalir con grandes est\u00e1ndares de calidad en el rubro que se desempe\u00f1an, el Cuerpo de Concejales declar\u00f3 de Inter\u00e9s Departamental el Primer Curso de Comunicaci\u00f3n Integral, desarrollado en [&hellip;]\" \/>\n<meta property=\"og:url\" content=\"https:\/\/hcd.malargue.gov.ar\/?p=19002\" \/>\n<meta property=\"og:site_name\" content=\"Malarg\u00fce HCD\" \/>\n<meta property=\"article:published_time\" content=\"2019-12-03T10:58:00+00:00\" \/>\n<meta property=\"og:image\" content=\"https:\/\/hcd.malargue.gov.ar\/wp-content\/uploads\/2019\/12\/curso-comun-integral-.jpg\" \/>\n\t<meta property=\"og:image:width\" content=\"1040\" \/>\n\t<meta property=\"og:image:height\" content=\"720\" \/>\n\t<meta property=\"og:image:type\" content=\"image\/jpeg\" \/>\n<meta name=\"author\" content=\"Marcia Sepulveda\" \/>\n<meta name=\"twitter:card\" content=\"summary_large_image\" \/>\n<meta name=\"twitter:label1\" content=\"Escrito por\" \/>\n\t<meta name=\"twitter:data1\" content=\"Marcia Sepulveda\" \/>\n<script type=\"application\/ld+json\" class=\"yoast-schema-graph\">{\"@context\":\"https:\/\/schema.org\",\"@graph\":[{\"@type\":\"WebPage\",\"@id\":\"https:\/\/hcd.malargue.gov.ar\/?p=19002\",\"url\":\"https:\/\/hcd.malargue.gov.ar\/?p=19002\",\"name\":\"DECLARAR DE INTER\u00c9S DEPARTAMENTAL EL PRIMER CURSO DE COMUNICACI\u00d3N INTEGRAL - Malarg\u00fce HCD\",\"isPartOf\":{\"@id\":\"https:\/\/hcd.malargue.gov.ar\/#website\"},\"datePublished\":\"2019-12-03T10:58:00+00:00\",\"dateModified\":\"2019-12-03T10:58:00+00:00\",\"author\":{\"@id\":\"https:\/\/hcd.malargue.gov.ar\/#\/schema\/person\/c02f28730a528313e04d34aba071fe06\"},\"breadcrumb\":{\"@id\":\"https:\/\/hcd.malargue.gov.ar\/?p=19002#breadcrumb\"},\"inLanguage\":\"es-AR\",\"potentialAction\":[{\"@type\":\"ReadAction\",\"target\":[\"https:\/\/hcd.malargue.gov.ar\/?p=19002\"]}]},{\"@type\":\"BreadcrumbList\",\"@id\":\"https:\/\/hcd.malargue.gov.ar\/?p=19002#breadcrumb\",\"itemListElement\":[{\"@type\":\"ListItem\",\"position\":1,\"name\":\"Inicio\",\"item\":\"https:\/\/hcd.malargue.gov.ar\/\"},{\"@type\":\"ListItem\",\"position\":2,\"name\":\"DECLARAR DE INTER\u00c9S DEPARTAMENTAL EL PRIMER CURSO DE COMUNICACI\u00d3N INTEGRAL\"}]},{\"@type\":\"WebSite\",\"@id\":\"https:\/\/hcd.malargue.gov.ar\/#website\",\"url\":\"https:\/\/hcd.malargue.gov.ar\/\",\"name\":\"Malarg\u00fce HCD\",\"description\":\"Malarg\u00fce Mendoza Argentina\",\"potentialAction\":[{\"@type\":\"SearchAction\",\"target\":{\"@type\":\"EntryPoint\",\"urlTemplate\":\"https:\/\/hcd.malargue.gov.ar\/?s={search_term_string}\"},\"query-input\":\"required name=search_term_string\"}],\"inLanguage\":\"es-AR\"},{\"@type\":\"Person\",\"@id\":\"https:\/\/hcd.malargue.gov.ar\/#\/schema\/person\/c02f28730a528313e04d34aba071fe06\",\"name\":\"Marcia Sepulveda\",\"image\":{\"@type\":\"ImageObject\",\"inLanguage\":\"es-AR\",\"@id\":\"https:\/\/hcd.malargue.gov.ar\/#\/schema\/person\/image\/\",\"url\":\"https:\/\/secure.gravatar.com\/avatar\/3557e3bccdef0a5d4de0476d077c8920f0638f6f0bd05553351eb0e70d99f241?s=96&d=mm&r=g\",\"contentUrl\":\"https:\/\/secure.gravatar.com\/avatar\/3557e3bccdef0a5d4de0476d077c8920f0638f6f0bd05553351eb0e70d99f241?s=96&d=mm&r=g\",\"caption\":\"Marcia Sepulveda\"},\"url\":\"https:\/\/hcd.malargue.gov.ar\/?author=4\"}]}<\/script>\n<!-- \/ Yoast SEO plugin. -->","yoast_head_json":{"title":"DECLARAR DE INTER\u00c9S DEPARTAMENTAL EL PRIMER CURSO DE COMUNICACI\u00d3N INTEGRAL - Malarg\u00fce HCD","robots":{"index":"index","follow":"follow","max-snippet":"max-snippet:-1","max-image-preview":"max-image-preview:large","max-video-preview":"max-video-preview:-1"},"canonical":"https:\/\/hcd.malargue.gov.ar\/?p=19002","og_locale":"es_ES","og_type":"article","og_title":"DECLARAR DE INTER\u00c9S DEPARTAMENTAL EL PRIMER CURSO DE COMUNICACI\u00d3N INTEGRAL - Malarg\u00fce HCD","og_description":"Considerando la\u00a0 importancia de capacitar a la comunidad de una forma constante, para que puedan conocer, planear y realizar sus actividades en conjunto con sus colegas para sobresalir con grandes est\u00e1ndares de calidad en el rubro que se desempe\u00f1an, el Cuerpo de Concejales declar\u00f3 de Inter\u00e9s Departamental el Primer Curso de Comunicaci\u00f3n Integral, desarrollado en [&hellip;]","og_url":"https:\/\/hcd.malargue.gov.ar\/?p=19002","og_site_name":"Malarg\u00fce HCD","article_published_time":"2019-12-03T10:58:00+00:00","og_image":[{"width":1040,"height":720,"url":"https:\/\/hcd.malargue.gov.ar\/wp-content\/uploads\/2019\/12\/curso-comun-integral-.jpg","type":"image\/jpeg"}],"author":"Marcia Sepulveda","twitter_card":"summary_large_image","twitter_misc":{"Escrito por":"Marcia Sepulveda"},"schema":{"@context":"https:\/\/schema.org","@graph":[{"@type":"WebPage","@id":"https:\/\/hcd.malargue.gov.ar\/?p=19002","url":"https:\/\/hcd.malargue.gov.ar\/?p=19002","name":"DECLARAR DE INTER\u00c9S DEPARTAMENTAL EL PRIMER CURSO DE COMUNICACI\u00d3N INTEGRAL - Malarg\u00fce HCD","isPartOf":{"@id":"https:\/\/hcd.malargue.gov.ar\/#website"},"datePublished":"2019-12-03T10:58:00+00:00","dateModified":"2019-12-03T10:58:00+00:00","author":{"@id":"https:\/\/hcd.malargue.gov.ar\/#\/schema\/person\/c02f28730a528313e04d34aba071fe06"},"breadcrumb":{"@id":"https:\/\/hcd.malargue.gov.ar\/?p=19002#breadcrumb"},"inLanguage":"es-AR","potentialAction":[{"@type":"ReadAction","target":["https:\/\/hcd.malargue.gov.ar\/?p=19002"]}]},{"@type":"BreadcrumbList","@id":"https:\/\/hcd.malargue.gov.ar\/?p=19002#breadcrumb","itemListElement":[{"@type":"ListItem","position":1,"name":"Inicio","item":"https:\/\/hcd.malargue.gov.ar\/"},{"@type":"ListItem","position":2,"name":"DECLARAR DE INTER\u00c9S DEPARTAMENTAL EL PRIMER CURSO DE COMUNICACI\u00d3N INTEGRAL"}]},{"@type":"WebSite","@id":"https:\/\/hcd.malargue.gov.ar\/#website","url":"https:\/\/hcd.malargue.gov.ar\/","name":"Malarg\u00fce HCD","description":"Malarg\u00fce Mendoza Argentina","potentialAction":[{"@type":"SearchAction","target":{"@type":"EntryPoint","urlTemplate":"https:\/\/hcd.malargue.gov.ar\/?s={search_term_string}"},"query-input":"required name=search_term_string"}],"inLanguage":"es-AR"},{"@type":"Person","@id":"https:\/\/hcd.malargue.gov.ar\/#\/schema\/person\/c02f28730a528313e04d34aba071fe06","name":"Marcia Sepulveda","image":{"@type":"ImageObject","inLanguage":"es-AR","@id":"https:\/\/hcd.malargue.gov.ar\/#\/schema\/person\/image\/","url":"https:\/\/secure.gravatar.com\/avatar\/3557e3bccdef0a5d4de0476d077c8920f0638f6f0bd05553351eb0e70d99f241?s=96&d=mm&r=g","contentUrl":"https:\/\/secure.gravatar.com\/avatar\/3557e3bccdef0a5d4de0476d077c8920f0638f6f0bd05553351eb0e70d99f241?s=96&d=mm&r=g","caption":"Marcia Sepulveda"},"url":"https:\/\/hcd.malargue.gov.ar\/?author=4"}]}},"_links":{"self":[{"href":"https:\/\/hcd.malargue.gov.ar\/index.php?rest_route=\/wp\/v2\/posts\/19002","targetHints":{"allow":["GET"]}}],"collection":[{"href":"https:\/\/hcd.malargue.gov.ar\/index.php?rest_route=\/wp\/v2\/posts"}],"about":[{"href":"https:\/\/hcd.malargue.gov.ar\/index.php?rest_route=\/wp\/v2\/types\/post"}],"author":[{"embeddable":true,"href":"https:\/\/hcd.malargue.gov.ar\/index.php?rest_route=\/wp\/v2\/users\/4"}],"replies":[{"embeddable":true,"href":"https:\/\/hcd.malargue.gov.ar\/index.php?rest_route=%2Fwp%2Fv2%2Fcomments&post=19002"}],"version-history":[{"count":0,"href":"https:\/\/hcd.malargue.gov.ar\/index.php?rest_route=\/wp\/v2\/posts\/19002\/revisions"}],"wp:featuredmedia":[{"embeddable":true,"href":"https:\/\/hcd.malargue.gov.ar\/index.php?rest_route=\/wp\/v2\/media\/19003"}],"wp:attachment":[{"href":"https:\/\/hcd.malargue.gov.ar\/index.php?rest_route=%2Fwp%2Fv2%2Fmedia&parent=19002"}],"wp:term":[{"taxonomy":"category","embeddable":true,"href":"https:\/\/hcd.malargue.gov.ar\/index.php?rest_route=%2Fwp%2Fv2%2Fcategories&post=19002"},{"taxonomy":"post_tag","embeddable":true,"href":"https:\/\/hcd.malargue.gov.ar\/index.php?rest_route=%2Fwp%2Fv2%2Ftags&post=19002"}],"curies":[{"name":"wp","href":"https:\/\/api.w.org\/{rel}","templated":true}]}}