{"id":19059,"date":"2019-12-05T15:27:38","date_gmt":"2019-12-05T18:27:38","guid":{"rendered":"https:\/\/hcd.malargue.gov.ar\/?p=19059"},"modified":"2019-12-05T15:34:40","modified_gmt":"2019-12-05T18:34:40","slug":"desayuno-de-despedida-y-bienvenida-a-concejales","status":"publish","type":"post","link":"https:\/\/hcd.malargue.gov.ar\/?p=19059","title":{"rendered":"DESAYUNO DE DESPEDIDA Y BIENVENIDA A CONCEJALES"},"content":{"rendered":"<p>Fernando Glatigny, Presidente del Concejo Deliberante ofreci\u00f3 un desayuno para despedir a los Ediles que cumplir\u00e1n su mandato y dar la bienvenida a los Concejales que ingresaran al Concejo Deliberante.<\/p>\n<p>De este modo cerca de las 9:00 recibi\u00f3 en sala de comisiones a los Concejales Rodolfo Cabeza, Ra\u00fal Rodr\u00edguez (Bloque Justicialista FPV), Jos\u00e9 Barro, Paola Jofr\u00e9 (Bloque Somos Mendoza) Daniela Favari (Bloque Partido Justicialista) Martin Palma , Juan Manuel Ojeda, Mauricio Mart\u00ednez y Paola Paleico (Bloque Cambia Mendoza) y a los Concejales electos Gabriel Rosas, Paola Lorena Rojo , Daiana Varas ( Frente Cambia Mendoza); Silvia Correa y Andr\u00e9s Risi (Alianza Eleg\u00ed Mendoza Frente Pol\u00edtico y Social).<\/p>\n<p>En un marco cordial y respeto el Presidente se dirigi\u00f3 a los presentes y expres\u00f3: \u201cesto es una oportunidad de poder conocernos y charlas informalmente m\u00e1s all\u00e1 del tema pol\u00edtico, somos todos malarg\u00fcinos y nos conocemos y estos cuatro a\u00f1os que hemos estado y me ha tocado estar en el Concejo y presidiendo los dos \u00faltimos dos a\u00f1os, todo lo que hemos hecho ha sido en bienestar del pueblo y del ciudadano, con errores y sin errores , por ah\u00ed uno comete equivocaciones que luego se pueden corregir\u201dfirm\u00f3.<\/p>\n<p><img loading=\"lazy\" decoding=\"async\" class=\" wp-image-19069 alignleft\" src=\"https:\/\/hcd.malargue.gov.ar\/wp-content\/uploads\/2019\/12\/IMGP3144-GLATIGNY-175x300.jpg\" alt=\"\" width=\"127\" height=\"218\" srcset=\"https:\/\/hcd.malargue.gov.ar\/wp-content\/uploads\/2019\/12\/IMGP3144-GLATIGNY-175x300.jpg 175w, https:\/\/hcd.malargue.gov.ar\/wp-content\/uploads\/2019\/12\/IMGP3144-GLATIGNY-768x1317.jpg 768w, https:\/\/hcd.malargue.gov.ar\/wp-content\/uploads\/2019\/12\/IMGP3144-GLATIGNY-597x1024.jpg 597w, https:\/\/hcd.malargue.gov.ar\/wp-content\/uploads\/2019\/12\/IMGP3144-GLATIGNY.jpg 1393w\" sizes=\"auto, (max-width: 127px) 100vw, 127px\" \/>Adem\u00e1s, inst\u00f3 a los Concejales a mantener un buen dialogo \u201ctodo se basa en una buena comunicaci\u00f3n ya que es fundamental. No somos los del norte contra los del sur, ac\u00e1 no hay guerra, ac\u00e1 hay trabajo en conjunto para la gente de Malarg\u00fce\u201d y agreg\u00f3 \u201cLos concejales que entran sepan que ac\u00e1 quedan muy buenos concejales con experiencia, se tienen que apoyar en ellos. Esto es una gran familia, mas all\u00e1 de las cuestiones pol\u00edticas, una gran familia que siempre le damos para adelante, trabajando los diez. &#8230; les recomiendo que sigan trabajando en conjunto, con dialogo para que puedan salir las mejores piezas , ordenanzas y lo mejor para Malarg\u00fce\u201d.<\/p>\n<p>Respecto al rol y la imagen del Concejo y de los Concejales, Glatigny manifest\u00f3 que \u201cel concejo deliberante es la cajita de resonancia de todo; antes de llegar al Ejecutivo viene ac\u00e1 al Concejo Deliberante y Uds. son el puente entre el ejecutivo y el Concejo\u2026 yo le ped\u00ed a Juan Manuel Ojeda que ayude a levantar la imagen de la instituci\u00f3n porque por ah\u00ed el Ejecutivo no da respuestas y los Directores nos pasan por encima tomando decisionessobre ordenanzas y cosas sobre las que el Concejo ya ha decidido\u2026 por eso una vez m\u00e1s le pido a Juan Manuel que trabaje en conjunto con el Concejo Deliberante para que salgan mejores ordenanzas acorde a las necesidades de la gente\u201d.<\/p>\n<p>Glatigny continu\u00f3 en uso de la palabra y expres\u00f3 su agradecimiento a los concejales que estuvieron los cuatro a\u00f1os con \u00e9l. El presidente adem\u00e1s destaco el trabajo llevado a cabo por el personal del Concejo \u201ces ejemplar y excepcional, pueden contar con ellos para lo que necesiten, es un personal con el que da gusto trabajar, es una familia con gente muy buena y trabajadora\u201d.<\/p>\n<p><img loading=\"lazy\" decoding=\"async\" class=\" wp-image-19071 alignleft\" src=\"https:\/\/hcd.malargue.gov.ar\/wp-content\/uploads\/2019\/12\/IMGP3145-RODR\u00cdGUEZ-168x300.jpg\" alt=\"\" width=\"132\" height=\"235\" srcset=\"https:\/\/hcd.malargue.gov.ar\/wp-content\/uploads\/2019\/12\/IMGP3145-RODR\u00cdGUEZ-168x300.jpg 168w, https:\/\/hcd.malargue.gov.ar\/wp-content\/uploads\/2019\/12\/IMGP3145-RODR\u00cdGUEZ-768x1372.jpg 768w, https:\/\/hcd.malargue.gov.ar\/wp-content\/uploads\/2019\/12\/IMGP3145-RODR\u00cdGUEZ-573x1024.jpg 573w, https:\/\/hcd.malargue.gov.ar\/wp-content\/uploads\/2019\/12\/IMGP3145-RODR\u00cdGUEZ.jpg 1269w\" sizes=\"auto, (max-width: 132px) 100vw, 132px\" \/>Ra\u00fal Rodr\u00edguez, Concejal por el Bloque Justicialista Frente para la Victoria, tambi\u00e9n se dirigi\u00f3 a los presentes y tras dar la bienvenida a los Concejales electos expres\u00f3 \u201cUno que viene hace mucho tiempo de estar en pol\u00edtica y en educaci\u00f3n y, tomando las palabras de Fernando, d\u00eda a d\u00eda ac\u00e1 se aprende de los m\u00e1s j\u00f3venes. Me he reencontrado con mis alumnos y les agradezco por el aprendizaje que me han dado que, seguramente que para dentro de cuatro a\u00f1os, me va a servir\u201d.<\/p>\n<p>En referencia al trabajo de los Concejales y al compa\u00f1erismo evidente hace varios a\u00f1os, Rodr\u00edguez dijo: \u201cComo dec\u00eda Fernando esto es una familia, los diez somos una familia, discutimos, nos peleamos pero despu\u00e9s salimos de sesiones y comisiones y nos abrazamos y est\u00e1 todo bien , por supuesto cada uno pone su ideal, cada uno pone su impronta pero al finalizar el d\u00eda seguimos todos abrazados, seguimos todos amigos\u201d.<br \/>\nRa\u00fal Rodr\u00edguez emocionado finaliz\u00f3 su discurso agradeciendo a todos y especialmente a los Concejales que fueron sus alumnos, por la ense\u00f1anza brindada.<\/p>\n<p><img loading=\"lazy\" decoding=\"async\" class=\" wp-image-19074 alignleft\" src=\"https:\/\/hcd.malargue.gov.ar\/wp-content\/uploads\/2019\/12\/IMGP3148-CABEZA-205x300.jpg\" alt=\"\" width=\"134\" height=\"195\" srcset=\"https:\/\/hcd.malargue.gov.ar\/wp-content\/uploads\/2019\/12\/IMGP3148-CABEZA-205x300.jpg 205w, https:\/\/hcd.malargue.gov.ar\/wp-content\/uploads\/2019\/12\/IMGP3148-CABEZA-768x1124.jpg 768w, https:\/\/hcd.malargue.gov.ar\/wp-content\/uploads\/2019\/12\/IMGP3148-CABEZA-700x1024.jpg 700w, https:\/\/hcd.malargue.gov.ar\/wp-content\/uploads\/2019\/12\/IMGP3148-CABEZA.jpg 813w\" sizes=\"auto, (max-width: 134px) 100vw, 134px\" \/>Rodolfo Cabeza Concejal por el Bloque Justicialista Frente para la Victoria, agradeci\u00f3 la presencia de los Concejales que van a ingresar el d\u00eda de ma\u00f1ana al Concejo Deliberante y dio una muy buena bienvenida.<br \/>\nCabeza y coincidiendo con el Edil Fernando Glatigny se refiri\u00f3 tambi\u00e9n al Concejo Deliberante como la \u201ccaja de resonancia del Pueblo; todas las circunstancias que se producen en el Pueblo ya sea sociales pol\u00edticas o de cualquier otra \u00edndole, son tra\u00eddas al Concejo\u2026 es el Concejal el que pone la cara en primera instancia y despu\u00e9s hace las gestiones que considera necesarios y viables con el Ejecutivo Municipal\u201d.<\/p>\n<p>El concejal justicialista se refiri\u00f3 al personal del Concejo \u201ccon el personal de ac\u00e1 hay que sacarse el sombrero, toda la vida siempre nos han recibido de la misma forma y en eso el personal es excelente y muy capacitado en todos los aspectos \u201c<br \/>\nDirigi\u00e9ndose a los nuevos Ediles Cabeza se\u00f1alo \u201cQuiero agradecer por estar presentes y por ser la respuesta de ese juez implacable que se llama Pueblo, de haberlos elegido y tener un Intendente que es de ac\u00e1 del Concejo\u201c.\u00a0 El Edil hizo extensivo su agradecimiento a los Ediles en mandato por permitirle ser parte, ser un compa\u00f1ero m\u00e1s \u201cdesde el punto personal un profundo sentir y lleno de agradecimiento desde lo m\u00e1s profundo de mi coraz\u00f3n ya que estuve una enfermedad por la que me operaron y todos los concejales me apoyaron pudiendo despu\u00e9s volver y seguir trabajando como concejal; \u00a1Entonces Uds. de un Concejal, de un malarg\u00fcino y de un amigo profundamente agradecido!\u201d.<\/p>\n<p><img loading=\"lazy\" decoding=\"async\" class=\" wp-image-19080 alignleft\" src=\"https:\/\/hcd.malargue.gov.ar\/wp-content\/uploads\/2019\/12\/IMGP3156-MARTINEZ-205x300.jpg\" alt=\"\" width=\"142\" height=\"207\" srcset=\"https:\/\/hcd.malargue.gov.ar\/wp-content\/uploads\/2019\/12\/IMGP3156-MARTINEZ-205x300.jpg 205w, https:\/\/hcd.malargue.gov.ar\/wp-content\/uploads\/2019\/12\/IMGP3156-MARTINEZ-768x1123.jpg 768w, https:\/\/hcd.malargue.gov.ar\/wp-content\/uploads\/2019\/12\/IMGP3156-MARTINEZ-701x1024.jpg 701w, https:\/\/hcd.malargue.gov.ar\/wp-content\/uploads\/2019\/12\/IMGP3156-MARTINEZ.jpg 1791w\" sizes=\"auto, (max-width: 142px) 100vw, 142px\" \/>Mauricio Martinez, Concejal por el Bloque Cambia Mendoza, hablo de sus deseos de incursionar en la pol\u00edtica y tras haber llegado al Concejo acompa\u00f1ando a Juan Manuel en el 2015 en una interna, agradeci\u00f3 al intendente electo por lo que el consider\u00f3 \u201cla m\u00e1s linda experiencia laboral, \u2026 la he vivido muy intensamente, con aciertos y errores. La verdad que con algunos me lleve mejor que con otros, pero la verdad que discut\u00edamos sobre un tema pero nos tratamos con respeto y eso fue bueno para poder trabajar\u201d.<\/p>\n<p>\u201cExtraordinario\u201d fue el t\u00e9rmino usado por el Edil\u00a0 para referirse al personal del Concejo Deliberante, \u201cpara los que entran es bueno que sepan que esto es una gran familia, es muy lindo trabajar ac\u00e1, el personal trabaja, ayuda, escucha, acompa\u00f1a, y eso es bueno. Tambi\u00e9n es bueno el acompa\u00f1amiento de los Concejales m\u00e1s experimentados, yo aprend\u00ed mucho con ellos, muy importante el aprendizaje, sobre todos para los que llegamos sin experiencia y es necesario el acompa\u00f1amiento, trabajando en conjunto y trabajando bien\u201d.<\/p>\n<p>Mart\u00ednez finaliz\u00f3 su discurso haciendo menci\u00f3n a la impensada amistad que le regal\u00f3 trabajar en el Concejo \u201cme llevo un gran amigo, EL Concejal Rodolfo Cabeza, siendo oposici\u00f3n siempre tuvo palabras de apoyo, lo sent\u00ed como un consejero, \u00e9l siempre me dec\u00eda donde me equivocaba y donde no. Me llevo un gran amigo de donde pens\u00e9 que no lo iba a encontrar\u201d. <span style=\"font-size: 14px;\">A los Concejales que entran \u201cdesearles lo mejor, es una experiencia muy linda, un vicio porque uno quiere trabajar m\u00e1s, pero hay que mantener los pies sobre la tierra y trabajar por la gente que es lo primordial y es a lo que venimos. Desearles lo mejor\u201d.<\/span><\/p>\n<p><img loading=\"lazy\" decoding=\"async\" class=\"size-medium wp-image-19083 alignleft\" src=\"https:\/\/hcd.malargue.gov.ar\/wp-content\/uploads\/2019\/12\/IMGP3158-OJEDA-131x300.jpg\" alt=\"\" width=\"131\" height=\"300\" srcset=\"https:\/\/hcd.malargue.gov.ar\/wp-content\/uploads\/2019\/12\/IMGP3158-OJEDA-131x300.jpg 131w, https:\/\/hcd.malargue.gov.ar\/wp-content\/uploads\/2019\/12\/IMGP3158-OJEDA-768x1754.jpg 768w, https:\/\/hcd.malargue.gov.ar\/wp-content\/uploads\/2019\/12\/IMGP3158-OJEDA-448x1024.jpg 448w, https:\/\/hcd.malargue.gov.ar\/wp-content\/uploads\/2019\/12\/IMGP3158-OJEDA.jpg 1437w\" sizes=\"auto, (max-width: 131px) 100vw, 131px\" \/>Juan Manuel Ojeda Concejal por el Bloque Cambia Mendoza y electo intendente del Departamento de Malarg\u00fce expres\u00f3 su agradecimiento y se\u00f1alo que en su caso particular vivi\u00f3 la pol\u00edtica como un juego, con mucha responsabilidad \u201cme divierto con la pol\u00edtica, ya que me gusta hacer lo que hago\u2026 esto debe ser la base de cualquier dirigente\u201d.<\/p>\n<p>Ojeda se refiri\u00f3 a gestiones pasadas y la influencia de ellas sobre sus decisiones pol\u00edticas futuras. \u201c\u2026he tenido la suerte de ser electo como intendente, joven pero que cuando Uds. empiecen a ver lo que uno plantea desde el ejecutivo, van a ver que hay muchas cosas que tienen que ver con algo que vi en la \u00e9poca de Ra\u00fal cuando fue intendente, que estuvo bien hecho y que qued\u00f3, porque la mayor\u00eda de j\u00f3venes nos hemos formado en las gestiones de Uds. que llevan vario tiempo en la pol\u00edtica\u201d y agreg\u00f3 \u201c la pol\u00edtica debe ser transversal donde primen los intereses del pueblo y no los intereses partidarios\u201d.<\/p>\n<p>Basado en su experiencia Juan Manuel Ojeda se\u00f1alo que \u201c todo intendente debiera ser concejal antes de llegar a ser intendente porque en definitiva, ac\u00e1 se termina viendo la importancia del concejo y del trabajar en equipo\u201d De este modo y sabiendo de la importancia del trabajo realizado en el departamento deliberativo municipal Ojeda inform\u00f3 que a partir del mi\u00e9rcoles o martes cuando este en la Intendencia, va a convocar a los concejales a formar parte de una reuni\u00f3n ampliada con todos los concejales.. \u201cme gustar\u00eda que todos participaran de esa reuni\u00f3n. Lo primero que he realizado es tomar todos los \u00f3rdenes del d\u00eda de las sesiones de dos a\u00f1os a la fecha, porque es ah\u00ed donde est\u00e1n las verdaderas problem\u00e1ticas del departamento. Cuando uno traza una pol\u00edtica de gobierno, un poco es esto&#8230; lo importante es partir de un buen diagn\u00f3stico\u201d.<\/p>\n<p>El intendente electo adem\u00e1s afirm\u00f3\u2026\u201cla intenci\u00f3n m\u00eda a lo largo de los cuatro a\u00f1os, es tener una participaci\u00f3n distinta con el concejo deliberante, generando espacios de reuniones de gabinete ampliada,\u2026es lo que me gustar\u00eda y a los malarg\u00fcinos les gustar\u00eda este gesto de institucionalidad. \u2026mas all\u00e1 de que cada uno despu\u00e9s debatir\u00e1, cumpliendo el rol que le corresponde, que no son roles de oposici\u00f3n ni oficialismo, porque ese rol se termina diluyendo en definitiva, el verdadero rol es el de los intereses del pueblo\u201d.<\/p>\n<p>Para finalizar Ojeda felicit\u00f3 a los concejales electos inst\u00e1ndolos a trabajar con responsabilidad \u201csientan que es una gran responsabilidad, no cualquiera llega a ser concejal y es un poder que nos da el pueblo a cada uno de nosotros y en definitiva cuando te termina votando el pueblo uno debe preguntarse todos los d\u00edas, para qu\u00e9 te voto el pueblo\u201d \u2026 dirigi\u00e9ndose a los Concejales en mandato Ojeda expres\u00f3 \u201ccuando empecemos a gestionar desde el ejecutivo van a ver que hay muchas cosas que tienen que ver con sacar lo bueno de lo que han hecho Uds. a los largo del tiempo\u201d<\/p>\n<p><img loading=\"lazy\" decoding=\"async\" class=\" wp-image-19067 alignleft\" src=\"https:\/\/hcd.malargue.gov.ar\/wp-content\/uploads\/2019\/12\/IMGP3143-PALEICO--192x300.jpg\" alt=\"\" width=\"139\" height=\"217\" srcset=\"https:\/\/hcd.malargue.gov.ar\/wp-content\/uploads\/2019\/12\/IMGP3143-PALEICO--192x300.jpg 192w, https:\/\/hcd.malargue.gov.ar\/wp-content\/uploads\/2019\/12\/IMGP3143-PALEICO--768x1202.jpg 768w, https:\/\/hcd.malargue.gov.ar\/wp-content\/uploads\/2019\/12\/IMGP3143-PALEICO--654x1024.jpg 654w, https:\/\/hcd.malargue.gov.ar\/wp-content\/uploads\/2019\/12\/IMGP3143-PALEICO-.jpg 1485w\" sizes=\"auto, (max-width: 139px) 100vw, 139px\" \/>Paola Paleico Concejal por el Bloque Cambia Mendoza felicit\u00f3 a los Concejales electos y respecto a la funci\u00f3n y el trabajo llevado a cabo por el Concejo Deliberante se\u00f1al\u00f3 \u201ces dif\u00edcil, si bien los primeros cuatro a\u00f1os era otro mi rol, que a m\u00ed tampoco me gusta llamarlo oposici\u00f3n porque se ha visto en los \u00faltimos a\u00f1os que en general, fueron muy pocas las cuestiones en las que no nos hemos puesto de acuerdo y que sale con una votaci\u00f3n un\u00e1nime y eso habla de la grandeza que ha tenido el Cuerpo en los \u00faltimos cuatro a\u00f1os, al margen de las discusiones y dem\u00e1s no llevarlas al plano personal porque uno tiene posturas diferentes y est\u00e1 bien porque es ah\u00ed donde se enriquece la democracia\u201d y agreg\u00f3 \u201c\u2026los que han sido muy cr\u00edticos de lo que antes hacia el concejo, ahora van a ver que no es tan sencillo , que uno realmente tiene ganas, para hacer un mont\u00f3n de cuestiones y capaz que despu\u00e9s los proyectos quedan medios truncados\u201d.<\/p>\n<p>Paleico expreso sus expectativas respecto de la nueva gesti\u00f3n \u201cOjal\u00e1 que con la nueva gesti\u00f3n, como dec\u00eda Juan Manuel haya una vinculaci\u00f3n, porque el Concejal esta mucho en la calle; el intendente escucha otra voces, y ser\u00eda interesante que el intendente pueda escuchar las voces de todos y los escuche a Uds. Diez\u201d.<\/p>\n<p>Para finalizar Paola Paleico realiz\u00f3 un especial reconocimiento a los Concejales en mandato y a la contenci\u00f3n por ellos brindada, \u201clos \u00e1mbitos de poder para las mujeres son complicados. Ojal\u00e1 todas las mujeres pudieran tener esta contenci\u00f3n en el trabajo porque no es f\u00e1cil y bueno siendo la \u00fanica MUJER, han estado muy a la altura de las circunstancias. Gracias a los cuatro y al resto de los concejales\u201d concluy\u00f3.<\/p>\n<p>Marcia Sep\u00falveda \/ Prensa HCD<\/p>\n<div id='gallery-1' class='gallery galleryid-19059 gallery-columns-6 gallery-size-thumbnail'><figure class='gallery-item'>\n\t\t\t<div class='gallery-icon landscape'>\n\t\t\t\t<a href='https:\/\/hcd.malargue.gov.ar\/wp-content\/uploads\/2019\/12\/IMGP3135.jpg'><img loading=\"lazy\" decoding=\"async\" width=\"150\" height=\"150\" src=\"https:\/\/hcd.malargue.gov.ar\/wp-content\/uploads\/2019\/12\/IMGP3135-150x150.jpg\" class=\"attachment-thumbnail size-thumbnail\" alt=\"\" \/><\/a>\n\t\t\t<\/div><\/figure><figure class='gallery-item'>\n\t\t\t<div class='gallery-icon landscape'>\n\t\t\t\t<a href='https:\/\/hcd.malargue.gov.ar\/wp-content\/uploads\/2019\/12\/IMGP3136.jpg'><img loading=\"lazy\" decoding=\"async\" width=\"150\" height=\"150\" src=\"https:\/\/hcd.malargue.gov.ar\/wp-content\/uploads\/2019\/12\/IMGP3136-150x150.jpg\" class=\"attachment-thumbnail size-thumbnail\" alt=\"\" \/><\/a>\n\t\t\t<\/div><\/figure><figure class='gallery-item'>\n\t\t\t<div class='gallery-icon landscape'>\n\t\t\t\t<a href='https:\/\/hcd.malargue.gov.ar\/wp-content\/uploads\/2019\/12\/IMGP3140.jpg'><img loading=\"lazy\" decoding=\"async\" width=\"150\" height=\"150\" src=\"https:\/\/hcd.malargue.gov.ar\/wp-content\/uploads\/2019\/12\/IMGP3140-150x150.jpg\" class=\"attachment-thumbnail size-thumbnail\" alt=\"\" \/><\/a>\n\t\t\t<\/div><\/figure><figure class='gallery-item'>\n\t\t\t<div class='gallery-icon landscape'>\n\t\t\t\t<a href='https:\/\/hcd.malargue.gov.ar\/wp-content\/uploads\/2019\/12\/IMGP3138.jpg'><img loading=\"lazy\" decoding=\"async\" width=\"150\" height=\"150\" src=\"https:\/\/hcd.malargue.gov.ar\/wp-content\/uploads\/2019\/12\/IMGP3138-150x150.jpg\" class=\"attachment-thumbnail size-thumbnail\" alt=\"\" \/><\/a>\n\t\t\t<\/div><\/figure><figure class='gallery-item'>\n\t\t\t<div class='gallery-icon landscape'>\n\t\t\t\t<a href='https:\/\/hcd.malargue.gov.ar\/wp-content\/uploads\/2019\/12\/IMGP3141.jpg'><img loading=\"lazy\" decoding=\"async\" width=\"150\" height=\"150\" src=\"https:\/\/hcd.malargue.gov.ar\/wp-content\/uploads\/2019\/12\/IMGP3141-150x150.jpg\" class=\"attachment-thumbnail size-thumbnail\" alt=\"\" \/><\/a>\n\t\t\t<\/div><\/figure><figure class='gallery-item'>\n\t\t\t<div class='gallery-icon landscape'>\n\t\t\t\t<a href='https:\/\/hcd.malargue.gov.ar\/wp-content\/uploads\/2019\/12\/IMGP3142.jpg'><img loading=\"lazy\" decoding=\"async\" width=\"150\" height=\"150\" src=\"https:\/\/hcd.malargue.gov.ar\/wp-content\/uploads\/2019\/12\/IMGP3142-150x150.jpg\" class=\"attachment-thumbnail size-thumbnail\" alt=\"\" \/><\/a>\n\t\t\t<\/div><\/figure><figure class='gallery-item'>\n\t\t\t<div class='gallery-icon portrait'>\n\t\t\t\t<a href='https:\/\/hcd.malargue.gov.ar\/wp-content\/uploads\/2019\/12\/IMGP3143.jpg'><img loading=\"lazy\" decoding=\"async\" width=\"150\" height=\"150\" src=\"https:\/\/hcd.malargue.gov.ar\/wp-content\/uploads\/2019\/12\/IMGP3143-150x150.jpg\" class=\"attachment-thumbnail size-thumbnail\" alt=\"\" \/><\/a>\n\t\t\t<\/div><\/figure><figure class='gallery-item'>\n\t\t\t<div class='gallery-icon landscape'>\n\t\t\t\t<a href='https:\/\/hcd.malargue.gov.ar\/wp-content\/uploads\/2019\/12\/IMGP3144.jpg'><img loading=\"lazy\" decoding=\"async\" width=\"150\" height=\"150\" src=\"https:\/\/hcd.malargue.gov.ar\/wp-content\/uploads\/2019\/12\/IMGP3144-150x150.jpg\" class=\"attachment-thumbnail size-thumbnail\" alt=\"\" \/><\/a>\n\t\t\t<\/div><\/figure><figure class='gallery-item'>\n\t\t\t<div class='gallery-icon portrait'>\n\t\t\t\t<a href='https:\/\/hcd.malargue.gov.ar\/wp-content\/uploads\/2019\/12\/IMGP3139.jpg'><img loading=\"lazy\" decoding=\"async\" width=\"150\" height=\"150\" src=\"https:\/\/hcd.malargue.gov.ar\/wp-content\/uploads\/2019\/12\/IMGP3139-150x150.jpg\" class=\"attachment-thumbnail size-thumbnail\" alt=\"\" \/><\/a>\n\t\t\t<\/div><\/figure><figure class='gallery-item'>\n\t\t\t<div class='gallery-icon landscape'>\n\t\t\t\t<a href='https:\/\/hcd.malargue.gov.ar\/wp-content\/uploads\/2019\/12\/IMGP3146.jpg'><img loading=\"lazy\" decoding=\"async\" width=\"150\" height=\"150\" src=\"https:\/\/hcd.malargue.gov.ar\/wp-content\/uploads\/2019\/12\/IMGP3146-150x150.jpg\" class=\"attachment-thumbnail size-thumbnail\" alt=\"\" \/><\/a>\n\t\t\t<\/div><\/figure><figure class='gallery-item'>\n\t\t\t<div class='gallery-icon landscape'>\n\t\t\t\t<a href='https:\/\/hcd.malargue.gov.ar\/wp-content\/uploads\/2019\/12\/IMGP3148.jpg'><img loading=\"lazy\" decoding=\"async\" width=\"150\" height=\"150\" src=\"https:\/\/hcd.malargue.gov.ar\/wp-content\/uploads\/2019\/12\/IMGP3148-150x150.jpg\" class=\"attachment-thumbnail size-thumbnail\" alt=\"\" \/><\/a>\n\t\t\t<\/div><\/figure><figure class='gallery-item'>\n\t\t\t<div class='gallery-icon landscape'>\n\t\t\t\t<a href='https:\/\/hcd.malargue.gov.ar\/wp-content\/uploads\/2019\/12\/IMGP3149.jpg'><img loading=\"lazy\" decoding=\"async\" width=\"150\" height=\"150\" src=\"https:\/\/hcd.malargue.gov.ar\/wp-content\/uploads\/2019\/12\/IMGP3149-150x150.jpg\" class=\"attachment-thumbnail size-thumbnail\" alt=\"\" \/><\/a>\n\t\t\t<\/div><\/figure><figure class='gallery-item'>\n\t\t\t<div class='gallery-icon landscape'>\n\t\t\t\t<a href='https:\/\/hcd.malargue.gov.ar\/wp-content\/uploads\/2019\/12\/IMGP3150.jpg'><img loading=\"lazy\" decoding=\"async\" width=\"150\" height=\"150\" src=\"https:\/\/hcd.malargue.gov.ar\/wp-content\/uploads\/2019\/12\/IMGP3150-150x150.jpg\" class=\"attachment-thumbnail size-thumbnail\" alt=\"\" \/><\/a>\n\t\t\t<\/div><\/figure><figure class='gallery-item'>\n\t\t\t<div class='gallery-icon landscape'>\n\t\t\t\t<a href='https:\/\/hcd.malargue.gov.ar\/wp-content\/uploads\/2019\/12\/IMGP3151.jpg'><img loading=\"lazy\" decoding=\"async\" width=\"150\" height=\"150\" src=\"https:\/\/hcd.malargue.gov.ar\/wp-content\/uploads\/2019\/12\/IMGP3151-150x150.jpg\" class=\"attachment-thumbnail size-thumbnail\" alt=\"\" \/><\/a>\n\t\t\t<\/div><\/figure><figure class='gallery-item'>\n\t\t\t<div class='gallery-icon landscape'>\n\t\t\t\t<a href='https:\/\/hcd.malargue.gov.ar\/wp-content\/uploads\/2019\/12\/IMGP3155.jpg'><img loading=\"lazy\" decoding=\"async\" width=\"150\" height=\"150\" src=\"https:\/\/hcd.malargue.gov.ar\/wp-content\/uploads\/2019\/12\/IMGP3155-150x150.jpg\" class=\"attachment-thumbnail size-thumbnail\" alt=\"\" \/><\/a>\n\t\t\t<\/div><\/figure><figure class='gallery-item'>\n\t\t\t<div class='gallery-icon portrait'>\n\t\t\t\t<a href='https:\/\/hcd.malargue.gov.ar\/wp-content\/uploads\/2019\/12\/IMGP3145.jpg'><img loading=\"lazy\" decoding=\"async\" width=\"150\" height=\"150\" src=\"https:\/\/hcd.malargue.gov.ar\/wp-content\/uploads\/2019\/12\/IMGP3145-150x150.jpg\" class=\"attachment-thumbnail size-thumbnail\" alt=\"\" \/><\/a>\n\t\t\t<\/div><\/figure><figure class='gallery-item'>\n\t\t\t<div class='gallery-icon landscape'>\n\t\t\t\t<a href='https:\/\/hcd.malargue.gov.ar\/wp-content\/uploads\/2019\/12\/IMGP3156.jpg'><img loading=\"lazy\" decoding=\"async\" width=\"150\" height=\"150\" src=\"https:\/\/hcd.malargue.gov.ar\/wp-content\/uploads\/2019\/12\/IMGP3156-150x150.jpg\" class=\"attachment-thumbnail size-thumbnail\" alt=\"\" \/><\/a>\n\t\t\t<\/div><\/figure><figure class='gallery-item'>\n\t\t\t<div class='gallery-icon landscape'>\n\t\t\t\t<a href='https:\/\/hcd.malargue.gov.ar\/wp-content\/uploads\/2019\/12\/IMGP3157.jpg'><img loading=\"lazy\" decoding=\"async\" width=\"150\" height=\"150\" src=\"https:\/\/hcd.malargue.gov.ar\/wp-content\/uploads\/2019\/12\/IMGP3157-150x150.jpg\" class=\"attachment-thumbnail size-thumbnail\" alt=\"\" \/><\/a>\n\t\t\t<\/div><\/figure><figure class='gallery-item'>\n\t\t\t<div class='gallery-icon portrait'>\n\t\t\t\t<a href='https:\/\/hcd.malargue.gov.ar\/wp-content\/uploads\/2019\/12\/IMGP3158.jpg'><img loading=\"lazy\" decoding=\"async\" width=\"150\" height=\"150\" src=\"https:\/\/hcd.malargue.gov.ar\/wp-content\/uploads\/2019\/12\/IMGP3158-150x150.jpg\" class=\"attachment-thumbnail size-thumbnail\" alt=\"\" \/><\/a>\n\t\t\t<\/div><\/figure><figure class='gallery-item'>\n\t\t\t<div class='gallery-icon landscape'>\n\t\t\t\t<a href='https:\/\/hcd.malargue.gov.ar\/wp-content\/uploads\/2019\/12\/IMGP3159.jpg'><img loading=\"lazy\" decoding=\"async\" width=\"150\" height=\"150\" src=\"https:\/\/hcd.malargue.gov.ar\/wp-content\/uploads\/2019\/12\/IMGP3159-150x150.jpg\" class=\"attachment-thumbnail size-thumbnail\" alt=\"\" \/><\/a>\n\t\t\t<\/div><\/figure><figure class='gallery-item'>\n\t\t\t<div class='gallery-icon landscape'>\n\t\t\t\t<a href='https:\/\/hcd.malargue.gov.ar\/wp-content\/uploads\/2019\/12\/IMGP3161.jpg'><img loading=\"lazy\" decoding=\"async\" width=\"150\" height=\"150\" src=\"https:\/\/hcd.malargue.gov.ar\/wp-content\/uploads\/2019\/12\/IMGP3161-150x150.jpg\" class=\"attachment-thumbnail size-thumbnail\" alt=\"\" \/><\/a>\n\t\t\t<\/div><\/figure><figure class='gallery-item'>\n\t\t\t<div class='gallery-icon landscape'>\n\t\t\t\t<a href='https:\/\/hcd.malargue.gov.ar\/wp-content\/uploads\/2019\/12\/IMGP3164.jpg'><img loading=\"lazy\" decoding=\"async\" width=\"150\" height=\"150\" src=\"https:\/\/hcd.malargue.gov.ar\/wp-content\/uploads\/2019\/12\/IMGP3164-150x150.jpg\" class=\"attachment-thumbnail size-thumbnail\" alt=\"\" \/><\/a>\n\t\t\t<\/div><\/figure>\n\t\t<\/div>\n\n","protected":false},"excerpt":{"rendered":"<p>Fernando Glatigny, Presidente del Concejo Deliberante ofreci\u00f3 un desayuno para despedir a los Ediles que cumplir\u00e1n su mandato y dar la bienvenida a los Concejales que ingresaran al Concejo Deliberante. De este modo cerca de las 9:00 recibi\u00f3 en sala de comisiones a los Concejales Rodolfo Cabeza, Ra\u00fal Rodr\u00edguez (Bloque Justicialista FPV), Jos\u00e9 Barro, Paola [&hellip;]<\/p>\n","protected":false},"author":4,"featured_media":19076,"comment_status":"closed","ping_status":"closed","sticky":false,"template":"","format":"standard","meta":{"footnotes":""},"categories":[52,33],"tags":[],"class_list":["post-19059","post","type-post","status-publish","format-standard","has-post-thumbnail","hentry","category-gacetillas","category-prensa"],"yoast_head":"<!-- This site is optimized with the Yoast SEO plugin v19.10 - https:\/\/yoast.com\/wordpress\/plugins\/seo\/ -->\n<title>DESAYUNO DE DESPEDIDA Y BIENVENIDA A CONCEJALES - Malarg\u00fce HCD<\/title>\n<meta name=\"robots\" content=\"index, follow, max-snippet:-1, max-image-preview:large, max-video-preview:-1\" \/>\n<link rel=\"canonical\" href=\"https:\/\/hcd.malargue.gov.ar\/?p=19059\" \/>\n<meta property=\"og:locale\" content=\"es_ES\" \/>\n<meta property=\"og:type\" content=\"article\" \/>\n<meta property=\"og:title\" content=\"DESAYUNO DE DESPEDIDA Y BIENVENIDA A CONCEJALES - Malarg\u00fce HCD\" \/>\n<meta property=\"og:description\" content=\"Fernando Glatigny, Presidente del Concejo Deliberante ofreci\u00f3 un desayuno para despedir a los Ediles que cumplir\u00e1n su mandato y dar la bienvenida a los Concejales que ingresaran al Concejo Deliberante. De este modo cerca de las 9:00 recibi\u00f3 en sala de comisiones a los Concejales Rodolfo Cabeza, Ra\u00fal Rodr\u00edguez (Bloque Justicialista FPV), Jos\u00e9 Barro, Paola [&hellip;]\" \/>\n<meta property=\"og:url\" content=\"https:\/\/hcd.malargue.gov.ar\/?p=19059\" \/>\n<meta property=\"og:site_name\" content=\"Malarg\u00fce HCD\" \/>\n<meta property=\"article:published_time\" content=\"2019-12-05T18:27:38+00:00\" \/>\n<meta property=\"article:modified_time\" content=\"2019-12-05T18:34:40+00:00\" \/>\n<meta property=\"og:image\" content=\"https:\/\/hcd.malargue.gov.ar\/wp-content\/uploads\/2019\/12\/IMGP3149.jpg\" \/>\n\t<meta property=\"og:image:width\" content=\"4288\" \/>\n\t<meta property=\"og:image:height\" content=\"2848\" \/>\n\t<meta property=\"og:image:type\" content=\"image\/jpeg\" \/>\n<meta name=\"author\" content=\"Marcia Sepulveda\" \/>\n<meta name=\"twitter:card\" content=\"summary_large_image\" \/>\n<meta name=\"twitter:label1\" content=\"Escrito por\" \/>\n\t<meta name=\"twitter:data1\" content=\"Marcia Sepulveda\" \/>\n\t<meta name=\"twitter:label2\" content=\"Tiempo de lectura\" \/>\n\t<meta name=\"twitter:data2\" content=\"11 minutos\" \/>\n<script type=\"application\/ld+json\" class=\"yoast-schema-graph\">{\"@context\":\"https:\/\/schema.org\",\"@graph\":[{\"@type\":\"WebPage\",\"@id\":\"https:\/\/hcd.malargue.gov.ar\/?p=19059\",\"url\":\"https:\/\/hcd.malargue.gov.ar\/?p=19059\",\"name\":\"DESAYUNO DE DESPEDIDA Y BIENVENIDA A CONCEJALES - Malarg\u00fce HCD\",\"isPartOf\":{\"@id\":\"https:\/\/hcd.malargue.gov.ar\/#website\"},\"datePublished\":\"2019-12-05T18:27:38+00:00\",\"dateModified\":\"2019-12-05T18:34:40+00:00\",\"author\":{\"@id\":\"https:\/\/hcd.malargue.gov.ar\/#\/schema\/person\/c02f28730a528313e04d34aba071fe06\"},\"breadcrumb\":{\"@id\":\"https:\/\/hcd.malargue.gov.ar\/?p=19059#breadcrumb\"},\"inLanguage\":\"es-AR\",\"potentialAction\":[{\"@type\":\"ReadAction\",\"target\":[\"https:\/\/hcd.malargue.gov.ar\/?p=19059\"]}]},{\"@type\":\"BreadcrumbList\",\"@id\":\"https:\/\/hcd.malargue.gov.ar\/?p=19059#breadcrumb\",\"itemListElement\":[{\"@type\":\"ListItem\",\"position\":1,\"name\":\"Inicio\",\"item\":\"https:\/\/hcd.malargue.gov.ar\/\"},{\"@type\":\"ListItem\",\"position\":2,\"name\":\"DESAYUNO DE DESPEDIDA Y BIENVENIDA A CONCEJALES\"}]},{\"@type\":\"WebSite\",\"@id\":\"https:\/\/hcd.malargue.gov.ar\/#website\",\"url\":\"https:\/\/hcd.malargue.gov.ar\/\",\"name\":\"Malarg\u00fce HCD\",\"description\":\"Malarg\u00fce Mendoza Argentina\",\"potentialAction\":[{\"@type\":\"SearchAction\",\"target\":{\"@type\":\"EntryPoint\",\"urlTemplate\":\"https:\/\/hcd.malargue.gov.ar\/?s={search_term_string}\"},\"query-input\":\"required name=search_term_string\"}],\"inLanguage\":\"es-AR\"},{\"@type\":\"Person\",\"@id\":\"https:\/\/hcd.malargue.gov.ar\/#\/schema\/person\/c02f28730a528313e04d34aba071fe06\",\"name\":\"Marcia Sepulveda\",\"image\":{\"@type\":\"ImageObject\",\"inLanguage\":\"es-AR\",\"@id\":\"https:\/\/hcd.malargue.gov.ar\/#\/schema\/person\/image\/\",\"url\":\"https:\/\/secure.gravatar.com\/avatar\/3557e3bccdef0a5d4de0476d077c8920f0638f6f0bd05553351eb0e70d99f241?s=96&d=mm&r=g\",\"contentUrl\":\"https:\/\/secure.gravatar.com\/avatar\/3557e3bccdef0a5d4de0476d077c8920f0638f6f0bd05553351eb0e70d99f241?s=96&d=mm&r=g\",\"caption\":\"Marcia Sepulveda\"},\"url\":\"https:\/\/hcd.malargue.gov.ar\/?author=4\"}]}<\/script>\n<!-- \/ Yoast SEO plugin. -->","yoast_head_json":{"title":"DESAYUNO DE DESPEDIDA Y BIENVENIDA A CONCEJALES - Malarg\u00fce HCD","robots":{"index":"index","follow":"follow","max-snippet":"max-snippet:-1","max-image-preview":"max-image-preview:large","max-video-preview":"max-video-preview:-1"},"canonical":"https:\/\/hcd.malargue.gov.ar\/?p=19059","og_locale":"es_ES","og_type":"article","og_title":"DESAYUNO DE DESPEDIDA Y BIENVENIDA A CONCEJALES - Malarg\u00fce HCD","og_description":"Fernando Glatigny, Presidente del Concejo Deliberante ofreci\u00f3 un desayuno para despedir a los Ediles que cumplir\u00e1n su mandato y dar la bienvenida a los Concejales que ingresaran al Concejo Deliberante. De este modo cerca de las 9:00 recibi\u00f3 en sala de comisiones a los Concejales Rodolfo Cabeza, Ra\u00fal Rodr\u00edguez (Bloque Justicialista FPV), Jos\u00e9 Barro, Paola [&hellip;]","og_url":"https:\/\/hcd.malargue.gov.ar\/?p=19059","og_site_name":"Malarg\u00fce HCD","article_published_time":"2019-12-05T18:27:38+00:00","article_modified_time":"2019-12-05T18:34:40+00:00","og_image":[{"width":4288,"height":2848,"url":"https:\/\/hcd.malargue.gov.ar\/wp-content\/uploads\/2019\/12\/IMGP3149.jpg","type":"image\/jpeg"}],"author":"Marcia Sepulveda","twitter_card":"summary_large_image","twitter_misc":{"Escrito por":"Marcia Sepulveda","Tiempo de lectura":"11 minutos"},"schema":{"@context":"https:\/\/schema.org","@graph":[{"@type":"WebPage","@id":"https:\/\/hcd.malargue.gov.ar\/?p=19059","url":"https:\/\/hcd.malargue.gov.ar\/?p=19059","name":"DESAYUNO DE DESPEDIDA Y BIENVENIDA A CONCEJALES - Malarg\u00fce HCD","isPartOf":{"@id":"https:\/\/hcd.malargue.gov.ar\/#website"},"datePublished":"2019-12-05T18:27:38+00:00","dateModified":"2019-12-05T18:34:40+00:00","author":{"@id":"https:\/\/hcd.malargue.gov.ar\/#\/schema\/person\/c02f28730a528313e04d34aba071fe06"},"breadcrumb":{"@id":"https:\/\/hcd.malargue.gov.ar\/?p=19059#breadcrumb"},"inLanguage":"es-AR","potentialAction":[{"@type":"ReadAction","target":["https:\/\/hcd.malargue.gov.ar\/?p=19059"]}]},{"@type":"BreadcrumbList","@id":"https:\/\/hcd.malargue.gov.ar\/?p=19059#breadcrumb","itemListElement":[{"@type":"ListItem","position":1,"name":"Inicio","item":"https:\/\/hcd.malargue.gov.ar\/"},{"@type":"ListItem","position":2,"name":"DESAYUNO DE DESPEDIDA Y BIENVENIDA A CONCEJALES"}]},{"@type":"WebSite","@id":"https:\/\/hcd.malargue.gov.ar\/#website","url":"https:\/\/hcd.malargue.gov.ar\/","name":"Malarg\u00fce HCD","description":"Malarg\u00fce Mendoza Argentina","potentialAction":[{"@type":"SearchAction","target":{"@type":"EntryPoint","urlTemplate":"https:\/\/hcd.malargue.gov.ar\/?s={search_term_string}"},"query-input":"required name=search_term_string"}],"inLanguage":"es-AR"},{"@type":"Person","@id":"https:\/\/hcd.malargue.gov.ar\/#\/schema\/person\/c02f28730a528313e04d34aba071fe06","name":"Marcia Sepulveda","image":{"@type":"ImageObject","inLanguage":"es-AR","@id":"https:\/\/hcd.malargue.gov.ar\/#\/schema\/person\/image\/","url":"https:\/\/secure.gravatar.com\/avatar\/3557e3bccdef0a5d4de0476d077c8920f0638f6f0bd05553351eb0e70d99f241?s=96&d=mm&r=g","contentUrl":"https:\/\/secure.gravatar.com\/avatar\/3557e3bccdef0a5d4de0476d077c8920f0638f6f0bd05553351eb0e70d99f241?s=96&d=mm&r=g","caption":"Marcia Sepulveda"},"url":"https:\/\/hcd.malargue.gov.ar\/?author=4"}]}},"_links":{"self":[{"href":"https:\/\/hcd.malargue.gov.ar\/index.php?rest_route=\/wp\/v2\/posts\/19059","targetHints":{"allow":["GET"]}}],"collection":[{"href":"https:\/\/hcd.malargue.gov.ar\/index.php?rest_route=\/wp\/v2\/posts"}],"about":[{"href":"https:\/\/hcd.malargue.gov.ar\/index.php?rest_route=\/wp\/v2\/types\/post"}],"author":[{"embeddable":true,"href":"https:\/\/hcd.malargue.gov.ar\/index.php?rest_route=\/wp\/v2\/users\/4"}],"replies":[{"embeddable":true,"href":"https:\/\/hcd.malargue.gov.ar\/index.php?rest_route=%2Fwp%2Fv2%2Fcomments&post=19059"}],"version-history":[{"count":0,"href":"https:\/\/hcd.malargue.gov.ar\/index.php?rest_route=\/wp\/v2\/posts\/19059\/revisions"}],"wp:featuredmedia":[{"embeddable":true,"href":"https:\/\/hcd.malargue.gov.ar\/index.php?rest_route=\/wp\/v2\/media\/19076"}],"wp:attachment":[{"href":"https:\/\/hcd.malargue.gov.ar\/index.php?rest_route=%2Fwp%2Fv2%2Fmedia&parent=19059"}],"wp:term":[{"taxonomy":"category","embeddable":true,"href":"https:\/\/hcd.malargue.gov.ar\/index.php?rest_route=%2Fwp%2Fv2%2Fcategories&post=19059"},{"taxonomy":"post_tag","embeddable":true,"href":"https:\/\/hcd.malargue.gov.ar\/index.php?rest_route=%2Fwp%2Fv2%2Ftags&post=19059"}],"curies":[{"name":"wp","href":"https:\/\/api.w.org\/{rel}","templated":true}]}}