{"id":19153,"date":"2019-12-10T09:41:36","date_gmt":"2019-12-10T12:41:36","guid":{"rendered":"https:\/\/hcd.malargue.gov.ar\/?p=19153"},"modified":"2019-12-10T09:48:05","modified_gmt":"2019-12-10T12:48:05","slug":"orden-del-dia-sesion-especial-5","status":"publish","type":"post","link":"https:\/\/hcd.malargue.gov.ar\/?p=19153","title":{"rendered":"ORDEN\u00a0 DEL DIA &#8211; SESION\u00a0 ESPECIAL"},"content":{"rendered":"<p><strong>D\u00eda \u00a0Martes\u00a0 10 de Diciembre de 2019.-<a href=\"https:\/\/hcd.malargue.gov.ar\/pdf\/ORDEN%20Especial%20JURAMENTO%20OJEDA%20%20%20doc.pdf\" target=\"_blank\" rel=\"noopener noreferrer\"><img loading=\"lazy\" decoding=\"async\" class=\"wp-image-7950 alignright\" src=\"https:\/\/hcd.malargue.gov.ar\/wp-content\/uploads\/2018\/06\/PDF-JPG-300x300.jpg\" alt=\"\" width=\"76\" height=\"76\" srcset=\"https:\/\/hcd.malargue.gov.ar\/wp-content\/uploads\/2018\/06\/PDF-JPG-300x300.jpg 300w, https:\/\/hcd.malargue.gov.ar\/wp-content\/uploads\/2018\/06\/PDF-JPG-150x150.jpg 150w, https:\/\/hcd.malargue.gov.ar\/wp-content\/uploads\/2018\/06\/PDF-JPG.jpg 512w\" sizes=\"auto, (max-width: 76px) 100vw, 76px\" \/><\/a><\/strong><\/p>\n<p><strong><em>Hora: 12:00 <\/em><\/strong><\/p>\n<ol>\n<li><strong><em>Acto de Izar la Ense\u00f1a Patria \u00a0a cargo del Sr. Presidente a Cargo del Honorable Concejo Deliberante\u00a0 y del Sr. Intendente D. Jorge Vergara Mart\u00ednez <\/em><\/strong><\/li>\n<li><strong><em>Himno Nacional Argentino <\/em><\/strong><\/li>\n<li><strong><em>Lectura y consideraci\u00f3n de la Resoluci\u00f3n de Presidencia N\u00b0 109\/2019<\/em><\/strong><\/li>\n<li><strong><em>Juramento del Sr. Intendente Electo Lic. JUAN MANUEL OJEDA <\/em><\/strong><\/li>\n<li><strong><em>Acto de arriar el Pabell\u00f3n Nacional a cargo del Sr. Intendente del Departamento de Malarg\u00fce \u00a0<\/em><\/strong><\/li>\n<\/ol>\n<p style=\"text-align: right;\"><strong><em>PRESIDENCIA H.C.D. <\/em><\/strong><strong><em>10 de diciembre de 2019<\/em><\/strong><strong><em>.-<\/em><\/strong><\/p>\n<p><img loading=\"lazy\" decoding=\"async\" class=\"aligncenter\" src=\"https:\/\/hcd.malargue.gov.ar\/wp-content\/uploads\/2019\/12\/Asunci%C3%B3n-Intendente-Ojeda.jpg\" width=\"423\" height=\"286\" \/><\/p>\n","protected":false},"excerpt":{"rendered":"<p>D\u00eda \u00a0Martes\u00a0 10 de Diciembre de 2019.- Hora: 12:00 Acto de Izar la Ense\u00f1a Patria \u00a0a cargo del Sr. Presidente a Cargo del Honorable Concejo Deliberante\u00a0 y del Sr. Intendente D. Jorge Vergara Mart\u00ednez Himno Nacional Argentino Lectura y consideraci\u00f3n de la Resoluci\u00f3n de Presidencia N\u00b0 109\/2019 Juramento del Sr. Intendente Electo Lic. JUAN MANUEL [&hellip;]<\/p>\n","protected":false},"author":4,"featured_media":19154,"comment_status":"closed","ping_status":"closed","sticky":false,"template":"","format":"standard","meta":{"footnotes":""},"categories":[56,52,33,36],"tags":[],"class_list":["post-19153","post","type-post","status-publish","format-standard","has-post-thumbnail","hentry","category-especiales","category-gacetillas","category-prensa","category-sesiones"],"yoast_head":"<!-- This site is optimized with the Yoast SEO plugin v19.10 - https:\/\/yoast.com\/wordpress\/plugins\/seo\/ -->\n<title>ORDEN\u00a0 DEL DIA - SESION\u00a0 ESPECIAL - Malarg\u00fce HCD<\/title>\n<meta name=\"robots\" content=\"index, follow, max-snippet:-1, max-image-preview:large, max-video-preview:-1\" \/>\n<link rel=\"canonical\" href=\"https:\/\/hcd.malargue.gov.ar\/?p=19153\" \/>\n<meta property=\"og:locale\" content=\"es_ES\" \/>\n<meta property=\"og:type\" content=\"article\" \/>\n<meta property=\"og:title\" content=\"ORDEN\u00a0 DEL DIA - SESION\u00a0 ESPECIAL - Malarg\u00fce HCD\" \/>\n<meta property=\"og:description\" content=\"D\u00eda \u00a0Martes\u00a0 10 de Diciembre de 2019.- Hora: 12:00 Acto de Izar la Ense\u00f1a Patria \u00a0a cargo del Sr. Presidente a Cargo del Honorable Concejo Deliberante\u00a0 y del Sr. Intendente D. Jorge Vergara Mart\u00ednez Himno Nacional Argentino Lectura y consideraci\u00f3n de la Resoluci\u00f3n de Presidencia N\u00b0 109\/2019 Juramento del Sr. Intendente Electo Lic. JUAN MANUEL [&hellip;]\" \/>\n<meta property=\"og:url\" content=\"https:\/\/hcd.malargue.gov.ar\/?p=19153\" \/>\n<meta property=\"og:site_name\" content=\"Malarg\u00fce HCD\" \/>\n<meta property=\"article:published_time\" content=\"2019-12-10T12:41:36+00:00\" \/>\n<meta property=\"article:modified_time\" content=\"2019-12-10T12:48:05+00:00\" \/>\n<meta property=\"og:image\" content=\"https:\/\/hcd.malargue.gov.ar\/wp-content\/uploads\/2019\/12\/Asunci\u00f3n-Intendente-Ojeda.jpg\" \/>\n\t<meta property=\"og:image:width\" content=\"1280\" \/>\n\t<meta property=\"og:image:height\" content=\"867\" \/>\n\t<meta property=\"og:image:type\" content=\"image\/jpeg\" \/>\n<meta name=\"author\" content=\"Marcia Sepulveda\" \/>\n<meta name=\"twitter:card\" content=\"summary_large_image\" \/>\n<meta name=\"twitter:label1\" content=\"Escrito por\" \/>\n\t<meta name=\"twitter:data1\" content=\"Marcia Sepulveda\" \/>\n<script type=\"application\/ld+json\" class=\"yoast-schema-graph\">{\"@context\":\"https:\/\/schema.org\",\"@graph\":[{\"@type\":\"WebPage\",\"@id\":\"https:\/\/hcd.malargue.gov.ar\/?p=19153\",\"url\":\"https:\/\/hcd.malargue.gov.ar\/?p=19153\",\"name\":\"ORDEN\u00a0 DEL DIA - SESION\u00a0 ESPECIAL - Malarg\u00fce HCD\",\"isPartOf\":{\"@id\":\"https:\/\/hcd.malargue.gov.ar\/#website\"},\"datePublished\":\"2019-12-10T12:41:36+00:00\",\"dateModified\":\"2019-12-10T12:48:05+00:00\",\"author\":{\"@id\":\"https:\/\/hcd.malargue.gov.ar\/#\/schema\/person\/c02f28730a528313e04d34aba071fe06\"},\"breadcrumb\":{\"@id\":\"https:\/\/hcd.malargue.gov.ar\/?p=19153#breadcrumb\"},\"inLanguage\":\"es-AR\",\"potentialAction\":[{\"@type\":\"ReadAction\",\"target\":[\"https:\/\/hcd.malargue.gov.ar\/?p=19153\"]}]},{\"@type\":\"BreadcrumbList\",\"@id\":\"https:\/\/hcd.malargue.gov.ar\/?p=19153#breadcrumb\",\"itemListElement\":[{\"@type\":\"ListItem\",\"position\":1,\"name\":\"Inicio\",\"item\":\"https:\/\/hcd.malargue.gov.ar\/\"},{\"@type\":\"ListItem\",\"position\":2,\"name\":\"ORDEN\u00a0 DEL DIA &#8211; SESION\u00a0 ESPECIAL\"}]},{\"@type\":\"WebSite\",\"@id\":\"https:\/\/hcd.malargue.gov.ar\/#website\",\"url\":\"https:\/\/hcd.malargue.gov.ar\/\",\"name\":\"Malarg\u00fce HCD\",\"description\":\"Malarg\u00fce Mendoza Argentina\",\"potentialAction\":[{\"@type\":\"SearchAction\",\"target\":{\"@type\":\"EntryPoint\",\"urlTemplate\":\"https:\/\/hcd.malargue.gov.ar\/?s={search_term_string}\"},\"query-input\":\"required name=search_term_string\"}],\"inLanguage\":\"es-AR\"},{\"@type\":\"Person\",\"@id\":\"https:\/\/hcd.malargue.gov.ar\/#\/schema\/person\/c02f28730a528313e04d34aba071fe06\",\"name\":\"Marcia Sepulveda\",\"image\":{\"@type\":\"ImageObject\",\"inLanguage\":\"es-AR\",\"@id\":\"https:\/\/hcd.malargue.gov.ar\/#\/schema\/person\/image\/\",\"url\":\"https:\/\/secure.gravatar.com\/avatar\/3557e3bccdef0a5d4de0476d077c8920f0638f6f0bd05553351eb0e70d99f241?s=96&d=mm&r=g\",\"contentUrl\":\"https:\/\/secure.gravatar.com\/avatar\/3557e3bccdef0a5d4de0476d077c8920f0638f6f0bd05553351eb0e70d99f241?s=96&d=mm&r=g\",\"caption\":\"Marcia Sepulveda\"},\"url\":\"https:\/\/hcd.malargue.gov.ar\/?author=4\"}]}<\/script>\n<!-- \/ Yoast SEO plugin. -->","yoast_head_json":{"title":"ORDEN\u00a0 DEL DIA - SESION\u00a0 ESPECIAL - Malarg\u00fce HCD","robots":{"index":"index","follow":"follow","max-snippet":"max-snippet:-1","max-image-preview":"max-image-preview:large","max-video-preview":"max-video-preview:-1"},"canonical":"https:\/\/hcd.malargue.gov.ar\/?p=19153","og_locale":"es_ES","og_type":"article","og_title":"ORDEN\u00a0 DEL DIA - SESION\u00a0 ESPECIAL - Malarg\u00fce HCD","og_description":"D\u00eda \u00a0Martes\u00a0 10 de Diciembre de 2019.- Hora: 12:00 Acto de Izar la Ense\u00f1a Patria \u00a0a cargo del Sr. Presidente a Cargo del Honorable Concejo Deliberante\u00a0 y del Sr. Intendente D. Jorge Vergara Mart\u00ednez Himno Nacional Argentino Lectura y consideraci\u00f3n de la Resoluci\u00f3n de Presidencia N\u00b0 109\/2019 Juramento del Sr. Intendente Electo Lic. JUAN MANUEL [&hellip;]","og_url":"https:\/\/hcd.malargue.gov.ar\/?p=19153","og_site_name":"Malarg\u00fce HCD","article_published_time":"2019-12-10T12:41:36+00:00","article_modified_time":"2019-12-10T12:48:05+00:00","og_image":[{"width":1280,"height":867,"url":"https:\/\/hcd.malargue.gov.ar\/wp-content\/uploads\/2019\/12\/Asunci\u00f3n-Intendente-Ojeda.jpg","type":"image\/jpeg"}],"author":"Marcia Sepulveda","twitter_card":"summary_large_image","twitter_misc":{"Escrito por":"Marcia Sepulveda"},"schema":{"@context":"https:\/\/schema.org","@graph":[{"@type":"WebPage","@id":"https:\/\/hcd.malargue.gov.ar\/?p=19153","url":"https:\/\/hcd.malargue.gov.ar\/?p=19153","name":"ORDEN\u00a0 DEL DIA - SESION\u00a0 ESPECIAL - Malarg\u00fce HCD","isPartOf":{"@id":"https:\/\/hcd.malargue.gov.ar\/#website"},"datePublished":"2019-12-10T12:41:36+00:00","dateModified":"2019-12-10T12:48:05+00:00","author":{"@id":"https:\/\/hcd.malargue.gov.ar\/#\/schema\/person\/c02f28730a528313e04d34aba071fe06"},"breadcrumb":{"@id":"https:\/\/hcd.malargue.gov.ar\/?p=19153#breadcrumb"},"inLanguage":"es-AR","potentialAction":[{"@type":"ReadAction","target":["https:\/\/hcd.malargue.gov.ar\/?p=19153"]}]},{"@type":"BreadcrumbList","@id":"https:\/\/hcd.malargue.gov.ar\/?p=19153#breadcrumb","itemListElement":[{"@type":"ListItem","position":1,"name":"Inicio","item":"https:\/\/hcd.malargue.gov.ar\/"},{"@type":"ListItem","position":2,"name":"ORDEN\u00a0 DEL DIA &#8211; SESION\u00a0 ESPECIAL"}]},{"@type":"WebSite","@id":"https:\/\/hcd.malargue.gov.ar\/#website","url":"https:\/\/hcd.malargue.gov.ar\/","name":"Malarg\u00fce HCD","description":"Malarg\u00fce Mendoza Argentina","potentialAction":[{"@type":"SearchAction","target":{"@type":"EntryPoint","urlTemplate":"https:\/\/hcd.malargue.gov.ar\/?s={search_term_string}"},"query-input":"required name=search_term_string"}],"inLanguage":"es-AR"},{"@type":"Person","@id":"https:\/\/hcd.malargue.gov.ar\/#\/schema\/person\/c02f28730a528313e04d34aba071fe06","name":"Marcia Sepulveda","image":{"@type":"ImageObject","inLanguage":"es-AR","@id":"https:\/\/hcd.malargue.gov.ar\/#\/schema\/person\/image\/","url":"https:\/\/secure.gravatar.com\/avatar\/3557e3bccdef0a5d4de0476d077c8920f0638f6f0bd05553351eb0e70d99f241?s=96&d=mm&r=g","contentUrl":"https:\/\/secure.gravatar.com\/avatar\/3557e3bccdef0a5d4de0476d077c8920f0638f6f0bd05553351eb0e70d99f241?s=96&d=mm&r=g","caption":"Marcia Sepulveda"},"url":"https:\/\/hcd.malargue.gov.ar\/?author=4"}]}},"_links":{"self":[{"href":"https:\/\/hcd.malargue.gov.ar\/index.php?rest_route=\/wp\/v2\/posts\/19153","targetHints":{"allow":["GET"]}}],"collection":[{"href":"https:\/\/hcd.malargue.gov.ar\/index.php?rest_route=\/wp\/v2\/posts"}],"about":[{"href":"https:\/\/hcd.malargue.gov.ar\/index.php?rest_route=\/wp\/v2\/types\/post"}],"author":[{"embeddable":true,"href":"https:\/\/hcd.malargue.gov.ar\/index.php?rest_route=\/wp\/v2\/users\/4"}],"replies":[{"embeddable":true,"href":"https:\/\/hcd.malargue.gov.ar\/index.php?rest_route=%2Fwp%2Fv2%2Fcomments&post=19153"}],"version-history":[{"count":0,"href":"https:\/\/hcd.malargue.gov.ar\/index.php?rest_route=\/wp\/v2\/posts\/19153\/revisions"}],"wp:featuredmedia":[{"embeddable":true,"href":"https:\/\/hcd.malargue.gov.ar\/index.php?rest_route=\/wp\/v2\/media\/19154"}],"wp:attachment":[{"href":"https:\/\/hcd.malargue.gov.ar\/index.php?rest_route=%2Fwp%2Fv2%2Fmedia&parent=19153"}],"wp:term":[{"taxonomy":"category","embeddable":true,"href":"https:\/\/hcd.malargue.gov.ar\/index.php?rest_route=%2Fwp%2Fv2%2Fcategories&post=19153"},{"taxonomy":"post_tag","embeddable":true,"href":"https:\/\/hcd.malargue.gov.ar\/index.php?rest_route=%2Fwp%2Fv2%2Ftags&post=19153"}],"curies":[{"name":"wp","href":"https:\/\/api.w.org\/{rel}","templated":true}]}}