{"id":19299,"date":"2019-12-16T11:08:33","date_gmt":"2019-12-16T14:08:33","guid":{"rendered":"https:\/\/hcd.malargue.gov.ar\/?p=19299"},"modified":"2019-12-16T11:10:27","modified_gmt":"2019-12-16T14:10:27","slug":"el-concejo-deliberante-acompano-al-cebja-3-512-en-el-acto-de-fin-de-ciclo-lectivo","status":"publish","type":"post","link":"https:\/\/hcd.malargue.gov.ar\/?p=19299","title":{"rendered":"EL CONCEJO DELIBERANTE ACOMPA\u00d1\u00d3 AL CEBJA 3-512 EN EL ACTO DE FIN DE CICLO LECTIVO"},"content":{"rendered":"<p>El dia viernes 13 de diciembre, las Ediles Paola Jofr\u00e9 a cargo de presidencia del Concejo Deliberante de Malarg\u00fce y Paola Rojo (Bloque Cambia Mendoza), en representaci\u00f3n del Deliberativo Municipal asistieron al acto de fin del Ciclo Lectivo 2019 del CENS 3-512 de la Ciudad de Malarg\u00fce.<\/p>\n<p>Prensa HCD<\/p>\n<p>Fotos- Gentileza<\/p>\n<div id='gallery-1' class='gallery galleryid-19299 gallery-columns-3 gallery-size-thumbnail'><figure class='gallery-item'>\n\t\t\t<div class='gallery-icon landscape'>\n\t\t\t\t<a href='https:\/\/hcd.malargue.gov.ar\/wp-content\/uploads\/2019\/12\/79151766_435289310481624_2951046439666450432_n.jpg'><img loading=\"lazy\" decoding=\"async\" width=\"150\" height=\"150\" src=\"https:\/\/hcd.malargue.gov.ar\/wp-content\/uploads\/2019\/12\/79151766_435289310481624_2951046439666450432_n-150x150.jpg\" class=\"attachment-thumbnail size-thumbnail\" alt=\"\" \/><\/a>\n\t\t\t<\/div><\/figure><figure class='gallery-item'>\n\t\t\t<div class='gallery-icon landscape'>\n\t\t\t\t<a href='https:\/\/hcd.malargue.gov.ar\/wp-content\/uploads\/2019\/12\/79981988_714118429079612_8160973320267759616_n.jpg'><img loading=\"lazy\" decoding=\"async\" width=\"150\" height=\"150\" src=\"https:\/\/hcd.malargue.gov.ar\/wp-content\/uploads\/2019\/12\/79981988_714118429079612_8160973320267759616_n-150x150.jpg\" class=\"attachment-thumbnail size-thumbnail\" alt=\"\" \/><\/a>\n\t\t\t<\/div><\/figure><figure class='gallery-item'>\n\t\t\t<div class='gallery-icon landscape'>\n\t\t\t\t<a href='https:\/\/hcd.malargue.gov.ar\/wp-content\/uploads\/2019\/12\/79419679_1506806836155636_817305514487578624_n.jpg'><img loading=\"lazy\" decoding=\"async\" width=\"150\" height=\"150\" src=\"https:\/\/hcd.malargue.gov.ar\/wp-content\/uploads\/2019\/12\/79419679_1506806836155636_817305514487578624_n-150x150.jpg\" class=\"attachment-thumbnail size-thumbnail\" alt=\"\" \/><\/a>\n\t\t\t<\/div><\/figure><figure class='gallery-item'>\n\t\t\t<div class='gallery-icon portrait'>\n\t\t\t\t<a href='https:\/\/hcd.malargue.gov.ar\/wp-content\/uploads\/2019\/12\/79303076_2611461722302077_4013557748821131264_n.jpg'><img loading=\"lazy\" decoding=\"async\" width=\"150\" height=\"150\" src=\"https:\/\/hcd.malargue.gov.ar\/wp-content\/uploads\/2019\/12\/79303076_2611461722302077_4013557748821131264_n-150x150.jpg\" class=\"attachment-thumbnail size-thumbnail\" alt=\"\" \/><\/a>\n\t\t\t<\/div><\/figure><figure class='gallery-item'>\n\t\t\t<div class='gallery-icon landscape'>\n\t\t\t\t<a href='https:\/\/hcd.malargue.gov.ar\/wp-content\/uploads\/2019\/12\/79260391_1155257108199297_1042653948768419840_n.jpg'><img loading=\"lazy\" decoding=\"async\" width=\"150\" height=\"150\" src=\"https:\/\/hcd.malargue.gov.ar\/wp-content\/uploads\/2019\/12\/79260391_1155257108199297_1042653948768419840_n-150x150.jpg\" class=\"attachment-thumbnail size-thumbnail\" alt=\"\" \/><\/a>\n\t\t\t<\/div><\/figure><figure class='gallery-item'>\n\t\t\t<div class='gallery-icon portrait'>\n\t\t\t\t<a href='https:\/\/hcd.malargue.gov.ar\/wp-content\/uploads\/2019\/12\/79843526_2611461862302063_4551844909107118080_n.jpg'><img loading=\"lazy\" decoding=\"async\" width=\"150\" height=\"150\" src=\"https:\/\/hcd.malargue.gov.ar\/wp-content\/uploads\/2019\/12\/79843526_2611461862302063_4551844909107118080_n-150x150.jpg\" class=\"attachment-thumbnail size-thumbnail\" alt=\"\" \/><\/a>\n\t\t\t<\/div><\/figure>\n\t\t<\/div>\n\n","protected":false},"excerpt":{"rendered":"<p>El dia viernes 13 de diciembre, las Ediles Paola Jofr\u00e9 a cargo de presidencia del Concejo Deliberante de Malarg\u00fce y Paola Rojo (Bloque Cambia Mendoza), en representaci\u00f3n del Deliberativo Municipal asistieron al acto de fin del Ciclo Lectivo 2019 del CENS 3-512 de la Ciudad de Malarg\u00fce. Prensa HCD Fotos- Gentileza<\/p>\n","protected":false},"author":4,"featured_media":19302,"comment_status":"closed","ping_status":"closed","sticky":false,"template":"","format":"standard","meta":{"footnotes":""},"categories":[52,33],"tags":[],"class_list":["post-19299","post","type-post","status-publish","format-standard","has-post-thumbnail","hentry","category-gacetillas","category-prensa"],"yoast_head":"<!-- This site is optimized with the Yoast SEO plugin v19.10 - https:\/\/yoast.com\/wordpress\/plugins\/seo\/ -->\n<title>EL CONCEJO DELIBERANTE ACOMPA\u00d1\u00d3 AL CEBJA 3-512 EN EL ACTO DE FIN DE CICLO LECTIVO - Malarg\u00fce HCD<\/title>\n<meta name=\"robots\" content=\"index, follow, max-snippet:-1, max-image-preview:large, max-video-preview:-1\" \/>\n<link rel=\"canonical\" href=\"https:\/\/hcd.malargue.gov.ar\/?p=19299\" \/>\n<meta property=\"og:locale\" content=\"es_ES\" \/>\n<meta property=\"og:type\" content=\"article\" \/>\n<meta property=\"og:title\" content=\"EL CONCEJO DELIBERANTE ACOMPA\u00d1\u00d3 AL CEBJA 3-512 EN EL ACTO DE FIN DE CICLO LECTIVO - Malarg\u00fce HCD\" \/>\n<meta property=\"og:description\" content=\"El dia viernes 13 de diciembre, las Ediles Paola Jofr\u00e9 a cargo de presidencia del Concejo Deliberante de Malarg\u00fce y Paola Rojo (Bloque Cambia Mendoza), en representaci\u00f3n del Deliberativo Municipal asistieron al acto de fin del Ciclo Lectivo 2019 del CENS 3-512 de la Ciudad de Malarg\u00fce. Prensa HCD Fotos- Gentileza\" \/>\n<meta property=\"og:url\" content=\"https:\/\/hcd.malargue.gov.ar\/?p=19299\" \/>\n<meta property=\"og:site_name\" content=\"Malarg\u00fce HCD\" \/>\n<meta property=\"article:published_time\" content=\"2019-12-16T14:08:33+00:00\" \/>\n<meta property=\"article:modified_time\" content=\"2019-12-16T14:10:27+00:00\" \/>\n<meta property=\"og:image\" content=\"https:\/\/hcd.malargue.gov.ar\/wp-content\/uploads\/2019\/12\/79419679_1506806836155636_817305514487578624_n.jpg\" \/>\n\t<meta property=\"og:image:width\" content=\"1032\" \/>\n\t<meta property=\"og:image:height\" content=\"581\" \/>\n\t<meta property=\"og:image:type\" content=\"image\/jpeg\" \/>\n<meta name=\"author\" content=\"Marcia Sepulveda\" \/>\n<meta name=\"twitter:card\" content=\"summary_large_image\" \/>\n<meta name=\"twitter:label1\" content=\"Escrito por\" \/>\n\t<meta name=\"twitter:data1\" content=\"Marcia Sepulveda\" \/>\n<script type=\"application\/ld+json\" class=\"yoast-schema-graph\">{\"@context\":\"https:\/\/schema.org\",\"@graph\":[{\"@type\":\"WebPage\",\"@id\":\"https:\/\/hcd.malargue.gov.ar\/?p=19299\",\"url\":\"https:\/\/hcd.malargue.gov.ar\/?p=19299\",\"name\":\"EL CONCEJO DELIBERANTE ACOMPA\u00d1\u00d3 AL CEBJA 3-512 EN EL ACTO DE FIN DE CICLO LECTIVO - Malarg\u00fce HCD\",\"isPartOf\":{\"@id\":\"https:\/\/hcd.malargue.gov.ar\/#website\"},\"datePublished\":\"2019-12-16T14:08:33+00:00\",\"dateModified\":\"2019-12-16T14:10:27+00:00\",\"author\":{\"@id\":\"https:\/\/hcd.malargue.gov.ar\/#\/schema\/person\/c02f28730a528313e04d34aba071fe06\"},\"breadcrumb\":{\"@id\":\"https:\/\/hcd.malargue.gov.ar\/?p=19299#breadcrumb\"},\"inLanguage\":\"es-AR\",\"potentialAction\":[{\"@type\":\"ReadAction\",\"target\":[\"https:\/\/hcd.malargue.gov.ar\/?p=19299\"]}]},{\"@type\":\"BreadcrumbList\",\"@id\":\"https:\/\/hcd.malargue.gov.ar\/?p=19299#breadcrumb\",\"itemListElement\":[{\"@type\":\"ListItem\",\"position\":1,\"name\":\"Inicio\",\"item\":\"https:\/\/hcd.malargue.gov.ar\/\"},{\"@type\":\"ListItem\",\"position\":2,\"name\":\"EL CONCEJO DELIBERANTE ACOMPA\u00d1\u00d3 AL CEBJA 3-512 EN EL ACTO DE FIN DE CICLO LECTIVO\"}]},{\"@type\":\"WebSite\",\"@id\":\"https:\/\/hcd.malargue.gov.ar\/#website\",\"url\":\"https:\/\/hcd.malargue.gov.ar\/\",\"name\":\"Malarg\u00fce HCD\",\"description\":\"Malarg\u00fce Mendoza Argentina\",\"potentialAction\":[{\"@type\":\"SearchAction\",\"target\":{\"@type\":\"EntryPoint\",\"urlTemplate\":\"https:\/\/hcd.malargue.gov.ar\/?s={search_term_string}\"},\"query-input\":\"required name=search_term_string\"}],\"inLanguage\":\"es-AR\"},{\"@type\":\"Person\",\"@id\":\"https:\/\/hcd.malargue.gov.ar\/#\/schema\/person\/c02f28730a528313e04d34aba071fe06\",\"name\":\"Marcia Sepulveda\",\"image\":{\"@type\":\"ImageObject\",\"inLanguage\":\"es-AR\",\"@id\":\"https:\/\/hcd.malargue.gov.ar\/#\/schema\/person\/image\/\",\"url\":\"https:\/\/secure.gravatar.com\/avatar\/3557e3bccdef0a5d4de0476d077c8920f0638f6f0bd05553351eb0e70d99f241?s=96&d=mm&r=g\",\"contentUrl\":\"https:\/\/secure.gravatar.com\/avatar\/3557e3bccdef0a5d4de0476d077c8920f0638f6f0bd05553351eb0e70d99f241?s=96&d=mm&r=g\",\"caption\":\"Marcia Sepulveda\"},\"url\":\"https:\/\/hcd.malargue.gov.ar\/?author=4\"}]}<\/script>\n<!-- \/ Yoast SEO plugin. -->","yoast_head_json":{"title":"EL CONCEJO DELIBERANTE ACOMPA\u00d1\u00d3 AL CEBJA 3-512 EN EL ACTO DE FIN DE CICLO LECTIVO - Malarg\u00fce HCD","robots":{"index":"index","follow":"follow","max-snippet":"max-snippet:-1","max-image-preview":"max-image-preview:large","max-video-preview":"max-video-preview:-1"},"canonical":"https:\/\/hcd.malargue.gov.ar\/?p=19299","og_locale":"es_ES","og_type":"article","og_title":"EL CONCEJO DELIBERANTE ACOMPA\u00d1\u00d3 AL CEBJA 3-512 EN EL ACTO DE FIN DE CICLO LECTIVO - Malarg\u00fce HCD","og_description":"El dia viernes 13 de diciembre, las Ediles Paola Jofr\u00e9 a cargo de presidencia del Concejo Deliberante de Malarg\u00fce y Paola Rojo (Bloque Cambia Mendoza), en representaci\u00f3n del Deliberativo Municipal asistieron al acto de fin del Ciclo Lectivo 2019 del CENS 3-512 de la Ciudad de Malarg\u00fce. Prensa HCD Fotos- Gentileza","og_url":"https:\/\/hcd.malargue.gov.ar\/?p=19299","og_site_name":"Malarg\u00fce HCD","article_published_time":"2019-12-16T14:08:33+00:00","article_modified_time":"2019-12-16T14:10:27+00:00","og_image":[{"width":1032,"height":581,"url":"https:\/\/hcd.malargue.gov.ar\/wp-content\/uploads\/2019\/12\/79419679_1506806836155636_817305514487578624_n.jpg","type":"image\/jpeg"}],"author":"Marcia Sepulveda","twitter_card":"summary_large_image","twitter_misc":{"Escrito por":"Marcia Sepulveda"},"schema":{"@context":"https:\/\/schema.org","@graph":[{"@type":"WebPage","@id":"https:\/\/hcd.malargue.gov.ar\/?p=19299","url":"https:\/\/hcd.malargue.gov.ar\/?p=19299","name":"EL CONCEJO DELIBERANTE ACOMPA\u00d1\u00d3 AL CEBJA 3-512 EN EL ACTO DE FIN DE CICLO LECTIVO - Malarg\u00fce HCD","isPartOf":{"@id":"https:\/\/hcd.malargue.gov.ar\/#website"},"datePublished":"2019-12-16T14:08:33+00:00","dateModified":"2019-12-16T14:10:27+00:00","author":{"@id":"https:\/\/hcd.malargue.gov.ar\/#\/schema\/person\/c02f28730a528313e04d34aba071fe06"},"breadcrumb":{"@id":"https:\/\/hcd.malargue.gov.ar\/?p=19299#breadcrumb"},"inLanguage":"es-AR","potentialAction":[{"@type":"ReadAction","target":["https:\/\/hcd.malargue.gov.ar\/?p=19299"]}]},{"@type":"BreadcrumbList","@id":"https:\/\/hcd.malargue.gov.ar\/?p=19299#breadcrumb","itemListElement":[{"@type":"ListItem","position":1,"name":"Inicio","item":"https:\/\/hcd.malargue.gov.ar\/"},{"@type":"ListItem","position":2,"name":"EL CONCEJO DELIBERANTE ACOMPA\u00d1\u00d3 AL CEBJA 3-512 EN EL ACTO DE FIN DE CICLO LECTIVO"}]},{"@type":"WebSite","@id":"https:\/\/hcd.malargue.gov.ar\/#website","url":"https:\/\/hcd.malargue.gov.ar\/","name":"Malarg\u00fce HCD","description":"Malarg\u00fce Mendoza Argentina","potentialAction":[{"@type":"SearchAction","target":{"@type":"EntryPoint","urlTemplate":"https:\/\/hcd.malargue.gov.ar\/?s={search_term_string}"},"query-input":"required name=search_term_string"}],"inLanguage":"es-AR"},{"@type":"Person","@id":"https:\/\/hcd.malargue.gov.ar\/#\/schema\/person\/c02f28730a528313e04d34aba071fe06","name":"Marcia Sepulveda","image":{"@type":"ImageObject","inLanguage":"es-AR","@id":"https:\/\/hcd.malargue.gov.ar\/#\/schema\/person\/image\/","url":"https:\/\/secure.gravatar.com\/avatar\/3557e3bccdef0a5d4de0476d077c8920f0638f6f0bd05553351eb0e70d99f241?s=96&d=mm&r=g","contentUrl":"https:\/\/secure.gravatar.com\/avatar\/3557e3bccdef0a5d4de0476d077c8920f0638f6f0bd05553351eb0e70d99f241?s=96&d=mm&r=g","caption":"Marcia Sepulveda"},"url":"https:\/\/hcd.malargue.gov.ar\/?author=4"}]}},"_links":{"self":[{"href":"https:\/\/hcd.malargue.gov.ar\/index.php?rest_route=\/wp\/v2\/posts\/19299","targetHints":{"allow":["GET"]}}],"collection":[{"href":"https:\/\/hcd.malargue.gov.ar\/index.php?rest_route=\/wp\/v2\/posts"}],"about":[{"href":"https:\/\/hcd.malargue.gov.ar\/index.php?rest_route=\/wp\/v2\/types\/post"}],"author":[{"embeddable":true,"href":"https:\/\/hcd.malargue.gov.ar\/index.php?rest_route=\/wp\/v2\/users\/4"}],"replies":[{"embeddable":true,"href":"https:\/\/hcd.malargue.gov.ar\/index.php?rest_route=%2Fwp%2Fv2%2Fcomments&post=19299"}],"version-history":[{"count":0,"href":"https:\/\/hcd.malargue.gov.ar\/index.php?rest_route=\/wp\/v2\/posts\/19299\/revisions"}],"wp:featuredmedia":[{"embeddable":true,"href":"https:\/\/hcd.malargue.gov.ar\/index.php?rest_route=\/wp\/v2\/media\/19302"}],"wp:attachment":[{"href":"https:\/\/hcd.malargue.gov.ar\/index.php?rest_route=%2Fwp%2Fv2%2Fmedia&parent=19299"}],"wp:term":[{"taxonomy":"category","embeddable":true,"href":"https:\/\/hcd.malargue.gov.ar\/index.php?rest_route=%2Fwp%2Fv2%2Fcategories&post=19299"},{"taxonomy":"post_tag","embeddable":true,"href":"https:\/\/hcd.malargue.gov.ar\/index.php?rest_route=%2Fwp%2Fv2%2Ftags&post=19299"}],"curies":[{"name":"wp","href":"https:\/\/api.w.org\/{rel}","templated":true}]}}