{"id":19405,"date":"2019-12-18T11:00:38","date_gmt":"2019-12-18T14:00:38","guid":{"rendered":"https:\/\/hcd.malargue.gov.ar\/?p=19405"},"modified":"2019-12-18T11:06:44","modified_gmt":"2019-12-18T14:06:44","slug":"el-concejo-deliberante-acompano-al-cens-agua-escondida-en-el-acto-de-fin-de-ciclo-lectivo","status":"publish","type":"post","link":"https:\/\/hcd.malargue.gov.ar\/?p=19405","title":{"rendered":"EL CONCEJO DELIBERANTE ACOMPA\u00d1\u00d3 AL CENS AGUA ESCONDIDA EN EL ACTO DE FIN DE CICLO LECTIVO"},"content":{"rendered":"<p>El s\u00e1bado 14 de diciembre se celebr\u00f3 el acto de colaci\u00f3n de la 1\u00b0 promoci\u00f3n del CENS 3-446 &#8220;Manuel Santiesteban&#8221; (Malarg\u00fce) Anexo Agua Escondida, EGRESADOS 2019.<\/p>\n<p>El Edil Gabriel Rosas del Bloque Cambia Mendoza, en representaci\u00f3n del Concejo Deliberante de Malarg\u00fce,\u00a0 acompa\u00f1\u00f3 a la Comunidad Educativa en el emotivo\u00a0 Acto y cierre de Ciclo lectivo a\u00f1o 2019.\u00a0 Adem\u00e1s del director del CENS 3-446 &#8220;Manuel Santiesteban&#8221; Prof. Pablo Dominguez , estaban presentes el Sr. Supervisor Jorge Garcia junto a los directores de los CENS: N\u00b0 3-444 Walther Aguirre, N\u00b0 3-445 Alejandro Llul, N\u00b0 3-436 Miguel Samper,N\u00b0 3-502 Aldo Cottino, PA 215 Roque Aranega, N\u00b0 3-426 Maria Belen Vargas y la secretario de la supervisi\u00f3n Mirian Schiaroli.<\/p>\n<p>Marcia Sep\u00falveda\/Prensa HCD<\/p>\n<p>Fuente &#8211; <span class=\"fwn fcg\"><span class=\"fcg\"><span class=\"fwb\"><a class=\"profileLink\" href=\"https:\/\/www.facebook.com\/belenida1789?__tn__=%2CdlC-R-R&amp;eid=ARD4gIA30fQPOUnwuk0GuQkMDPO5otueWt-P89ZraexZNfRcKpE15mXv7dp3SiPtKbR2zCBIeVzuDS3_&amp;hc_ref=ARSdHoWuNsfppSg3lVfARqDsDbFUSF9GknBViDNyKb6HgAHoskl42TtjGmLxmaL7nFg\" data-ft=\"{&quot;tn&quot;:&quot;l&quot;}\" data-hovercard=\"\/ajax\/hovercard\/user.php?id=100000694816007&amp;extragetparams=%7B%22__tn__%22%3A%22%2CdlC-R-R%22%2C%22eid%22%3A%22ARD4gIA30fQPOUnwuk0GuQkMDPO5otueWt-P89ZraexZNfRcKpE15mXv7dp3SiPtKbR2zCBIeVzuDS3_%22%2C%22hc_ref%22%3A%22ARSdHoWuNsfppSg3lVfARqDsDbFUSF9GknBViDNyKb6HgAHoskl42TtjGmLxmaL7nFg%22%7D\" data-hovercard-prefer-more-content-show=\"1\" data-hovercard-referer=\"ARSdHoWuNsfppSg3lVfARqDsDbFUSF9GknBViDNyKb6HgAHoskl42TtjGmLxmaL7nFg\">Mar\u00eda Bel\u00e9n Vargas<\/a><\/span><\/span><\/span><\/p>\n<p>Galer\u00eda de Fotos en Facebook <a href=\"https:\/\/www.facebook.com\/belenida1789\/media_set?set=a.2965470776819387&amp;type=3\" target=\"_blank\" rel=\"noopener noreferrer\">https:\/\/www.facebook.com\/photo.php<\/a><\/p>\n<div id='gallery-1' class='gallery galleryid-19405 gallery-columns-5 gallery-size-thumbnail'><figure class='gallery-item'>\n\t\t\t<div class='gallery-icon landscape'>\n\t\t\t\t<a href='https:\/\/hcd.malargue.gov.ar\/wp-content\/uploads\/2019\/12\/80319846_2965488240150974_7973040918787784704_o.jpg'><img loading=\"lazy\" decoding=\"async\" width=\"150\" height=\"150\" src=\"https:\/\/hcd.malargue.gov.ar\/wp-content\/uploads\/2019\/12\/80319846_2965488240150974_7973040918787784704_o-150x150.jpg\" class=\"attachment-thumbnail size-thumbnail\" alt=\"\" \/><\/a>\n\t\t\t<\/div><\/figure><figure class='gallery-item'>\n\t\t\t<div class='gallery-icon landscape'>\n\t\t\t\t<a href='https:\/\/hcd.malargue.gov.ar\/wp-content\/uploads\/2019\/12\/79143244_2965543513478780_4799552758447341568_o.jpg'><img loading=\"lazy\" decoding=\"async\" width=\"150\" height=\"150\" src=\"https:\/\/hcd.malargue.gov.ar\/wp-content\/uploads\/2019\/12\/79143244_2965543513478780_4799552758447341568_o-150x150.jpg\" class=\"attachment-thumbnail size-thumbnail\" alt=\"\" \/><\/a>\n\t\t\t<\/div><\/figure><figure class='gallery-item'>\n\t\t\t<div class='gallery-icon landscape'>\n\t\t\t\t<a href='https:\/\/hcd.malargue.gov.ar\/wp-content\/uploads\/2019\/12\/79235842_2965476463485485_5063441991564525568_o.jpg'><img loading=\"lazy\" decoding=\"async\" width=\"150\" height=\"150\" src=\"https:\/\/hcd.malargue.gov.ar\/wp-content\/uploads\/2019\/12\/79235842_2965476463485485_5063441991564525568_o-150x150.jpg\" class=\"attachment-thumbnail size-thumbnail\" alt=\"\" \/><\/a>\n\t\t\t<\/div><\/figure><figure class='gallery-item'>\n\t\t\t<div class='gallery-icon landscape'>\n\t\t\t\t<a href='https:\/\/hcd.malargue.gov.ar\/wp-content\/uploads\/2019\/12\/79271414_2965478443485287_2412385136189374464_o.jpg'><img loading=\"lazy\" decoding=\"async\" width=\"150\" height=\"150\" src=\"https:\/\/hcd.malargue.gov.ar\/wp-content\/uploads\/2019\/12\/79271414_2965478443485287_2412385136189374464_o-150x150.jpg\" class=\"attachment-thumbnail size-thumbnail\" alt=\"\" \/><\/a>\n\t\t\t<\/div><\/figure><figure class='gallery-item'>\n\t\t\t<div class='gallery-icon landscape'>\n\t\t\t\t<a href='https:\/\/hcd.malargue.gov.ar\/wp-content\/uploads\/2019\/12\/79447076_2965477236818741_1762126456214781952_o.jpg'><img loading=\"lazy\" decoding=\"async\" width=\"150\" height=\"150\" src=\"https:\/\/hcd.malargue.gov.ar\/wp-content\/uploads\/2019\/12\/79447076_2965477236818741_1762126456214781952_o-150x150.jpg\" class=\"attachment-thumbnail size-thumbnail\" alt=\"\" \/><\/a>\n\t\t\t<\/div><\/figure><figure class='gallery-item'>\n\t\t\t<div class='gallery-icon landscape'>\n\t\t\t\t<a href='https:\/\/hcd.malargue.gov.ar\/wp-content\/uploads\/2019\/12\/79156797_2965474870152311_3492081979589918720_o.jpg'><img loading=\"lazy\" decoding=\"async\" width=\"150\" height=\"150\" src=\"https:\/\/hcd.malargue.gov.ar\/wp-content\/uploads\/2019\/12\/79156797_2965474870152311_3492081979589918720_o-150x150.jpg\" class=\"attachment-thumbnail size-thumbnail\" alt=\"\" \/><\/a>\n\t\t\t<\/div><\/figure><figure class='gallery-item'>\n\t\t\t<div class='gallery-icon landscape'>\n\t\t\t\t<a href='https:\/\/hcd.malargue.gov.ar\/wp-content\/uploads\/2019\/12\/80005579_2965480576818407_713086226084659200_o.jpg'><img loading=\"lazy\" decoding=\"async\" width=\"150\" height=\"150\" src=\"https:\/\/hcd.malargue.gov.ar\/wp-content\/uploads\/2019\/12\/80005579_2965480576818407_713086226084659200_o-150x150.jpg\" class=\"attachment-thumbnail size-thumbnail\" alt=\"\" \/><\/a>\n\t\t\t<\/div><\/figure><figure class='gallery-item'>\n\t\t\t<div class='gallery-icon landscape'>\n\t\t\t\t<a href='https:\/\/hcd.malargue.gov.ar\/wp-content\/uploads\/2019\/12\/79513874_2965475830152215_909964537636061184_o.jpg'><img loading=\"lazy\" decoding=\"async\" width=\"150\" height=\"150\" src=\"https:\/\/hcd.malargue.gov.ar\/wp-content\/uploads\/2019\/12\/79513874_2965475830152215_909964537636061184_o-150x150.jpg\" class=\"attachment-thumbnail size-thumbnail\" alt=\"\" \/><\/a>\n\t\t\t<\/div><\/figure><figure class='gallery-item'>\n\t\t\t<div class='gallery-icon portrait'>\n\t\t\t\t<a href='https:\/\/hcd.malargue.gov.ar\/wp-content\/uploads\/2019\/12\/80720111_2965483710151427_4262467029363064832_o.jpg'><img loading=\"lazy\" decoding=\"async\" width=\"150\" height=\"150\" src=\"https:\/\/hcd.malargue.gov.ar\/wp-content\/uploads\/2019\/12\/80720111_2965483710151427_4262467029363064832_o-150x150.jpg\" class=\"attachment-thumbnail size-thumbnail\" alt=\"\" \/><\/a>\n\t\t\t<\/div><\/figure><figure class='gallery-item'>\n\t\t\t<div class='gallery-icon landscape'>\n\t\t\t\t<a href='https:\/\/hcd.malargue.gov.ar\/wp-content\/uploads\/2019\/12\/80078773_2965474626819002_8394649743380185088_o.jpg'><img loading=\"lazy\" decoding=\"async\" width=\"150\" height=\"150\" src=\"https:\/\/hcd.malargue.gov.ar\/wp-content\/uploads\/2019\/12\/80078773_2965474626819002_8394649743380185088_o-150x150.jpg\" class=\"attachment-thumbnail size-thumbnail\" alt=\"\" \/><\/a>\n\t\t\t<\/div><\/figure><figure class='gallery-item'>\n\t\t\t<div class='gallery-icon landscape'>\n\t\t\t\t<a href='https:\/\/hcd.malargue.gov.ar\/wp-content\/uploads\/2019\/12\/80447191_2965536550146143_4120994302736203776_o.jpg'><img loading=\"lazy\" decoding=\"async\" width=\"150\" height=\"150\" src=\"https:\/\/hcd.malargue.gov.ar\/wp-content\/uploads\/2019\/12\/80447191_2965536550146143_4120994302736203776_o-150x150.jpg\" class=\"attachment-thumbnail size-thumbnail\" alt=\"\" \/><\/a>\n\t\t\t<\/div><\/figure><figure class='gallery-item'>\n\t\t\t<div class='gallery-icon landscape'>\n\t\t\t\t<a href='https:\/\/hcd.malargue.gov.ar\/wp-content\/uploads\/2019\/12\/80528173_2965478743485257_6368578094919319552_o.jpg'><img loading=\"lazy\" decoding=\"async\" width=\"150\" height=\"150\" src=\"https:\/\/hcd.malargue.gov.ar\/wp-content\/uploads\/2019\/12\/80528173_2965478743485257_6368578094919319552_o-150x150.jpg\" class=\"attachment-thumbnail size-thumbnail\" alt=\"\" \/><\/a>\n\t\t\t<\/div><\/figure><figure class='gallery-item'>\n\t\t\t<div class='gallery-icon landscape'>\n\t\t\t\t<a href='https:\/\/hcd.malargue.gov.ar\/wp-content\/uploads\/2019\/12\/79157445_2965536600146138_1633935211576164352_o.jpg'><img loading=\"lazy\" decoding=\"async\" width=\"150\" height=\"150\" src=\"https:\/\/hcd.malargue.gov.ar\/wp-content\/uploads\/2019\/12\/79157445_2965536600146138_1633935211576164352_o-150x150.jpg\" class=\"attachment-thumbnail size-thumbnail\" alt=\"\" \/><\/a>\n\t\t\t<\/div><\/figure>\n\t\t<\/div>\n\n","protected":false},"excerpt":{"rendered":"<p>El s\u00e1bado 14 de diciembre se celebr\u00f3 el acto de colaci\u00f3n de la 1\u00b0 promoci\u00f3n del CENS 3-446 &#8220;Manuel Santiesteban&#8221; (Malarg\u00fce) Anexo Agua Escondida, EGRESADOS 2019. El Edil Gabriel Rosas del Bloque Cambia Mendoza, en representaci\u00f3n del Concejo Deliberante de Malarg\u00fce,\u00a0 acompa\u00f1\u00f3 a la Comunidad Educativa en el emotivo\u00a0 Acto y cierre de Ciclo lectivo [&hellip;]<\/p>\n","protected":false},"author":4,"featured_media":19407,"comment_status":"closed","ping_status":"closed","sticky":false,"template":"","format":"standard","meta":{"footnotes":""},"categories":[52,33],"tags":[],"class_list":["post-19405","post","type-post","status-publish","format-standard","has-post-thumbnail","hentry","category-gacetillas","category-prensa"],"yoast_head":"<!-- This site is optimized with the Yoast SEO plugin v19.10 - https:\/\/yoast.com\/wordpress\/plugins\/seo\/ -->\n<title>EL CONCEJO DELIBERANTE ACOMPA\u00d1\u00d3 AL CENS AGUA ESCONDIDA EN EL ACTO DE FIN DE CICLO LECTIVO - Malarg\u00fce HCD<\/title>\n<meta name=\"robots\" content=\"index, follow, max-snippet:-1, max-image-preview:large, max-video-preview:-1\" \/>\n<link rel=\"canonical\" href=\"https:\/\/hcd.malargue.gov.ar\/?p=19405\" \/>\n<meta property=\"og:locale\" content=\"es_ES\" \/>\n<meta property=\"og:type\" content=\"article\" \/>\n<meta property=\"og:title\" content=\"EL CONCEJO DELIBERANTE ACOMPA\u00d1\u00d3 AL CENS AGUA ESCONDIDA EN EL ACTO DE FIN DE CICLO LECTIVO - Malarg\u00fce HCD\" \/>\n<meta property=\"og:description\" content=\"El s\u00e1bado 14 de diciembre se celebr\u00f3 el acto de colaci\u00f3n de la 1\u00b0 promoci\u00f3n del CENS 3-446 &#8220;Manuel Santiesteban&#8221; (Malarg\u00fce) Anexo Agua Escondida, EGRESADOS 2019. El Edil Gabriel Rosas del Bloque Cambia Mendoza, en representaci\u00f3n del Concejo Deliberante de Malarg\u00fce,\u00a0 acompa\u00f1\u00f3 a la Comunidad Educativa en el emotivo\u00a0 Acto y cierre de Ciclo lectivo [&hellip;]\" \/>\n<meta property=\"og:url\" content=\"https:\/\/hcd.malargue.gov.ar\/?p=19405\" \/>\n<meta property=\"og:site_name\" content=\"Malarg\u00fce HCD\" \/>\n<meta property=\"article:published_time\" content=\"2019-12-18T14:00:38+00:00\" \/>\n<meta property=\"article:modified_time\" content=\"2019-12-18T14:06:44+00:00\" \/>\n<meta property=\"og:image\" content=\"https:\/\/hcd.malargue.gov.ar\/wp-content\/uploads\/2019\/12\/79156797_2965474870152311_3492081979589918720_o.jpg\" \/>\n\t<meta property=\"og:image:width\" content=\"960\" \/>\n\t<meta property=\"og:image:height\" content=\"720\" \/>\n\t<meta property=\"og:image:type\" content=\"image\/jpeg\" \/>\n<meta name=\"author\" content=\"Marcia Sepulveda\" \/>\n<meta name=\"twitter:card\" content=\"summary_large_image\" \/>\n<meta name=\"twitter:label1\" content=\"Escrito por\" \/>\n\t<meta name=\"twitter:data1\" content=\"Marcia Sepulveda\" \/>\n\t<meta name=\"twitter:label2\" content=\"Tiempo de lectura\" \/>\n\t<meta name=\"twitter:data2\" content=\"1 minuto\" \/>\n<script type=\"application\/ld+json\" class=\"yoast-schema-graph\">{\"@context\":\"https:\/\/schema.org\",\"@graph\":[{\"@type\":\"WebPage\",\"@id\":\"https:\/\/hcd.malargue.gov.ar\/?p=19405\",\"url\":\"https:\/\/hcd.malargue.gov.ar\/?p=19405\",\"name\":\"EL CONCEJO DELIBERANTE ACOMPA\u00d1\u00d3 AL CENS AGUA ESCONDIDA EN EL ACTO DE FIN DE CICLO LECTIVO - Malarg\u00fce HCD\",\"isPartOf\":{\"@id\":\"https:\/\/hcd.malargue.gov.ar\/#website\"},\"datePublished\":\"2019-12-18T14:00:38+00:00\",\"dateModified\":\"2019-12-18T14:06:44+00:00\",\"author\":{\"@id\":\"https:\/\/hcd.malargue.gov.ar\/#\/schema\/person\/c02f28730a528313e04d34aba071fe06\"},\"breadcrumb\":{\"@id\":\"https:\/\/hcd.malargue.gov.ar\/?p=19405#breadcrumb\"},\"inLanguage\":\"es-AR\",\"potentialAction\":[{\"@type\":\"ReadAction\",\"target\":[\"https:\/\/hcd.malargue.gov.ar\/?p=19405\"]}]},{\"@type\":\"BreadcrumbList\",\"@id\":\"https:\/\/hcd.malargue.gov.ar\/?p=19405#breadcrumb\",\"itemListElement\":[{\"@type\":\"ListItem\",\"position\":1,\"name\":\"Inicio\",\"item\":\"https:\/\/hcd.malargue.gov.ar\/\"},{\"@type\":\"ListItem\",\"position\":2,\"name\":\"EL CONCEJO DELIBERANTE ACOMPA\u00d1\u00d3 AL CENS AGUA ESCONDIDA EN EL ACTO DE FIN DE CICLO LECTIVO\"}]},{\"@type\":\"WebSite\",\"@id\":\"https:\/\/hcd.malargue.gov.ar\/#website\",\"url\":\"https:\/\/hcd.malargue.gov.ar\/\",\"name\":\"Malarg\u00fce HCD\",\"description\":\"Malarg\u00fce Mendoza Argentina\",\"potentialAction\":[{\"@type\":\"SearchAction\",\"target\":{\"@type\":\"EntryPoint\",\"urlTemplate\":\"https:\/\/hcd.malargue.gov.ar\/?s={search_term_string}\"},\"query-input\":\"required name=search_term_string\"}],\"inLanguage\":\"es-AR\"},{\"@type\":\"Person\",\"@id\":\"https:\/\/hcd.malargue.gov.ar\/#\/schema\/person\/c02f28730a528313e04d34aba071fe06\",\"name\":\"Marcia Sepulveda\",\"image\":{\"@type\":\"ImageObject\",\"inLanguage\":\"es-AR\",\"@id\":\"https:\/\/hcd.malargue.gov.ar\/#\/schema\/person\/image\/\",\"url\":\"https:\/\/secure.gravatar.com\/avatar\/3557e3bccdef0a5d4de0476d077c8920f0638f6f0bd05553351eb0e70d99f241?s=96&d=mm&r=g\",\"contentUrl\":\"https:\/\/secure.gravatar.com\/avatar\/3557e3bccdef0a5d4de0476d077c8920f0638f6f0bd05553351eb0e70d99f241?s=96&d=mm&r=g\",\"caption\":\"Marcia Sepulveda\"},\"url\":\"https:\/\/hcd.malargue.gov.ar\/?author=4\"}]}<\/script>\n<!-- \/ Yoast SEO plugin. -->","yoast_head_json":{"title":"EL CONCEJO DELIBERANTE ACOMPA\u00d1\u00d3 AL CENS AGUA ESCONDIDA EN EL ACTO DE FIN DE CICLO LECTIVO - Malarg\u00fce HCD","robots":{"index":"index","follow":"follow","max-snippet":"max-snippet:-1","max-image-preview":"max-image-preview:large","max-video-preview":"max-video-preview:-1"},"canonical":"https:\/\/hcd.malargue.gov.ar\/?p=19405","og_locale":"es_ES","og_type":"article","og_title":"EL CONCEJO DELIBERANTE ACOMPA\u00d1\u00d3 AL CENS AGUA ESCONDIDA EN EL ACTO DE FIN DE CICLO LECTIVO - Malarg\u00fce HCD","og_description":"El s\u00e1bado 14 de diciembre se celebr\u00f3 el acto de colaci\u00f3n de la 1\u00b0 promoci\u00f3n del CENS 3-446 &#8220;Manuel Santiesteban&#8221; (Malarg\u00fce) Anexo Agua Escondida, EGRESADOS 2019. El Edil Gabriel Rosas del Bloque Cambia Mendoza, en representaci\u00f3n del Concejo Deliberante de Malarg\u00fce,\u00a0 acompa\u00f1\u00f3 a la Comunidad Educativa en el emotivo\u00a0 Acto y cierre de Ciclo lectivo [&hellip;]","og_url":"https:\/\/hcd.malargue.gov.ar\/?p=19405","og_site_name":"Malarg\u00fce HCD","article_published_time":"2019-12-18T14:00:38+00:00","article_modified_time":"2019-12-18T14:06:44+00:00","og_image":[{"width":960,"height":720,"url":"https:\/\/hcd.malargue.gov.ar\/wp-content\/uploads\/2019\/12\/79156797_2965474870152311_3492081979589918720_o.jpg","type":"image\/jpeg"}],"author":"Marcia Sepulveda","twitter_card":"summary_large_image","twitter_misc":{"Escrito por":"Marcia Sepulveda","Tiempo de lectura":"1 minuto"},"schema":{"@context":"https:\/\/schema.org","@graph":[{"@type":"WebPage","@id":"https:\/\/hcd.malargue.gov.ar\/?p=19405","url":"https:\/\/hcd.malargue.gov.ar\/?p=19405","name":"EL CONCEJO DELIBERANTE ACOMPA\u00d1\u00d3 AL CENS AGUA ESCONDIDA EN EL ACTO DE FIN DE CICLO LECTIVO - Malarg\u00fce HCD","isPartOf":{"@id":"https:\/\/hcd.malargue.gov.ar\/#website"},"datePublished":"2019-12-18T14:00:38+00:00","dateModified":"2019-12-18T14:06:44+00:00","author":{"@id":"https:\/\/hcd.malargue.gov.ar\/#\/schema\/person\/c02f28730a528313e04d34aba071fe06"},"breadcrumb":{"@id":"https:\/\/hcd.malargue.gov.ar\/?p=19405#breadcrumb"},"inLanguage":"es-AR","potentialAction":[{"@type":"ReadAction","target":["https:\/\/hcd.malargue.gov.ar\/?p=19405"]}]},{"@type":"BreadcrumbList","@id":"https:\/\/hcd.malargue.gov.ar\/?p=19405#breadcrumb","itemListElement":[{"@type":"ListItem","position":1,"name":"Inicio","item":"https:\/\/hcd.malargue.gov.ar\/"},{"@type":"ListItem","position":2,"name":"EL CONCEJO DELIBERANTE ACOMPA\u00d1\u00d3 AL CENS AGUA ESCONDIDA EN EL ACTO DE FIN DE CICLO LECTIVO"}]},{"@type":"WebSite","@id":"https:\/\/hcd.malargue.gov.ar\/#website","url":"https:\/\/hcd.malargue.gov.ar\/","name":"Malarg\u00fce HCD","description":"Malarg\u00fce Mendoza Argentina","potentialAction":[{"@type":"SearchAction","target":{"@type":"EntryPoint","urlTemplate":"https:\/\/hcd.malargue.gov.ar\/?s={search_term_string}"},"query-input":"required name=search_term_string"}],"inLanguage":"es-AR"},{"@type":"Person","@id":"https:\/\/hcd.malargue.gov.ar\/#\/schema\/person\/c02f28730a528313e04d34aba071fe06","name":"Marcia Sepulveda","image":{"@type":"ImageObject","inLanguage":"es-AR","@id":"https:\/\/hcd.malargue.gov.ar\/#\/schema\/person\/image\/","url":"https:\/\/secure.gravatar.com\/avatar\/3557e3bccdef0a5d4de0476d077c8920f0638f6f0bd05553351eb0e70d99f241?s=96&d=mm&r=g","contentUrl":"https:\/\/secure.gravatar.com\/avatar\/3557e3bccdef0a5d4de0476d077c8920f0638f6f0bd05553351eb0e70d99f241?s=96&d=mm&r=g","caption":"Marcia Sepulveda"},"url":"https:\/\/hcd.malargue.gov.ar\/?author=4"}]}},"_links":{"self":[{"href":"https:\/\/hcd.malargue.gov.ar\/index.php?rest_route=\/wp\/v2\/posts\/19405","targetHints":{"allow":["GET"]}}],"collection":[{"href":"https:\/\/hcd.malargue.gov.ar\/index.php?rest_route=\/wp\/v2\/posts"}],"about":[{"href":"https:\/\/hcd.malargue.gov.ar\/index.php?rest_route=\/wp\/v2\/types\/post"}],"author":[{"embeddable":true,"href":"https:\/\/hcd.malargue.gov.ar\/index.php?rest_route=\/wp\/v2\/users\/4"}],"replies":[{"embeddable":true,"href":"https:\/\/hcd.malargue.gov.ar\/index.php?rest_route=%2Fwp%2Fv2%2Fcomments&post=19405"}],"version-history":[{"count":0,"href":"https:\/\/hcd.malargue.gov.ar\/index.php?rest_route=\/wp\/v2\/posts\/19405\/revisions"}],"wp:featuredmedia":[{"embeddable":true,"href":"https:\/\/hcd.malargue.gov.ar\/index.php?rest_route=\/wp\/v2\/media\/19407"}],"wp:attachment":[{"href":"https:\/\/hcd.malargue.gov.ar\/index.php?rest_route=%2Fwp%2Fv2%2Fmedia&parent=19405"}],"wp:term":[{"taxonomy":"category","embeddable":true,"href":"https:\/\/hcd.malargue.gov.ar\/index.php?rest_route=%2Fwp%2Fv2%2Fcategories&post=19405"},{"taxonomy":"post_tag","embeddable":true,"href":"https:\/\/hcd.malargue.gov.ar\/index.php?rest_route=%2Fwp%2Fv2%2Ftags&post=19405"}],"curies":[{"name":"wp","href":"https:\/\/api.w.org\/{rel}","templated":true}]}}