{"id":19598,"date":"2020-01-29T10:28:44","date_gmt":"2020-01-29T13:28:44","guid":{"rendered":"https:\/\/hcd.malargue.gov.ar\/?p=19598"},"modified":"2020-01-29T10:46:57","modified_gmt":"2020-01-29T13:46:57","slug":"informe-concejal-paola-jofre","status":"publish","type":"post","link":"https:\/\/hcd.malargue.gov.ar\/?p=19598","title":{"rendered":"INFORME &#8211; CONCEJAL PAOLA JOFR\u00c9"},"content":{"rendered":"<p>* Concejal Bloque Somos Mendoza<br \/>\n* Vicepresidente Primera del HCD<br \/>\n* Desde el d\u00eda 6 de diciembre de 2019 a cargo de Presidencia del HCD.<br \/>\n* Mandato constitucional desde abril 2018 hasta el d\u00eda 30 de abril de 2022 a la hs 24 o bien hasta la hs 0 del primero de mayo del 2022.<span class=\"text_exposed_show\"><br \/>\n*Desde el inicio de su mandato a octubre de 2019, present\u00f3 24 proyectos ( 23 aprobados &#8211; 1 en tratamiento de Comsi\u00f3n).<\/span><\/p>\n<p><a href=\"https:\/\/hcd.malargue.gov.ar\/pdf\/INFORME%20CONCEJAL%20PAOLA%20JOFRE.pdf\" target=\"_blank\" rel=\"noopener noreferrer\">INFORME &#8211; CONCEJAL PAOLA JOFR\u00c9 ARCHIVO PDF<\/a><\/p>\n<div id='gallery-1' class='gallery galleryid-19598 gallery-columns-4 gallery-size-large'><figure class='gallery-item'>\n\t\t\t<div class='gallery-icon portrait'>\n\t\t\t\t<a href='https:\/\/hcd.malargue.gov.ar\/wp-content\/uploads\/2020\/01\/INFORME-EDILES-10-1.jpg'><img loading=\"lazy\" decoding=\"async\" width=\"724\" height=\"1024\" src=\"https:\/\/hcd.malargue.gov.ar\/wp-content\/uploads\/2020\/01\/INFORME-EDILES-10-1-724x1024.jpg\" class=\"attachment-large size-large\" alt=\"\" srcset=\"https:\/\/hcd.malargue.gov.ar\/wp-content\/uploads\/2020\/01\/INFORME-EDILES-10-1-724x1024.jpg 724w, https:\/\/hcd.malargue.gov.ar\/wp-content\/uploads\/2020\/01\/INFORME-EDILES-10-1-212x300.jpg 212w, https:\/\/hcd.malargue.gov.ar\/wp-content\/uploads\/2020\/01\/INFORME-EDILES-10-1-768x1086.jpg 768w, https:\/\/hcd.malargue.gov.ar\/wp-content\/uploads\/2020\/01\/INFORME-EDILES-10-1.jpg 1240w\" sizes=\"auto, (max-width: 724px) 100vw, 724px\" \/><\/a>\n\t\t\t<\/div><\/figure><figure class='gallery-item'>\n\t\t\t<div class='gallery-icon portrait'>\n\t\t\t\t<a href='https:\/\/hcd.malargue.gov.ar\/wp-content\/uploads\/2020\/01\/INFORME-EDILES-11-1.jpg'><img loading=\"lazy\" decoding=\"async\" width=\"724\" height=\"1024\" src=\"https:\/\/hcd.malargue.gov.ar\/wp-content\/uploads\/2020\/01\/INFORME-EDILES-11-1-724x1024.jpg\" class=\"attachment-large size-large\" alt=\"\" srcset=\"https:\/\/hcd.malargue.gov.ar\/wp-content\/uploads\/2020\/01\/INFORME-EDILES-11-1-724x1024.jpg 724w, https:\/\/hcd.malargue.gov.ar\/wp-content\/uploads\/2020\/01\/INFORME-EDILES-11-1-212x300.jpg 212w, https:\/\/hcd.malargue.gov.ar\/wp-content\/uploads\/2020\/01\/INFORME-EDILES-11-1-768x1086.jpg 768w, https:\/\/hcd.malargue.gov.ar\/wp-content\/uploads\/2020\/01\/INFORME-EDILES-11-1.jpg 1240w\" sizes=\"auto, (max-width: 724px) 100vw, 724px\" \/><\/a>\n\t\t\t<\/div><\/figure><figure class='gallery-item'>\n\t\t\t<div class='gallery-icon portrait'>\n\t\t\t\t<a href='https:\/\/hcd.malargue.gov.ar\/wp-content\/uploads\/2020\/01\/INFORME-EDILES-12-2.jpg'><img loading=\"lazy\" decoding=\"async\" width=\"724\" height=\"1024\" src=\"https:\/\/hcd.malargue.gov.ar\/wp-content\/uploads\/2020\/01\/INFORME-EDILES-12-2-724x1024.jpg\" class=\"attachment-large size-large\" alt=\"\" srcset=\"https:\/\/hcd.malargue.gov.ar\/wp-content\/uploads\/2020\/01\/INFORME-EDILES-12-2-724x1024.jpg 724w, https:\/\/hcd.malargue.gov.ar\/wp-content\/uploads\/2020\/01\/INFORME-EDILES-12-2-212x300.jpg 212w, https:\/\/hcd.malargue.gov.ar\/wp-content\/uploads\/2020\/01\/INFORME-EDILES-12-2-768x1086.jpg 768w, https:\/\/hcd.malargue.gov.ar\/wp-content\/uploads\/2020\/01\/INFORME-EDILES-12-2.jpg 1240w\" sizes=\"auto, (max-width: 724px) 100vw, 724px\" \/><\/a>\n\t\t\t<\/div><\/figure>\n\t\t<\/div>\n\n<p>Marcia Sep\u00falveda- Prensa HCD<\/p>\n","protected":false},"excerpt":{"rendered":"<p>* Concejal Bloque Somos Mendoza * Vicepresidente Primera del HCD * Desde el d\u00eda 6 de diciembre de 2019 a cargo de Presidencia del HCD. * Mandato constitucional desde abril 2018 hasta el d\u00eda 30 de abril de 2022 a la hs 24 o bien hasta la hs 0 del primero de mayo del 2022. [&hellip;]<\/p>\n","protected":false},"author":4,"featured_media":19602,"comment_status":"closed","ping_status":"closed","sticky":false,"template":"","format":"standard","meta":{"footnotes":""},"categories":[52,33],"tags":[],"class_list":["post-19598","post","type-post","status-publish","format-standard","has-post-thumbnail","hentry","category-gacetillas","category-prensa"],"yoast_head":"<!-- This site is optimized with the Yoast SEO plugin v19.10 - https:\/\/yoast.com\/wordpress\/plugins\/seo\/ -->\n<title>INFORME - CONCEJAL PAOLA JOFR\u00c9 - Malarg\u00fce HCD<\/title>\n<meta name=\"robots\" content=\"index, follow, max-snippet:-1, max-image-preview:large, max-video-preview:-1\" \/>\n<link rel=\"canonical\" href=\"https:\/\/hcd.malargue.gov.ar\/?p=19598\" \/>\n<meta property=\"og:locale\" content=\"es_ES\" \/>\n<meta property=\"og:type\" content=\"article\" \/>\n<meta property=\"og:title\" content=\"INFORME - CONCEJAL PAOLA JOFR\u00c9 - Malarg\u00fce HCD\" \/>\n<meta property=\"og:description\" content=\"* Concejal Bloque Somos Mendoza * Vicepresidente Primera del HCD * Desde el d\u00eda 6 de diciembre de 2019 a cargo de Presidencia del HCD. * Mandato constitucional desde abril 2018 hasta el d\u00eda 30 de abril de 2022 a la hs 24 o bien hasta la hs 0 del primero de mayo del 2022. [&hellip;]\" \/>\n<meta property=\"og:url\" content=\"https:\/\/hcd.malargue.gov.ar\/?p=19598\" \/>\n<meta property=\"og:site_name\" content=\"Malarg\u00fce HCD\" \/>\n<meta property=\"article:published_time\" content=\"2020-01-29T13:28:44+00:00\" \/>\n<meta property=\"article:modified_time\" content=\"2020-01-29T13:46:57+00:00\" \/>\n<meta property=\"og:image\" content=\"https:\/\/hcd.malargue.gov.ar\/wp-content\/uploads\/2020\/01\/JOFR\u00c9.jpg\" \/>\n\t<meta property=\"og:image:width\" content=\"1200\" \/>\n\t<meta property=\"og:image:height\" content=\"620\" \/>\n\t<meta property=\"og:image:type\" content=\"image\/jpeg\" \/>\n<meta name=\"author\" content=\"Marcia Sepulveda\" \/>\n<meta name=\"twitter:card\" content=\"summary_large_image\" \/>\n<meta name=\"twitter:label1\" content=\"Escrito por\" \/>\n\t<meta name=\"twitter:data1\" content=\"Marcia Sepulveda\" \/>\n<script type=\"application\/ld+json\" class=\"yoast-schema-graph\">{\"@context\":\"https:\/\/schema.org\",\"@graph\":[{\"@type\":\"WebPage\",\"@id\":\"https:\/\/hcd.malargue.gov.ar\/?p=19598\",\"url\":\"https:\/\/hcd.malargue.gov.ar\/?p=19598\",\"name\":\"INFORME - CONCEJAL PAOLA JOFR\u00c9 - Malarg\u00fce HCD\",\"isPartOf\":{\"@id\":\"https:\/\/hcd.malargue.gov.ar\/#website\"},\"datePublished\":\"2020-01-29T13:28:44+00:00\",\"dateModified\":\"2020-01-29T13:46:57+00:00\",\"author\":{\"@id\":\"https:\/\/hcd.malargue.gov.ar\/#\/schema\/person\/c02f28730a528313e04d34aba071fe06\"},\"breadcrumb\":{\"@id\":\"https:\/\/hcd.malargue.gov.ar\/?p=19598#breadcrumb\"},\"inLanguage\":\"es-AR\",\"potentialAction\":[{\"@type\":\"ReadAction\",\"target\":[\"https:\/\/hcd.malargue.gov.ar\/?p=19598\"]}]},{\"@type\":\"BreadcrumbList\",\"@id\":\"https:\/\/hcd.malargue.gov.ar\/?p=19598#breadcrumb\",\"itemListElement\":[{\"@type\":\"ListItem\",\"position\":1,\"name\":\"Inicio\",\"item\":\"https:\/\/hcd.malargue.gov.ar\/\"},{\"@type\":\"ListItem\",\"position\":2,\"name\":\"INFORME &#8211; CONCEJAL PAOLA JOFR\u00c9\"}]},{\"@type\":\"WebSite\",\"@id\":\"https:\/\/hcd.malargue.gov.ar\/#website\",\"url\":\"https:\/\/hcd.malargue.gov.ar\/\",\"name\":\"Malarg\u00fce HCD\",\"description\":\"Malarg\u00fce Mendoza Argentina\",\"potentialAction\":[{\"@type\":\"SearchAction\",\"target\":{\"@type\":\"EntryPoint\",\"urlTemplate\":\"https:\/\/hcd.malargue.gov.ar\/?s={search_term_string}\"},\"query-input\":\"required name=search_term_string\"}],\"inLanguage\":\"es-AR\"},{\"@type\":\"Person\",\"@id\":\"https:\/\/hcd.malargue.gov.ar\/#\/schema\/person\/c02f28730a528313e04d34aba071fe06\",\"name\":\"Marcia Sepulveda\",\"image\":{\"@type\":\"ImageObject\",\"inLanguage\":\"es-AR\",\"@id\":\"https:\/\/hcd.malargue.gov.ar\/#\/schema\/person\/image\/\",\"url\":\"https:\/\/secure.gravatar.com\/avatar\/3557e3bccdef0a5d4de0476d077c8920f0638f6f0bd05553351eb0e70d99f241?s=96&d=mm&r=g\",\"contentUrl\":\"https:\/\/secure.gravatar.com\/avatar\/3557e3bccdef0a5d4de0476d077c8920f0638f6f0bd05553351eb0e70d99f241?s=96&d=mm&r=g\",\"caption\":\"Marcia Sepulveda\"},\"url\":\"https:\/\/hcd.malargue.gov.ar\/?author=4\"}]}<\/script>\n<!-- \/ Yoast SEO plugin. -->","yoast_head_json":{"title":"INFORME - CONCEJAL PAOLA JOFR\u00c9 - Malarg\u00fce HCD","robots":{"index":"index","follow":"follow","max-snippet":"max-snippet:-1","max-image-preview":"max-image-preview:large","max-video-preview":"max-video-preview:-1"},"canonical":"https:\/\/hcd.malargue.gov.ar\/?p=19598","og_locale":"es_ES","og_type":"article","og_title":"INFORME - CONCEJAL PAOLA JOFR\u00c9 - Malarg\u00fce HCD","og_description":"* Concejal Bloque Somos Mendoza * Vicepresidente Primera del HCD * Desde el d\u00eda 6 de diciembre de 2019 a cargo de Presidencia del HCD. * Mandato constitucional desde abril 2018 hasta el d\u00eda 30 de abril de 2022 a la hs 24 o bien hasta la hs 0 del primero de mayo del 2022. [&hellip;]","og_url":"https:\/\/hcd.malargue.gov.ar\/?p=19598","og_site_name":"Malarg\u00fce HCD","article_published_time":"2020-01-29T13:28:44+00:00","article_modified_time":"2020-01-29T13:46:57+00:00","og_image":[{"width":1200,"height":620,"url":"https:\/\/hcd.malargue.gov.ar\/wp-content\/uploads\/2020\/01\/JOFR\u00c9.jpg","type":"image\/jpeg"}],"author":"Marcia Sepulveda","twitter_card":"summary_large_image","twitter_misc":{"Escrito por":"Marcia Sepulveda"},"schema":{"@context":"https:\/\/schema.org","@graph":[{"@type":"WebPage","@id":"https:\/\/hcd.malargue.gov.ar\/?p=19598","url":"https:\/\/hcd.malargue.gov.ar\/?p=19598","name":"INFORME - CONCEJAL PAOLA JOFR\u00c9 - Malarg\u00fce HCD","isPartOf":{"@id":"https:\/\/hcd.malargue.gov.ar\/#website"},"datePublished":"2020-01-29T13:28:44+00:00","dateModified":"2020-01-29T13:46:57+00:00","author":{"@id":"https:\/\/hcd.malargue.gov.ar\/#\/schema\/person\/c02f28730a528313e04d34aba071fe06"},"breadcrumb":{"@id":"https:\/\/hcd.malargue.gov.ar\/?p=19598#breadcrumb"},"inLanguage":"es-AR","potentialAction":[{"@type":"ReadAction","target":["https:\/\/hcd.malargue.gov.ar\/?p=19598"]}]},{"@type":"BreadcrumbList","@id":"https:\/\/hcd.malargue.gov.ar\/?p=19598#breadcrumb","itemListElement":[{"@type":"ListItem","position":1,"name":"Inicio","item":"https:\/\/hcd.malargue.gov.ar\/"},{"@type":"ListItem","position":2,"name":"INFORME &#8211; CONCEJAL PAOLA JOFR\u00c9"}]},{"@type":"WebSite","@id":"https:\/\/hcd.malargue.gov.ar\/#website","url":"https:\/\/hcd.malargue.gov.ar\/","name":"Malarg\u00fce HCD","description":"Malarg\u00fce Mendoza Argentina","potentialAction":[{"@type":"SearchAction","target":{"@type":"EntryPoint","urlTemplate":"https:\/\/hcd.malargue.gov.ar\/?s={search_term_string}"},"query-input":"required name=search_term_string"}],"inLanguage":"es-AR"},{"@type":"Person","@id":"https:\/\/hcd.malargue.gov.ar\/#\/schema\/person\/c02f28730a528313e04d34aba071fe06","name":"Marcia Sepulveda","image":{"@type":"ImageObject","inLanguage":"es-AR","@id":"https:\/\/hcd.malargue.gov.ar\/#\/schema\/person\/image\/","url":"https:\/\/secure.gravatar.com\/avatar\/3557e3bccdef0a5d4de0476d077c8920f0638f6f0bd05553351eb0e70d99f241?s=96&d=mm&r=g","contentUrl":"https:\/\/secure.gravatar.com\/avatar\/3557e3bccdef0a5d4de0476d077c8920f0638f6f0bd05553351eb0e70d99f241?s=96&d=mm&r=g","caption":"Marcia Sepulveda"},"url":"https:\/\/hcd.malargue.gov.ar\/?author=4"}]}},"_links":{"self":[{"href":"https:\/\/hcd.malargue.gov.ar\/index.php?rest_route=\/wp\/v2\/posts\/19598","targetHints":{"allow":["GET"]}}],"collection":[{"href":"https:\/\/hcd.malargue.gov.ar\/index.php?rest_route=\/wp\/v2\/posts"}],"about":[{"href":"https:\/\/hcd.malargue.gov.ar\/index.php?rest_route=\/wp\/v2\/types\/post"}],"author":[{"embeddable":true,"href":"https:\/\/hcd.malargue.gov.ar\/index.php?rest_route=\/wp\/v2\/users\/4"}],"replies":[{"embeddable":true,"href":"https:\/\/hcd.malargue.gov.ar\/index.php?rest_route=%2Fwp%2Fv2%2Fcomments&post=19598"}],"version-history":[{"count":0,"href":"https:\/\/hcd.malargue.gov.ar\/index.php?rest_route=\/wp\/v2\/posts\/19598\/revisions"}],"wp:featuredmedia":[{"embeddable":true,"href":"https:\/\/hcd.malargue.gov.ar\/index.php?rest_route=\/wp\/v2\/media\/19602"}],"wp:attachment":[{"href":"https:\/\/hcd.malargue.gov.ar\/index.php?rest_route=%2Fwp%2Fv2%2Fmedia&parent=19598"}],"wp:term":[{"taxonomy":"category","embeddable":true,"href":"https:\/\/hcd.malargue.gov.ar\/index.php?rest_route=%2Fwp%2Fv2%2Fcategories&post=19598"},{"taxonomy":"post_tag","embeddable":true,"href":"https:\/\/hcd.malargue.gov.ar\/index.php?rest_route=%2Fwp%2Fv2%2Ftags&post=19598"}],"curies":[{"name":"wp","href":"https:\/\/api.w.org\/{rel}","templated":true}]}}