{"id":19790,"date":"2020-03-04T08:49:11","date_gmt":"2020-03-04T11:49:11","guid":{"rendered":"https:\/\/hcd.malargue.gov.ar\/?p=19790"},"modified":"2020-03-04T08:49:11","modified_gmt":"2020-03-04T11:49:11","slug":"orden-del-dia-1o-sesion-ordinaria","status":"publish","type":"post","link":"https:\/\/hcd.malargue.gov.ar\/?p=19790","title":{"rendered":"ORDEN DEL D\u00cdA 1\u00ba SESI\u00d3N ORDINARIA"},"content":{"rendered":"<h2>D\u00eda \u00a0\u00a0Jueves\u00a0\u00a0 05 \u00a0\u00a0de Marzo de 2020<a href=\"http:\/\/hcd.malargue.gov.ar\/hcdpdf\/ORDEN%20%20informe.2020.pdf\" target=\"_blank\" rel=\"noopener noreferrer\"><img loading=\"lazy\" decoding=\"async\" class=\"alignright wp-image-7950\" src=\"https:\/\/hcd.malargue.gov.ar\/wp-content\/uploads\/2018\/06\/PDF-JPG-300x300.jpg\" alt=\"\" width=\"81\" height=\"81\" srcset=\"https:\/\/hcd.malargue.gov.ar\/wp-content\/uploads\/2018\/06\/PDF-JPG-300x300.jpg 300w, https:\/\/hcd.malargue.gov.ar\/wp-content\/uploads\/2018\/06\/PDF-JPG-150x150.jpg 150w, https:\/\/hcd.malargue.gov.ar\/wp-content\/uploads\/2018\/06\/PDF-JPG.jpg 512w\" sizes=\"auto, (max-width: 81px) 100vw, 81px\" \/><\/a><\/h2>\n<h2>Hora: 09:00<\/h2>\n<p><strong><em>a) Acto de Izar\u00a0 la Ense\u00f1a Patria\u00a0\u00a0 a cargo\u00a0 del \u00a0 Concejal Jos\u00e9 BARRO<\/em><\/strong><\/p>\n<p><strong><em>b) Himno Nacional Argentino. <\/em><\/strong><\/p>\n<p><strong><em>c) Presentaci\u00f3n informe anual del Sr. Intendente Municipal Lic. Juan Manuel OJEDA \u00a0, seg\u00fan lo establecido en el Art.105 Inc.12 de la Ley 1079 Org\u00e1nica de las Municipalidades. <\/em><\/strong><\/p>\n<p><strong><em>d) Homenaje de los Se\u00f1ores Concejales.<\/em><\/strong><\/p>\n<p><strong><em>e) Conformaci\u00f3n\u00a0 Comisiones\u00a0 permanentes\u00a0 del Honorable Cuerpo. <\/em><\/strong><\/p>\n<p><strong><em>f) Determinaci\u00f3n\u00a0 de los Bloques que har\u00e1n uso de la palabra en fechas \u00a0 <\/em><\/strong><\/p>\n<p><strong><em>g) Lectura del detalle de\u00a0 la correspondencia recibida y emitida.<\/em><\/strong><\/p>\n<p><strong><em>h) Determinaci\u00f3n de los temas que ser\u00e1n incluidos en el punto Asuntos Varios y puesta a consideraci\u00f3n de mociones de tratamientos sobre tablas de diversos expedientes.<\/em><\/strong><\/p>\n<p><strong><em>i) Proyectos de los Se\u00f1ores Concejales: <\/em><\/strong><\/p>\n<ol>\n<li>N\u00ba 4.734-HC 017-2019 Proyecto de \u00a0Ordenanza: Adhesi\u00f3n a la Ley Nacional N\u00ba27499 Ley Micaela de capacitaci\u00f3n obligatoria en g\u00e9nero\u00a0 para todas las personas que integran los tres poderes del estado\u201d. (BLOQUE FRENTE SOMOS MENDOZA) Autor: Concejal Paola F. Jofr\u00e9<\/li>\n<li>N\u00ba 4.735-HC 017-2019 Proyecto de Ordenanza: Afectaci\u00f3n de calles de la Uni\u00f3n Vecinal Nuevo Horizonte de uso y dominio p\u00fablico denominaci\u00f3n de los pasajes con sentido de circulaci\u00f3n, nombres y nomencladores (BLOQUE FRENTE SOMOS MENDOZA) Autor: Concejal Paola F. Jofr\u00e9<\/li>\n<li>N\u00ba 4.736-HC 017-2020 Proyecto de Resoluci\u00f3n: Adhesi\u00f3n a la Ley Provincial N\u00ba9070 (BLOQUE FRENTE SOMOS MENDOZA ALIANZA ELEGI MZA FP y S) Autores: Concejales Jofr\u00e9- Risi -Favari-Correa y Barro<\/li>\n<li>N\u00ba 4.737-HC 017-2020 Proyecto de Ordenanza: Adhesi\u00f3n de la Municipalidad de Malarg\u00fce a la Ley Provincial N\u00ba 7234 de Firma Digital. (BLOQUE ALIANZA ELEGI MENDOZA FPy S Autor: Concejal Silvia B. Correa<\/li>\n<li>N\u00ba4.738-HC 017-2020 Proyecto de Resoluci\u00f3n: Pedido de Informe Organigrama Jer\u00e1rquico Departamento Ejecutivo Municipalidad de Malarg\u00fce (INTERBLOQUE SOMOS MENDOZA-ALIANZA ELEGI MENDOZA FP Y S) Autores: Concejales Barro- Favari- Risi- Correa<\/li>\n<li>N\u00ba4.739-HC 017- 2020 Proyecto de Ordenanza: Adherir el Departamento de Malarg\u00fce al Expte. de C\u00e1mara de Diputados de la Naci\u00f3n instituyendo el a\u00f1o 2020 como \u201cA\u00f1o del Bicentenario del Fallecimiento del Gral. Manuel Belgrano\u201d (BLOQUE ALIANZA ELEGI MENDOZA FP yS) Autor: Concejal Daniela Favari<\/li>\n<li>N\u00ba4.740-HC 017-2020 Proyecto de Resoluci\u00f3n: Solicitud de informe de costos e ingresos de la Fiesta Nacional del Chivo -Edici\u00f3n 2020 (BLOQUE ALIANZA ELEGI MENDOZA -FP y S) Autores : Concejales Favari- Correa- Risi<\/li>\n<li>N\u00ba4.741-HC 017-2020 Proyecto de Ordenanza: 70 A\u00f1os de la Segunda Fundaci\u00f3n del Departamento de Malarg\u00fce (BLOQUE ALIANZA ELEGI MENDOZA FPy S) Autores:\u00a0 Concejales\u00a0 Favari. Correa-Risi -Jofr\u00e9 y Barro)<\/li>\n<li>N\u00ba4.742-HC-017-2020 Proyecto de Resoluci\u00f3n: Solicitar informaci\u00f3n correspondiente al ingreso de personal a la Administraci\u00f3n Municipal (INTER<\/li>\n<li>BLOQUE ALIANZA ELEGI MENDOZA Y FPyS -SOMOS MENDOZA) Autores: Concejales \u00a0Favari- Correa- Risi. Jofr\u00e9- Barro<\/li>\n<li>N\u00ba4.743-HC-017-2020 Proyecto de Ordenanza: Denominar al Paso Internacional \u201cDel Planchon Vergara\u201d (BLOQUE ALIANZA ELEGI MENDOZA Y FPyS ) Autor: Concejal Daniela Favari<\/li>\n<li>N\u00ba4.744-HC 017- 2020 Proyecto de Resoluci\u00f3n: Reconocer la Trayectoria Cultural y Art\u00edstica del Bailar\u00edn Internacional Francisco Mercado.\u201d Francisco Forquera\u201d. (BLOQUE ALIANZA ELEGI MENDOZA Y FPyS) Autor: Concejal Daniela Favari<\/li>\n<li>N\u00ba4.745-HC 017-2020 Proyecto de Resoluci\u00f3n: Programa Precios Cuidados implementado por Gobierno Nacional (BLOQUE ALIANZA ELEGI MENDOZA Y FPyS) Autor: Concejal Daniela Favari<\/li>\n<li>N\u00ba 4.746-HC 017-2020 Proyecto\u00a0 de Ordenanza: Des\u00edgnese a la Sala del Archivo Hist\u00f3rico de Malarg\u00fce con el nombre de Pl\u00e1cido Jaque. (BLOQUE CAMBIA MENDOZA) Autor : Concejal Paola L .Rojo<\/li>\n<li>N\u00ba4.747-HC 018-2020 Proyecto de Ordenanza: Designar al Archivo Hist\u00f3rico de la Municipalidad de Malarg\u00fce \u201cRa\u00fal Becerra\u201d en reconocimiento a su trayectoria. (BLOQUE CAMBIA MENDOZA) Autor: Concejal Paola L. Rojo<\/li>\n<li>N\u00ba 4.748-HC 018-2020 Proyecto de Resoluci\u00f3n: Reconocer al Sr. Clementino Nu\u00f1ez precursor, colaborador y encargado del Archivo Hist\u00f3rico (BLOQUE CAMBIA MENDOZA) Autor: Concejal Paola L. Rojo<\/li>\n<li>N\u00ba 4.749-HC 018-2020 Proyecto de Resoluci\u00f3n: Adherir a declaraci\u00f3n de la Organizaci\u00f3n de las Naciones Unidas (UNESCO) como Patrimonio Cultural Inmaterial la modalidad de trashumancia (BLOQUE CAMBIA MENDOZA) Autor: Concejal Paola L. Rojo.<\/li>\n<\/ol>\n<p><strong><em>j) Expedientes provenientes del Departamento Ejecutivo <\/em><\/strong><\/p>\n<p>&#8211; No Ingresados-<\/p>\n<p><strong><em>k) Despachos de las Comisiones de Trabajo:<\/em><\/strong><\/p>\n<p><strong>\u00a0<\/strong>\u00a0 &#8211; No Ingresados-<\/p>\n<p><strong>l<\/strong><strong><em>) Asuntos Varios.- <\/em><\/strong><\/p>\n<p><strong><em>m) Acto de arriar el Pabell\u00f3n Nacional a cargo del concejal que lo <\/em><\/strong><strong>iz\u00f3.- <\/strong><\/p>\n<p><strong>\u00a0\u00a0\u00a0\u00a0\u00a0\u00a0\u00a0\u00a0\u00a0\u00a0\u00a0\u00a0\u00a0\u00a0\u00a0\u00a0\u00a0\u00a0\u00a0\u00a0\u00a0\u00a0\u00a0\u00a0\u00a0\u00a0\u00a0\u00a0\u00a0\u00a0\u00a0\u00a0\u00a0\u00a0\u00a0\u00a0\u00a0\u00a0\u00a0\u00a0 \u00a0\u00a0\u00a0\u00a0\u00a0\u00a0\u00a0\u00a0\u00a0\u00a0\u00a0\u00a0\u00a0\u00a0\u00a0\u00a0\u00a0\u00a0\u00a0\u00a0\u00a0\u00a0\u00a0\u00a0\u00a0\u00a0\u00a0\u00a0\u00a0\u00a0\u00a0\u00a0\u00a0\u00a0\u00a0\u00a0\u00a0\u00a0\u00a0\u00a0\u00a0\u00a0\u00a0\u00a0\u00a0\u00a0\u00a0 Presidencia \u00a0H.C.D \u00a0\u00a003 \u00a0\u00a0de \u00a0Marzo \u00a0\u00a0de 2020.- <\/strong><\/p>\n<p><strong>\u00a0<\/strong><\/p>\n<p><strong>CORRESPONDENCIA\u00a0 PARA LA SESI\u00d3N DEL <\/strong><strong>D\u00cdA JUEVES\u00a0 05 DE MARZO DE 2020<\/strong><\/p>\n<p><strong>NOTAS INGRESADAS<\/strong><\/p>\n<ol>\n<li>Carlos Benedetto, Presidente FADE, referido a solicitar informaci\u00f3n ambiental s\/Art. 41 Constituci\u00f3n Nacional, respecto a instalaci\u00f3n de pozos de fracking en el Departamento.<\/li>\n<li>Cesar Ojeda, Secretario de Desarrollo Rural, Cient\u00edfico, Tecnolog\u00eda e Innovaci\u00f3n, eleva copia Decreto Municipal N\u00ba 110\/2020 Programa Piloto Elecci\u00f3n Directa para Delegado Distrital, para conocimiento.<\/li>\n<li>V\u00edctor Javier Verdugo, solicita hacer uso de Banca del Ciudadano respecto a problem\u00e1tica de tierras.<\/li>\n<li>Vecinos del Departamento solicitan se realice un pedido de informe al Sr. Intendente Municipal respecto a los empleados incorporados y contratos realizados en su gesti\u00f3n.<\/li>\n<li>Juan Manuel Ojeda Intendente Municipal solicita sesi\u00f3n extraordinaria para tratamiento de Convenio entre Direcci\u00f3n Provincial de Vialidad y Municipio.<\/li>\n<li>Tom\u00e1s Estay en representaci\u00f3n de Puesteros Autoconvocados, solicita declaraci\u00f3n de emergencia ganadera, plantea problem\u00e1tica del sector y solicita reuni\u00f3n con autoridades provinciales.<\/li>\n<li>Juan Manuel Ojeda, Intendente Municipal, remite copia de Decreto N\u00ba 2590\/2019 Adscripci\u00f3n a Intendencia del agente Dn. Luis Alberto L\u00f3pez, para conocimiento.<\/li>\n<li>Natalia Ovejero, madre de Marco y Lucia Garc\u00eda solicita apoyo econ\u00f3mico permanente para deportistas que representan a Malarg\u00fce.<\/li>\n<li>Laura Villar Presidente de Asociaci\u00f3n Comunitaria de Ranquil Norte, solicita nominaci\u00f3n de calles de la localidad, eleva sugerencias a tal fin.<\/li>\n<li>Juan Manuel Ojeda, Intendente Municipal, eleva respuesta a nota de fecha 12 de Febrero, respecto a declaraciones efectuadas por la ciudadana Sra. Jesica Laferte.<\/li>\n<li>Alicia Mart\u00ednez, solicita reuni\u00f3n a fin de abordar el tema de incorporaci\u00f3n de zona austral dentro de los beneficios de ANSES.<\/li>\n<li>Bloque Alianza Elegi Mendoza y F.P y S., solicita n\u00f3mina de personal adscripto al Honorable Concejo Deliberante provenientes del Municipio como de Organismos Provinciales o Nacionales.<\/li>\n<li>Enrique Farias, solicita informe respecto a Licitaci\u00f3n P\u00fablica Expte N\u00ba 33\/2020 Servicio de Seguridad Privada para la Fiesta Nacional de Chivo Edici\u00f3n 2020.<\/li>\n<li>Concejal Mart\u00edn Palma, solicita copia de nota presentada por el Bloque\u00a0 Somos Mendoza y Eleg\u00ed Mendoza el d\u00eda 12 de Febrero en Mesa de Entradas de la Municipalidad de Malarg\u00fce, respecto a declaraciones efectuadas por la ciudadana Sra. Jesica Laferte.<\/li>\n<li>Constanza Segura, Secretaria General y Desarrollo Social, solicita espacio f\u00edsico para ensayos del Coro Municipal \u201cHugo cabrera\u201d.<\/li>\n<li>Ra\u00fal Paras\u00e9coli y Jorge Gonz\u00e1lez en representaci\u00f3n de Autoconvocados por una Matriz Energ\u00e9tica de Gas, solicitan hacer uso de Banca del Ciudadano.<\/li>\n<li>Ra\u00fal Paras\u00e9coli y Jorge Gonz\u00e1lez en representaci\u00f3n de Autoconvocados por una Matriz Energ\u00e9tica de Gas, solicitan derogaci\u00f3n de Decreto N\u00ba 485 otorgando concesi\u00f3n de explotaci\u00f3n de hidrocarburos no convencional del \u00e1rea Puesto Rojas a Petrolera El Trebol S.A.<\/li>\n<li>Juan Ferrero, solicita ayuda econ\u00f3mica para participar de III Congreso Latinoamericano de Salvamento en r\u00edos y aguas r\u00e1pidas, Mendoza Argentina a realizarse del 26 al 29 de marzo en la Ciudad de Mendoza.<\/li>\n<li>Debora Amaya, Enfermera Profesional y Nelida Quintero Lic. Enfermer\u00eda, solicitan reuni\u00f3n a fin de informar situaci\u00f3n laboral en el Hospital Malarg\u00fce.<\/li>\n<li>Bloque Cambia Mendoza, informa nueva autoridad de bloque.<\/li>\n<li>Juan Manuel Ojeda, Intendente Municipal, informa que realizar\u00e1 la apertura de Sesiones Ordinarias de acuerdo al Art.105 de la Ley 1.079 Org\u00e1nica de Municipalidades el jueves 05 de marzo a la hora 09:00.<\/li>\n<li>Paola Lorena Rojo, Presidente Bloque Cambia Mendoza, informa integrantes de Comisiones de Trabajo para el presente periodo legislativo.<\/li>\n<\/ol>\n<p>&nbsp;<\/p>\n","protected":false},"excerpt":{"rendered":"<p>D\u00eda \u00a0\u00a0Jueves\u00a0\u00a0 05 \u00a0\u00a0de Marzo de 2020 Hora: 09:00 a) Acto de Izar\u00a0 la Ense\u00f1a Patria\u00a0\u00a0 a cargo\u00a0 del \u00a0 Concejal Jos\u00e9 BARRO b) Himno Nacional Argentino. c) Presentaci\u00f3n informe anual del Sr. Intendente Municipal Lic. Juan Manuel OJEDA \u00a0, seg\u00fan lo establecido en el Art.105 Inc.12 de la Ley 1079 Org\u00e1nica de las Municipalidades. [&hellip;]<\/p>\n","protected":false},"author":5,"featured_media":19791,"comment_status":"closed","ping_status":"closed","sticky":false,"template":"","format":"standard","meta":{"footnotes":""},"categories":[52,58,33,36],"tags":[],"class_list":["post-19790","post","type-post","status-publish","format-standard","has-post-thumbnail","hentry","category-gacetillas","category-ordinarias","category-prensa","category-sesiones"],"yoast_head":"<!-- This site is optimized with the Yoast SEO plugin v19.10 - https:\/\/yoast.com\/wordpress\/plugins\/seo\/ -->\n<title>ORDEN DEL D\u00cdA 1\u00ba SESI\u00d3N ORDINARIA - Malarg\u00fce HCD<\/title>\n<meta name=\"robots\" content=\"index, follow, max-snippet:-1, max-image-preview:large, max-video-preview:-1\" \/>\n<link rel=\"canonical\" href=\"https:\/\/hcd.malargue.gov.ar\/?p=19790\" \/>\n<meta property=\"og:locale\" content=\"es_ES\" \/>\n<meta property=\"og:type\" content=\"article\" \/>\n<meta property=\"og:title\" content=\"ORDEN DEL D\u00cdA 1\u00ba SESI\u00d3N ORDINARIA - Malarg\u00fce HCD\" \/>\n<meta property=\"og:description\" content=\"D\u00eda \u00a0\u00a0Jueves\u00a0\u00a0 05 \u00a0\u00a0de Marzo de 2020 Hora: 09:00 a) Acto de Izar\u00a0 la Ense\u00f1a Patria\u00a0\u00a0 a cargo\u00a0 del \u00a0 Concejal Jos\u00e9 BARRO b) Himno Nacional Argentino. c) Presentaci\u00f3n informe anual del Sr. Intendente Municipal Lic. Juan Manuel OJEDA \u00a0, seg\u00fan lo establecido en el Art.105 Inc.12 de la Ley 1079 Org\u00e1nica de las Municipalidades. [&hellip;]\" \/>\n<meta property=\"og:url\" content=\"https:\/\/hcd.malargue.gov.ar\/?p=19790\" \/>\n<meta property=\"og:site_name\" content=\"Malarg\u00fce HCD\" \/>\n<meta property=\"article:published_time\" content=\"2020-03-04T11:49:11+00:00\" \/>\n<meta property=\"og:image\" content=\"https:\/\/hcd.malargue.gov.ar\/wp-content\/uploads\/2020\/03\/IMGP80065-702x336-1.jpg\" \/>\n\t<meta property=\"og:image:width\" content=\"702\" \/>\n\t<meta property=\"og:image:height\" content=\"336\" \/>\n\t<meta property=\"og:image:type\" content=\"image\/jpeg\" \/>\n<meta name=\"author\" content=\"Belen Pedernera Ferragut\" \/>\n<meta name=\"twitter:card\" content=\"summary_large_image\" \/>\n<meta name=\"twitter:label1\" content=\"Escrito por\" \/>\n\t<meta name=\"twitter:data1\" content=\"Belen Pedernera Ferragut\" \/>\n\t<meta name=\"twitter:label2\" content=\"Tiempo de lectura\" \/>\n\t<meta name=\"twitter:data2\" content=\"6 minutos\" \/>\n<script type=\"application\/ld+json\" class=\"yoast-schema-graph\">{\"@context\":\"https:\/\/schema.org\",\"@graph\":[{\"@type\":\"WebPage\",\"@id\":\"https:\/\/hcd.malargue.gov.ar\/?p=19790\",\"url\":\"https:\/\/hcd.malargue.gov.ar\/?p=19790\",\"name\":\"ORDEN DEL D\u00cdA 1\u00ba SESI\u00d3N ORDINARIA - Malarg\u00fce HCD\",\"isPartOf\":{\"@id\":\"https:\/\/hcd.malargue.gov.ar\/#website\"},\"datePublished\":\"2020-03-04T11:49:11+00:00\",\"dateModified\":\"2020-03-04T11:49:11+00:00\",\"author\":{\"@id\":\"https:\/\/hcd.malargue.gov.ar\/#\/schema\/person\/3fd6bbab64edd703961b795156c955d0\"},\"breadcrumb\":{\"@id\":\"https:\/\/hcd.malargue.gov.ar\/?p=19790#breadcrumb\"},\"inLanguage\":\"es-AR\",\"potentialAction\":[{\"@type\":\"ReadAction\",\"target\":[\"https:\/\/hcd.malargue.gov.ar\/?p=19790\"]}]},{\"@type\":\"BreadcrumbList\",\"@id\":\"https:\/\/hcd.malargue.gov.ar\/?p=19790#breadcrumb\",\"itemListElement\":[{\"@type\":\"ListItem\",\"position\":1,\"name\":\"Inicio\",\"item\":\"https:\/\/hcd.malargue.gov.ar\/\"},{\"@type\":\"ListItem\",\"position\":2,\"name\":\"ORDEN DEL D\u00cdA 1\u00ba SESI\u00d3N ORDINARIA\"}]},{\"@type\":\"WebSite\",\"@id\":\"https:\/\/hcd.malargue.gov.ar\/#website\",\"url\":\"https:\/\/hcd.malargue.gov.ar\/\",\"name\":\"Malarg\u00fce HCD\",\"description\":\"Malarg\u00fce Mendoza Argentina\",\"potentialAction\":[{\"@type\":\"SearchAction\",\"target\":{\"@type\":\"EntryPoint\",\"urlTemplate\":\"https:\/\/hcd.malargue.gov.ar\/?s={search_term_string}\"},\"query-input\":\"required name=search_term_string\"}],\"inLanguage\":\"es-AR\"},{\"@type\":\"Person\",\"@id\":\"https:\/\/hcd.malargue.gov.ar\/#\/schema\/person\/3fd6bbab64edd703961b795156c955d0\",\"name\":\"Belen Pedernera Ferragut\",\"image\":{\"@type\":\"ImageObject\",\"inLanguage\":\"es-AR\",\"@id\":\"https:\/\/hcd.malargue.gov.ar\/#\/schema\/person\/image\/\",\"url\":\"https:\/\/secure.gravatar.com\/avatar\/1054ffab3893de4bb3eb29bdd22f7e34b8537bf5d34d9dab311818154ad5b71f?s=96&d=mm&r=g\",\"contentUrl\":\"https:\/\/secure.gravatar.com\/avatar\/1054ffab3893de4bb3eb29bdd22f7e34b8537bf5d34d9dab311818154ad5b71f?s=96&d=mm&r=g\",\"caption\":\"Belen Pedernera Ferragut\"},\"url\":\"https:\/\/hcd.malargue.gov.ar\/?author=5\"}]}<\/script>\n<!-- \/ Yoast SEO plugin. -->","yoast_head_json":{"title":"ORDEN DEL D\u00cdA 1\u00ba SESI\u00d3N ORDINARIA - Malarg\u00fce HCD","robots":{"index":"index","follow":"follow","max-snippet":"max-snippet:-1","max-image-preview":"max-image-preview:large","max-video-preview":"max-video-preview:-1"},"canonical":"https:\/\/hcd.malargue.gov.ar\/?p=19790","og_locale":"es_ES","og_type":"article","og_title":"ORDEN DEL D\u00cdA 1\u00ba SESI\u00d3N ORDINARIA - Malarg\u00fce HCD","og_description":"D\u00eda \u00a0\u00a0Jueves\u00a0\u00a0 05 \u00a0\u00a0de Marzo de 2020 Hora: 09:00 a) Acto de Izar\u00a0 la Ense\u00f1a Patria\u00a0\u00a0 a cargo\u00a0 del \u00a0 Concejal Jos\u00e9 BARRO b) Himno Nacional Argentino. c) Presentaci\u00f3n informe anual del Sr. Intendente Municipal Lic. Juan Manuel OJEDA \u00a0, seg\u00fan lo establecido en el Art.105 Inc.12 de la Ley 1079 Org\u00e1nica de las Municipalidades. [&hellip;]","og_url":"https:\/\/hcd.malargue.gov.ar\/?p=19790","og_site_name":"Malarg\u00fce HCD","article_published_time":"2020-03-04T11:49:11+00:00","og_image":[{"width":702,"height":336,"url":"https:\/\/hcd.malargue.gov.ar\/wp-content\/uploads\/2020\/03\/IMGP80065-702x336-1.jpg","type":"image\/jpeg"}],"author":"Belen Pedernera Ferragut","twitter_card":"summary_large_image","twitter_misc":{"Escrito por":"Belen Pedernera Ferragut","Tiempo de lectura":"6 minutos"},"schema":{"@context":"https:\/\/schema.org","@graph":[{"@type":"WebPage","@id":"https:\/\/hcd.malargue.gov.ar\/?p=19790","url":"https:\/\/hcd.malargue.gov.ar\/?p=19790","name":"ORDEN DEL D\u00cdA 1\u00ba SESI\u00d3N ORDINARIA - Malarg\u00fce HCD","isPartOf":{"@id":"https:\/\/hcd.malargue.gov.ar\/#website"},"datePublished":"2020-03-04T11:49:11+00:00","dateModified":"2020-03-04T11:49:11+00:00","author":{"@id":"https:\/\/hcd.malargue.gov.ar\/#\/schema\/person\/3fd6bbab64edd703961b795156c955d0"},"breadcrumb":{"@id":"https:\/\/hcd.malargue.gov.ar\/?p=19790#breadcrumb"},"inLanguage":"es-AR","potentialAction":[{"@type":"ReadAction","target":["https:\/\/hcd.malargue.gov.ar\/?p=19790"]}]},{"@type":"BreadcrumbList","@id":"https:\/\/hcd.malargue.gov.ar\/?p=19790#breadcrumb","itemListElement":[{"@type":"ListItem","position":1,"name":"Inicio","item":"https:\/\/hcd.malargue.gov.ar\/"},{"@type":"ListItem","position":2,"name":"ORDEN DEL D\u00cdA 1\u00ba SESI\u00d3N ORDINARIA"}]},{"@type":"WebSite","@id":"https:\/\/hcd.malargue.gov.ar\/#website","url":"https:\/\/hcd.malargue.gov.ar\/","name":"Malarg\u00fce HCD","description":"Malarg\u00fce Mendoza Argentina","potentialAction":[{"@type":"SearchAction","target":{"@type":"EntryPoint","urlTemplate":"https:\/\/hcd.malargue.gov.ar\/?s={search_term_string}"},"query-input":"required name=search_term_string"}],"inLanguage":"es-AR"},{"@type":"Person","@id":"https:\/\/hcd.malargue.gov.ar\/#\/schema\/person\/3fd6bbab64edd703961b795156c955d0","name":"Belen Pedernera Ferragut","image":{"@type":"ImageObject","inLanguage":"es-AR","@id":"https:\/\/hcd.malargue.gov.ar\/#\/schema\/person\/image\/","url":"https:\/\/secure.gravatar.com\/avatar\/1054ffab3893de4bb3eb29bdd22f7e34b8537bf5d34d9dab311818154ad5b71f?s=96&d=mm&r=g","contentUrl":"https:\/\/secure.gravatar.com\/avatar\/1054ffab3893de4bb3eb29bdd22f7e34b8537bf5d34d9dab311818154ad5b71f?s=96&d=mm&r=g","caption":"Belen Pedernera Ferragut"},"url":"https:\/\/hcd.malargue.gov.ar\/?author=5"}]}},"_links":{"self":[{"href":"https:\/\/hcd.malargue.gov.ar\/index.php?rest_route=\/wp\/v2\/posts\/19790","targetHints":{"allow":["GET"]}}],"collection":[{"href":"https:\/\/hcd.malargue.gov.ar\/index.php?rest_route=\/wp\/v2\/posts"}],"about":[{"href":"https:\/\/hcd.malargue.gov.ar\/index.php?rest_route=\/wp\/v2\/types\/post"}],"author":[{"embeddable":true,"href":"https:\/\/hcd.malargue.gov.ar\/index.php?rest_route=\/wp\/v2\/users\/5"}],"replies":[{"embeddable":true,"href":"https:\/\/hcd.malargue.gov.ar\/index.php?rest_route=%2Fwp%2Fv2%2Fcomments&post=19790"}],"version-history":[{"count":0,"href":"https:\/\/hcd.malargue.gov.ar\/index.php?rest_route=\/wp\/v2\/posts\/19790\/revisions"}],"wp:featuredmedia":[{"embeddable":true,"href":"https:\/\/hcd.malargue.gov.ar\/index.php?rest_route=\/wp\/v2\/media\/19791"}],"wp:attachment":[{"href":"https:\/\/hcd.malargue.gov.ar\/index.php?rest_route=%2Fwp%2Fv2%2Fmedia&parent=19790"}],"wp:term":[{"taxonomy":"category","embeddable":true,"href":"https:\/\/hcd.malargue.gov.ar\/index.php?rest_route=%2Fwp%2Fv2%2Fcategories&post=19790"},{"taxonomy":"post_tag","embeddable":true,"href":"https:\/\/hcd.malargue.gov.ar\/index.php?rest_route=%2Fwp%2Fv2%2Ftags&post=19790"}],"curies":[{"name":"wp","href":"https:\/\/api.w.org\/{rel}","templated":true}]}}