{"id":19795,"date":"2020-03-12T12:17:04","date_gmt":"2020-03-12T15:17:04","guid":{"rendered":"https:\/\/hcd.malargue.gov.ar\/?p=19795"},"modified":"2020-03-13T08:00:16","modified_gmt":"2020-03-13T11:00:16","slug":"el-hcd-finalizo-la-1o-sesion-ordinaria-del-presente-periodo-legislativo","status":"publish","type":"post","link":"https:\/\/hcd.malargue.gov.ar\/?p=19795","title":{"rendered":"EL HCD FINALIZ\u00d3 LA 1\u00ba SESI\u00d3N ORDINARIA DEL PRESENTE PERIODO LEGISLATIVO"},"content":{"rendered":"<h6 style=\"text-align: right;\">SESI\u00d3N ORDINARIA \u2013 5 de Marzo 2020<\/h6>\n<h6 style=\"text-align: right;\">Presidiendo la Sesi\u00f3n:\u00a0\u00a0Concejal Martin Palma (Bloque Cambia Mendoza)<\/h6>\n<h6 style=\"text-align: right;\">Concejales Presentes: <a href=\"https:\/\/www.facebook.com\/barrojose1?__tn__=K-R&amp;eid=ARDWwxO_d06k53ew1DGTZGmBTIa0Rg7fXnl_hkCTMV4MT4CGcrfQo6m_ZMKEn-eZRs5lsSbXH5kaHKkD&amp;fref=mentions&amp;__xts__%5B0%5D=68.ARDmSN2Rx1qbBVk8DtQG_Qt2OBvoM8dGcTpbhkyQ-iiK9dXL3oGnZx222bOUR0qjhncKejMTHeOsz5QhLXw8yW2wr9T5uGpnXJnkKgEKigjEcUo12Lb3mPNmkrqaN-7izw0wLKrsaT37IUomGlChV2X0i_GJg4eyyiMrla1VclGeFY-WRu9YB2mBaThryDdczPlc3P0kazuwwD7rmjtRipEsrdb2L9d2supcRFMN_0GrPMDLdqz-bTDZcnVFkg6AOv3CJbSSIX2GMalcAiLXFnc5PVJy027DplPTPo5ciU2l5yMpqXa3NKAOBwHgALZJcmr36Xt6dq5CFdyyVWXmqCs\">Jose Barro<\/a>, Paola <a href=\"https:\/\/www.facebook.com\/paolafer.gonzalezjofre?__tn__=K-R&amp;eid=ARDCakJJCC46y90Kliroul66qnA9Ab2OBd94PXXTHGb7qcpCSxDi5P1G6QkNaRA5BM9l0ImhWRqyj3zm&amp;fref=mentions&amp;__xts__%5B0%5D=68.ARDmSN2Rx1qbBVk8DtQG_Qt2OBvoM8dGcTpbhkyQ-iiK9dXL3oGnZx222bOUR0qjhncKejMTHeOsz5QhLXw8yW2wr9T5uGpnXJnkKgEKigjEcUo12Lb3mPNmkrqaN-7izw0wLKrsaT37IUomGlChV2X0i_GJg4eyyiMrla1VclGeFY-WRu9YB2mBaThryDdczPlc3P0kazuwwD7rmjtRipEsrdb2L9d2supcRFMN_0GrPMDLdqz-bTDZcnVFkg6AOv3CJbSSIX2GMalcAiLXFnc5PVJy027DplPTPo5ciU2l5yMpqXa3NKAOBwHgALZJcmr36Xt6dq5CFdyyVWXmqCs\" data-hovercard=\"\/ajax\/hovercard\/user.php?id=1186623343&amp;extragetparams=%7B%22__tn__%22%3A%22%2CdK-R-R%22%2C%22eid%22%3A%22ARDCakJJCC46y90Kliroul66qnA9Ab2OBd94PXXTHGb7qcpCSxDi5P1G6QkNaRA5BM9l0ImhWRqyj3zm%22%2C%22fref%22%3A%22mentions%22%7D&amp;av=361313671036059&amp;eav=AfakCvfYKlOv07u0PXFiAQ8vAoJrMcyB2aBOzJhR-llyrRKjJgBb_GRoAIQ_hPTvydE\" data-hovercard-prefer-more-content-show=\"1\">Jofre<\/a>\u00a0(Bloque Somos Mendoza)\u00a0<a href=\"https:\/\/www.facebook.com\/daniela.favari.92?__tn__=K-R&amp;eid=ARDtlZXLK6meLvfBdsqXNSXUi9cGa1-VjbQq2DxAtzzAGhZhs-m8H7cqfLYhSc6ERWVOi6L3Jt5yNEO0&amp;fref=mentions&amp;__xts__%5B0%5D=68.ARDmSN2Rx1qbBVk8DtQG_Qt2OBvoM8dGcTpbhkyQ-iiK9dXL3oGnZx222bOUR0qjhncKejMTHeOsz5QhLXw8yW2wr9T5uGpnXJnkKgEKigjEcUo12Lb3mPNmkrqaN-7izw0wLKrsaT37IUomGlChV2X0i_GJg4eyyiMrla1VclGeFY-WRu9YB2mBaThryDdczPlc3P0kazuwwD7rmjtRipEsrdb2L9d2supcRFMN_0GrPMDLdqz-bTDZcnVFkg6AOv3CJbSSIX2GMalcAiLXFnc5PVJy027DplPTPo5ciU2l5yMpqXa3NKAOBwHgALZJcmr36Xt6dq5CFdyyVWXmqCs\" data-hovercard=\"\/ajax\/hovercard\/user.php?id=100001996108315&amp;extragetparams=%7B%22__tn__%22%3A%22%2CdK-R-R%22%2C%22eid%22%3A%22ARDtlZXLK6meLvfBdsqXNSXUi9cGa1-VjbQq2DxAtzzAGhZhs-m8H7cqfLYhSc6ERWVOi6L3Jt5yNEO0%22%2C%22fref%22%3A%22mentions%22%7D&amp;av=361313671036059&amp;eav=AfYr6arY0IpIDA2z4rzEdmWf7VP7aZW-cB5jZIO9Ybut-c_3KNUmg_l2kZpgzerQCqk\" data-hovercard-prefer-more-content-show=\"1\">Daniela Favari<\/a>, Andres Risi, Silvia Correa (Bloque Aliaza Eleg\u00ed Mendoza, Frente Politico y Social), Daiana Varas, Gabriel Rosas y Luciana Villegas (Bloque Cambia Mendoza).<\/h6>\n<p>A las 09:00 hs del jueves 12 de marzo, el Cuerpo Legislativo, luego de salir del cuarto intermedio, continu\u00f3 con el tratamiento del <a href=\"https:\/\/hcd.malargue.gov.ar\/2020\/03\/04\/orden-del-dia-1o-sesion-ordinaria\/\">Orden del Dia de la Sesi\u00f3n Ordinaria convocada para el pasado 5 de marzo<\/a>.<\/p>\n<p>A continuaci\u00f3n los Sres. Concejales ingresaron y remitieron a las distintas Comisones de trabajo un total de 13 notas y 16 proyectos presentados por los Ediles.<\/p>\n<p>En el ultimo punto del Orden del D\u00eda, Asuntos Varios, el Cuerpo dio tratamiento a los temas solicitados por la Edil Daniela Favari en primer lugar la conformaci\u00f3n de la Comisi\u00f3n Especial de seguimiento Puente Arroyo la Bebida ; la cual quedo conformada por si misma y los Ediles Rosas y Risi. En segundo lugar se dio lectura la Nota HC 96\/2020 emanada por el Michael Concha Salvo, Concejal de Linares en agradecimiento por la particpaci\u00f3n de las Ediles Correa y Favari en el <a href=\"https:\/\/hcd.malargue.gov.ar\/2020\/03\/10\/ediles-particparon-del-2o-encuentro-pejerrey-linares-en-vecino-pais-de-chile\/\">2\u00ba Encuentro Binacional Achibueno- Malarg\u00fce en el vecino pa\u00eds Chile<\/a>. La nota se elev\u00f3 a la Comisi\u00f3n de Pasos Internacionales.<\/p>\n<p>Sin m\u00e1s que tratar el Presidente, procedi\u00f3 a dar por finalizada la Sesi\u00f3n.<\/p>\n<p>Bel\u00e9n Pedernera Ferragut \/ Prensa HCD<\/p>\n<blockquote>\n<h1>Detalle de los Proyectos y envi\u00f3 a Comisiones de Trabajo:<\/h1>\n<p><strong><em>La COMISI\u00d3N DE EDUCACI\u00d3N, HIGIENE, MORALIDAD, ACCI\u00d3N SOCIAL Y CULTURA (EHMASyC) recepcionar\u00e1 9 proyectos:<\/em><\/strong><\/p>\n<ul>\n<li>TRATAMIENTO PREFERENCIAL- Expte N\u00ba 4.734-HC 017-2019 Proyecto de \u00a0Ordenanza: Adhesi\u00f3n a la Ley Nacional N\u00ba27499 Ley Micaela de capacitaci\u00f3n obligatoria en g\u00e9nero\u00a0 para todas las personas que integran los tres poderes del estado\u201d. (BLOQUE FRENTE SOMOS MENDOZA) Autor: Concejal Paola F. Jofr\u00e9<\/li>\n<li>TRATAMIENTO PREFERENCIAL- Expte N\u00ba4.739-HC 017- 2020 Proyecto de Ordenanza: Adherir el Departamento de Malarg\u00fce al Expte. de C\u00e1mara de Diputados de la Naci\u00f3n instituyendo el a\u00f1o 2020 como \u201cA\u00f1o del Bicentenario del Fallecimiento del Gral. Manuel Belgrano\u201d (BLOQUE ALIANZA ELEGI MENDOZA FP yS) Autor: Concejal Daniela Favari<\/li>\n<li>TRATAMIENTO PREFERENCIAL- Expte N\u00ba4.741-HC 017-2020 Proyecto de Ordenanza: 70 A\u00f1os de la Segunda Fundaci\u00f3n del Departamento de Malarg\u00fce (BLOQUE ALIANZA ELEGI MENDOZA FPy S) Autores:\u00a0 Concejales\u00a0 Favari. Correa-Risi -Jofr\u00e9 y Barro<\/li>\n<li>Expte N\u00ba4.743-HC-017-2020 Proyecto de Ordenanza: Denominar al Paso Internacional \u201cDel Planchon Vergara\u201d (BLOQUE ALIANZA ELEGI MENDOZA Y FPyS ) Autor: Concejal Daniela Favari (Tras el an\u00e1lisis en la Comisi\u00f3n de Educaci\u00f3n, el proyecto ser\u00e1 remitido a la Comisi\u00f3n de Pasos Internacionales)<\/li>\n<li>TRATAMIENTO PREFERENCIAL- Expte N\u00ba4.744-HC 017- 2020 Proyecto de Resoluci\u00f3n: Reconocer la Trayectoria Cultural y Art\u00edstica del Bailar\u00edn Internacional Francisco Mercado.\u201d Francisco Forquera\u201d. (BLOQUE ALIANZA ELEGI MENDOZA Y FPyS) Autor: Concejal Daniela Favari<\/li>\n<li>TRATAMIENTO PREFERENCIAL- Expte N\u00ba 4.746-HC 017-2020 Proyecto de Ordenanza: Des\u00edgnese a la Sala del Archivo Hist\u00f3rico de Malarg\u00fce con el nombre de Pl\u00e1cido Jaque. (BLOQUE CAMBIA MENDOZA) Autor : Concejal Paola L .Rojo<\/li>\n<li>TRATAMIENTO PREFERENCIAL- Expte N\u00ba4.747-HC 018-2020 Proyecto de Ordenanza: Designar al Archivo Hist\u00f3rico de la Municipalidad de Malarg\u00fce \u201cRa\u00fal Becerra\u201d en reconocimiento a su trayectoria. (BLOQUE CAMBIA MENDOZA) Autor: Concejal Paola L. Rojo<\/li>\n<li>TRATAMIENTO PREFERENCIAL- Expte N\u00ba 4.748-HC 018-2020 Proyecto de Resoluci\u00f3n: Reconocer al Sr. Clementino Nu\u00f1ez precursor, colaborador y encargado del Archivo Hist\u00f3rico (BLOQUE CAMBIA MENDOZA) Autor: Concejal Paola L. Rojo<\/li>\n<li>Expte N\u00ba 4.749-HC 018-2020 Proyecto de Resoluci\u00f3n: Adherir a declaraci\u00f3n de la Organizaci\u00f3n de las Naciones Unidas (UNESCO) como Patrimonio Cultural Inmaterial la modalidad de trashumancia (BLOQUE CAMBIA MENDOZA) Autor: Concejal Paola L. Rojo.<\/li>\n<\/ul>\n<p>&nbsp;<\/p>\n<p><strong><em>La COMISI\u00d3N DE HACIENDA PRESUPUESTO LEGISLACI\u00d3N Y ASUNTOS CONSTITUCIONALES (HPLAC) recepcionar\u00e1 6 proyectos:<\/em><\/strong><\/p>\n<ul>\n<li>Expte N\u00ba 4.736-HC 017-2020 Proyecto de Resoluci\u00f3n: Adhesi\u00f3n a la Ley Provincial N\u00ba9070 (BLOQUE FRENTE SOMOS MENDOZA ALIANZA ELEGI MZA FP y S) Autores: Concejales Jofr\u00e9- Risi -Favari-Correa y Barro<\/li>\n<li>Expte N\u00ba 4.737-HC 017-2020 Proyecto de Ordenanza: Adhesi\u00f3n de la Municipalidad de Malarg\u00fce a la Ley Provincial N\u00ba 7234 de Firma Digital. (BLOQUE ALIANZA ELEGI MENDOZA FPy S Autor: Concejal Silvia B. Correa (Tras el an\u00e1lisis en la Comisi\u00f3n de Hacienda, el proyecto ser\u00e1 remitido a la Comisi\u00f3n de Educaci\u00f3n)<\/li>\n<li>Expte N\u00ba4.738-HC 017-2020 Proyecto de Resoluci\u00f3n: Pedido de Informe Organigrama Jer\u00e1rquico Departamento Ejecutivo Municipalidad de Malarg\u00fce (INTERBLOQUE SOMOS MENDOZA-ALIANZA ELEGI MENDOZA FP Y S) Autores: Concejales Barro- Favari- Risi- Correa<\/li>\n<li>Expte. N\u00ba4.740-HC 017-2020 Proyecto de Resoluci\u00f3n: Solicitud de informe de costos e ingresos de la Fiesta Nacional del Chivo -Edici\u00f3n 2020 \u00a0(BLOQUE ALIANZA ELEGI MENDOZA -FP y S) Autores : Concejales Favari- Correa- Risi<\/li>\n<li>Expte N\u00ba4.742-HC-017-2020 Proyecto de Resoluci\u00f3n: Solicitar informaci\u00f3n correspondiente al ingreso de personal a la Administraci\u00f3n Municipal (INTERBLOQUE ALIANZA ELEGI MENDOZA Y FPyS -SOMOS MENDOZA) Autores: Concejales \u00a0Favari- Correa- Risi. Jofr\u00e9- Barro<\/li>\n<li>Expte N\u00ba4.745-HC 017-2020 Proyecto de Resoluci\u00f3n: Programa Precios Cuidados implementado por Gobierno Nacional (BLOQUE ALIANZA ELEGI MENDOZA Y FPyS) Autor: Concejal Daniela Favari<\/li>\n<\/ul>\n<p>&nbsp;<\/p>\n<p><em><strong>La COMISI\u00d3N DE OBRAS P\u00daBLICAS, TURISMO Y RECURSOS NATURALES (OPTyRN) recepcionar\u00e1\u00a0 1 proyecto:<\/strong><\/em><\/p>\n<ul>\n<li>Expte N\u00ba 4.735-HC 017-2019 Proyecto de Ordenanza: Afectaci\u00f3n de calles de la Uni\u00f3n Vecinal Nuevo Horizonte de uso y dominio p\u00fablico denominaci\u00f3n de los pasajes con sentido de circulaci\u00f3n, nombres y nomencladores (BLOQUE FRENTE SOMOS MENDOZA) Autor: Concejal Paola F. Jofr\u00e9 (Tras el an\u00e1lisis en la Comisi\u00f3n de Obras P\u00fablicas, el proyecto ser\u00e1 remitido a la Comisi\u00f3n de Hacienda)<\/li>\n<\/ul>\n<\/blockquote>\n<p>VER LA SESI\u00d3N EN VIVO: <a href=\"https:\/\/www.youtube.com\/watch?v=FteLJqdZkEc&amp;feature=youtu.be&amp;fbclid=IwAR0k-oFMybuqXCZnU3wZzSx0un-qmC_rivmJ9Wpw3jcnG9kkyK4_0jR3Qzk\">https:\/\/www.youtube.com\/watch?v=FteLJqdZkEc&amp;feature=youtu.be&amp;fbclid=IwAR0k-oFMybuqXCZnU3wZzSx0un-qmC_rivmJ9Wpw3jcnG9kkyK4_0jR3Qzk<\/a><\/p>\n<p>GALERIA DE FOTOS:<\/p>\n<div id='gallery-1' class='gallery galleryid-19795 gallery-columns-8 gallery-size-thumbnail'><figure class='gallery-item'>\n\t\t\t<div class='gallery-icon portrait'>\n\t\t\t\t<a href='https:\/\/hcd.malargue.gov.ar\/wp-content\/uploads\/2020\/03\/IMGP4194-1-scaled.jpg'><img loading=\"lazy\" decoding=\"async\" width=\"150\" height=\"150\" src=\"https:\/\/hcd.malargue.gov.ar\/wp-content\/uploads\/2020\/03\/IMGP4194-1-150x150.jpg\" class=\"attachment-thumbnail size-thumbnail\" alt=\"\" \/><\/a>\n\t\t\t<\/div><\/figure><figure class='gallery-item'>\n\t\t\t<div class='gallery-icon landscape'>\n\t\t\t\t<a href='https:\/\/hcd.malargue.gov.ar\/wp-content\/uploads\/2020\/03\/IMGP4195-1-scaled.jpg'><img loading=\"lazy\" decoding=\"async\" width=\"150\" height=\"150\" src=\"https:\/\/hcd.malargue.gov.ar\/wp-content\/uploads\/2020\/03\/IMGP4195-1-150x150.jpg\" class=\"attachment-thumbnail size-thumbnail\" alt=\"\" \/><\/a>\n\t\t\t<\/div><\/figure><figure class='gallery-item'>\n\t\t\t<div class='gallery-icon landscape'>\n\t\t\t\t<a href='https:\/\/hcd.malargue.gov.ar\/wp-content\/uploads\/2020\/03\/IMGP4198-1-scaled.jpg'><img loading=\"lazy\" decoding=\"async\" width=\"150\" height=\"150\" src=\"https:\/\/hcd.malargue.gov.ar\/wp-content\/uploads\/2020\/03\/IMGP4198-1-150x150.jpg\" class=\"attachment-thumbnail size-thumbnail\" alt=\"\" \/><\/a>\n\t\t\t<\/div><\/figure><figure class='gallery-item'>\n\t\t\t<div class='gallery-icon landscape'>\n\t\t\t\t<a href='https:\/\/hcd.malargue.gov.ar\/wp-content\/uploads\/2020\/03\/IMGP4199-scaled.jpg'><img loading=\"lazy\" decoding=\"async\" width=\"150\" height=\"150\" src=\"https:\/\/hcd.malargue.gov.ar\/wp-content\/uploads\/2020\/03\/IMGP4199-150x150.jpg\" class=\"attachment-thumbnail size-thumbnail\" alt=\"\" \/><\/a>\n\t\t\t<\/div><\/figure><figure class='gallery-item'>\n\t\t\t<div class='gallery-icon landscape'>\n\t\t\t\t<a href='https:\/\/hcd.malargue.gov.ar\/wp-content\/uploads\/2020\/03\/IMGP4202-scaled.jpg'><img loading=\"lazy\" decoding=\"async\" width=\"150\" height=\"150\" src=\"https:\/\/hcd.malargue.gov.ar\/wp-content\/uploads\/2020\/03\/IMGP4202-150x150.jpg\" class=\"attachment-thumbnail size-thumbnail\" alt=\"\" \/><\/a>\n\t\t\t<\/div><\/figure><figure class='gallery-item'>\n\t\t\t<div class='gallery-icon portrait'>\n\t\t\t\t<a href='https:\/\/hcd.malargue.gov.ar\/wp-content\/uploads\/2020\/03\/IMGP4203-scaled.jpg'><img loading=\"lazy\" decoding=\"async\" width=\"150\" height=\"150\" src=\"https:\/\/hcd.malargue.gov.ar\/wp-content\/uploads\/2020\/03\/IMGP4203-150x150.jpg\" class=\"attachment-thumbnail size-thumbnail\" alt=\"\" \/><\/a>\n\t\t\t<\/div><\/figure><figure class='gallery-item'>\n\t\t\t<div class='gallery-icon landscape'>\n\t\t\t\t<a href='https:\/\/hcd.malargue.gov.ar\/wp-content\/uploads\/2020\/03\/IMGP4205-scaled.jpg'><img loading=\"lazy\" decoding=\"async\" width=\"150\" height=\"150\" src=\"https:\/\/hcd.malargue.gov.ar\/wp-content\/uploads\/2020\/03\/IMGP4205-150x150.jpg\" class=\"attachment-thumbnail size-thumbnail\" alt=\"\" \/><\/a>\n\t\t\t<\/div><\/figure><figure class='gallery-item'>\n\t\t\t<div class='gallery-icon landscape'>\n\t\t\t\t<a href='https:\/\/hcd.malargue.gov.ar\/wp-content\/uploads\/2020\/03\/IMGP4207-scaled.jpg'><img loading=\"lazy\" decoding=\"async\" width=\"150\" height=\"150\" src=\"https:\/\/hcd.malargue.gov.ar\/wp-content\/uploads\/2020\/03\/IMGP4207-150x150.jpg\" class=\"attachment-thumbnail size-thumbnail\" alt=\"\" \/><\/a>\n\t\t\t<\/div><\/figure><figure class='gallery-item'>\n\t\t\t<div class='gallery-icon portrait'>\n\t\t\t\t<a href='https:\/\/hcd.malargue.gov.ar\/wp-content\/uploads\/2020\/03\/IMGP4208-scaled.jpg'><img loading=\"lazy\" decoding=\"async\" width=\"150\" height=\"150\" src=\"https:\/\/hcd.malargue.gov.ar\/wp-content\/uploads\/2020\/03\/IMGP4208-150x150.jpg\" class=\"attachment-thumbnail size-thumbnail\" alt=\"\" \/><\/a>\n\t\t\t<\/div><\/figure><figure class='gallery-item'>\n\t\t\t<div class='gallery-icon landscape'>\n\t\t\t\t<a href='https:\/\/hcd.malargue.gov.ar\/wp-content\/uploads\/2020\/03\/IMGP4211-scaled.jpg'><img loading=\"lazy\" decoding=\"async\" width=\"150\" height=\"150\" src=\"https:\/\/hcd.malargue.gov.ar\/wp-content\/uploads\/2020\/03\/IMGP4211-150x150.jpg\" class=\"attachment-thumbnail size-thumbnail\" alt=\"\" \/><\/a>\n\t\t\t<\/div><\/figure><figure class='gallery-item'>\n\t\t\t<div class='gallery-icon landscape'>\n\t\t\t\t<a href='https:\/\/hcd.malargue.gov.ar\/wp-content\/uploads\/2020\/03\/IMGP4216-scaled.jpg'><img loading=\"lazy\" decoding=\"async\" width=\"150\" height=\"150\" src=\"https:\/\/hcd.malargue.gov.ar\/wp-content\/uploads\/2020\/03\/IMGP4216-150x150.jpg\" class=\"attachment-thumbnail size-thumbnail\" alt=\"\" \/><\/a>\n\t\t\t<\/div><\/figure><figure class='gallery-item'>\n\t\t\t<div class='gallery-icon portrait'>\n\t\t\t\t<a href='https:\/\/hcd.malargue.gov.ar\/wp-content\/uploads\/2020\/03\/IMGP4217-scaled.jpg'><img loading=\"lazy\" decoding=\"async\" width=\"150\" height=\"150\" src=\"https:\/\/hcd.malargue.gov.ar\/wp-content\/uploads\/2020\/03\/IMGP4217-150x150.jpg\" class=\"attachment-thumbnail size-thumbnail\" alt=\"\" \/><\/a>\n\t\t\t<\/div><\/figure><figure class='gallery-item'>\n\t\t\t<div class='gallery-icon portrait'>\n\t\t\t\t<a href='https:\/\/hcd.malargue.gov.ar\/wp-content\/uploads\/2020\/03\/IMGP4219-scaled.jpg'><img loading=\"lazy\" decoding=\"async\" width=\"150\" height=\"150\" src=\"https:\/\/hcd.malargue.gov.ar\/wp-content\/uploads\/2020\/03\/IMGP4219-150x150.jpg\" class=\"attachment-thumbnail size-thumbnail\" alt=\"\" \/><\/a>\n\t\t\t<\/div><\/figure><figure class='gallery-item'>\n\t\t\t<div class='gallery-icon landscape'>\n\t\t\t\t<a href='https:\/\/hcd.malargue.gov.ar\/wp-content\/uploads\/2020\/03\/IMGP4225-scaled.jpg'><img loading=\"lazy\" decoding=\"async\" width=\"150\" height=\"150\" src=\"https:\/\/hcd.malargue.gov.ar\/wp-content\/uploads\/2020\/03\/IMGP4225-150x150.jpg\" class=\"attachment-thumbnail size-thumbnail\" alt=\"\" \/><\/a>\n\t\t\t<\/div><\/figure><figure class='gallery-item'>\n\t\t\t<div class='gallery-icon portrait'>\n\t\t\t\t<a href='https:\/\/hcd.malargue.gov.ar\/wp-content\/uploads\/2020\/03\/IMGP4229-scaled.jpg'><img loading=\"lazy\" decoding=\"async\" width=\"150\" height=\"150\" src=\"https:\/\/hcd.malargue.gov.ar\/wp-content\/uploads\/2020\/03\/IMGP4229-150x150.jpg\" class=\"attachment-thumbnail size-thumbnail\" alt=\"\" \/><\/a>\n\t\t\t<\/div><\/figure><figure class='gallery-item'>\n\t\t\t<div class='gallery-icon portrait'>\n\t\t\t\t<a href='https:\/\/hcd.malargue.gov.ar\/wp-content\/uploads\/2020\/03\/IMGP4230-scaled.jpg'><img loading=\"lazy\" decoding=\"async\" width=\"150\" height=\"150\" src=\"https:\/\/hcd.malargue.gov.ar\/wp-content\/uploads\/2020\/03\/IMGP4230-150x150.jpg\" class=\"attachment-thumbnail size-thumbnail\" alt=\"\" \/><\/a>\n\t\t\t<\/div><\/figure>\n\t\t<\/div>\n\n","protected":false},"excerpt":{"rendered":"<p>SESI\u00d3N ORDINARIA \u2013 5 de Marzo 2020 Presidiendo la Sesi\u00f3n:\u00a0\u00a0Concejal Martin Palma (Bloque Cambia Mendoza) Concejales Presentes: Jose Barro, Paola Jofre\u00a0(Bloque Somos Mendoza)\u00a0Daniela Favari, Andres Risi, Silvia Correa (Bloque Aliaza Eleg\u00ed Mendoza, Frente Politico y Social), Daiana Varas, Gabriel Rosas y Luciana Villegas (Bloque Cambia Mendoza). A las 09:00 hs del jueves 12 de marzo, [&hellip;]<\/p>\n","protected":false},"author":5,"featured_media":19919,"comment_status":"closed","ping_status":"closed","sticky":false,"template":"","format":"standard","meta":{"footnotes":""},"categories":[52,58,33,36],"tags":[],"class_list":["post-19795","post","type-post","status-publish","format-standard","has-post-thumbnail","hentry","category-gacetillas","category-ordinarias","category-prensa","category-sesiones"],"yoast_head":"<!-- This site is optimized with the Yoast SEO plugin v19.10 - https:\/\/yoast.com\/wordpress\/plugins\/seo\/ -->\n<title>EL HCD FINALIZ\u00d3 LA 1\u00ba SESI\u00d3N ORDINARIA DEL PRESENTE PERIODO LEGISLATIVO - Malarg\u00fce HCD<\/title>\n<meta name=\"robots\" content=\"index, follow, max-snippet:-1, max-image-preview:large, max-video-preview:-1\" \/>\n<link rel=\"canonical\" href=\"https:\/\/hcd.malargue.gov.ar\/?p=19795\" \/>\n<meta property=\"og:locale\" content=\"es_ES\" \/>\n<meta property=\"og:type\" content=\"article\" \/>\n<meta property=\"og:title\" content=\"EL HCD FINALIZ\u00d3 LA 1\u00ba SESI\u00d3N ORDINARIA DEL PRESENTE PERIODO LEGISLATIVO - Malarg\u00fce HCD\" \/>\n<meta property=\"og:description\" content=\"SESI\u00d3N ORDINARIA \u2013 5 de Marzo 2020 Presidiendo la Sesi\u00f3n:\u00a0\u00a0Concejal Martin Palma (Bloque Cambia Mendoza) Concejales Presentes: Jose Barro, Paola Jofre\u00a0(Bloque Somos Mendoza)\u00a0Daniela Favari, Andres Risi, Silvia Correa (Bloque Aliaza Eleg\u00ed Mendoza, Frente Politico y Social), Daiana Varas, Gabriel Rosas y Luciana Villegas (Bloque Cambia Mendoza). A las 09:00 hs del jueves 12 de marzo, [&hellip;]\" \/>\n<meta property=\"og:url\" content=\"https:\/\/hcd.malargue.gov.ar\/?p=19795\" \/>\n<meta property=\"og:site_name\" content=\"Malarg\u00fce HCD\" \/>\n<meta property=\"article:published_time\" content=\"2020-03-12T15:17:04+00:00\" \/>\n<meta property=\"article:modified_time\" content=\"2020-03-13T11:00:16+00:00\" \/>\n<meta property=\"og:image\" content=\"https:\/\/hcd.malargue.gov.ar\/wp-content\/uploads\/2020\/03\/IMGP4245-scaled.jpg\" \/>\n\t<meta property=\"og:image:width\" content=\"2560\" \/>\n\t<meta property=\"og:image:height\" content=\"1700\" \/>\n\t<meta property=\"og:image:type\" content=\"image\/jpeg\" \/>\n<meta name=\"author\" content=\"Belen Pedernera Ferragut\" \/>\n<meta name=\"twitter:card\" content=\"summary_large_image\" \/>\n<meta name=\"twitter:label1\" content=\"Escrito por\" \/>\n\t<meta name=\"twitter:data1\" content=\"Belen Pedernera Ferragut\" \/>\n\t<meta name=\"twitter:label2\" content=\"Tiempo de lectura\" \/>\n\t<meta name=\"twitter:data2\" content=\"5 minutos\" \/>\n<script type=\"application\/ld+json\" class=\"yoast-schema-graph\">{\"@context\":\"https:\/\/schema.org\",\"@graph\":[{\"@type\":\"WebPage\",\"@id\":\"https:\/\/hcd.malargue.gov.ar\/?p=19795\",\"url\":\"https:\/\/hcd.malargue.gov.ar\/?p=19795\",\"name\":\"EL HCD FINALIZ\u00d3 LA 1\u00ba SESI\u00d3N ORDINARIA DEL PRESENTE PERIODO LEGISLATIVO - Malarg\u00fce HCD\",\"isPartOf\":{\"@id\":\"https:\/\/hcd.malargue.gov.ar\/#website\"},\"datePublished\":\"2020-03-12T15:17:04+00:00\",\"dateModified\":\"2020-03-13T11:00:16+00:00\",\"author\":{\"@id\":\"https:\/\/hcd.malargue.gov.ar\/#\/schema\/person\/3fd6bbab64edd703961b795156c955d0\"},\"breadcrumb\":{\"@id\":\"https:\/\/hcd.malargue.gov.ar\/?p=19795#breadcrumb\"},\"inLanguage\":\"es-AR\",\"potentialAction\":[{\"@type\":\"ReadAction\",\"target\":[\"https:\/\/hcd.malargue.gov.ar\/?p=19795\"]}]},{\"@type\":\"BreadcrumbList\",\"@id\":\"https:\/\/hcd.malargue.gov.ar\/?p=19795#breadcrumb\",\"itemListElement\":[{\"@type\":\"ListItem\",\"position\":1,\"name\":\"Inicio\",\"item\":\"https:\/\/hcd.malargue.gov.ar\/\"},{\"@type\":\"ListItem\",\"position\":2,\"name\":\"EL HCD FINALIZ\u00d3 LA 1\u00ba SESI\u00d3N ORDINARIA DEL PRESENTE PERIODO LEGISLATIVO\"}]},{\"@type\":\"WebSite\",\"@id\":\"https:\/\/hcd.malargue.gov.ar\/#website\",\"url\":\"https:\/\/hcd.malargue.gov.ar\/\",\"name\":\"Malarg\u00fce HCD\",\"description\":\"Malarg\u00fce Mendoza Argentina\",\"potentialAction\":[{\"@type\":\"SearchAction\",\"target\":{\"@type\":\"EntryPoint\",\"urlTemplate\":\"https:\/\/hcd.malargue.gov.ar\/?s={search_term_string}\"},\"query-input\":\"required name=search_term_string\"}],\"inLanguage\":\"es-AR\"},{\"@type\":\"Person\",\"@id\":\"https:\/\/hcd.malargue.gov.ar\/#\/schema\/person\/3fd6bbab64edd703961b795156c955d0\",\"name\":\"Belen Pedernera Ferragut\",\"image\":{\"@type\":\"ImageObject\",\"inLanguage\":\"es-AR\",\"@id\":\"https:\/\/hcd.malargue.gov.ar\/#\/schema\/person\/image\/\",\"url\":\"https:\/\/secure.gravatar.com\/avatar\/1054ffab3893de4bb3eb29bdd22f7e34b8537bf5d34d9dab311818154ad5b71f?s=96&d=mm&r=g\",\"contentUrl\":\"https:\/\/secure.gravatar.com\/avatar\/1054ffab3893de4bb3eb29bdd22f7e34b8537bf5d34d9dab311818154ad5b71f?s=96&d=mm&r=g\",\"caption\":\"Belen Pedernera Ferragut\"},\"url\":\"https:\/\/hcd.malargue.gov.ar\/?author=5\"}]}<\/script>\n<!-- \/ Yoast SEO plugin. -->","yoast_head_json":{"title":"EL HCD FINALIZ\u00d3 LA 1\u00ba SESI\u00d3N ORDINARIA DEL PRESENTE PERIODO LEGISLATIVO - Malarg\u00fce HCD","robots":{"index":"index","follow":"follow","max-snippet":"max-snippet:-1","max-image-preview":"max-image-preview:large","max-video-preview":"max-video-preview:-1"},"canonical":"https:\/\/hcd.malargue.gov.ar\/?p=19795","og_locale":"es_ES","og_type":"article","og_title":"EL HCD FINALIZ\u00d3 LA 1\u00ba SESI\u00d3N ORDINARIA DEL PRESENTE PERIODO LEGISLATIVO - Malarg\u00fce HCD","og_description":"SESI\u00d3N ORDINARIA \u2013 5 de Marzo 2020 Presidiendo la Sesi\u00f3n:\u00a0\u00a0Concejal Martin Palma (Bloque Cambia Mendoza) Concejales Presentes: Jose Barro, Paola Jofre\u00a0(Bloque Somos Mendoza)\u00a0Daniela Favari, Andres Risi, Silvia Correa (Bloque Aliaza Eleg\u00ed Mendoza, Frente Politico y Social), Daiana Varas, Gabriel Rosas y Luciana Villegas (Bloque Cambia Mendoza). A las 09:00 hs del jueves 12 de marzo, [&hellip;]","og_url":"https:\/\/hcd.malargue.gov.ar\/?p=19795","og_site_name":"Malarg\u00fce HCD","article_published_time":"2020-03-12T15:17:04+00:00","article_modified_time":"2020-03-13T11:00:16+00:00","og_image":[{"width":2560,"height":1700,"url":"https:\/\/hcd.malargue.gov.ar\/wp-content\/uploads\/2020\/03\/IMGP4245-scaled.jpg","type":"image\/jpeg"}],"author":"Belen Pedernera Ferragut","twitter_card":"summary_large_image","twitter_misc":{"Escrito por":"Belen Pedernera Ferragut","Tiempo de lectura":"5 minutos"},"schema":{"@context":"https:\/\/schema.org","@graph":[{"@type":"WebPage","@id":"https:\/\/hcd.malargue.gov.ar\/?p=19795","url":"https:\/\/hcd.malargue.gov.ar\/?p=19795","name":"EL HCD FINALIZ\u00d3 LA 1\u00ba SESI\u00d3N ORDINARIA DEL PRESENTE PERIODO LEGISLATIVO - Malarg\u00fce HCD","isPartOf":{"@id":"https:\/\/hcd.malargue.gov.ar\/#website"},"datePublished":"2020-03-12T15:17:04+00:00","dateModified":"2020-03-13T11:00:16+00:00","author":{"@id":"https:\/\/hcd.malargue.gov.ar\/#\/schema\/person\/3fd6bbab64edd703961b795156c955d0"},"breadcrumb":{"@id":"https:\/\/hcd.malargue.gov.ar\/?p=19795#breadcrumb"},"inLanguage":"es-AR","potentialAction":[{"@type":"ReadAction","target":["https:\/\/hcd.malargue.gov.ar\/?p=19795"]}]},{"@type":"BreadcrumbList","@id":"https:\/\/hcd.malargue.gov.ar\/?p=19795#breadcrumb","itemListElement":[{"@type":"ListItem","position":1,"name":"Inicio","item":"https:\/\/hcd.malargue.gov.ar\/"},{"@type":"ListItem","position":2,"name":"EL HCD FINALIZ\u00d3 LA 1\u00ba SESI\u00d3N ORDINARIA DEL PRESENTE PERIODO LEGISLATIVO"}]},{"@type":"WebSite","@id":"https:\/\/hcd.malargue.gov.ar\/#website","url":"https:\/\/hcd.malargue.gov.ar\/","name":"Malarg\u00fce HCD","description":"Malarg\u00fce Mendoza Argentina","potentialAction":[{"@type":"SearchAction","target":{"@type":"EntryPoint","urlTemplate":"https:\/\/hcd.malargue.gov.ar\/?s={search_term_string}"},"query-input":"required name=search_term_string"}],"inLanguage":"es-AR"},{"@type":"Person","@id":"https:\/\/hcd.malargue.gov.ar\/#\/schema\/person\/3fd6bbab64edd703961b795156c955d0","name":"Belen Pedernera Ferragut","image":{"@type":"ImageObject","inLanguage":"es-AR","@id":"https:\/\/hcd.malargue.gov.ar\/#\/schema\/person\/image\/","url":"https:\/\/secure.gravatar.com\/avatar\/1054ffab3893de4bb3eb29bdd22f7e34b8537bf5d34d9dab311818154ad5b71f?s=96&d=mm&r=g","contentUrl":"https:\/\/secure.gravatar.com\/avatar\/1054ffab3893de4bb3eb29bdd22f7e34b8537bf5d34d9dab311818154ad5b71f?s=96&d=mm&r=g","caption":"Belen Pedernera Ferragut"},"url":"https:\/\/hcd.malargue.gov.ar\/?author=5"}]}},"_links":{"self":[{"href":"https:\/\/hcd.malargue.gov.ar\/index.php?rest_route=\/wp\/v2\/posts\/19795","targetHints":{"allow":["GET"]}}],"collection":[{"href":"https:\/\/hcd.malargue.gov.ar\/index.php?rest_route=\/wp\/v2\/posts"}],"about":[{"href":"https:\/\/hcd.malargue.gov.ar\/index.php?rest_route=\/wp\/v2\/types\/post"}],"author":[{"embeddable":true,"href":"https:\/\/hcd.malargue.gov.ar\/index.php?rest_route=\/wp\/v2\/users\/5"}],"replies":[{"embeddable":true,"href":"https:\/\/hcd.malargue.gov.ar\/index.php?rest_route=%2Fwp%2Fv2%2Fcomments&post=19795"}],"version-history":[{"count":0,"href":"https:\/\/hcd.malargue.gov.ar\/index.php?rest_route=\/wp\/v2\/posts\/19795\/revisions"}],"wp:featuredmedia":[{"embeddable":true,"href":"https:\/\/hcd.malargue.gov.ar\/index.php?rest_route=\/wp\/v2\/media\/19919"}],"wp:attachment":[{"href":"https:\/\/hcd.malargue.gov.ar\/index.php?rest_route=%2Fwp%2Fv2%2Fmedia&parent=19795"}],"wp:term":[{"taxonomy":"category","embeddable":true,"href":"https:\/\/hcd.malargue.gov.ar\/index.php?rest_route=%2Fwp%2Fv2%2Fcategories&post=19795"},{"taxonomy":"post_tag","embeddable":true,"href":"https:\/\/hcd.malargue.gov.ar\/index.php?rest_route=%2Fwp%2Fv2%2Ftags&post=19795"}],"curies":[{"name":"wp","href":"https:\/\/api.w.org\/{rel}","templated":true}]}}