{"id":19901,"date":"2020-03-11T10:07:46","date_gmt":"2020-03-11T13:07:46","guid":{"rendered":"https:\/\/hcd.malargue.gov.ar\/?p=19901"},"modified":"2020-03-11T10:07:46","modified_gmt":"2020-03-11T13:07:46","slug":"orden-del-dia-2o-sesion-ordinaria","status":"publish","type":"post","link":"https:\/\/hcd.malargue.gov.ar\/?p=19901","title":{"rendered":"ORDEN DEL D\u00cdA 2\u00ba SESI\u00d3N ORDINARIA"},"content":{"rendered":"<h2>D\u00eda \u00a0\u00a0Jueves\u00a0\u00a0 12 de Marzo de 2020<\/h2>\n<h2>Hora: 09:00<strong><a href=\"http:\/\/hcd.malargue.gov.ar\/hcdpdf\/2%20ORDEN%2012%20de%20marzo%20de%202020.pdf\"><img loading=\"lazy\" decoding=\"async\" class=\"alignright wp-image-7950\" src=\"https:\/\/hcd.malargue.gov.ar\/wp-content\/uploads\/2018\/06\/PDF-JPG-300x300.jpg\" alt=\"\" width=\"105\" height=\"105\" srcset=\"https:\/\/hcd.malargue.gov.ar\/wp-content\/uploads\/2018\/06\/PDF-JPG-300x300.jpg 300w, https:\/\/hcd.malargue.gov.ar\/wp-content\/uploads\/2018\/06\/PDF-JPG-150x150.jpg 150w, https:\/\/hcd.malargue.gov.ar\/wp-content\/uploads\/2018\/06\/PDF-JPG.jpg 512w\" sizes=\"auto, (max-width: 105px) 100vw, 105px\" \/><\/a><\/strong><\/h2>\n<p><strong><em>a) Acto de Izar\u00a0 la Ense\u00f1a Patria\u00a0\u00a0 a cargo\u00a0 de la Sra. Concejal Silvia CORREA \u00a0\u00a0\u00a0<\/em><\/strong><\/p>\n<p><strong><em>b) Homenaje de los Se\u00f1ores Concejales.<\/em><\/strong><\/p>\n<p><strong><em>c) Lectura del detalle de\u00a0 la correspondencia recibida y emitida.<\/em><\/strong><\/p>\n<p><strong><em>d) Determinaci\u00f3n de los temas que ser\u00e1n incluidos en el punto Asuntos Varios y puesta a consideraci\u00f3n de mociones de tratamientos sobre tablas de diversos expedientes.<\/em><\/strong><\/p>\n<p><strong><em>e) Proyectos de los Se\u00f1ores Concejales: <\/em><\/strong><\/p>\n<ol>\n<li>N\u00ba 4.750- HC 018-2020 Proyecto de Resoluci\u00f3n: Informe de Obras en Puente Ferroviario sobre Arroyo La Bebida. (INTERBLOQUE SOMOS MENDOZA -ALIANZA ELEGI MENDOZA FP Y S) Autores: Concejales Jofr\u00e9 -Barros, Favari, Correa y Risi .<\/li>\n<li>N\u00ba 4.751-HC 018-2020 Proyecto de Ordenanza: Adherir a la Ley N\u00ba 7393-Disponer int\u00e9rpretes de Lengua de Se\u00f1as, para los actos, conferencias, reuniones, exposiciones y charlas que se desarrollen en la Ciudad de Malarg\u00fce (BLOQUE CAMBIA MENDOZA) Autor: Concejal Osvaldo Mart\u00edn Palma.<\/li>\n<li>N\u00ba 4.752-HC 018- 2020 Proyecto de Resoluci\u00f3n: Reconocer a las mujeres rurales crianceras en el marco del mes de la Mujer. Federalizando el d\u00eda 08 de marzo. (BLOQUE CAMBIA MENDOZA) Autor: Concejal Luciana A. Villegas.<\/li>\n<\/ol>\n<p><strong><em>f) Expedientes provenientes del Departamento Ejecutivo <\/em><\/strong><\/p>\n<ol>\n<li>Expte. N\u00ba 5.553\/2014-3 EQUIPOS ALTOS S.A. -Carlos Washington Carrasco Donaci\u00f3n de Calles y espacios de equipamientos.<\/li>\n<\/ol>\n<p><strong><em>g) Despachos de las Comisiones de Trabajo:<\/em><\/strong><\/p>\n<p><strong>\u00a0<\/strong>\u00a0\u00a0\u00a0\u00a0\u00a0 &#8211; No Ingresados-<\/p>\n<p><strong>h<\/strong><strong><em>) Asuntos Varios. &#8211; <\/em><\/strong><\/p>\n<p><strong><em>i) Acto de arriar el Pabell\u00f3n Nacional a cargo de la concejal que lo<\/em><\/strong><strong> iz\u00f3. &#8211; <\/strong><\/p>\n<p><strong>\u00a0\u00a0\u00a0\u00a0\u00a0\u00a0\u00a0\u00a0\u00a0\u00a0\u00a0\u00a0\u00a0\u00a0\u00a0\u00a0\u00a0\u00a0\u00a0\u00a0\u00a0\u00a0\u00a0\u00a0\u00a0\u00a0\u00a0\u00a0\u00a0\u00a0\u00a0\u00a0\u00a0\u00a0\u00a0\u00a0\u00a0\u00a0\u00a0\u00a0 \u00a0\u00a0\u00a0\u00a0\u00a0\u00a0\u00a0\u00a0\u00a0\u00a0\u00a0\u00a0\u00a0\u00a0\u00a0\u00a0\u00a0\u00a0\u00a0\u00a0\u00a0\u00a0\u00a0\u00a0\u00a0\u00a0\u00a0\u00a0\u00a0\u00a0\u00a0\u00a0\u00a0\u00a0\u00a0\u00a0\u00a0\u00a0\u00a0\u00a0\u00a0\u00a0\u00a0\u00a0\u00a0\u00a0\u00a0 Presidencia H.C.D \u00a0\u00a010 de Marzo de 2020.-<\/strong><\/p>\n<p>&nbsp;<\/p>\n<p><strong>CORRESPONDENCIA\u00a0 PARA LA SESI\u00d3N\u00a0<\/strong><\/p>\n<p><strong>DEL\u00a0 D\u00cdA JUEVES\u00a0 12 DE MARZO DE 2020<\/strong><strong>\u00a0<\/strong><\/p>\n<p><strong>NOTAS INGRESADAS<\/strong><\/p>\n<ol>\n<li>Representantes del Sector Tur\u00edstico de Malarg\u00fce, manifiestan su preocupaci\u00f3n por el crecimiento de alojamientos ilegales y la competencias desleal ante la falta de cumplimiento de la reglamentaci\u00f3n vigente.<\/li>\n<li>Juan Manuel Ojeda, Intendente Municipal eleva informe de gesti\u00f3n apertura de Sesiones Ordinarias.<\/li>\n<li>Concejales Jos\u00e9 A. Barro y Paola F. Jofre del Frente Somos Mendoza, informan decisi\u00f3n de integrar el Bloque Eleg\u00ed Mendoza.<\/li>\n<li>Concejal Paola Lorena Rojo, Bloque Cambia Mendoza, informa ausencia a Sesi\u00f3n Ordinaria<\/li>\n<\/ol>\n","protected":false},"excerpt":{"rendered":"<p>D\u00eda \u00a0\u00a0Jueves\u00a0\u00a0 12 de Marzo de 2020 Hora: 09:00 a) Acto de Izar\u00a0 la Ense\u00f1a Patria\u00a0\u00a0 a cargo\u00a0 de la Sra. Concejal Silvia CORREA \u00a0\u00a0\u00a0 b) Homenaje de los Se\u00f1ores Concejales. c) Lectura del detalle de\u00a0 la correspondencia recibida y emitida. d) Determinaci\u00f3n de los temas que ser\u00e1n incluidos en el punto Asuntos Varios y [&hellip;]<\/p>\n","protected":false},"author":5,"featured_media":19902,"comment_status":"closed","ping_status":"closed","sticky":false,"template":"","format":"standard","meta":{"footnotes":""},"categories":[52,58,33,36],"tags":[],"class_list":["post-19901","post","type-post","status-publish","format-standard","has-post-thumbnail","hentry","category-gacetillas","category-ordinarias","category-prensa","category-sesiones"],"yoast_head":"<!-- This site is optimized with the Yoast SEO plugin v19.10 - https:\/\/yoast.com\/wordpress\/plugins\/seo\/ -->\n<title>ORDEN DEL D\u00cdA 2\u00ba SESI\u00d3N ORDINARIA - Malarg\u00fce HCD<\/title>\n<meta name=\"robots\" content=\"index, follow, max-snippet:-1, max-image-preview:large, max-video-preview:-1\" \/>\n<link rel=\"canonical\" href=\"https:\/\/hcd.malargue.gov.ar\/?p=19901\" \/>\n<meta property=\"og:locale\" content=\"es_ES\" \/>\n<meta property=\"og:type\" content=\"article\" \/>\n<meta property=\"og:title\" content=\"ORDEN DEL D\u00cdA 2\u00ba SESI\u00d3N ORDINARIA - Malarg\u00fce HCD\" \/>\n<meta property=\"og:description\" content=\"D\u00eda \u00a0\u00a0Jueves\u00a0\u00a0 12 de Marzo de 2020 Hora: 09:00 a) Acto de Izar\u00a0 la Ense\u00f1a Patria\u00a0\u00a0 a cargo\u00a0 de la Sra. Concejal Silvia CORREA \u00a0\u00a0\u00a0 b) Homenaje de los Se\u00f1ores Concejales. c) Lectura del detalle de\u00a0 la correspondencia recibida y emitida. d) Determinaci\u00f3n de los temas que ser\u00e1n incluidos en el punto Asuntos Varios y [&hellip;]\" \/>\n<meta property=\"og:url\" content=\"https:\/\/hcd.malargue.gov.ar\/?p=19901\" \/>\n<meta property=\"og:site_name\" content=\"Malarg\u00fce HCD\" \/>\n<meta property=\"article:published_time\" content=\"2020-03-11T13:07:46+00:00\" \/>\n<meta property=\"og:image\" content=\"https:\/\/hcd.malargue.gov.ar\/wp-content\/uploads\/2020\/03\/IMGP3629-2-scaled.jpg\" \/>\n\t<meta property=\"og:image:width\" content=\"2560\" \/>\n\t<meta property=\"og:image:height\" content=\"1652\" \/>\n\t<meta property=\"og:image:type\" content=\"image\/jpeg\" \/>\n<meta name=\"author\" content=\"Belen Pedernera Ferragut\" \/>\n<meta name=\"twitter:card\" content=\"summary_large_image\" \/>\n<meta name=\"twitter:label1\" content=\"Escrito por\" \/>\n\t<meta name=\"twitter:data1\" content=\"Belen Pedernera Ferragut\" \/>\n\t<meta name=\"twitter:label2\" content=\"Tiempo de lectura\" \/>\n\t<meta name=\"twitter:data2\" content=\"2 minutos\" \/>\n<script type=\"application\/ld+json\" class=\"yoast-schema-graph\">{\"@context\":\"https:\/\/schema.org\",\"@graph\":[{\"@type\":\"WebPage\",\"@id\":\"https:\/\/hcd.malargue.gov.ar\/?p=19901\",\"url\":\"https:\/\/hcd.malargue.gov.ar\/?p=19901\",\"name\":\"ORDEN DEL D\u00cdA 2\u00ba SESI\u00d3N ORDINARIA - Malarg\u00fce HCD\",\"isPartOf\":{\"@id\":\"https:\/\/hcd.malargue.gov.ar\/#website\"},\"datePublished\":\"2020-03-11T13:07:46+00:00\",\"dateModified\":\"2020-03-11T13:07:46+00:00\",\"author\":{\"@id\":\"https:\/\/hcd.malargue.gov.ar\/#\/schema\/person\/3fd6bbab64edd703961b795156c955d0\"},\"breadcrumb\":{\"@id\":\"https:\/\/hcd.malargue.gov.ar\/?p=19901#breadcrumb\"},\"inLanguage\":\"es-AR\",\"potentialAction\":[{\"@type\":\"ReadAction\",\"target\":[\"https:\/\/hcd.malargue.gov.ar\/?p=19901\"]}]},{\"@type\":\"BreadcrumbList\",\"@id\":\"https:\/\/hcd.malargue.gov.ar\/?p=19901#breadcrumb\",\"itemListElement\":[{\"@type\":\"ListItem\",\"position\":1,\"name\":\"Inicio\",\"item\":\"https:\/\/hcd.malargue.gov.ar\/\"},{\"@type\":\"ListItem\",\"position\":2,\"name\":\"ORDEN DEL D\u00cdA 2\u00ba SESI\u00d3N ORDINARIA\"}]},{\"@type\":\"WebSite\",\"@id\":\"https:\/\/hcd.malargue.gov.ar\/#website\",\"url\":\"https:\/\/hcd.malargue.gov.ar\/\",\"name\":\"Malarg\u00fce HCD\",\"description\":\"Malarg\u00fce Mendoza Argentina\",\"potentialAction\":[{\"@type\":\"SearchAction\",\"target\":{\"@type\":\"EntryPoint\",\"urlTemplate\":\"https:\/\/hcd.malargue.gov.ar\/?s={search_term_string}\"},\"query-input\":\"required name=search_term_string\"}],\"inLanguage\":\"es-AR\"},{\"@type\":\"Person\",\"@id\":\"https:\/\/hcd.malargue.gov.ar\/#\/schema\/person\/3fd6bbab64edd703961b795156c955d0\",\"name\":\"Belen Pedernera Ferragut\",\"image\":{\"@type\":\"ImageObject\",\"inLanguage\":\"es-AR\",\"@id\":\"https:\/\/hcd.malargue.gov.ar\/#\/schema\/person\/image\/\",\"url\":\"https:\/\/secure.gravatar.com\/avatar\/1054ffab3893de4bb3eb29bdd22f7e34b8537bf5d34d9dab311818154ad5b71f?s=96&d=mm&r=g\",\"contentUrl\":\"https:\/\/secure.gravatar.com\/avatar\/1054ffab3893de4bb3eb29bdd22f7e34b8537bf5d34d9dab311818154ad5b71f?s=96&d=mm&r=g\",\"caption\":\"Belen Pedernera Ferragut\"},\"url\":\"https:\/\/hcd.malargue.gov.ar\/?author=5\"}]}<\/script>\n<!-- \/ Yoast SEO plugin. -->","yoast_head_json":{"title":"ORDEN DEL D\u00cdA 2\u00ba SESI\u00d3N ORDINARIA - Malarg\u00fce HCD","robots":{"index":"index","follow":"follow","max-snippet":"max-snippet:-1","max-image-preview":"max-image-preview:large","max-video-preview":"max-video-preview:-1"},"canonical":"https:\/\/hcd.malargue.gov.ar\/?p=19901","og_locale":"es_ES","og_type":"article","og_title":"ORDEN DEL D\u00cdA 2\u00ba SESI\u00d3N ORDINARIA - Malarg\u00fce HCD","og_description":"D\u00eda \u00a0\u00a0Jueves\u00a0\u00a0 12 de Marzo de 2020 Hora: 09:00 a) Acto de Izar\u00a0 la Ense\u00f1a Patria\u00a0\u00a0 a cargo\u00a0 de la Sra. Concejal Silvia CORREA \u00a0\u00a0\u00a0 b) Homenaje de los Se\u00f1ores Concejales. c) Lectura del detalle de\u00a0 la correspondencia recibida y emitida. d) Determinaci\u00f3n de los temas que ser\u00e1n incluidos en el punto Asuntos Varios y [&hellip;]","og_url":"https:\/\/hcd.malargue.gov.ar\/?p=19901","og_site_name":"Malarg\u00fce HCD","article_published_time":"2020-03-11T13:07:46+00:00","og_image":[{"width":2560,"height":1652,"url":"https:\/\/hcd.malargue.gov.ar\/wp-content\/uploads\/2020\/03\/IMGP3629-2-scaled.jpg","type":"image\/jpeg"}],"author":"Belen Pedernera Ferragut","twitter_card":"summary_large_image","twitter_misc":{"Escrito por":"Belen Pedernera Ferragut","Tiempo de lectura":"2 minutos"},"schema":{"@context":"https:\/\/schema.org","@graph":[{"@type":"WebPage","@id":"https:\/\/hcd.malargue.gov.ar\/?p=19901","url":"https:\/\/hcd.malargue.gov.ar\/?p=19901","name":"ORDEN DEL D\u00cdA 2\u00ba SESI\u00d3N ORDINARIA - Malarg\u00fce HCD","isPartOf":{"@id":"https:\/\/hcd.malargue.gov.ar\/#website"},"datePublished":"2020-03-11T13:07:46+00:00","dateModified":"2020-03-11T13:07:46+00:00","author":{"@id":"https:\/\/hcd.malargue.gov.ar\/#\/schema\/person\/3fd6bbab64edd703961b795156c955d0"},"breadcrumb":{"@id":"https:\/\/hcd.malargue.gov.ar\/?p=19901#breadcrumb"},"inLanguage":"es-AR","potentialAction":[{"@type":"ReadAction","target":["https:\/\/hcd.malargue.gov.ar\/?p=19901"]}]},{"@type":"BreadcrumbList","@id":"https:\/\/hcd.malargue.gov.ar\/?p=19901#breadcrumb","itemListElement":[{"@type":"ListItem","position":1,"name":"Inicio","item":"https:\/\/hcd.malargue.gov.ar\/"},{"@type":"ListItem","position":2,"name":"ORDEN DEL D\u00cdA 2\u00ba SESI\u00d3N ORDINARIA"}]},{"@type":"WebSite","@id":"https:\/\/hcd.malargue.gov.ar\/#website","url":"https:\/\/hcd.malargue.gov.ar\/","name":"Malarg\u00fce HCD","description":"Malarg\u00fce Mendoza Argentina","potentialAction":[{"@type":"SearchAction","target":{"@type":"EntryPoint","urlTemplate":"https:\/\/hcd.malargue.gov.ar\/?s={search_term_string}"},"query-input":"required name=search_term_string"}],"inLanguage":"es-AR"},{"@type":"Person","@id":"https:\/\/hcd.malargue.gov.ar\/#\/schema\/person\/3fd6bbab64edd703961b795156c955d0","name":"Belen Pedernera Ferragut","image":{"@type":"ImageObject","inLanguage":"es-AR","@id":"https:\/\/hcd.malargue.gov.ar\/#\/schema\/person\/image\/","url":"https:\/\/secure.gravatar.com\/avatar\/1054ffab3893de4bb3eb29bdd22f7e34b8537bf5d34d9dab311818154ad5b71f?s=96&d=mm&r=g","contentUrl":"https:\/\/secure.gravatar.com\/avatar\/1054ffab3893de4bb3eb29bdd22f7e34b8537bf5d34d9dab311818154ad5b71f?s=96&d=mm&r=g","caption":"Belen Pedernera Ferragut"},"url":"https:\/\/hcd.malargue.gov.ar\/?author=5"}]}},"_links":{"self":[{"href":"https:\/\/hcd.malargue.gov.ar\/index.php?rest_route=\/wp\/v2\/posts\/19901","targetHints":{"allow":["GET"]}}],"collection":[{"href":"https:\/\/hcd.malargue.gov.ar\/index.php?rest_route=\/wp\/v2\/posts"}],"about":[{"href":"https:\/\/hcd.malargue.gov.ar\/index.php?rest_route=\/wp\/v2\/types\/post"}],"author":[{"embeddable":true,"href":"https:\/\/hcd.malargue.gov.ar\/index.php?rest_route=\/wp\/v2\/users\/5"}],"replies":[{"embeddable":true,"href":"https:\/\/hcd.malargue.gov.ar\/index.php?rest_route=%2Fwp%2Fv2%2Fcomments&post=19901"}],"version-history":[{"count":0,"href":"https:\/\/hcd.malargue.gov.ar\/index.php?rest_route=\/wp\/v2\/posts\/19901\/revisions"}],"wp:featuredmedia":[{"embeddable":true,"href":"https:\/\/hcd.malargue.gov.ar\/index.php?rest_route=\/wp\/v2\/media\/19902"}],"wp:attachment":[{"href":"https:\/\/hcd.malargue.gov.ar\/index.php?rest_route=%2Fwp%2Fv2%2Fmedia&parent=19901"}],"wp:term":[{"taxonomy":"category","embeddable":true,"href":"https:\/\/hcd.malargue.gov.ar\/index.php?rest_route=%2Fwp%2Fv2%2Fcategories&post=19901"},{"taxonomy":"post_tag","embeddable":true,"href":"https:\/\/hcd.malargue.gov.ar\/index.php?rest_route=%2Fwp%2Fv2%2Ftags&post=19901"}],"curies":[{"name":"wp","href":"https:\/\/api.w.org\/{rel}","templated":true}]}}