{"id":20010,"date":"2020-04-30T15:22:14","date_gmt":"2020-04-30T18:22:14","guid":{"rendered":"https:\/\/hcd.malargue.gov.ar\/?p=20010"},"modified":"2020-04-30T15:35:22","modified_gmt":"2020-04-30T18:35:22","slug":"el-hcd-llevo-a-cabo-la-3-sesion-ordinaria-del-2020","status":"publish","type":"post","link":"https:\/\/hcd.malargue.gov.ar\/?p=20010","title":{"rendered":"EL HCD LLEV\u00d3 A CABO LA 3\u00b0 SESI\u00d3N ORDINARIA DEL 2020"},"content":{"rendered":"<h6>SESI\u00d3N ORDINARIA \u2013 19 de Marzo 2020<\/h6>\n<h6>Presidiendo la Sesi\u00f3n:\u00a0\u00a0Concejal Martin Palma (Bloque Cambia Mendoza)<\/h6>\n<h6>Concejales Presentes: <a href=\"https:\/\/www.facebook.com\/barrojose1?__tn__=K-R&amp;eid=ARDWwxO_d06k53ew1DGTZGmBTIa0Rg7fXnl_hkCTMV4MT4CGcrfQo6m_ZMKEn-eZRs5lsSbXH5kaHKkD&amp;fref=mentions&amp;__xts__%5B0%5D=68.ARDmSN2Rx1qbBVk8DtQG_Qt2OBvoM8dGcTpbhkyQ-iiK9dXL3oGnZx222bOUR0qjhncKejMTHeOsz5QhLXw8yW2wr9T5uGpnXJnkKgEKigjEcUo12Lb3mPNmkrqaN-7izw0wLKrsaT37IUomGlChV2X0i_GJg4eyyiMrla1VclGeFY-WRu9YB2mBaThryDdczPlc3P0kazuwwD7rmjtRipEsrdb2L9d2supcRFMN_0GrPMDLdqz-bTDZcnVFkg6AOv3CJbSSIX2GMalcAiLXFnc5PVJy027DplPTPo5ciU2l5yMpqXa3NKAOBwHgALZJcmr36Xt6dq5CFdyyVWXmqCs\">Jose Barro<\/a>, Paola <a href=\"https:\/\/www.facebook.com\/paolafer.gonzalezjofre?__tn__=K-R&amp;eid=ARDCakJJCC46y90Kliroul66qnA9Ab2OBd94PXXTHGb7qcpCSxDi5P1G6QkNaRA5BM9l0ImhWRqyj3zm&amp;fref=mentions&amp;__xts__%5B0%5D=68.ARDmSN2Rx1qbBVk8DtQG_Qt2OBvoM8dGcTpbhkyQ-iiK9dXL3oGnZx222bOUR0qjhncKejMTHeOsz5QhLXw8yW2wr9T5uGpnXJnkKgEKigjEcUo12Lb3mPNmkrqaN-7izw0wLKrsaT37IUomGlChV2X0i_GJg4eyyiMrla1VclGeFY-WRu9YB2mBaThryDdczPlc3P0kazuwwD7rmjtRipEsrdb2L9d2supcRFMN_0GrPMDLdqz-bTDZcnVFkg6AOv3CJbSSIX2GMalcAiLXFnc5PVJy027DplPTPo5ciU2l5yMpqXa3NKAOBwHgALZJcmr36Xt6dq5CFdyyVWXmqCs\" data-hovercard=\"\/ajax\/hovercard\/user.php?id=1186623343&amp;extragetparams=%7B%22__tn__%22%3A%22%2CdK-R-R%22%2C%22eid%22%3A%22ARDCakJJCC46y90Kliroul66qnA9Ab2OBd94PXXTHGb7qcpCSxDi5P1G6QkNaRA5BM9l0ImhWRqyj3zm%22%2C%22fref%22%3A%22mentions%22%7D&amp;av=361313671036059&amp;eav=AfakCvfYKlOv07u0PXFiAQ8vAoJrMcyB2aBOzJhR-llyrRKjJgBb_GRoAIQ_hPTvydE\" data-hovercard-prefer-more-content-show=\"1\">Jofre,\u00a0<\/a> Andres Risi, Daniela Favari, Silvia Correa (Bloque Aliaza Eleg\u00ed Mendoza, Frente Politico y Social), Daiana Varas, Gabriel Rosas, Paola Rojo y Luciana Villegas (Bloque Cambia Mendoza)<\/h6>\n<p>A las 12:00 hs de este jueves 30 de marzo, dio inici\u00f3 el <a href=\"https:\/\/hcd.malargue.gov.ar\/2020\/03\/18\/orden-del-dia-3o-sesion-ordinaria\/\">Orden del Dia de la Sesi\u00f3n Ordinaria convocada<\/a>.<\/p>\n<p>Luego del punto homenaje de los Sres Concejales en el cual hicieron uso de la palabra los Ediles continuaron con el cumplimiento del Orden del D\u00eda y elevaron 3 notas, 8 proyectos de los Sres Concejales, y 3 proyectos del Departamento Ejecutivo a las distintas comisiones de trabajo para su correspondiente tratamiento.<\/p>\n<p>En el punto Asuntos Varios se aprob\u00f3 un Acta Acuerdo del funcionamiento del Concejo Delliberante y se acordo para el lunes 4 de mayo una reunion parlamentaria ampliada en las instalaciones del Concejo Deliberante:<img loading=\"lazy\" decoding=\"async\" class=\" wp-image-20098 aligncenter\" src=\"https:\/\/hcd.malargue.gov.ar\/wp-content\/uploads\/2020\/04\/WhatsApp-Image-2020-04-30-at-14.50.39-182x300.jpeg\" alt=\"\" width=\"550\" height=\"907\" srcset=\"https:\/\/hcd.malargue.gov.ar\/wp-content\/uploads\/2020\/04\/WhatsApp-Image-2020-04-30-at-14.50.39-182x300.jpeg 182w, https:\/\/hcd.malargue.gov.ar\/wp-content\/uploads\/2020\/04\/WhatsApp-Image-2020-04-30-at-14.50.39-620x1024.jpeg 620w, https:\/\/hcd.malargue.gov.ar\/wp-content\/uploads\/2020\/04\/WhatsApp-Image-2020-04-30-at-14.50.39-768x1268.jpeg 768w, https:\/\/hcd.malargue.gov.ar\/wp-content\/uploads\/2020\/04\/WhatsApp-Image-2020-04-30-at-14.50.39.jpeg 775w\" sizes=\"auto, (max-width: 550px) 100vw, 550px\" \/><\/p>\n<p>Sin m\u00e1s que tratar, el Presidente del Cuerpo Deliberativo dio por finalizada la sesi\u00f3n.<\/p>\n<p>Bel\u00e9n Pedernera Ferragut \/ Prensa HCD<\/p>\n<blockquote>\n<h1>Detalle de los Proyectos y env\u00edo a Comisiones de Trabajo:<\/h1>\n<p><strong><em>La COMISI\u00d3N DE EDUCACI\u00d3N, HIGIENE, MORALIDAD, ACCI\u00d3N SOCIAL Y CULTURA (EHMASyC) recepcionar\u00e1 un proyecto:\u00a0<\/em><\/strong><\/p>\n<ul>\n<li>Expte N\u00ba 4.755-HC 018- 2020 Proyecto de Resoluci\u00f3n: Solicitar a los Legisladores de Mendoza la regularizaci\u00f3n del Sistema \u00danico Normalizado de Identificaci\u00f3n de talles de indumentaria -Ley N\u00ba27.521 (BLOQUE CAMBIA MENDOZA) Autor: Concejal Luciana A. Villegas.<\/li>\n<li>Expte N\u00ba 4.758-HC 018-2020 Proyecto de Declaraci\u00f3n: Declarar de Inter\u00e9s Social el concepto y la pr\u00e1ctica del yoga valorizando sus beneficios en los adultos mayores. (BLOQUE CAMBIA MENDOZA) Autor: Concejal Paola Lorena Rojo<\/li>\n<li>Expte N\u00ba 4.760-HC 018-2020 Proyecto de Declaraci\u00f3n: Declarar la Emergencia Sanitaria en el Departamento de Malarg\u00fce (BLOQUE ALIANZA ELEGI MENDOZA FP y S) Autores: Concejales Jofr\u00e9, Risi y Barro<\/li>\n<\/ul>\n<p><strong><em>La COMISI\u00d3N DE HACIENDA PRESUPUESTO LEGISLACI\u00d3N Y ASUNTOS CONSTITUCIONALES (HPLAC) recepcionar\u00e1 6 proyectos:<\/em><\/strong><\/p>\n<ul>\n<li>Expte N\u00ba 4.756-HC 018-2020 Proyecto de Ordenanza: Prohibici\u00f3n de quema de residuos domiciliarios y escombros (BLOQUE CAMBIA MENDOZA) Autor: Concejal Daiana Varas.<\/li>\n<li>TRATAMIENTO PREFERENCIAL- Expte N\u00ba 4.757-HC 018-2020 Proyecto de Comunicaci\u00f3n: Solicitar al Banco de la Naci\u00f3n Argentina la colocaci\u00f3n de cajeros autom\u00e1ticos en las localidades de Bardas Blancas y Agua Escondida (BLOQUE CAMBIA MENDOZA) Autor: Concejal Daiana Varas.<\/li>\n<li>TRATAMIENTO PREFERENCIAL- Expte N\u00ba 4.759-HC 018-2020 Proyecto de Ordenanza: Impulsar la veta emprendedora de los Vecinos del Barrio Virgen de los Vientos con el prop\u00f3sito de estimular su econom\u00eda y desarrollo social. (BLOQUE CAMBIA MENDOZA) Autor: Concejal Paola Lorena Rojo<\/li>\n<li>Expte. N\u00ba 941\/2020 Acuerdo de Responsabilidad Fiscal N\u00ba4559 del Honorable Tribunal de Cuentas Cuarto Trimestre Ejercicio 2019.<\/li>\n<li>Expte. N\u00ba 1580\/2020 Departamento Ejecutivo Eleva Tarifaria Municipal para el Ejercicio 2020.<\/li>\n<li>Expte. N\u00ba 1581\/2020 Departamento Ejecutivo eleva Presupuesto General de Gastos y C\u00e1lculo de Recursos para el Ejercicio 2020.-<\/li>\n<li><\/li>\n<\/ul>\n<p><em><b>La COMISI\u00d3N DE OBRAS P\u00daBLICAS, TURISMO Y RECURSOS NATURALES (OPTyRN) recepcionar\u00e1 <strong>un proyecto:\u00a0<\/strong><\/b><\/em><\/p>\n<ul>\n<li>Expte N\u00ba 4.753- HC 018-2020 Proyecto de Resoluci\u00f3n: Solicitar al Departamento Ejecutivo la construcci\u00f3n de un parador en la zona de Mina Ethel -Ruta 186 (BLOQUE CAMBIA MENDOZA) Autor: Concejal Gabriel Rosas. (Tras el an\u00e1lisis en la Comisi\u00f3n de Obras P\u00fablicas, el proyecto ser\u00e1 remitido a la Comisi\u00f3n de Hacienda)<\/li>\n<li>Expte N\u00ba 4.754-HC 018-2020 Proyecto de Resoluci\u00f3n: Solicitud de Destacamento Policial para la zona sur urbanizada de la Ciudad de Malarg\u00fce (BLOQUE ALIANZA ELEGI MENDOZA FP y S) Autores Concejales Correa, Risi, Favari y Jofr\u00e9 (Tras el an\u00e1lisis en la Comisi\u00f3n de Obras P\u00fablicas, el proyecto ser\u00e1 remitido a la Comisi\u00f3n de Hacienda).<\/li>\n<\/ul>\n<p>&nbsp;<\/p><\/blockquote>\n<p>VER LA SESI\u00d3N EN VIVO: <a href=\"https:\/\/www.youtube.com\/watch?v=2M3DCCAjvz4&amp;feature=youtu.be&amp;fbclid=IwAR3DJu1j8nb2pQEj8ch-hI0nOZAaT-0Zb_yZ3jTz5BJsQtZQKlsD4DzwRn8\">https:\/\/www.youtube.com\/watch?v=2M3DCCAjvz4&amp;feature=youtu.be&amp;fbclid=IwAR3DJu1j8nb2pQEj8ch-hI0nOZAaT-0Zb_yZ3jTz5BJsQtZQKlsD4DzwRn8<\/a><\/p>\n<p>GALERIA DE FOTOS:<\/p>\n<div id='gallery-1' class='gallery galleryid-20010 gallery-columns-7 gallery-size-thumbnail'><figure class='gallery-item'>\n\t\t\t<div class='gallery-icon portrait'>\n\t\t\t\t<a href='https:\/\/hcd.malargue.gov.ar\/wp-content\/uploads\/2020\/04\/IMGP4268-scaled.jpg'><img loading=\"lazy\" decoding=\"async\" width=\"150\" height=\"150\" src=\"https:\/\/hcd.malargue.gov.ar\/wp-content\/uploads\/2020\/04\/IMGP4268-150x150.jpg\" class=\"attachment-thumbnail size-thumbnail\" alt=\"\" \/><\/a>\n\t\t\t<\/div><\/figure><figure class='gallery-item'>\n\t\t\t<div class='gallery-icon landscape'>\n\t\t\t\t<a href='https:\/\/hcd.malargue.gov.ar\/wp-content\/uploads\/2020\/04\/IMGP42711-scaled.jpg'><img loading=\"lazy\" decoding=\"async\" width=\"150\" height=\"150\" src=\"https:\/\/hcd.malargue.gov.ar\/wp-content\/uploads\/2020\/04\/IMGP42711-150x150.jpg\" class=\"attachment-thumbnail size-thumbnail\" alt=\"\" \/><\/a>\n\t\t\t<\/div><\/figure><figure class='gallery-item'>\n\t\t\t<div class='gallery-icon landscape'>\n\t\t\t\t<a href='https:\/\/hcd.malargue.gov.ar\/wp-content\/uploads\/2020\/04\/IMGP4264-scaled.jpg'><img loading=\"lazy\" decoding=\"async\" width=\"150\" height=\"150\" src=\"https:\/\/hcd.malargue.gov.ar\/wp-content\/uploads\/2020\/04\/IMGP4264-150x150.jpg\" class=\"attachment-thumbnail size-thumbnail\" alt=\"\" \/><\/a>\n\t\t\t<\/div><\/figure><figure class='gallery-item'>\n\t\t\t<div class='gallery-icon landscape'>\n\t\t\t\t<a href='https:\/\/hcd.malargue.gov.ar\/wp-content\/uploads\/2020\/04\/IMGP4266-scaled.jpg'><img loading=\"lazy\" decoding=\"async\" width=\"150\" height=\"150\" src=\"https:\/\/hcd.malargue.gov.ar\/wp-content\/uploads\/2020\/04\/IMGP4266-150x150.jpg\" class=\"attachment-thumbnail size-thumbnail\" alt=\"\" \/><\/a>\n\t\t\t<\/div><\/figure><figure class='gallery-item'>\n\t\t\t<div class='gallery-icon portrait'>\n\t\t\t\t<a href='https:\/\/hcd.malargue.gov.ar\/wp-content\/uploads\/2020\/04\/IMGP4270-scaled.jpg'><img loading=\"lazy\" decoding=\"async\" width=\"150\" height=\"150\" src=\"https:\/\/hcd.malargue.gov.ar\/wp-content\/uploads\/2020\/04\/IMGP4270-150x150.jpg\" class=\"attachment-thumbnail size-thumbnail\" alt=\"\" \/><\/a>\n\t\t\t<\/div><\/figure><figure class='gallery-item'>\n\t\t\t<div class='gallery-icon landscape'>\n\t\t\t\t<a href='https:\/\/hcd.malargue.gov.ar\/wp-content\/uploads\/2020\/04\/IMGP4272-scaled.jpg'><img loading=\"lazy\" decoding=\"async\" width=\"150\" height=\"150\" src=\"https:\/\/hcd.malargue.gov.ar\/wp-content\/uploads\/2020\/04\/IMGP4272-150x150.jpg\" class=\"attachment-thumbnail size-thumbnail\" alt=\"\" \/><\/a>\n\t\t\t<\/div><\/figure><figure class='gallery-item'>\n\t\t\t<div class='gallery-icon landscape'>\n\t\t\t\t<a href='https:\/\/hcd.malargue.gov.ar\/wp-content\/uploads\/2020\/04\/IMGP4273-scaled.jpg'><img loading=\"lazy\" decoding=\"async\" width=\"150\" height=\"150\" src=\"https:\/\/hcd.malargue.gov.ar\/wp-content\/uploads\/2020\/04\/IMGP4273-150x150.jpg\" class=\"attachment-thumbnail size-thumbnail\" alt=\"\" \/><\/a>\n\t\t\t<\/div><\/figure><figure class='gallery-item'>\n\t\t\t<div class='gallery-icon landscape'>\n\t\t\t\t<a href='https:\/\/hcd.malargue.gov.ar\/wp-content\/uploads\/2020\/04\/IMGP4274-scaled.jpg'><img loading=\"lazy\" decoding=\"async\" width=\"150\" height=\"150\" src=\"https:\/\/hcd.malargue.gov.ar\/wp-content\/uploads\/2020\/04\/IMGP4274-150x150.jpg\" class=\"attachment-thumbnail size-thumbnail\" alt=\"\" \/><\/a>\n\t\t\t<\/div><\/figure><figure class='gallery-item'>\n\t\t\t<div class='gallery-icon landscape'>\n\t\t\t\t<a href='https:\/\/hcd.malargue.gov.ar\/wp-content\/uploads\/2020\/04\/IMGP4275-scaled.jpg'><img loading=\"lazy\" decoding=\"async\" width=\"150\" height=\"150\" src=\"https:\/\/hcd.malargue.gov.ar\/wp-content\/uploads\/2020\/04\/IMGP4275-150x150.jpg\" class=\"attachment-thumbnail size-thumbnail\" alt=\"\" \/><\/a>\n\t\t\t<\/div><\/figure><figure class='gallery-item'>\n\t\t\t<div class='gallery-icon portrait'>\n\t\t\t\t<a href='https:\/\/hcd.malargue.gov.ar\/wp-content\/uploads\/2020\/04\/IMGP4267-scaled.jpg'><img loading=\"lazy\" decoding=\"async\" width=\"150\" height=\"150\" src=\"https:\/\/hcd.malargue.gov.ar\/wp-content\/uploads\/2020\/04\/IMGP4267-150x150.jpg\" class=\"attachment-thumbnail size-thumbnail\" alt=\"\" \/><\/a>\n\t\t\t<\/div><\/figure><figure class='gallery-item'>\n\t\t\t<div class='gallery-icon portrait'>\n\t\t\t\t<a href='https:\/\/hcd.malargue.gov.ar\/wp-content\/uploads\/2020\/04\/IMGP4276-scaled.jpg'><img loading=\"lazy\" decoding=\"async\" width=\"150\" height=\"150\" src=\"https:\/\/hcd.malargue.gov.ar\/wp-content\/uploads\/2020\/04\/IMGP4276-150x150.jpg\" class=\"attachment-thumbnail size-thumbnail\" alt=\"\" \/><\/a>\n\t\t\t<\/div><\/figure><figure class='gallery-item'>\n\t\t\t<div class='gallery-icon portrait'>\n\t\t\t\t<a href='https:\/\/hcd.malargue.gov.ar\/wp-content\/uploads\/2020\/04\/IMGP4278-scaled.jpg'><img loading=\"lazy\" decoding=\"async\" width=\"150\" height=\"150\" src=\"https:\/\/hcd.malargue.gov.ar\/wp-content\/uploads\/2020\/04\/IMGP4278-150x150.jpg\" class=\"attachment-thumbnail size-thumbnail\" alt=\"\" \/><\/a>\n\t\t\t<\/div><\/figure><figure class='gallery-item'>\n\t\t\t<div class='gallery-icon portrait'>\n\t\t\t\t<a href='https:\/\/hcd.malargue.gov.ar\/wp-content\/uploads\/2020\/04\/IMGP4279-scaled.jpg'><img loading=\"lazy\" decoding=\"async\" width=\"150\" height=\"150\" src=\"https:\/\/hcd.malargue.gov.ar\/wp-content\/uploads\/2020\/04\/IMGP4279-150x150.jpg\" class=\"attachment-thumbnail size-thumbnail\" alt=\"\" \/><\/a>\n\t\t\t<\/div><\/figure><figure class='gallery-item'>\n\t\t\t<div class='gallery-icon portrait'>\n\t\t\t\t<a href='https:\/\/hcd.malargue.gov.ar\/wp-content\/uploads\/2020\/04\/IMGP4281-scaled.jpg'><img loading=\"lazy\" decoding=\"async\" width=\"150\" height=\"150\" src=\"https:\/\/hcd.malargue.gov.ar\/wp-content\/uploads\/2020\/04\/IMGP4281-150x150.jpg\" class=\"attachment-thumbnail size-thumbnail\" alt=\"\" \/><\/a>\n\t\t\t<\/div><\/figure>\n\t\t<\/div>\n\n","protected":false},"excerpt":{"rendered":"<p>SESI\u00d3N ORDINARIA \u2013 19 de Marzo 2020 Presidiendo la Sesi\u00f3n:\u00a0\u00a0Concejal Martin Palma (Bloque Cambia Mendoza) Concejales Presentes: Jose Barro, Paola Jofre,\u00a0 Andres Risi, Daniela Favari, Silvia Correa (Bloque Aliaza Eleg\u00ed Mendoza, Frente Politico y Social), Daiana Varas, Gabriel Rosas, Paola Rojo y Luciana Villegas (Bloque Cambia Mendoza) A las 12:00 hs de este jueves 30 [&hellip;]<\/p>\n","protected":false},"author":5,"featured_media":20100,"comment_status":"closed","ping_status":"closed","sticky":false,"template":"","format":"standard","meta":{"footnotes":""},"categories":[52,58,33,36],"tags":[],"class_list":["post-20010","post","type-post","status-publish","format-standard","has-post-thumbnail","hentry","category-gacetillas","category-ordinarias","category-prensa","category-sesiones"],"yoast_head":"<!-- This site is optimized with the Yoast SEO plugin v19.10 - https:\/\/yoast.com\/wordpress\/plugins\/seo\/ -->\n<title>EL HCD LLEV\u00d3 A CABO LA 3\u00b0 SESI\u00d3N ORDINARIA DEL 2020 - Malarg\u00fce HCD<\/title>\n<meta name=\"robots\" content=\"index, follow, max-snippet:-1, max-image-preview:large, max-video-preview:-1\" \/>\n<link rel=\"canonical\" href=\"https:\/\/hcd.malargue.gov.ar\/?p=20010\" \/>\n<meta property=\"og:locale\" content=\"es_ES\" \/>\n<meta property=\"og:type\" content=\"article\" \/>\n<meta property=\"og:title\" content=\"EL HCD LLEV\u00d3 A CABO LA 3\u00b0 SESI\u00d3N ORDINARIA DEL 2020 - Malarg\u00fce HCD\" \/>\n<meta property=\"og:description\" content=\"SESI\u00d3N ORDINARIA \u2013 19 de Marzo 2020 Presidiendo la Sesi\u00f3n:\u00a0\u00a0Concejal Martin Palma (Bloque Cambia Mendoza) Concejales Presentes: Jose Barro, Paola Jofre,\u00a0 Andres Risi, Daniela Favari, Silvia Correa (Bloque Aliaza Eleg\u00ed Mendoza, Frente Politico y Social), Daiana Varas, Gabriel Rosas, Paola Rojo y Luciana Villegas (Bloque Cambia Mendoza) A las 12:00 hs de este jueves 30 [&hellip;]\" \/>\n<meta property=\"og:url\" content=\"https:\/\/hcd.malargue.gov.ar\/?p=20010\" \/>\n<meta property=\"og:site_name\" content=\"Malarg\u00fce HCD\" \/>\n<meta property=\"article:published_time\" content=\"2020-04-30T18:22:14+00:00\" \/>\n<meta property=\"article:modified_time\" content=\"2020-04-30T18:35:22+00:00\" \/>\n<meta property=\"og:image\" content=\"https:\/\/hcd.malargue.gov.ar\/wp-content\/uploads\/2020\/04\/IMGP4265-scaled.jpg\" \/>\n\t<meta property=\"og:image:width\" content=\"2560\" \/>\n\t<meta property=\"og:image:height\" content=\"1700\" \/>\n\t<meta property=\"og:image:type\" content=\"image\/jpeg\" \/>\n<meta name=\"author\" content=\"Belen Pedernera Ferragut\" \/>\n<meta name=\"twitter:card\" content=\"summary_large_image\" \/>\n<meta name=\"twitter:label1\" content=\"Escrito por\" \/>\n\t<meta name=\"twitter:data1\" content=\"Belen Pedernera Ferragut\" \/>\n\t<meta name=\"twitter:label2\" content=\"Tiempo de lectura\" \/>\n\t<meta name=\"twitter:data2\" content=\"3 minutos\" \/>\n<script type=\"application\/ld+json\" class=\"yoast-schema-graph\">{\"@context\":\"https:\/\/schema.org\",\"@graph\":[{\"@type\":\"WebPage\",\"@id\":\"https:\/\/hcd.malargue.gov.ar\/?p=20010\",\"url\":\"https:\/\/hcd.malargue.gov.ar\/?p=20010\",\"name\":\"EL HCD LLEV\u00d3 A CABO LA 3\u00b0 SESI\u00d3N ORDINARIA DEL 2020 - Malarg\u00fce HCD\",\"isPartOf\":{\"@id\":\"https:\/\/hcd.malargue.gov.ar\/#website\"},\"datePublished\":\"2020-04-30T18:22:14+00:00\",\"dateModified\":\"2020-04-30T18:35:22+00:00\",\"author\":{\"@id\":\"https:\/\/hcd.malargue.gov.ar\/#\/schema\/person\/3fd6bbab64edd703961b795156c955d0\"},\"breadcrumb\":{\"@id\":\"https:\/\/hcd.malargue.gov.ar\/?p=20010#breadcrumb\"},\"inLanguage\":\"es-AR\",\"potentialAction\":[{\"@type\":\"ReadAction\",\"target\":[\"https:\/\/hcd.malargue.gov.ar\/?p=20010\"]}]},{\"@type\":\"BreadcrumbList\",\"@id\":\"https:\/\/hcd.malargue.gov.ar\/?p=20010#breadcrumb\",\"itemListElement\":[{\"@type\":\"ListItem\",\"position\":1,\"name\":\"Inicio\",\"item\":\"https:\/\/hcd.malargue.gov.ar\/\"},{\"@type\":\"ListItem\",\"position\":2,\"name\":\"EL HCD LLEV\u00d3 A CABO LA 3\u00b0 SESI\u00d3N ORDINARIA DEL 2020\"}]},{\"@type\":\"WebSite\",\"@id\":\"https:\/\/hcd.malargue.gov.ar\/#website\",\"url\":\"https:\/\/hcd.malargue.gov.ar\/\",\"name\":\"Malarg\u00fce HCD\",\"description\":\"Malarg\u00fce Mendoza Argentina\",\"potentialAction\":[{\"@type\":\"SearchAction\",\"target\":{\"@type\":\"EntryPoint\",\"urlTemplate\":\"https:\/\/hcd.malargue.gov.ar\/?s={search_term_string}\"},\"query-input\":\"required name=search_term_string\"}],\"inLanguage\":\"es-AR\"},{\"@type\":\"Person\",\"@id\":\"https:\/\/hcd.malargue.gov.ar\/#\/schema\/person\/3fd6bbab64edd703961b795156c955d0\",\"name\":\"Belen Pedernera Ferragut\",\"image\":{\"@type\":\"ImageObject\",\"inLanguage\":\"es-AR\",\"@id\":\"https:\/\/hcd.malargue.gov.ar\/#\/schema\/person\/image\/\",\"url\":\"https:\/\/secure.gravatar.com\/avatar\/1054ffab3893de4bb3eb29bdd22f7e34b8537bf5d34d9dab311818154ad5b71f?s=96&d=mm&r=g\",\"contentUrl\":\"https:\/\/secure.gravatar.com\/avatar\/1054ffab3893de4bb3eb29bdd22f7e34b8537bf5d34d9dab311818154ad5b71f?s=96&d=mm&r=g\",\"caption\":\"Belen Pedernera Ferragut\"},\"url\":\"https:\/\/hcd.malargue.gov.ar\/?author=5\"}]}<\/script>\n<!-- \/ Yoast SEO plugin. -->","yoast_head_json":{"title":"EL HCD LLEV\u00d3 A CABO LA 3\u00b0 SESI\u00d3N ORDINARIA DEL 2020 - Malarg\u00fce HCD","robots":{"index":"index","follow":"follow","max-snippet":"max-snippet:-1","max-image-preview":"max-image-preview:large","max-video-preview":"max-video-preview:-1"},"canonical":"https:\/\/hcd.malargue.gov.ar\/?p=20010","og_locale":"es_ES","og_type":"article","og_title":"EL HCD LLEV\u00d3 A CABO LA 3\u00b0 SESI\u00d3N ORDINARIA DEL 2020 - Malarg\u00fce HCD","og_description":"SESI\u00d3N ORDINARIA \u2013 19 de Marzo 2020 Presidiendo la Sesi\u00f3n:\u00a0\u00a0Concejal Martin Palma (Bloque Cambia Mendoza) Concejales Presentes: Jose Barro, Paola Jofre,\u00a0 Andres Risi, Daniela Favari, Silvia Correa (Bloque Aliaza Eleg\u00ed Mendoza, Frente Politico y Social), Daiana Varas, Gabriel Rosas, Paola Rojo y Luciana Villegas (Bloque Cambia Mendoza) A las 12:00 hs de este jueves 30 [&hellip;]","og_url":"https:\/\/hcd.malargue.gov.ar\/?p=20010","og_site_name":"Malarg\u00fce HCD","article_published_time":"2020-04-30T18:22:14+00:00","article_modified_time":"2020-04-30T18:35:22+00:00","og_image":[{"width":2560,"height":1700,"url":"https:\/\/hcd.malargue.gov.ar\/wp-content\/uploads\/2020\/04\/IMGP4265-scaled.jpg","type":"image\/jpeg"}],"author":"Belen Pedernera Ferragut","twitter_card":"summary_large_image","twitter_misc":{"Escrito por":"Belen Pedernera Ferragut","Tiempo de lectura":"3 minutos"},"schema":{"@context":"https:\/\/schema.org","@graph":[{"@type":"WebPage","@id":"https:\/\/hcd.malargue.gov.ar\/?p=20010","url":"https:\/\/hcd.malargue.gov.ar\/?p=20010","name":"EL HCD LLEV\u00d3 A CABO LA 3\u00b0 SESI\u00d3N ORDINARIA DEL 2020 - Malarg\u00fce HCD","isPartOf":{"@id":"https:\/\/hcd.malargue.gov.ar\/#website"},"datePublished":"2020-04-30T18:22:14+00:00","dateModified":"2020-04-30T18:35:22+00:00","author":{"@id":"https:\/\/hcd.malargue.gov.ar\/#\/schema\/person\/3fd6bbab64edd703961b795156c955d0"},"breadcrumb":{"@id":"https:\/\/hcd.malargue.gov.ar\/?p=20010#breadcrumb"},"inLanguage":"es-AR","potentialAction":[{"@type":"ReadAction","target":["https:\/\/hcd.malargue.gov.ar\/?p=20010"]}]},{"@type":"BreadcrumbList","@id":"https:\/\/hcd.malargue.gov.ar\/?p=20010#breadcrumb","itemListElement":[{"@type":"ListItem","position":1,"name":"Inicio","item":"https:\/\/hcd.malargue.gov.ar\/"},{"@type":"ListItem","position":2,"name":"EL HCD LLEV\u00d3 A CABO LA 3\u00b0 SESI\u00d3N ORDINARIA DEL 2020"}]},{"@type":"WebSite","@id":"https:\/\/hcd.malargue.gov.ar\/#website","url":"https:\/\/hcd.malargue.gov.ar\/","name":"Malarg\u00fce HCD","description":"Malarg\u00fce Mendoza Argentina","potentialAction":[{"@type":"SearchAction","target":{"@type":"EntryPoint","urlTemplate":"https:\/\/hcd.malargue.gov.ar\/?s={search_term_string}"},"query-input":"required name=search_term_string"}],"inLanguage":"es-AR"},{"@type":"Person","@id":"https:\/\/hcd.malargue.gov.ar\/#\/schema\/person\/3fd6bbab64edd703961b795156c955d0","name":"Belen Pedernera Ferragut","image":{"@type":"ImageObject","inLanguage":"es-AR","@id":"https:\/\/hcd.malargue.gov.ar\/#\/schema\/person\/image\/","url":"https:\/\/secure.gravatar.com\/avatar\/1054ffab3893de4bb3eb29bdd22f7e34b8537bf5d34d9dab311818154ad5b71f?s=96&d=mm&r=g","contentUrl":"https:\/\/secure.gravatar.com\/avatar\/1054ffab3893de4bb3eb29bdd22f7e34b8537bf5d34d9dab311818154ad5b71f?s=96&d=mm&r=g","caption":"Belen Pedernera Ferragut"},"url":"https:\/\/hcd.malargue.gov.ar\/?author=5"}]}},"_links":{"self":[{"href":"https:\/\/hcd.malargue.gov.ar\/index.php?rest_route=\/wp\/v2\/posts\/20010","targetHints":{"allow":["GET"]}}],"collection":[{"href":"https:\/\/hcd.malargue.gov.ar\/index.php?rest_route=\/wp\/v2\/posts"}],"about":[{"href":"https:\/\/hcd.malargue.gov.ar\/index.php?rest_route=\/wp\/v2\/types\/post"}],"author":[{"embeddable":true,"href":"https:\/\/hcd.malargue.gov.ar\/index.php?rest_route=\/wp\/v2\/users\/5"}],"replies":[{"embeddable":true,"href":"https:\/\/hcd.malargue.gov.ar\/index.php?rest_route=%2Fwp%2Fv2%2Fcomments&post=20010"}],"version-history":[{"count":0,"href":"https:\/\/hcd.malargue.gov.ar\/index.php?rest_route=\/wp\/v2\/posts\/20010\/revisions"}],"wp:featuredmedia":[{"embeddable":true,"href":"https:\/\/hcd.malargue.gov.ar\/index.php?rest_route=\/wp\/v2\/media\/20100"}],"wp:attachment":[{"href":"https:\/\/hcd.malargue.gov.ar\/index.php?rest_route=%2Fwp%2Fv2%2Fmedia&parent=20010"}],"wp:term":[{"taxonomy":"category","embeddable":true,"href":"https:\/\/hcd.malargue.gov.ar\/index.php?rest_route=%2Fwp%2Fv2%2Fcategories&post=20010"},{"taxonomy":"post_tag","embeddable":true,"href":"https:\/\/hcd.malargue.gov.ar\/index.php?rest_route=%2Fwp%2Fv2%2Ftags&post=20010"}],"curies":[{"name":"wp","href":"https:\/\/api.w.org\/{rel}","templated":true}]}}