{"id":20287,"date":"2020-05-19T17:23:06","date_gmt":"2020-05-19T20:23:06","guid":{"rendered":"https:\/\/hcd.malargue.gov.ar\/?p=20287"},"modified":"2020-07-07T11:24:25","modified_gmt":"2020-07-07T14:24:25","slug":"orden-del-dia-sesion-extraordinaria-21-de-mayo","status":"publish","type":"post","link":"https:\/\/hcd.malargue.gov.ar\/?p=20287","title":{"rendered":"ORDEN DEL DIA SESI\u00d3N EXTRAORDINARIA 21 DE MAYO"},"content":{"rendered":"<h2>Por Plataforma\u00a0 Virtual \u00a0\u00a0\u00a0\u00a0s\/\u00a0 Decreto 071-2020<\/h2>\n<h2>D\u00eda: \u00a0Jueves \u00a021 \u00a0de Mayo \u00a0de 2020.-<\/h2>\n<h3>Hora: \u00a010:00 \u00a0 <a href=\"https:\/\/hcd.malargue.gov.ar\/hcdpdf\/orden%20extraordinaria%20Decretos%20Dep.%20Ejecutivo.pdf\"><img loading=\"lazy\" decoding=\"async\" class=\"alignright wp-image-7950\" src=\"https:\/\/hcd.malargue.gov.ar\/wp-content\/uploads\/2018\/06\/PDF-JPG-300x300.jpg\" alt=\"\" width=\"76\" height=\"76\" srcset=\"https:\/\/hcd.malargue.gov.ar\/wp-content\/uploads\/2018\/06\/PDF-JPG-300x300.jpg 300w, https:\/\/hcd.malargue.gov.ar\/wp-content\/uploads\/2018\/06\/PDF-JPG-150x150.jpg 150w, https:\/\/hcd.malargue.gov.ar\/wp-content\/uploads\/2018\/06\/PDF-JPG.jpg 512w\" sizes=\"auto, (max-width: 76px) 100vw, 76px\" \/><\/a><\/h3>\n<p>a) Acto de Izar la Ense\u00f1a Patria a cargo de la Sra. Concejal Paola Lorena ROJO<\/p>\n<p>b) Homenaje de los Se\u00f1ores concejales. &#8211;<\/p>\n<p>c) Expedientes provenientes del Departamento Ejecutivo:<\/p>\n<ol>\n<li>Expte N\u00ba 2.116-2020-0 Decreto de necesidad y urgencia N\u00ba 563\/2020<\/li>\n<li>N\u00ba 2.120-2020 Creaci\u00f3n Programa de Protecci\u00f3n de Adultos Mayores.<\/li>\n<li>N\u00ba 2104\/2020-0 Departamento Ejecutivo Eleva Proyecto de Ordenanza: Colaboraci\u00f3n al Club Deportivo Malarg\u00fce para la Construcci\u00f3n y refacci\u00f3n de techo del Natatorio.<\/li>\n<li>N\u00ba 2055\/2020-0 Director Obras Publicas Eleva Proyecto de Ordenanza Obra \u201cProvisi\u00f3n de Gas Natural a Colonia Pehuenche- Etapa 1 Licitada bajo Expte. Municipal N\u00ba4699\/2019 Decreto N\u00ba2485\/2019 .<\/li>\n<\/ol>\n<p>d) Acto de arriar el Pabell\u00f3n Nacional a cargo de la concejal que lo iz\u00f3. &#8211;<\/p>\n<p>Presidencia H.C.D.\u00a0 19 de Mayo de 2020.<\/p>\n","protected":false},"excerpt":{"rendered":"<p>Por Plataforma\u00a0 Virtual \u00a0\u00a0\u00a0\u00a0s\/\u00a0 Decreto 071-2020 D\u00eda: \u00a0Jueves \u00a021 \u00a0de Mayo \u00a0de 2020.- Hora: \u00a010:00 \u00a0 a) Acto de Izar la Ense\u00f1a Patria a cargo de la Sra. Concejal Paola Lorena ROJO b) Homenaje de los Se\u00f1ores concejales. &#8211; c) Expedientes provenientes del Departamento Ejecutivo: Expte N\u00ba 2.116-2020-0 Decreto de necesidad y urgencia N\u00ba 563\/2020 [&hellip;]<\/p>\n","protected":false},"author":5,"featured_media":20798,"comment_status":"closed","ping_status":"closed","sticky":false,"template":"","format":"standard","meta":{"footnotes":""},"categories":[57,52,33,36],"tags":[],"class_list":["post-20287","post","type-post","status-publish","format-standard","has-post-thumbnail","hentry","category-extraordinarias","category-gacetillas","category-prensa","category-sesiones"],"yoast_head":"<!-- This site is optimized with the Yoast SEO plugin v19.10 - https:\/\/yoast.com\/wordpress\/plugins\/seo\/ -->\n<title>ORDEN DEL DIA SESI\u00d3N EXTRAORDINARIA 21 DE MAYO - Malarg\u00fce HCD<\/title>\n<meta name=\"robots\" content=\"index, follow, max-snippet:-1, max-image-preview:large, max-video-preview:-1\" \/>\n<link rel=\"canonical\" href=\"https:\/\/hcd.malargue.gov.ar\/?p=20287\" \/>\n<meta property=\"og:locale\" content=\"es_ES\" \/>\n<meta property=\"og:type\" content=\"article\" \/>\n<meta property=\"og:title\" content=\"ORDEN DEL DIA SESI\u00d3N EXTRAORDINARIA 21 DE MAYO - Malarg\u00fce HCD\" \/>\n<meta property=\"og:description\" content=\"Por Plataforma\u00a0 Virtual \u00a0\u00a0\u00a0\u00a0s\/\u00a0 Decreto 071-2020 D\u00eda: \u00a0Jueves \u00a021 \u00a0de Mayo \u00a0de 2020.- Hora: \u00a010:00 \u00a0 a) Acto de Izar la Ense\u00f1a Patria a cargo de la Sra. Concejal Paola Lorena ROJO b) Homenaje de los Se\u00f1ores concejales. &#8211; c) Expedientes provenientes del Departamento Ejecutivo: Expte N\u00ba 2.116-2020-0 Decreto de necesidad y urgencia N\u00ba 563\/2020 [&hellip;]\" \/>\n<meta property=\"og:url\" content=\"https:\/\/hcd.malargue.gov.ar\/?p=20287\" \/>\n<meta property=\"og:site_name\" content=\"Malarg\u00fce HCD\" \/>\n<meta property=\"article:published_time\" content=\"2020-05-19T20:23:06+00:00\" \/>\n<meta property=\"article:modified_time\" content=\"2020-07-07T14:24:25+00:00\" \/>\n<meta property=\"og:image\" content=\"https:\/\/hcd.malargue.gov.ar\/wp-content\/uploads\/2020\/01\/SESION-EXTRAORDINARIA.jpg\" \/>\n\t<meta property=\"og:image:width\" content=\"1263\" \/>\n\t<meta property=\"og:image:height\" content=\"598\" \/>\n\t<meta property=\"og:image:type\" content=\"image\/jpeg\" \/>\n<meta name=\"author\" content=\"Belen Pedernera Ferragut\" \/>\n<meta name=\"twitter:card\" content=\"summary_large_image\" \/>\n<meta name=\"twitter:label1\" content=\"Escrito por\" \/>\n\t<meta name=\"twitter:data1\" content=\"Belen Pedernera Ferragut\" \/>\n\t<meta name=\"twitter:label2\" content=\"Tiempo de lectura\" \/>\n\t<meta name=\"twitter:data2\" content=\"1 minuto\" \/>\n<script type=\"application\/ld+json\" class=\"yoast-schema-graph\">{\"@context\":\"https:\/\/schema.org\",\"@graph\":[{\"@type\":\"WebPage\",\"@id\":\"https:\/\/hcd.malargue.gov.ar\/?p=20287\",\"url\":\"https:\/\/hcd.malargue.gov.ar\/?p=20287\",\"name\":\"ORDEN DEL DIA SESI\u00d3N EXTRAORDINARIA 21 DE MAYO - Malarg\u00fce HCD\",\"isPartOf\":{\"@id\":\"https:\/\/hcd.malargue.gov.ar\/#website\"},\"datePublished\":\"2020-05-19T20:23:06+00:00\",\"dateModified\":\"2020-07-07T14:24:25+00:00\",\"author\":{\"@id\":\"https:\/\/hcd.malargue.gov.ar\/#\/schema\/person\/3fd6bbab64edd703961b795156c955d0\"},\"breadcrumb\":{\"@id\":\"https:\/\/hcd.malargue.gov.ar\/?p=20287#breadcrumb\"},\"inLanguage\":\"es-AR\",\"potentialAction\":[{\"@type\":\"ReadAction\",\"target\":[\"https:\/\/hcd.malargue.gov.ar\/?p=20287\"]}]},{\"@type\":\"BreadcrumbList\",\"@id\":\"https:\/\/hcd.malargue.gov.ar\/?p=20287#breadcrumb\",\"itemListElement\":[{\"@type\":\"ListItem\",\"position\":1,\"name\":\"Inicio\",\"item\":\"https:\/\/hcd.malargue.gov.ar\/\"},{\"@type\":\"ListItem\",\"position\":2,\"name\":\"ORDEN DEL DIA SESI\u00d3N EXTRAORDINARIA 21 DE MAYO\"}]},{\"@type\":\"WebSite\",\"@id\":\"https:\/\/hcd.malargue.gov.ar\/#website\",\"url\":\"https:\/\/hcd.malargue.gov.ar\/\",\"name\":\"Malarg\u00fce HCD\",\"description\":\"Malarg\u00fce Mendoza Argentina\",\"potentialAction\":[{\"@type\":\"SearchAction\",\"target\":{\"@type\":\"EntryPoint\",\"urlTemplate\":\"https:\/\/hcd.malargue.gov.ar\/?s={search_term_string}\"},\"query-input\":\"required name=search_term_string\"}],\"inLanguage\":\"es-AR\"},{\"@type\":\"Person\",\"@id\":\"https:\/\/hcd.malargue.gov.ar\/#\/schema\/person\/3fd6bbab64edd703961b795156c955d0\",\"name\":\"Belen Pedernera Ferragut\",\"image\":{\"@type\":\"ImageObject\",\"inLanguage\":\"es-AR\",\"@id\":\"https:\/\/hcd.malargue.gov.ar\/#\/schema\/person\/image\/\",\"url\":\"https:\/\/secure.gravatar.com\/avatar\/1054ffab3893de4bb3eb29bdd22f7e34b8537bf5d34d9dab311818154ad5b71f?s=96&d=mm&r=g\",\"contentUrl\":\"https:\/\/secure.gravatar.com\/avatar\/1054ffab3893de4bb3eb29bdd22f7e34b8537bf5d34d9dab311818154ad5b71f?s=96&d=mm&r=g\",\"caption\":\"Belen Pedernera Ferragut\"},\"url\":\"https:\/\/hcd.malargue.gov.ar\/?author=5\"}]}<\/script>\n<!-- \/ Yoast SEO plugin. -->","yoast_head_json":{"title":"ORDEN DEL DIA SESI\u00d3N EXTRAORDINARIA 21 DE MAYO - Malarg\u00fce HCD","robots":{"index":"index","follow":"follow","max-snippet":"max-snippet:-1","max-image-preview":"max-image-preview:large","max-video-preview":"max-video-preview:-1"},"canonical":"https:\/\/hcd.malargue.gov.ar\/?p=20287","og_locale":"es_ES","og_type":"article","og_title":"ORDEN DEL DIA SESI\u00d3N EXTRAORDINARIA 21 DE MAYO - Malarg\u00fce HCD","og_description":"Por Plataforma\u00a0 Virtual \u00a0\u00a0\u00a0\u00a0s\/\u00a0 Decreto 071-2020 D\u00eda: \u00a0Jueves \u00a021 \u00a0de Mayo \u00a0de 2020.- Hora: \u00a010:00 \u00a0 a) Acto de Izar la Ense\u00f1a Patria a cargo de la Sra. Concejal Paola Lorena ROJO b) Homenaje de los Se\u00f1ores concejales. &#8211; c) Expedientes provenientes del Departamento Ejecutivo: Expte N\u00ba 2.116-2020-0 Decreto de necesidad y urgencia N\u00ba 563\/2020 [&hellip;]","og_url":"https:\/\/hcd.malargue.gov.ar\/?p=20287","og_site_name":"Malarg\u00fce HCD","article_published_time":"2020-05-19T20:23:06+00:00","article_modified_time":"2020-07-07T14:24:25+00:00","og_image":[{"width":1263,"height":598,"url":"https:\/\/hcd.malargue.gov.ar\/wp-content\/uploads\/2020\/01\/SESION-EXTRAORDINARIA.jpg","type":"image\/jpeg"}],"author":"Belen Pedernera Ferragut","twitter_card":"summary_large_image","twitter_misc":{"Escrito por":"Belen Pedernera Ferragut","Tiempo de lectura":"1 minuto"},"schema":{"@context":"https:\/\/schema.org","@graph":[{"@type":"WebPage","@id":"https:\/\/hcd.malargue.gov.ar\/?p=20287","url":"https:\/\/hcd.malargue.gov.ar\/?p=20287","name":"ORDEN DEL DIA SESI\u00d3N EXTRAORDINARIA 21 DE MAYO - Malarg\u00fce HCD","isPartOf":{"@id":"https:\/\/hcd.malargue.gov.ar\/#website"},"datePublished":"2020-05-19T20:23:06+00:00","dateModified":"2020-07-07T14:24:25+00:00","author":{"@id":"https:\/\/hcd.malargue.gov.ar\/#\/schema\/person\/3fd6bbab64edd703961b795156c955d0"},"breadcrumb":{"@id":"https:\/\/hcd.malargue.gov.ar\/?p=20287#breadcrumb"},"inLanguage":"es-AR","potentialAction":[{"@type":"ReadAction","target":["https:\/\/hcd.malargue.gov.ar\/?p=20287"]}]},{"@type":"BreadcrumbList","@id":"https:\/\/hcd.malargue.gov.ar\/?p=20287#breadcrumb","itemListElement":[{"@type":"ListItem","position":1,"name":"Inicio","item":"https:\/\/hcd.malargue.gov.ar\/"},{"@type":"ListItem","position":2,"name":"ORDEN DEL DIA SESI\u00d3N EXTRAORDINARIA 21 DE MAYO"}]},{"@type":"WebSite","@id":"https:\/\/hcd.malargue.gov.ar\/#website","url":"https:\/\/hcd.malargue.gov.ar\/","name":"Malarg\u00fce HCD","description":"Malarg\u00fce Mendoza Argentina","potentialAction":[{"@type":"SearchAction","target":{"@type":"EntryPoint","urlTemplate":"https:\/\/hcd.malargue.gov.ar\/?s={search_term_string}"},"query-input":"required name=search_term_string"}],"inLanguage":"es-AR"},{"@type":"Person","@id":"https:\/\/hcd.malargue.gov.ar\/#\/schema\/person\/3fd6bbab64edd703961b795156c955d0","name":"Belen Pedernera Ferragut","image":{"@type":"ImageObject","inLanguage":"es-AR","@id":"https:\/\/hcd.malargue.gov.ar\/#\/schema\/person\/image\/","url":"https:\/\/secure.gravatar.com\/avatar\/1054ffab3893de4bb3eb29bdd22f7e34b8537bf5d34d9dab311818154ad5b71f?s=96&d=mm&r=g","contentUrl":"https:\/\/secure.gravatar.com\/avatar\/1054ffab3893de4bb3eb29bdd22f7e34b8537bf5d34d9dab311818154ad5b71f?s=96&d=mm&r=g","caption":"Belen Pedernera Ferragut"},"url":"https:\/\/hcd.malargue.gov.ar\/?author=5"}]}},"_links":{"self":[{"href":"https:\/\/hcd.malargue.gov.ar\/index.php?rest_route=\/wp\/v2\/posts\/20287","targetHints":{"allow":["GET"]}}],"collection":[{"href":"https:\/\/hcd.malargue.gov.ar\/index.php?rest_route=\/wp\/v2\/posts"}],"about":[{"href":"https:\/\/hcd.malargue.gov.ar\/index.php?rest_route=\/wp\/v2\/types\/post"}],"author":[{"embeddable":true,"href":"https:\/\/hcd.malargue.gov.ar\/index.php?rest_route=\/wp\/v2\/users\/5"}],"replies":[{"embeddable":true,"href":"https:\/\/hcd.malargue.gov.ar\/index.php?rest_route=%2Fwp%2Fv2%2Fcomments&post=20287"}],"version-history":[{"count":0,"href":"https:\/\/hcd.malargue.gov.ar\/index.php?rest_route=\/wp\/v2\/posts\/20287\/revisions"}],"wp:featuredmedia":[{"embeddable":true,"href":"https:\/\/hcd.malargue.gov.ar\/index.php?rest_route=\/wp\/v2\/media\/20798"}],"wp:attachment":[{"href":"https:\/\/hcd.malargue.gov.ar\/index.php?rest_route=%2Fwp%2Fv2%2Fmedia&parent=20287"}],"wp:term":[{"taxonomy":"category","embeddable":true,"href":"https:\/\/hcd.malargue.gov.ar\/index.php?rest_route=%2Fwp%2Fv2%2Fcategories&post=20287"},{"taxonomy":"post_tag","embeddable":true,"href":"https:\/\/hcd.malargue.gov.ar\/index.php?rest_route=%2Fwp%2Fv2%2Ftags&post=20287"}],"curies":[{"name":"wp","href":"https:\/\/api.w.org\/{rel}","templated":true}]}}