{"id":20289,"date":"2020-05-19T17:45:39","date_gmt":"2020-05-19T20:45:39","guid":{"rendered":"https:\/\/hcd.malargue.gov.ar\/?p=20289"},"modified":"2020-06-30T12:38:44","modified_gmt":"2020-06-30T15:38:44","slug":"ordenanza-n-2029-2020","status":"publish","type":"post","link":"https:\/\/hcd.malargue.gov.ar\/?p=20289","title":{"rendered":"ORDENANZA N\u00b0 2029\/2020"},"content":{"rendered":"<p>VISTO: La nota HC-2.673\/2.020. Proyecto de Ordenanza: Eximici\u00f3n del pago de tasas de\u00a0 come<a href=\"https:\/\/hcd.malargue.gov.ar\/hcdpdf\/ON%202029%202020.pdf\"><img loading=\"lazy\" decoding=\"async\" class=\"alignright wp-image-7950\" src=\"https:\/\/hcd.malargue.gov.ar\/wp-content\/uploads\/2018\/06\/PDF-JPG-300x300.jpg\" alt=\"\" width=\"125\" height=\"125\" srcset=\"https:\/\/hcd.malargue.gov.ar\/wp-content\/uploads\/2018\/06\/PDF-JPG-300x300.jpg 300w, https:\/\/hcd.malargue.gov.ar\/wp-content\/uploads\/2018\/06\/PDF-JPG-150x150.jpg 150w, https:\/\/hcd.malargue.gov.ar\/wp-content\/uploads\/2018\/06\/PDF-JPG.jpg 512w\" sizes=\"auto, (max-width: 125px) 100vw, 125px\" \/><\/a>rcio a actividades\u00a0 departamentales damnificados\u00a0 por la\u00a0 crisis\u00a0 socio \u00a0\u00a0\u00a0\u00a0 econ\u00f3mica que atraviesa nuestro Pa\u00eds en el marco de la propagaci\u00f3n de la pandemia \u00a0\u00a0\u00a0\u00a0 COVID-19, elevado por el Departamento Ejecutivo Municipal al Honorable \u00a0\u00a0\u00a0\u00a0\u00a0 Concejo Deliberante.<\/p>\n<p>La actual situaci\u00f3n de emergencia\u00a0 planteada y \u00a0la imperiosa necesidad de adoptar medidas administrativas que permitan\u00a0 dar respuesta frente a la crisis del sector productivo y comercial , perjudicado\u00a0 por la paralizaci\u00f3n de la econom\u00eda; todo ello en pos de la protecci\u00f3n de derechos b\u00e1sicos y fuentes de trabajo\u00a0 genuinas.<\/p>\n<p>y;<\/p>\n<p>CONSIDERANDO: Que la pandemia tiene\u00a0 profundas consecuencias sociales y econ\u00f3micas y la\u00a0 expansi\u00f3n\u00a0 del COVID-19 tendr\u00e1\u00a0 efectos sin precedentes por lo \u00a0\u00a0\u00a0\u00a0\u00a0\u00a0\u00a0\u00a0 que se deben\u00a0 tomar medidas sanitarias\u00a0 y econ\u00f3micas sin precedentes.<\/p>\n<p>Que la pandemia\u00a0 del COVID-19 est\u00e1 exacerbando las desigualdades ya existentes, \u00a0\u00a0\u00a0\u00a0\u00a0\u00a0\u00a0 por lo que las respuestas\u00a0 pol\u00edticas deben\u00a0 garantizar que el apoyo llegue\u00a0 a los \u00a0\u00a0 trabajadores y a las empresas que m\u00e1s lo necesitan.<\/p>\n<p>Que dicha situaci\u00f3n propicia la desigualdad de los ingresos, lo cual\u00a0 genera graves \u00a0\u00a0\u00a0\u00a0\u00a0\u00a0\u00a0\u00a0 repercusiones\u00a0 sociales y econ\u00f3micas.<\/p>\n<p>Que si bien\u00a0 hay\u00a0 empresas y comerciantes que pudieron reducir la paralizaci\u00f3n\u00a0 econ\u00f3mica sea trabajando\u00a0 a distancia, o continuando\u00a0 con su actividad de forma\u00a0 adaptada, otros sectores\u00a0 no gozaron de dicha\u00a0 ventaja.<\/p>\n<p>Que se deben\u00a0 adoptar medidas de envergadura para preservar los puestos de\u00a0 \u00a0\u00a0\u00a0\u00a0 trabajo.<\/p>\n<p>Que la pandemia del COVID-19 no s\u00f3lo es una\u00a0 crisis sanitaria, sino que tambi\u00e9n es \u00a0\u00a0\u00a0\u00a0\u00a0 una crisis\u00a0 social y econ\u00f3mica y es necesario que los gobiernos\u00a0 act\u00faen\u00a0 con \u00a0 determinaci\u00f3n a fin de salvar\u00a0 puestos\u00a0 de trabajo, propiciando\u00a0 la continuidad de las \u00a0\u00a0 empresas, impidiendo\u00a0 despidos y protegiendo\u00a0 a los trabajadores vulnerables.<\/p>\n<p>Que es imprescindible aplicar pol\u00edticas fiscales sin precedentes para evitar que la\u00a0 \u00a0\u00a0\u00a0\u00a0\u00a0\u00a0\u00a0\u00a0\u00a0 actual ca\u00edda precipitada no se convierta en una recesi\u00f3n prolongada.<\/p>\n<p>Que la presente\u00a0 forma parte de las medidas que son necesarias adoptar\u00a0 para\u00a0 \u00a0\u00a0\u00a0\u00a0 atemperar los efectos\u00a0 de la crisis\u00a0 econ\u00f3mica, que, si bien\u00a0 ya\u00a0 afectaba\u00a0 el pa\u00eds, se \u00a0\u00a0\u00a0\u00a0\u00a0\u00a0\u00a0\u00a0\u00a0 ha visto\u00a0 profundamente\u00a0 agravada por el aislamiento\u00a0 social preventivo y \u00a0\u00a0\u00a0\u00a0\u00a0\u00a0 obligatorio dispuesto.<\/p>\n<p>Que nos\u00a0 encontramos\u00a0 ante una emergencia\u00a0 sanitaria que nos obliga a adoptar\u00a0 \u00a0 decisiones\u00a0 con el\u00a0 objetivo de proteger\u00a0 la salud p\u00fablica pero tambi\u00e9n\u00a0 a\u00a0 paliar los \u00a0\u00a0 efectos de las medidas restrictivas vigentes, que\u00a0 significar\u00e1n\u00a0 una merma en la \u00a0\u00a0 situaci\u00f3n econ\u00f3mica\u00a0 general, para\u00a0 que los\u00a0 habitantes de nuestro Departamento\u00a0 \u00a0\u00a0\u00a0\u00a0\u00a0\u00a0\u00a0\u00a0\u00a0\u00a0 puedan\u00a0 desarrollar sus vidas sin verse\u00a0 privados\u00a0 de derechos\u00a0 elementales, tales\u00a0 \u00a0\u00a0\u00a0\u00a0\u00a0\u00a0\u00a0\u00a0\u00a0\u00a0\u00a0 como herramientas de trabajo.<\/p>\n<p>Que en este\u00a0 marco, la presente contempla\u00a0 medidas\u00a0 temporarias proporcionadas \u00a0\u00a0\u00a0\u00a0\u00a0\u00a0\u00a0\u00a0\u00a0\u00a0 respecto de la situaci\u00f3n\u00a0 de emergencia\u00a0 que se enfrenta\u00a0 que resultar\u00e1n\u00a0 de ayuda\u00a0 \u00a0\u00a0\u00a0\u00a0\u00a0\u00a0\u00a0\u00a0 para un\u00a0 importante\u00a0 sector\u00a0 de la poblaci\u00f3n\u00a0 que lo necesita. Llevando\u00a0 alivio a un \u00a0\u00a0\u00a0 fragmento\u00a0 de la comunidad en un contexto\u00a0 de gran\u00a0 incertidumbre por \u00a0\u00a0\u00a0\u00a0\u00a0 la \u00a0\u00a0\u00a0\u00a0\u00a0\u00a0\u00a0 pandemia declarada y sus efectos.<\/p>\n<p>Que debe considerarse\u00a0 que la presente\u00a0 iniciativa se muestra\u00a0 en consonancia con las \u00a0\u00a0\u00a0\u00a0 medidas adoptadas por otros\u00a0 pa\u00edses en el marco de la pandemia COVID-19, la cual \u00a0\u00a0\u00a0\u00a0\u00a0\u00a0\u00a0\u00a0 ha impedido\u00a0 que un n\u00famero creciente de personas pudieran\u00a0 desarrollar\u00a0 normalmente \u00a0 sus\u00a0 actividades econ\u00f3micas originando\u00a0 una dr\u00e1stica\u00a0 reducci\u00f3n\u00a0 en los ingresos\u00a0 familiares, con\u00a0 la consecuente ca\u00edda de la capacidad de afrontar\u00a0 sus obligaciones.<\/p>\n<p>Que es deber\u00a0 del Gobierno\u00a0 municipal\u00a0 garantizar los derechos\u00a0 esenciales de la poblaci\u00f3n\u00a0 y su goce\u00a0 efectivo, resultando\u00a0 un inter\u00e9s\u00a0 prioritario asegurar el acceso\u00a0 \u00a0\u00a0\u00a0\u00a0\u00a0\u00a0 sin restricciones\u00a0 a los bienes\u00a0 b\u00e1sicos.<\/p>\n<p>Que mediante Ordenanza N\u00b0 2.028\/2.020, el Honorable Concejo Deliberante, \u00a0\u00a0\u00a0\u00a0 declar\u00f3 la Emergencia Econ\u00f3mica, Social y Financiera.<\/p>\n<p>EL HONORABLE CONCEJO DELIBERANTE DE LA MUNICIPALIDAD DE MALARG\u00dcE EN USO DE LAS FACULTADES QUE LE SON PROPIAS<\/p>\n<p>ORDENA<\/p>\n<p>ARTICULO 1\u00b0: Ex\u00edmase del pago del primer , segundo\u00a0 y tercer bimestre\u00a0 del a\u00f1o 2.020 de \u00a0 las tasas de\u00a0 \u00a0\u00a0\u00a0\u00a0\u00a0\u00a0\u00a0\u00a0\u00a0\u00a0\u00a0 comercio a todas las actividades\u00a0 domiciliadas en el Departamento de \u00a0\u00a0\u00a0\u00a0\u00a0 Malarg\u00fce, que se\u00a0 vieron\u00a0 afectadas por la paralizaci\u00f3n de la actividad\u00a0 productiva y econ\u00f3mica, derivada de las disposiciones y reglamentos\u00a0 nacionales que\u00a0 \u00a0\u00a0\u00a0\u00a0\u00a0\u00a0\u00a0\u00a0\u00a0\u00a0\u00a0 instituyeron\u00a0 el \u201caislamiento\u00a0 social preventivo y obligatorio\u201d. Exceptuando los \u00a0\u00a0\u00a0\u00a0\u00a0\u00a0\u00a0 rubros y servicios declarados como \u201cesenciales\u201d en la emergencia, los cuales se \u00a0\u00a0\u00a0\u00a0\u00a0\u00a0\u00a0\u00a0\u00a0\u00a0\u00a0 comprenden\u00a0 en el Art\u00edculo 6\u00b0 del Decreto Nacional N\u00b0 297\/2.020 y posteriores.\u00a0 \u00a0\u00a0\u00a0\u00a0\u00a0\u00a0\u00a0\u00a0\u00a0\u00a0 Este monto significar\u00e1 solo una reducci\u00f3n del\u00a0\u00a0 0,037% de la recaudaci\u00f3n del Presupuesto anual del a\u00f1o en curso.<\/p>\n<p>ARTICULO 2\u00b0: Disp\u00f3ngase\u00a0 la condonaci\u00f3n\u00a0 total de las tasas de comercio, durante el a\u00f1o \u00a0\u00a0\u00a0\u00a0\u00a0\u00a0 2.020, a todos los establecimientos\u00a0 vinculados de forma directa con la industria tur\u00edstica , enti\u00e9ndase por tal a establecimientos destinados a alojamiento, agencias \u00a0\u00a0\u00a0\u00a0\u00a0\u00a0\u00a0\u00a0\u00a0 de turismo, emprendimientos tur\u00edsticos, gu\u00edas de turismo\u00a0 y afines.<\/p>\n<p>ARTICULO 3\u00b0: Comp\u00fatese como cr\u00e9dito a favor del contribuyente, seg\u00fan Art\u00edculo 1\u00b0, para el \u00a0\u00a0\u00a0\u00a0\u00a0\u00a0\u00a0\u00a0\u00a0\u00a0\u00a0 Ejercicio Fiscal 2.020, para los contribuyentes comprendidos\u00a0 en el Art\u00edculo \u00a0\u00a0\u00a0\u00a0\u00a0\u00a0 2\u00b0, que hayan \u00a0\u00a0\u00a0\u00a0\u00a0\u00a0\u00a0\u00a0\u00a0\u00a0\u00a0 abonado con \u00a0\u00a0 fecha anterior a la sanci\u00f3n \u00a0\u00a0a la presente pieza legal\u00a0 \u00a0\u00a0\u00a0\u00a0\u00a0\u00a0\u00a0\u00a0 comput\u00e1ndose el ejercicio 2.021.<\/p>\n<p>ARTICULO 4\u00b0: Disp\u00f3ngase como Autoridad de Criterio y Aplicaci\u00f3n de la presente \u00a0\u00a0\u00a0 Ordenanza a la Direcci\u00f3n de Rentas de la Municipalidad de Malarg\u00fce.<\/p>\n<p>ARTICULO 5\u00b0: Comun\u00edquese, reg\u00edstrese, c\u00famplase, publ\u00edquese, agr\u00e9guese copia de la presente en las actuaciones correspondientes.<\/p>\n<p>DADA EN LA SALA DE SESIONES DR. RICARDO BALBIN DEL HONORABLE CONCEJO DELIBERANTE DE LA MUNICIPALIDAD DE MALARG\u00dcE A QUINCE D\u00cdAS DE MAYO DE DOS MIL VEINTE.<\/p>\n<p>Art Relacionados.:<\/p>\n<p><a href=\"https:\/\/hcd.malargue.gov.ar\/2020\/05\/14\/dio-inicio-la-sesion-extraordinaria-para-dar-tratamiento-a-la-eximicion-de-pago-de-las-tasas-de-comercio\/\">https:\/\/hcd.malargue.gov.ar\/2020\/05\/14\/dio-inicio-la-sesion-extraordinaria-para-dar-tratamiento-a-la-eximicion-de-pago-de-las-tasas-de-comercio\/<\/a><\/p>\n<p><a href=\"https:\/\/hcd.malargue.gov.ar\/2020\/05\/15\/dio-por-finalizada-la-sesion-extraordinaria-aprobando-una-ordenanza\/\">https:\/\/hcd.malargue.gov.ar\/2020\/05\/15\/dio-por-finalizada-la-sesion-extraordinaria-aprobando-una-ordenanza\/<\/a><\/p>\n","protected":false},"excerpt":{"rendered":"<p>VISTO: La nota HC-2.673\/2.020. Proyecto de Ordenanza: Eximici\u00f3n del pago de tasas de\u00a0 comercio a actividades\u00a0 departamentales damnificados\u00a0 por la\u00a0 crisis\u00a0 socio \u00a0\u00a0\u00a0\u00a0 econ\u00f3mica que atraviesa nuestro Pa\u00eds en el marco de la propagaci\u00f3n de la pandemia \u00a0\u00a0\u00a0\u00a0 COVID-19, elevado por el Departamento Ejecutivo Municipal al Honorable \u00a0\u00a0\u00a0\u00a0\u00a0 Concejo Deliberante. La actual situaci\u00f3n de emergencia\u00a0 [&hellip;]<\/p>\n","protected":false},"author":5,"featured_media":20294,"comment_status":"closed","ping_status":"closed","sticky":false,"template":"","format":"standard","meta":{"footnotes":""},"categories":[52,29,48,33],"tags":[],"class_list":["post-20289","post","type-post","status-publish","format-standard","has-post-thumbnail","hentry","category-gacetillas","category-lesgilacion","category-ordenanzas-municipales","category-prensa"],"yoast_head":"<!-- This site is optimized with the Yoast SEO plugin v19.10 - https:\/\/yoast.com\/wordpress\/plugins\/seo\/ -->\n<title>ORDENANZA N\u00b0 2029\/2020 - Malarg\u00fce HCD<\/title>\n<meta name=\"robots\" content=\"index, follow, max-snippet:-1, max-image-preview:large, max-video-preview:-1\" \/>\n<link rel=\"canonical\" href=\"https:\/\/hcd.malargue.gov.ar\/?p=20289\" \/>\n<meta property=\"og:locale\" content=\"es_ES\" \/>\n<meta property=\"og:type\" content=\"article\" \/>\n<meta property=\"og:title\" content=\"ORDENANZA N\u00b0 2029\/2020 - Malarg\u00fce HCD\" \/>\n<meta property=\"og:description\" content=\"VISTO: La nota HC-2.673\/2.020. Proyecto de Ordenanza: Eximici\u00f3n del pago de tasas de\u00a0 comercio a actividades\u00a0 departamentales damnificados\u00a0 por la\u00a0 crisis\u00a0 socio \u00a0\u00a0\u00a0\u00a0 econ\u00f3mica que atraviesa nuestro Pa\u00eds en el marco de la propagaci\u00f3n de la pandemia \u00a0\u00a0\u00a0\u00a0 COVID-19, elevado por el Departamento Ejecutivo Municipal al Honorable \u00a0\u00a0\u00a0\u00a0\u00a0 Concejo Deliberante. La actual situaci\u00f3n de emergencia\u00a0 [&hellip;]\" \/>\n<meta property=\"og:url\" content=\"https:\/\/hcd.malargue.gov.ar\/?p=20289\" \/>\n<meta property=\"og:site_name\" content=\"Malarg\u00fce HCD\" \/>\n<meta property=\"article:published_time\" content=\"2020-05-19T20:45:39+00:00\" \/>\n<meta property=\"article:modified_time\" content=\"2020-06-30T15:38:44+00:00\" \/>\n<meta property=\"og:image\" content=\"https:\/\/hcd.malargue.gov.ar\/wp-content\/uploads\/2020\/05\/EXIMICI\u00d3N-PAGO-TASAS-DE-COMERCIOS.jpg\" \/>\n\t<meta property=\"og:image:width\" content=\"1232\" \/>\n\t<meta property=\"og:image:height\" content=\"579\" \/>\n\t<meta property=\"og:image:type\" content=\"image\/jpeg\" \/>\n<meta name=\"author\" content=\"Belen Pedernera Ferragut\" \/>\n<meta name=\"twitter:card\" content=\"summary_large_image\" \/>\n<meta name=\"twitter:label1\" content=\"Escrito por\" \/>\n\t<meta name=\"twitter:data1\" content=\"Belen Pedernera Ferragut\" \/>\n\t<meta name=\"twitter:label2\" content=\"Tiempo de lectura\" \/>\n\t<meta name=\"twitter:data2\" content=\"5 minutos\" \/>\n<script type=\"application\/ld+json\" class=\"yoast-schema-graph\">{\"@context\":\"https:\/\/schema.org\",\"@graph\":[{\"@type\":\"WebPage\",\"@id\":\"https:\/\/hcd.malargue.gov.ar\/?p=20289\",\"url\":\"https:\/\/hcd.malargue.gov.ar\/?p=20289\",\"name\":\"ORDENANZA N\u00b0 2029\/2020 - Malarg\u00fce HCD\",\"isPartOf\":{\"@id\":\"https:\/\/hcd.malargue.gov.ar\/#website\"},\"datePublished\":\"2020-05-19T20:45:39+00:00\",\"dateModified\":\"2020-06-30T15:38:44+00:00\",\"author\":{\"@id\":\"https:\/\/hcd.malargue.gov.ar\/#\/schema\/person\/3fd6bbab64edd703961b795156c955d0\"},\"breadcrumb\":{\"@id\":\"https:\/\/hcd.malargue.gov.ar\/?p=20289#breadcrumb\"},\"inLanguage\":\"es-AR\",\"potentialAction\":[{\"@type\":\"ReadAction\",\"target\":[\"https:\/\/hcd.malargue.gov.ar\/?p=20289\"]}]},{\"@type\":\"BreadcrumbList\",\"@id\":\"https:\/\/hcd.malargue.gov.ar\/?p=20289#breadcrumb\",\"itemListElement\":[{\"@type\":\"ListItem\",\"position\":1,\"name\":\"Inicio\",\"item\":\"https:\/\/hcd.malargue.gov.ar\/\"},{\"@type\":\"ListItem\",\"position\":2,\"name\":\"ORDENANZA N\u00b0 2029\/2020\"}]},{\"@type\":\"WebSite\",\"@id\":\"https:\/\/hcd.malargue.gov.ar\/#website\",\"url\":\"https:\/\/hcd.malargue.gov.ar\/\",\"name\":\"Malarg\u00fce HCD\",\"description\":\"Malarg\u00fce Mendoza Argentina\",\"potentialAction\":[{\"@type\":\"SearchAction\",\"target\":{\"@type\":\"EntryPoint\",\"urlTemplate\":\"https:\/\/hcd.malargue.gov.ar\/?s={search_term_string}\"},\"query-input\":\"required name=search_term_string\"}],\"inLanguage\":\"es-AR\"},{\"@type\":\"Person\",\"@id\":\"https:\/\/hcd.malargue.gov.ar\/#\/schema\/person\/3fd6bbab64edd703961b795156c955d0\",\"name\":\"Belen Pedernera Ferragut\",\"image\":{\"@type\":\"ImageObject\",\"inLanguage\":\"es-AR\",\"@id\":\"https:\/\/hcd.malargue.gov.ar\/#\/schema\/person\/image\/\",\"url\":\"https:\/\/secure.gravatar.com\/avatar\/1054ffab3893de4bb3eb29bdd22f7e34b8537bf5d34d9dab311818154ad5b71f?s=96&d=mm&r=g\",\"contentUrl\":\"https:\/\/secure.gravatar.com\/avatar\/1054ffab3893de4bb3eb29bdd22f7e34b8537bf5d34d9dab311818154ad5b71f?s=96&d=mm&r=g\",\"caption\":\"Belen Pedernera Ferragut\"},\"url\":\"https:\/\/hcd.malargue.gov.ar\/?author=5\"}]}<\/script>\n<!-- \/ Yoast SEO plugin. -->","yoast_head_json":{"title":"ORDENANZA N\u00b0 2029\/2020 - Malarg\u00fce HCD","robots":{"index":"index","follow":"follow","max-snippet":"max-snippet:-1","max-image-preview":"max-image-preview:large","max-video-preview":"max-video-preview:-1"},"canonical":"https:\/\/hcd.malargue.gov.ar\/?p=20289","og_locale":"es_ES","og_type":"article","og_title":"ORDENANZA N\u00b0 2029\/2020 - Malarg\u00fce HCD","og_description":"VISTO: La nota HC-2.673\/2.020. Proyecto de Ordenanza: Eximici\u00f3n del pago de tasas de\u00a0 comercio a actividades\u00a0 departamentales damnificados\u00a0 por la\u00a0 crisis\u00a0 socio \u00a0\u00a0\u00a0\u00a0 econ\u00f3mica que atraviesa nuestro Pa\u00eds en el marco de la propagaci\u00f3n de la pandemia \u00a0\u00a0\u00a0\u00a0 COVID-19, elevado por el Departamento Ejecutivo Municipal al Honorable \u00a0\u00a0\u00a0\u00a0\u00a0 Concejo Deliberante. La actual situaci\u00f3n de emergencia\u00a0 [&hellip;]","og_url":"https:\/\/hcd.malargue.gov.ar\/?p=20289","og_site_name":"Malarg\u00fce HCD","article_published_time":"2020-05-19T20:45:39+00:00","article_modified_time":"2020-06-30T15:38:44+00:00","og_image":[{"width":1232,"height":579,"url":"https:\/\/hcd.malargue.gov.ar\/wp-content\/uploads\/2020\/05\/EXIMICI\u00d3N-PAGO-TASAS-DE-COMERCIOS.jpg","type":"image\/jpeg"}],"author":"Belen Pedernera Ferragut","twitter_card":"summary_large_image","twitter_misc":{"Escrito por":"Belen Pedernera Ferragut","Tiempo de lectura":"5 minutos"},"schema":{"@context":"https:\/\/schema.org","@graph":[{"@type":"WebPage","@id":"https:\/\/hcd.malargue.gov.ar\/?p=20289","url":"https:\/\/hcd.malargue.gov.ar\/?p=20289","name":"ORDENANZA N\u00b0 2029\/2020 - Malarg\u00fce HCD","isPartOf":{"@id":"https:\/\/hcd.malargue.gov.ar\/#website"},"datePublished":"2020-05-19T20:45:39+00:00","dateModified":"2020-06-30T15:38:44+00:00","author":{"@id":"https:\/\/hcd.malargue.gov.ar\/#\/schema\/person\/3fd6bbab64edd703961b795156c955d0"},"breadcrumb":{"@id":"https:\/\/hcd.malargue.gov.ar\/?p=20289#breadcrumb"},"inLanguage":"es-AR","potentialAction":[{"@type":"ReadAction","target":["https:\/\/hcd.malargue.gov.ar\/?p=20289"]}]},{"@type":"BreadcrumbList","@id":"https:\/\/hcd.malargue.gov.ar\/?p=20289#breadcrumb","itemListElement":[{"@type":"ListItem","position":1,"name":"Inicio","item":"https:\/\/hcd.malargue.gov.ar\/"},{"@type":"ListItem","position":2,"name":"ORDENANZA N\u00b0 2029\/2020"}]},{"@type":"WebSite","@id":"https:\/\/hcd.malargue.gov.ar\/#website","url":"https:\/\/hcd.malargue.gov.ar\/","name":"Malarg\u00fce HCD","description":"Malarg\u00fce Mendoza Argentina","potentialAction":[{"@type":"SearchAction","target":{"@type":"EntryPoint","urlTemplate":"https:\/\/hcd.malargue.gov.ar\/?s={search_term_string}"},"query-input":"required name=search_term_string"}],"inLanguage":"es-AR"},{"@type":"Person","@id":"https:\/\/hcd.malargue.gov.ar\/#\/schema\/person\/3fd6bbab64edd703961b795156c955d0","name":"Belen Pedernera Ferragut","image":{"@type":"ImageObject","inLanguage":"es-AR","@id":"https:\/\/hcd.malargue.gov.ar\/#\/schema\/person\/image\/","url":"https:\/\/secure.gravatar.com\/avatar\/1054ffab3893de4bb3eb29bdd22f7e34b8537bf5d34d9dab311818154ad5b71f?s=96&d=mm&r=g","contentUrl":"https:\/\/secure.gravatar.com\/avatar\/1054ffab3893de4bb3eb29bdd22f7e34b8537bf5d34d9dab311818154ad5b71f?s=96&d=mm&r=g","caption":"Belen Pedernera Ferragut"},"url":"https:\/\/hcd.malargue.gov.ar\/?author=5"}]}},"_links":{"self":[{"href":"https:\/\/hcd.malargue.gov.ar\/index.php?rest_route=\/wp\/v2\/posts\/20289","targetHints":{"allow":["GET"]}}],"collection":[{"href":"https:\/\/hcd.malargue.gov.ar\/index.php?rest_route=\/wp\/v2\/posts"}],"about":[{"href":"https:\/\/hcd.malargue.gov.ar\/index.php?rest_route=\/wp\/v2\/types\/post"}],"author":[{"embeddable":true,"href":"https:\/\/hcd.malargue.gov.ar\/index.php?rest_route=\/wp\/v2\/users\/5"}],"replies":[{"embeddable":true,"href":"https:\/\/hcd.malargue.gov.ar\/index.php?rest_route=%2Fwp%2Fv2%2Fcomments&post=20289"}],"version-history":[{"count":0,"href":"https:\/\/hcd.malargue.gov.ar\/index.php?rest_route=\/wp\/v2\/posts\/20289\/revisions"}],"wp:featuredmedia":[{"embeddable":true,"href":"https:\/\/hcd.malargue.gov.ar\/index.php?rest_route=\/wp\/v2\/media\/20294"}],"wp:attachment":[{"href":"https:\/\/hcd.malargue.gov.ar\/index.php?rest_route=%2Fwp%2Fv2%2Fmedia&parent=20289"}],"wp:term":[{"taxonomy":"category","embeddable":true,"href":"https:\/\/hcd.malargue.gov.ar\/index.php?rest_route=%2Fwp%2Fv2%2Fcategories&post=20289"},{"taxonomy":"post_tag","embeddable":true,"href":"https:\/\/hcd.malargue.gov.ar\/index.php?rest_route=%2Fwp%2Fv2%2Ftags&post=20289"}],"curies":[{"name":"wp","href":"https:\/\/api.w.org\/{rel}","templated":true}]}}