{"id":20326,"date":"2020-05-25T00:00:07","date_gmt":"2020-05-25T03:00:07","guid":{"rendered":"https:\/\/hcd.malargue.gov.ar\/?p=20326"},"modified":"2020-07-13T10:16:32","modified_gmt":"2020-07-13T13:16:32","slug":"revolucion-de-mayo","status":"publish","type":"post","link":"https:\/\/hcd.malargue.gov.ar\/?p=20326","title":{"rendered":"REVOLUCI\u00d3N DE MAYO"},"content":{"rendered":"<p>La <b>Revoluci\u00f3n de Mayo<\/b> fue una serie de acontecimientos revolucionarios ocurridos en la ciudad de Buenos Aires, capital del Virreinato del R\u00edo de la Plata, dependiente del rey de Espa\u00f1a, que se sucedieron durante el transcurso de la llamada <i>Semana de Mayo<\/i>, entre el 18 de mayo de 1810, fecha de la confirmaci\u00f3n oficial de la ca\u00edda de la Junta Suprema Central, y el 25 de mayo, fecha en que se destituy\u00f3 al virrey Baltasar Hidalgo de Cisneros y se lo reemplaz\u00f3 por la Primera Junta de gobierno.<\/p>\n<p>Si bien inici\u00f3 el proceso de surgimiento del Estado Argentino no hubo una proclamaci\u00f3n de la independencia formal, ya que la Primera Junta no reconoc\u00eda la autoridad del Consejo de Regencia de Espa\u00f1a e Indias, pero a\u00fan gobernaba nominalmente en nombre del rey de Espa\u00f1a Fernando VII, quien hab\u00eda sido depuesto por las Abdicaciones de Bayona y su lugar ocupado por el franc\u00e9s Jos\u00e9 Bonaparte.<\/p>\n<p>Esta manifestaci\u00f3n de lealtad, conocida como la m\u00e1scara de Fernando VII, es considerada por algunos historiadores como una maniobra pol\u00edtica que ocultaba las intenciones independentistas. Otros sostienen que asumir esto ser\u00eda como considerar que los revolucionarios eran \u00abc\u00ednicos, embusteros y traidores\u00bb.<sup id=\"cite_ref-1\" class=\"reference separada\"><\/sup><\/p>\n<p>La declaraci\u00f3n de independencia de la Argentina tuvo lugar seis a\u00f1os despu\u00e9s durante el Congreso de Tucum\u00e1n el 9 de julio de 1816.<\/p>\n","protected":false},"excerpt":{"rendered":"<p>La Revoluci\u00f3n de Mayo fue una serie de acontecimientos revolucionarios ocurridos en la ciudad de Buenos Aires, capital del Virreinato del R\u00edo de la Plata, dependiente del rey de Espa\u00f1a, que se sucedieron durante el transcurso de la llamada Semana de Mayo, entre el 18 de mayo de 1810, fecha de la confirmaci\u00f3n oficial de [&hellip;]<\/p>\n","protected":false},"author":5,"featured_media":20327,"comment_status":"closed","ping_status":"closed","sticky":false,"template":"","format":"standard","meta":{"footnotes":""},"categories":[69,52,33],"tags":[],"class_list":["post-20326","post","type-post","status-publish","format-standard","has-post-thumbnail","hentry","category-efemerides","category-gacetillas","category-prensa"],"yoast_head":"<!-- This site is optimized with the Yoast SEO plugin v19.10 - https:\/\/yoast.com\/wordpress\/plugins\/seo\/ -->\n<title>REVOLUCI\u00d3N DE MAYO - Malarg\u00fce HCD<\/title>\n<meta name=\"robots\" content=\"index, follow, max-snippet:-1, max-image-preview:large, max-video-preview:-1\" \/>\n<link rel=\"canonical\" href=\"https:\/\/hcd.malargue.gov.ar\/?p=20326\" \/>\n<meta property=\"og:locale\" content=\"es_ES\" \/>\n<meta property=\"og:type\" content=\"article\" \/>\n<meta property=\"og:title\" content=\"REVOLUCI\u00d3N DE MAYO - Malarg\u00fce HCD\" \/>\n<meta property=\"og:description\" content=\"La Revoluci\u00f3n de Mayo fue una serie de acontecimientos revolucionarios ocurridos en la ciudad de Buenos Aires, capital del Virreinato del R\u00edo de la Plata, dependiente del rey de Espa\u00f1a, que se sucedieron durante el transcurso de la llamada Semana de Mayo, entre el 18 de mayo de 1810, fecha de la confirmaci\u00f3n oficial de [&hellip;]\" \/>\n<meta property=\"og:url\" content=\"https:\/\/hcd.malargue.gov.ar\/?p=20326\" \/>\n<meta property=\"og:site_name\" content=\"Malarg\u00fce HCD\" \/>\n<meta property=\"article:published_time\" content=\"2020-05-25T03:00:07+00:00\" \/>\n<meta property=\"article:modified_time\" content=\"2020-07-13T13:16:32+00:00\" \/>\n<meta property=\"og:image\" content=\"https:\/\/hcd.malargue.gov.ar\/wp-content\/uploads\/2020\/05\/25_de_mayo_por_F._Fortuny.jpg\" \/>\n\t<meta property=\"og:image:width\" content=\"800\" \/>\n\t<meta property=\"og:image:height\" content=\"518\" \/>\n\t<meta property=\"og:image:type\" content=\"image\/jpeg\" \/>\n<meta name=\"author\" content=\"Belen Pedernera Ferragut\" \/>\n<meta name=\"twitter:card\" content=\"summary_large_image\" \/>\n<meta name=\"twitter:label1\" content=\"Escrito por\" \/>\n\t<meta name=\"twitter:data1\" content=\"Belen Pedernera Ferragut\" \/>\n\t<meta name=\"twitter:label2\" content=\"Tiempo de lectura\" \/>\n\t<meta name=\"twitter:data2\" content=\"1 minuto\" \/>\n<script type=\"application\/ld+json\" class=\"yoast-schema-graph\">{\"@context\":\"https:\/\/schema.org\",\"@graph\":[{\"@type\":\"WebPage\",\"@id\":\"https:\/\/hcd.malargue.gov.ar\/?p=20326\",\"url\":\"https:\/\/hcd.malargue.gov.ar\/?p=20326\",\"name\":\"REVOLUCI\u00d3N DE MAYO - Malarg\u00fce HCD\",\"isPartOf\":{\"@id\":\"https:\/\/hcd.malargue.gov.ar\/#website\"},\"datePublished\":\"2020-05-25T03:00:07+00:00\",\"dateModified\":\"2020-07-13T13:16:32+00:00\",\"author\":{\"@id\":\"https:\/\/hcd.malargue.gov.ar\/#\/schema\/person\/3fd6bbab64edd703961b795156c955d0\"},\"breadcrumb\":{\"@id\":\"https:\/\/hcd.malargue.gov.ar\/?p=20326#breadcrumb\"},\"inLanguage\":\"es-AR\",\"potentialAction\":[{\"@type\":\"ReadAction\",\"target\":[\"https:\/\/hcd.malargue.gov.ar\/?p=20326\"]}]},{\"@type\":\"BreadcrumbList\",\"@id\":\"https:\/\/hcd.malargue.gov.ar\/?p=20326#breadcrumb\",\"itemListElement\":[{\"@type\":\"ListItem\",\"position\":1,\"name\":\"Inicio\",\"item\":\"https:\/\/hcd.malargue.gov.ar\/\"},{\"@type\":\"ListItem\",\"position\":2,\"name\":\"REVOLUCI\u00d3N DE MAYO\"}]},{\"@type\":\"WebSite\",\"@id\":\"https:\/\/hcd.malargue.gov.ar\/#website\",\"url\":\"https:\/\/hcd.malargue.gov.ar\/\",\"name\":\"Malarg\u00fce HCD\",\"description\":\"Malarg\u00fce Mendoza Argentina\",\"potentialAction\":[{\"@type\":\"SearchAction\",\"target\":{\"@type\":\"EntryPoint\",\"urlTemplate\":\"https:\/\/hcd.malargue.gov.ar\/?s={search_term_string}\"},\"query-input\":\"required name=search_term_string\"}],\"inLanguage\":\"es-AR\"},{\"@type\":\"Person\",\"@id\":\"https:\/\/hcd.malargue.gov.ar\/#\/schema\/person\/3fd6bbab64edd703961b795156c955d0\",\"name\":\"Belen Pedernera Ferragut\",\"image\":{\"@type\":\"ImageObject\",\"inLanguage\":\"es-AR\",\"@id\":\"https:\/\/hcd.malargue.gov.ar\/#\/schema\/person\/image\/\",\"url\":\"https:\/\/secure.gravatar.com\/avatar\/1054ffab3893de4bb3eb29bdd22f7e34b8537bf5d34d9dab311818154ad5b71f?s=96&d=mm&r=g\",\"contentUrl\":\"https:\/\/secure.gravatar.com\/avatar\/1054ffab3893de4bb3eb29bdd22f7e34b8537bf5d34d9dab311818154ad5b71f?s=96&d=mm&r=g\",\"caption\":\"Belen Pedernera Ferragut\"},\"url\":\"https:\/\/hcd.malargue.gov.ar\/?author=5\"}]}<\/script>\n<!-- \/ Yoast SEO plugin. -->","yoast_head_json":{"title":"REVOLUCI\u00d3N DE MAYO - Malarg\u00fce HCD","robots":{"index":"index","follow":"follow","max-snippet":"max-snippet:-1","max-image-preview":"max-image-preview:large","max-video-preview":"max-video-preview:-1"},"canonical":"https:\/\/hcd.malargue.gov.ar\/?p=20326","og_locale":"es_ES","og_type":"article","og_title":"REVOLUCI\u00d3N DE MAYO - Malarg\u00fce HCD","og_description":"La Revoluci\u00f3n de Mayo fue una serie de acontecimientos revolucionarios ocurridos en la ciudad de Buenos Aires, capital del Virreinato del R\u00edo de la Plata, dependiente del rey de Espa\u00f1a, que se sucedieron durante el transcurso de la llamada Semana de Mayo, entre el 18 de mayo de 1810, fecha de la confirmaci\u00f3n oficial de [&hellip;]","og_url":"https:\/\/hcd.malargue.gov.ar\/?p=20326","og_site_name":"Malarg\u00fce HCD","article_published_time":"2020-05-25T03:00:07+00:00","article_modified_time":"2020-07-13T13:16:32+00:00","og_image":[{"width":800,"height":518,"url":"https:\/\/hcd.malargue.gov.ar\/wp-content\/uploads\/2020\/05\/25_de_mayo_por_F._Fortuny.jpg","type":"image\/jpeg"}],"author":"Belen Pedernera Ferragut","twitter_card":"summary_large_image","twitter_misc":{"Escrito por":"Belen Pedernera Ferragut","Tiempo de lectura":"1 minuto"},"schema":{"@context":"https:\/\/schema.org","@graph":[{"@type":"WebPage","@id":"https:\/\/hcd.malargue.gov.ar\/?p=20326","url":"https:\/\/hcd.malargue.gov.ar\/?p=20326","name":"REVOLUCI\u00d3N DE MAYO - Malarg\u00fce HCD","isPartOf":{"@id":"https:\/\/hcd.malargue.gov.ar\/#website"},"datePublished":"2020-05-25T03:00:07+00:00","dateModified":"2020-07-13T13:16:32+00:00","author":{"@id":"https:\/\/hcd.malargue.gov.ar\/#\/schema\/person\/3fd6bbab64edd703961b795156c955d0"},"breadcrumb":{"@id":"https:\/\/hcd.malargue.gov.ar\/?p=20326#breadcrumb"},"inLanguage":"es-AR","potentialAction":[{"@type":"ReadAction","target":["https:\/\/hcd.malargue.gov.ar\/?p=20326"]}]},{"@type":"BreadcrumbList","@id":"https:\/\/hcd.malargue.gov.ar\/?p=20326#breadcrumb","itemListElement":[{"@type":"ListItem","position":1,"name":"Inicio","item":"https:\/\/hcd.malargue.gov.ar\/"},{"@type":"ListItem","position":2,"name":"REVOLUCI\u00d3N DE MAYO"}]},{"@type":"WebSite","@id":"https:\/\/hcd.malargue.gov.ar\/#website","url":"https:\/\/hcd.malargue.gov.ar\/","name":"Malarg\u00fce HCD","description":"Malarg\u00fce Mendoza Argentina","potentialAction":[{"@type":"SearchAction","target":{"@type":"EntryPoint","urlTemplate":"https:\/\/hcd.malargue.gov.ar\/?s={search_term_string}"},"query-input":"required name=search_term_string"}],"inLanguage":"es-AR"},{"@type":"Person","@id":"https:\/\/hcd.malargue.gov.ar\/#\/schema\/person\/3fd6bbab64edd703961b795156c955d0","name":"Belen Pedernera Ferragut","image":{"@type":"ImageObject","inLanguage":"es-AR","@id":"https:\/\/hcd.malargue.gov.ar\/#\/schema\/person\/image\/","url":"https:\/\/secure.gravatar.com\/avatar\/1054ffab3893de4bb3eb29bdd22f7e34b8537bf5d34d9dab311818154ad5b71f?s=96&d=mm&r=g","contentUrl":"https:\/\/secure.gravatar.com\/avatar\/1054ffab3893de4bb3eb29bdd22f7e34b8537bf5d34d9dab311818154ad5b71f?s=96&d=mm&r=g","caption":"Belen Pedernera Ferragut"},"url":"https:\/\/hcd.malargue.gov.ar\/?author=5"}]}},"_links":{"self":[{"href":"https:\/\/hcd.malargue.gov.ar\/index.php?rest_route=\/wp\/v2\/posts\/20326","targetHints":{"allow":["GET"]}}],"collection":[{"href":"https:\/\/hcd.malargue.gov.ar\/index.php?rest_route=\/wp\/v2\/posts"}],"about":[{"href":"https:\/\/hcd.malargue.gov.ar\/index.php?rest_route=\/wp\/v2\/types\/post"}],"author":[{"embeddable":true,"href":"https:\/\/hcd.malargue.gov.ar\/index.php?rest_route=\/wp\/v2\/users\/5"}],"replies":[{"embeddable":true,"href":"https:\/\/hcd.malargue.gov.ar\/index.php?rest_route=%2Fwp%2Fv2%2Fcomments&post=20326"}],"version-history":[{"count":0,"href":"https:\/\/hcd.malargue.gov.ar\/index.php?rest_route=\/wp\/v2\/posts\/20326\/revisions"}],"wp:featuredmedia":[{"embeddable":true,"href":"https:\/\/hcd.malargue.gov.ar\/index.php?rest_route=\/wp\/v2\/media\/20327"}],"wp:attachment":[{"href":"https:\/\/hcd.malargue.gov.ar\/index.php?rest_route=%2Fwp%2Fv2%2Fmedia&parent=20326"}],"wp:term":[{"taxonomy":"category","embeddable":true,"href":"https:\/\/hcd.malargue.gov.ar\/index.php?rest_route=%2Fwp%2Fv2%2Fcategories&post=20326"},{"taxonomy":"post_tag","embeddable":true,"href":"https:\/\/hcd.malargue.gov.ar\/index.php?rest_route=%2Fwp%2Fv2%2Ftags&post=20326"}],"curies":[{"name":"wp","href":"https:\/\/api.w.org\/{rel}","templated":true}]}}