{"id":20392,"date":"2020-06-08T00:00:09","date_gmt":"2020-06-08T03:00:09","guid":{"rendered":"https:\/\/hcd.malargue.gov.ar\/?p=20392"},"modified":"2020-07-13T10:13:44","modified_gmt":"2020-07-13T13:13:44","slug":"dia-mundial-de-los-oceanos","status":"publish","type":"post","link":"https:\/\/hcd.malargue.gov.ar\/?p=20392","title":{"rendered":"DIA MUNDIAL DE LOS OCEANOS"},"content":{"rendered":"<p><b>\u00bfPor qu\u00e9 celebramos el D\u00eda Mundial de los Oc\u00e9anos?<\/b><\/p>\n<p>Celebramos el D\u00eda Mundial de los Oc\u00e9anos para recordar a todo el mundo el gran papel que los oc\u00e9anos juegan en nuestras vidas. Son los pulmones de nuestro planeta, que generan la mayor\u00eda del ox\u00edgeno que respiramos.<\/p>\n<p>A los oc\u00e9anos se les atribuye como uno de los principales generadores de vida en la tierra, ya que son productores de ox\u00edgeno. En ellos habitan millones de seres vivos que su existencia depende exclusivamente de sus profundas aguas y minerales. Sus afectaciones repercuten tambi\u00e9n en la vida de los seres humanos, el clima y la temperatura, por ende, respetarlos y conservarlos nos corresponde directamente a todos.<\/p>\n<p>Una correcta forma de cuidar esta gran fuente h\u00eddrica es adoptando h\u00e1bitos sostenibles en nuestra rutina y siendo conscientes que miles de los residuos de productos que compramos como el pl\u00e1stico, van a parar en mares, r\u00edos y lagos que posteriormente desembocar\u00e1n rumbo a los oc\u00e9anos, afectando a miles de especies marinas. De hecho, su cuidado requiere de herramientas especiales que generen soluciones m\u00e1s inmediatas, de lo contrario, la contaminaci\u00f3n de los oc\u00e9anos ser\u00eda much\u00edsimo m\u00e1s elevada.<\/p>\n<p>El 08 de junio se conmemora el D\u00eda Mundial de los Oc\u00e9anos, la invitaci\u00f3n es a promover la limpieza y el orden de estos espacios mar\u00edtimos, trabajando para dar soluci\u00f3n al Objetivo n\u00famero 14 de Desarrollo Sostenible, \u201cvida submarina\u201d, y para salvar la vida de muchas especies, cuya necesidad se ha convertido en una de las metas sociales m\u00e1s importantes del planeta para mantener intacta nuestra biodiversidad.<\/p>\n<p><strong>Este d\u00eda se celebra para:<\/strong><\/p>\n<ul>\n<li>Impulsar la gesti\u00f3n sostenible de los oc\u00e9anos.<\/li>\n<li>Conmemorar su gran riqueza y exaltar su potencial, para que su belleza sea motivo para seguir actuando positivamente con nuestro entorno.<\/li>\n<li>Mantenernos informados acerca del estado de los mismos y las consecuencias que esto puede provocar al planeta.<\/li>\n<li>Emprender nuevas iniciativas conjuntas entre las organizaciones y la sociedad que creen comportamientos responsables en las personas y entidades encargadas de su cuidado. Recordar la importancia de los oc\u00e9anos en nuestra vida.<\/li>\n<\/ul>\n","protected":false},"excerpt":{"rendered":"<p>\u00bfPor qu\u00e9 celebramos el D\u00eda Mundial de los Oc\u00e9anos? Celebramos el D\u00eda Mundial de los Oc\u00e9anos para recordar a todo el mundo el gran papel que los oc\u00e9anos juegan en nuestras vidas. Son los pulmones de nuestro planeta, que generan la mayor\u00eda del ox\u00edgeno que respiramos. A los oc\u00e9anos se les atribuye como uno de [&hellip;]<\/p>\n","protected":false},"author":5,"featured_media":20393,"comment_status":"closed","ping_status":"closed","sticky":false,"template":"","format":"standard","meta":{"footnotes":""},"categories":[69,52,33],"tags":[],"class_list":["post-20392","post","type-post","status-publish","format-standard","has-post-thumbnail","hentry","category-efemerides","category-gacetillas","category-prensa"],"yoast_head":"<!-- This site is optimized with the Yoast SEO plugin v19.10 - https:\/\/yoast.com\/wordpress\/plugins\/seo\/ -->\n<title>DIA MUNDIAL DE LOS OCEANOS - Malarg\u00fce HCD<\/title>\n<meta name=\"robots\" content=\"index, follow, max-snippet:-1, max-image-preview:large, max-video-preview:-1\" \/>\n<link rel=\"canonical\" href=\"https:\/\/hcd.malargue.gov.ar\/?p=20392\" \/>\n<meta property=\"og:locale\" content=\"es_ES\" \/>\n<meta property=\"og:type\" content=\"article\" \/>\n<meta property=\"og:title\" content=\"DIA MUNDIAL DE LOS OCEANOS - Malarg\u00fce HCD\" \/>\n<meta property=\"og:description\" content=\"\u00bfPor qu\u00e9 celebramos el D\u00eda Mundial de los Oc\u00e9anos? Celebramos el D\u00eda Mundial de los Oc\u00e9anos para recordar a todo el mundo el gran papel que los oc\u00e9anos juegan en nuestras vidas. Son los pulmones de nuestro planeta, que generan la mayor\u00eda del ox\u00edgeno que respiramos. A los oc\u00e9anos se les atribuye como uno de [&hellip;]\" \/>\n<meta property=\"og:url\" content=\"https:\/\/hcd.malargue.gov.ar\/?p=20392\" \/>\n<meta property=\"og:site_name\" content=\"Malarg\u00fce HCD\" \/>\n<meta property=\"article:published_time\" content=\"2020-06-08T03:00:09+00:00\" \/>\n<meta property=\"article:modified_time\" content=\"2020-07-13T13:13:44+00:00\" \/>\n<meta property=\"og:image\" content=\"https:\/\/hcd.malargue.gov.ar\/wp-content\/uploads\/2020\/06\/dia-de-los-oceanos.jpg\" \/>\n\t<meta property=\"og:image:width\" content=\"859\" \/>\n\t<meta property=\"og:image:height\" content=\"662\" \/>\n\t<meta property=\"og:image:type\" content=\"image\/jpeg\" \/>\n<meta name=\"author\" content=\"Belen Pedernera Ferragut\" \/>\n<meta name=\"twitter:card\" content=\"summary_large_image\" \/>\n<meta name=\"twitter:label1\" content=\"Escrito por\" \/>\n\t<meta name=\"twitter:data1\" content=\"Belen Pedernera Ferragut\" \/>\n\t<meta name=\"twitter:label2\" content=\"Tiempo de lectura\" \/>\n\t<meta name=\"twitter:data2\" content=\"2 minutos\" \/>\n<script type=\"application\/ld+json\" class=\"yoast-schema-graph\">{\"@context\":\"https:\/\/schema.org\",\"@graph\":[{\"@type\":\"WebPage\",\"@id\":\"https:\/\/hcd.malargue.gov.ar\/?p=20392\",\"url\":\"https:\/\/hcd.malargue.gov.ar\/?p=20392\",\"name\":\"DIA MUNDIAL DE LOS OCEANOS - Malarg\u00fce HCD\",\"isPartOf\":{\"@id\":\"https:\/\/hcd.malargue.gov.ar\/#website\"},\"datePublished\":\"2020-06-08T03:00:09+00:00\",\"dateModified\":\"2020-07-13T13:13:44+00:00\",\"author\":{\"@id\":\"https:\/\/hcd.malargue.gov.ar\/#\/schema\/person\/3fd6bbab64edd703961b795156c955d0\"},\"breadcrumb\":{\"@id\":\"https:\/\/hcd.malargue.gov.ar\/?p=20392#breadcrumb\"},\"inLanguage\":\"es-AR\",\"potentialAction\":[{\"@type\":\"ReadAction\",\"target\":[\"https:\/\/hcd.malargue.gov.ar\/?p=20392\"]}]},{\"@type\":\"BreadcrumbList\",\"@id\":\"https:\/\/hcd.malargue.gov.ar\/?p=20392#breadcrumb\",\"itemListElement\":[{\"@type\":\"ListItem\",\"position\":1,\"name\":\"Inicio\",\"item\":\"https:\/\/hcd.malargue.gov.ar\/\"},{\"@type\":\"ListItem\",\"position\":2,\"name\":\"DIA MUNDIAL DE LOS OCEANOS\"}]},{\"@type\":\"WebSite\",\"@id\":\"https:\/\/hcd.malargue.gov.ar\/#website\",\"url\":\"https:\/\/hcd.malargue.gov.ar\/\",\"name\":\"Malarg\u00fce HCD\",\"description\":\"Malarg\u00fce Mendoza Argentina\",\"potentialAction\":[{\"@type\":\"SearchAction\",\"target\":{\"@type\":\"EntryPoint\",\"urlTemplate\":\"https:\/\/hcd.malargue.gov.ar\/?s={search_term_string}\"},\"query-input\":\"required name=search_term_string\"}],\"inLanguage\":\"es-AR\"},{\"@type\":\"Person\",\"@id\":\"https:\/\/hcd.malargue.gov.ar\/#\/schema\/person\/3fd6bbab64edd703961b795156c955d0\",\"name\":\"Belen Pedernera Ferragut\",\"image\":{\"@type\":\"ImageObject\",\"inLanguage\":\"es-AR\",\"@id\":\"https:\/\/hcd.malargue.gov.ar\/#\/schema\/person\/image\/\",\"url\":\"https:\/\/secure.gravatar.com\/avatar\/1054ffab3893de4bb3eb29bdd22f7e34b8537bf5d34d9dab311818154ad5b71f?s=96&d=mm&r=g\",\"contentUrl\":\"https:\/\/secure.gravatar.com\/avatar\/1054ffab3893de4bb3eb29bdd22f7e34b8537bf5d34d9dab311818154ad5b71f?s=96&d=mm&r=g\",\"caption\":\"Belen Pedernera Ferragut\"},\"url\":\"https:\/\/hcd.malargue.gov.ar\/?author=5\"}]}<\/script>\n<!-- \/ Yoast SEO plugin. -->","yoast_head_json":{"title":"DIA MUNDIAL DE LOS OCEANOS - Malarg\u00fce HCD","robots":{"index":"index","follow":"follow","max-snippet":"max-snippet:-1","max-image-preview":"max-image-preview:large","max-video-preview":"max-video-preview:-1"},"canonical":"https:\/\/hcd.malargue.gov.ar\/?p=20392","og_locale":"es_ES","og_type":"article","og_title":"DIA MUNDIAL DE LOS OCEANOS - Malarg\u00fce HCD","og_description":"\u00bfPor qu\u00e9 celebramos el D\u00eda Mundial de los Oc\u00e9anos? Celebramos el D\u00eda Mundial de los Oc\u00e9anos para recordar a todo el mundo el gran papel que los oc\u00e9anos juegan en nuestras vidas. Son los pulmones de nuestro planeta, que generan la mayor\u00eda del ox\u00edgeno que respiramos. A los oc\u00e9anos se les atribuye como uno de [&hellip;]","og_url":"https:\/\/hcd.malargue.gov.ar\/?p=20392","og_site_name":"Malarg\u00fce HCD","article_published_time":"2020-06-08T03:00:09+00:00","article_modified_time":"2020-07-13T13:13:44+00:00","og_image":[{"width":859,"height":662,"url":"https:\/\/hcd.malargue.gov.ar\/wp-content\/uploads\/2020\/06\/dia-de-los-oceanos.jpg","type":"image\/jpeg"}],"author":"Belen Pedernera Ferragut","twitter_card":"summary_large_image","twitter_misc":{"Escrito por":"Belen Pedernera Ferragut","Tiempo de lectura":"2 minutos"},"schema":{"@context":"https:\/\/schema.org","@graph":[{"@type":"WebPage","@id":"https:\/\/hcd.malargue.gov.ar\/?p=20392","url":"https:\/\/hcd.malargue.gov.ar\/?p=20392","name":"DIA MUNDIAL DE LOS OCEANOS - Malarg\u00fce HCD","isPartOf":{"@id":"https:\/\/hcd.malargue.gov.ar\/#website"},"datePublished":"2020-06-08T03:00:09+00:00","dateModified":"2020-07-13T13:13:44+00:00","author":{"@id":"https:\/\/hcd.malargue.gov.ar\/#\/schema\/person\/3fd6bbab64edd703961b795156c955d0"},"breadcrumb":{"@id":"https:\/\/hcd.malargue.gov.ar\/?p=20392#breadcrumb"},"inLanguage":"es-AR","potentialAction":[{"@type":"ReadAction","target":["https:\/\/hcd.malargue.gov.ar\/?p=20392"]}]},{"@type":"BreadcrumbList","@id":"https:\/\/hcd.malargue.gov.ar\/?p=20392#breadcrumb","itemListElement":[{"@type":"ListItem","position":1,"name":"Inicio","item":"https:\/\/hcd.malargue.gov.ar\/"},{"@type":"ListItem","position":2,"name":"DIA MUNDIAL DE LOS OCEANOS"}]},{"@type":"WebSite","@id":"https:\/\/hcd.malargue.gov.ar\/#website","url":"https:\/\/hcd.malargue.gov.ar\/","name":"Malarg\u00fce HCD","description":"Malarg\u00fce Mendoza Argentina","potentialAction":[{"@type":"SearchAction","target":{"@type":"EntryPoint","urlTemplate":"https:\/\/hcd.malargue.gov.ar\/?s={search_term_string}"},"query-input":"required name=search_term_string"}],"inLanguage":"es-AR"},{"@type":"Person","@id":"https:\/\/hcd.malargue.gov.ar\/#\/schema\/person\/3fd6bbab64edd703961b795156c955d0","name":"Belen Pedernera Ferragut","image":{"@type":"ImageObject","inLanguage":"es-AR","@id":"https:\/\/hcd.malargue.gov.ar\/#\/schema\/person\/image\/","url":"https:\/\/secure.gravatar.com\/avatar\/1054ffab3893de4bb3eb29bdd22f7e34b8537bf5d34d9dab311818154ad5b71f?s=96&d=mm&r=g","contentUrl":"https:\/\/secure.gravatar.com\/avatar\/1054ffab3893de4bb3eb29bdd22f7e34b8537bf5d34d9dab311818154ad5b71f?s=96&d=mm&r=g","caption":"Belen Pedernera Ferragut"},"url":"https:\/\/hcd.malargue.gov.ar\/?author=5"}]}},"_links":{"self":[{"href":"https:\/\/hcd.malargue.gov.ar\/index.php?rest_route=\/wp\/v2\/posts\/20392","targetHints":{"allow":["GET"]}}],"collection":[{"href":"https:\/\/hcd.malargue.gov.ar\/index.php?rest_route=\/wp\/v2\/posts"}],"about":[{"href":"https:\/\/hcd.malargue.gov.ar\/index.php?rest_route=\/wp\/v2\/types\/post"}],"author":[{"embeddable":true,"href":"https:\/\/hcd.malargue.gov.ar\/index.php?rest_route=\/wp\/v2\/users\/5"}],"replies":[{"embeddable":true,"href":"https:\/\/hcd.malargue.gov.ar\/index.php?rest_route=%2Fwp%2Fv2%2Fcomments&post=20392"}],"version-history":[{"count":0,"href":"https:\/\/hcd.malargue.gov.ar\/index.php?rest_route=\/wp\/v2\/posts\/20392\/revisions"}],"wp:featuredmedia":[{"embeddable":true,"href":"https:\/\/hcd.malargue.gov.ar\/index.php?rest_route=\/wp\/v2\/media\/20393"}],"wp:attachment":[{"href":"https:\/\/hcd.malargue.gov.ar\/index.php?rest_route=%2Fwp%2Fv2%2Fmedia&parent=20392"}],"wp:term":[{"taxonomy":"category","embeddable":true,"href":"https:\/\/hcd.malargue.gov.ar\/index.php?rest_route=%2Fwp%2Fv2%2Fcategories&post=20392"},{"taxonomy":"post_tag","embeddable":true,"href":"https:\/\/hcd.malargue.gov.ar\/index.php?rest_route=%2Fwp%2Fv2%2Ftags&post=20392"}],"curies":[{"name":"wp","href":"https:\/\/api.w.org\/{rel}","templated":true}]}}