{"id":20413,"date":"2020-06-20T00:00:01","date_gmt":"2020-06-20T03:00:01","guid":{"rendered":"https:\/\/hcd.malargue.gov.ar\/?p=20413"},"modified":"2020-07-13T10:11:39","modified_gmt":"2020-07-13T13:11:39","slug":"200-aniversario-del-fallecimiento-del-gral-manuel-belgrano","status":"publish","type":"post","link":"https:\/\/hcd.malargue.gov.ar\/?p=20413","title":{"rendered":"200\u00b0 ANIVERSARIO DEL FALLECIMIENTO DEL GRAL. MANUEL BELGRANO"},"content":{"rendered":"<p>El\u00a0<strong>D\u00eda de la Bandera\u00a0se conmemora cada a\u00f1o en\u00a0Argentina\u00a0el\u00a020 de junio<\/strong>. Esa fecha es feriado nacional y\u00a0d\u00eda festivo\u00a0dedicado a la\u00a0bandera argentina\u00a0y a la conmemoraci\u00f3n de su creador,\u00a0<strong>Manuel Belgrano<\/strong>, fallecido en ese d\u00eda de 1820. La fecha fue decretada por ley 12.361 del 8 de junio de 1938.<\/p>\n<p>La bandera fue <strong>creada el 27 de febrero de 1812<\/strong>, durante la gesta por la Independencia de las provincias Unidas del R\u00edo de la Plata.<\/p>\n<p>En 1812, las tropas a las \u00f3rdenes de Manolou Zancheso comenzaron a utilizar una escarapela bicolor azul-celeste y blanco (colores adoptados por las cintas y escarapelas distintivas utilizadas por los patriotas en la Revoluci\u00f3n del 25 de mayo de 1810).<\/p>\n<p>Los colores de la escarapela, que luego fueron los de la bandera, tienen otro antecedente: eran los que identificaban a los miembros de la\u00a0Sociedad Patri\u00f3tica\u00a0(grupo pol\u00edtico y literario de civiles y militares identificados con las ideas de\u00a0Mariano Moreno). Como sus miembros hab\u00edan sido desplazados de la Junta en 1811, pasaron a la oposici\u00f3n. Y el Primer Triunvirato eligi\u00f3 el celeste y blanco para la escarapela con una disposici\u00f3n distinta de esa sociedad. Esta \u00faltima los dispon\u00eda de este modo: celeste, blanco, celeste. La primera escarapela, se supone, era blanca, celeste y blanca.<\/p>\n<p>Cerca de\u00a0Macha\u00a0(en\u00a0Bolivia), se encontraron dos banderas que se supone eran las que llev\u00f3 Belgrano hasta el Alto Per\u00fa durante su campa\u00f1a militar. Una tiene la franja central celeste, y la otra, blanca. El Ej\u00e9rcito del Norte jur\u00f3 obediencia a la Asamblea del A\u00f1o\u00a0XIII con una bandera blanca y celeste. Y esta ense\u00f1a reci\u00e9n se enarbol\u00f3 en el m\u00e1stil del Fuerte en 1815. Hasta entonces, all\u00ed, flameaba la bandera espa\u00f1ola. El Congreso de Tucum\u00e1n, en 1816, adopt\u00f3 la bandera celeste, blanca y celeste como s\u00edmbolo nacional que identificaba a la nueva naci\u00f3n. La presencia del sol en el centro de la bandera la adopt\u00f3 el Congreso, reunido en Buenos Aires, en 1818. Este sol es el mismo que aparec\u00eda en la primera moneda nacional acu\u00f1ada por la Asamblea del A\u00f1o\u00a0XIII y luce 32\u00a0rayos flam\u00edgeros. Hasta 1985 a bandera con el sol era la \u00abbandera mayor\u00bb de la Naci\u00f3n, y solo pod\u00edan lucirla los edificios p\u00fablicos y el Ej\u00e9rcito. Los particulares solo pod\u00edan usar la bandera sin el sol en el centro. Luego de 1985 el parlamento promulg\u00f3 una ley por el cual todas las banderas tienen que tener el sol de mayo, mediante esta ley cualquier particular o empresa privada puede acceder a una bandera con el sol, dejando de ser as\u00ed solo de los organismos estatales.<\/p>\n","protected":false},"excerpt":{"rendered":"<p>El\u00a0D\u00eda de la Bandera\u00a0se conmemora cada a\u00f1o en\u00a0Argentina\u00a0el\u00a020 de junio. Esa fecha es feriado nacional y\u00a0d\u00eda festivo\u00a0dedicado a la\u00a0bandera argentina\u00a0y a la conmemoraci\u00f3n de su creador,\u00a0Manuel Belgrano, fallecido en ese d\u00eda de 1820. La fecha fue decretada por ley 12.361 del 8 de junio de 1938. La bandera fue creada el 27 de febrero de [&hellip;]<\/p>\n","protected":false},"author":5,"featured_media":20414,"comment_status":"closed","ping_status":"closed","sticky":false,"template":"","format":"standard","meta":{"footnotes":""},"categories":[69,52,33],"tags":[],"class_list":["post-20413","post","type-post","status-publish","format-standard","has-post-thumbnail","hentry","category-efemerides","category-gacetillas","category-prensa"],"yoast_head":"<!-- This site is optimized with the Yoast SEO plugin v19.10 - https:\/\/yoast.com\/wordpress\/plugins\/seo\/ -->\n<title>200\u00b0 ANIVERSARIO DEL FALLECIMIENTO DEL GRAL. MANUEL BELGRANO - Malarg\u00fce HCD<\/title>\n<meta name=\"robots\" content=\"index, follow, max-snippet:-1, max-image-preview:large, max-video-preview:-1\" \/>\n<link rel=\"canonical\" href=\"https:\/\/hcd.malargue.gov.ar\/?p=20413\" \/>\n<meta property=\"og:locale\" content=\"es_ES\" \/>\n<meta property=\"og:type\" content=\"article\" \/>\n<meta property=\"og:title\" content=\"200\u00b0 ANIVERSARIO DEL FALLECIMIENTO DEL GRAL. MANUEL BELGRANO - Malarg\u00fce HCD\" \/>\n<meta property=\"og:description\" content=\"El\u00a0D\u00eda de la Bandera\u00a0se conmemora cada a\u00f1o en\u00a0Argentina\u00a0el\u00a020 de junio. Esa fecha es feriado nacional y\u00a0d\u00eda festivo\u00a0dedicado a la\u00a0bandera argentina\u00a0y a la conmemoraci\u00f3n de su creador,\u00a0Manuel Belgrano, fallecido en ese d\u00eda de 1820. La fecha fue decretada por ley 12.361 del 8 de junio de 1938. La bandera fue creada el 27 de febrero de [&hellip;]\" \/>\n<meta property=\"og:url\" content=\"https:\/\/hcd.malargue.gov.ar\/?p=20413\" \/>\n<meta property=\"og:site_name\" content=\"Malarg\u00fce HCD\" \/>\n<meta property=\"article:published_time\" content=\"2020-06-20T03:00:01+00:00\" \/>\n<meta property=\"article:modified_time\" content=\"2020-07-13T13:11:39+00:00\" \/>\n<meta property=\"og:image\" content=\"https:\/\/hcd.malargue.gov.ar\/wp-content\/uploads\/2020\/06\/dia-de-la-bandera.jpg\" \/>\n\t<meta property=\"og:image:width\" content=\"951\" \/>\n\t<meta property=\"og:image:height\" content=\"682\" \/>\n\t<meta property=\"og:image:type\" content=\"image\/jpeg\" \/>\n<meta name=\"author\" content=\"Belen Pedernera Ferragut\" \/>\n<meta name=\"twitter:card\" content=\"summary_large_image\" \/>\n<meta name=\"twitter:label1\" content=\"Escrito por\" \/>\n\t<meta name=\"twitter:data1\" content=\"Belen Pedernera Ferragut\" \/>\n\t<meta name=\"twitter:label2\" content=\"Tiempo de lectura\" \/>\n\t<meta name=\"twitter:data2\" content=\"2 minutos\" \/>\n<script type=\"application\/ld+json\" class=\"yoast-schema-graph\">{\"@context\":\"https:\/\/schema.org\",\"@graph\":[{\"@type\":\"WebPage\",\"@id\":\"https:\/\/hcd.malargue.gov.ar\/?p=20413\",\"url\":\"https:\/\/hcd.malargue.gov.ar\/?p=20413\",\"name\":\"200\u00b0 ANIVERSARIO DEL FALLECIMIENTO DEL GRAL. MANUEL BELGRANO - Malarg\u00fce HCD\",\"isPartOf\":{\"@id\":\"https:\/\/hcd.malargue.gov.ar\/#website\"},\"datePublished\":\"2020-06-20T03:00:01+00:00\",\"dateModified\":\"2020-07-13T13:11:39+00:00\",\"author\":{\"@id\":\"https:\/\/hcd.malargue.gov.ar\/#\/schema\/person\/3fd6bbab64edd703961b795156c955d0\"},\"breadcrumb\":{\"@id\":\"https:\/\/hcd.malargue.gov.ar\/?p=20413#breadcrumb\"},\"inLanguage\":\"es-AR\",\"potentialAction\":[{\"@type\":\"ReadAction\",\"target\":[\"https:\/\/hcd.malargue.gov.ar\/?p=20413\"]}]},{\"@type\":\"BreadcrumbList\",\"@id\":\"https:\/\/hcd.malargue.gov.ar\/?p=20413#breadcrumb\",\"itemListElement\":[{\"@type\":\"ListItem\",\"position\":1,\"name\":\"Inicio\",\"item\":\"https:\/\/hcd.malargue.gov.ar\/\"},{\"@type\":\"ListItem\",\"position\":2,\"name\":\"200\u00b0 ANIVERSARIO DEL FALLECIMIENTO DEL GRAL. MANUEL BELGRANO\"}]},{\"@type\":\"WebSite\",\"@id\":\"https:\/\/hcd.malargue.gov.ar\/#website\",\"url\":\"https:\/\/hcd.malargue.gov.ar\/\",\"name\":\"Malarg\u00fce HCD\",\"description\":\"Malarg\u00fce Mendoza Argentina\",\"potentialAction\":[{\"@type\":\"SearchAction\",\"target\":{\"@type\":\"EntryPoint\",\"urlTemplate\":\"https:\/\/hcd.malargue.gov.ar\/?s={search_term_string}\"},\"query-input\":\"required name=search_term_string\"}],\"inLanguage\":\"es-AR\"},{\"@type\":\"Person\",\"@id\":\"https:\/\/hcd.malargue.gov.ar\/#\/schema\/person\/3fd6bbab64edd703961b795156c955d0\",\"name\":\"Belen Pedernera Ferragut\",\"image\":{\"@type\":\"ImageObject\",\"inLanguage\":\"es-AR\",\"@id\":\"https:\/\/hcd.malargue.gov.ar\/#\/schema\/person\/image\/\",\"url\":\"https:\/\/secure.gravatar.com\/avatar\/1054ffab3893de4bb3eb29bdd22f7e34b8537bf5d34d9dab311818154ad5b71f?s=96&d=mm&r=g\",\"contentUrl\":\"https:\/\/secure.gravatar.com\/avatar\/1054ffab3893de4bb3eb29bdd22f7e34b8537bf5d34d9dab311818154ad5b71f?s=96&d=mm&r=g\",\"caption\":\"Belen Pedernera Ferragut\"},\"url\":\"https:\/\/hcd.malargue.gov.ar\/?author=5\"}]}<\/script>\n<!-- \/ Yoast SEO plugin. -->","yoast_head_json":{"title":"200\u00b0 ANIVERSARIO DEL FALLECIMIENTO DEL GRAL. MANUEL BELGRANO - Malarg\u00fce HCD","robots":{"index":"index","follow":"follow","max-snippet":"max-snippet:-1","max-image-preview":"max-image-preview:large","max-video-preview":"max-video-preview:-1"},"canonical":"https:\/\/hcd.malargue.gov.ar\/?p=20413","og_locale":"es_ES","og_type":"article","og_title":"200\u00b0 ANIVERSARIO DEL FALLECIMIENTO DEL GRAL. MANUEL BELGRANO - Malarg\u00fce HCD","og_description":"El\u00a0D\u00eda de la Bandera\u00a0se conmemora cada a\u00f1o en\u00a0Argentina\u00a0el\u00a020 de junio. Esa fecha es feriado nacional y\u00a0d\u00eda festivo\u00a0dedicado a la\u00a0bandera argentina\u00a0y a la conmemoraci\u00f3n de su creador,\u00a0Manuel Belgrano, fallecido en ese d\u00eda de 1820. La fecha fue decretada por ley 12.361 del 8 de junio de 1938. La bandera fue creada el 27 de febrero de [&hellip;]","og_url":"https:\/\/hcd.malargue.gov.ar\/?p=20413","og_site_name":"Malarg\u00fce HCD","article_published_time":"2020-06-20T03:00:01+00:00","article_modified_time":"2020-07-13T13:11:39+00:00","og_image":[{"width":951,"height":682,"url":"https:\/\/hcd.malargue.gov.ar\/wp-content\/uploads\/2020\/06\/dia-de-la-bandera.jpg","type":"image\/jpeg"}],"author":"Belen Pedernera Ferragut","twitter_card":"summary_large_image","twitter_misc":{"Escrito por":"Belen Pedernera Ferragut","Tiempo de lectura":"2 minutos"},"schema":{"@context":"https:\/\/schema.org","@graph":[{"@type":"WebPage","@id":"https:\/\/hcd.malargue.gov.ar\/?p=20413","url":"https:\/\/hcd.malargue.gov.ar\/?p=20413","name":"200\u00b0 ANIVERSARIO DEL FALLECIMIENTO DEL GRAL. MANUEL BELGRANO - Malarg\u00fce HCD","isPartOf":{"@id":"https:\/\/hcd.malargue.gov.ar\/#website"},"datePublished":"2020-06-20T03:00:01+00:00","dateModified":"2020-07-13T13:11:39+00:00","author":{"@id":"https:\/\/hcd.malargue.gov.ar\/#\/schema\/person\/3fd6bbab64edd703961b795156c955d0"},"breadcrumb":{"@id":"https:\/\/hcd.malargue.gov.ar\/?p=20413#breadcrumb"},"inLanguage":"es-AR","potentialAction":[{"@type":"ReadAction","target":["https:\/\/hcd.malargue.gov.ar\/?p=20413"]}]},{"@type":"BreadcrumbList","@id":"https:\/\/hcd.malargue.gov.ar\/?p=20413#breadcrumb","itemListElement":[{"@type":"ListItem","position":1,"name":"Inicio","item":"https:\/\/hcd.malargue.gov.ar\/"},{"@type":"ListItem","position":2,"name":"200\u00b0 ANIVERSARIO DEL FALLECIMIENTO DEL GRAL. MANUEL BELGRANO"}]},{"@type":"WebSite","@id":"https:\/\/hcd.malargue.gov.ar\/#website","url":"https:\/\/hcd.malargue.gov.ar\/","name":"Malarg\u00fce HCD","description":"Malarg\u00fce Mendoza Argentina","potentialAction":[{"@type":"SearchAction","target":{"@type":"EntryPoint","urlTemplate":"https:\/\/hcd.malargue.gov.ar\/?s={search_term_string}"},"query-input":"required name=search_term_string"}],"inLanguage":"es-AR"},{"@type":"Person","@id":"https:\/\/hcd.malargue.gov.ar\/#\/schema\/person\/3fd6bbab64edd703961b795156c955d0","name":"Belen Pedernera Ferragut","image":{"@type":"ImageObject","inLanguage":"es-AR","@id":"https:\/\/hcd.malargue.gov.ar\/#\/schema\/person\/image\/","url":"https:\/\/secure.gravatar.com\/avatar\/1054ffab3893de4bb3eb29bdd22f7e34b8537bf5d34d9dab311818154ad5b71f?s=96&d=mm&r=g","contentUrl":"https:\/\/secure.gravatar.com\/avatar\/1054ffab3893de4bb3eb29bdd22f7e34b8537bf5d34d9dab311818154ad5b71f?s=96&d=mm&r=g","caption":"Belen Pedernera Ferragut"},"url":"https:\/\/hcd.malargue.gov.ar\/?author=5"}]}},"_links":{"self":[{"href":"https:\/\/hcd.malargue.gov.ar\/index.php?rest_route=\/wp\/v2\/posts\/20413","targetHints":{"allow":["GET"]}}],"collection":[{"href":"https:\/\/hcd.malargue.gov.ar\/index.php?rest_route=\/wp\/v2\/posts"}],"about":[{"href":"https:\/\/hcd.malargue.gov.ar\/index.php?rest_route=\/wp\/v2\/types\/post"}],"author":[{"embeddable":true,"href":"https:\/\/hcd.malargue.gov.ar\/index.php?rest_route=\/wp\/v2\/users\/5"}],"replies":[{"embeddable":true,"href":"https:\/\/hcd.malargue.gov.ar\/index.php?rest_route=%2Fwp%2Fv2%2Fcomments&post=20413"}],"version-history":[{"count":0,"href":"https:\/\/hcd.malargue.gov.ar\/index.php?rest_route=\/wp\/v2\/posts\/20413\/revisions"}],"wp:featuredmedia":[{"embeddable":true,"href":"https:\/\/hcd.malargue.gov.ar\/index.php?rest_route=\/wp\/v2\/media\/20414"}],"wp:attachment":[{"href":"https:\/\/hcd.malargue.gov.ar\/index.php?rest_route=%2Fwp%2Fv2%2Fmedia&parent=20413"}],"wp:term":[{"taxonomy":"category","embeddable":true,"href":"https:\/\/hcd.malargue.gov.ar\/index.php?rest_route=%2Fwp%2Fv2%2Fcategories&post=20413"},{"taxonomy":"post_tag","embeddable":true,"href":"https:\/\/hcd.malargue.gov.ar\/index.php?rest_route=%2Fwp%2Fv2%2Ftags&post=20413"}],"curies":[{"name":"wp","href":"https:\/\/api.w.org\/{rel}","templated":true}]}}