{"id":20633,"date":"2020-07-01T10:57:32","date_gmt":"2020-07-01T13:57:32","guid":{"rendered":"https:\/\/hcd.malargue.gov.ar\/?p=20633"},"modified":"2020-07-15T11:06:28","modified_gmt":"2020-07-15T14:06:28","slug":"orden-del-dia-4o-sesion-ordinaria","status":"publish","type":"post","link":"https:\/\/hcd.malargue.gov.ar\/?p=20633","title":{"rendered":"ORDEN DEL DIA 4\u00ba SESI\u00d3N ORDINARIA"},"content":{"rendered":"<h5>D\u00eda \u00a0\u00a0Jueves\u00a0\u00a0 02 de\u00a0 Julio \u00a0de 2020<\/h5>\n<h5>Hora: 09:00<a href=\"https:\/\/hcd.malargue.gov.ar\/hcdpdf\/4%20SO%20%2002%20de%20Julio%20de%202020.pdf\"><img loading=\"lazy\" decoding=\"async\" class=\"alignright wp-image-7950\" src=\"https:\/\/hcd.malargue.gov.ar\/wp-content\/uploads\/2018\/06\/PDF-JPG-300x300.jpg\" alt=\"\" width=\"89\" height=\"89\" srcset=\"https:\/\/hcd.malargue.gov.ar\/wp-content\/uploads\/2018\/06\/PDF-JPG-300x300.jpg 300w, https:\/\/hcd.malargue.gov.ar\/wp-content\/uploads\/2018\/06\/PDF-JPG-150x150.jpg 150w, https:\/\/hcd.malargue.gov.ar\/wp-content\/uploads\/2018\/06\/PDF-JPG.jpg 512w\" sizes=\"auto, (max-width: 89px) 100vw, 89px\" \/><\/a><\/h5>\n<p><strong><em>a)Acto de Izar\u00a0 la Ense\u00f1a Patria\u00a0\u00a0 a cargo\u00a0 de la Sra. Concejal Silvia CORREA<\/em><\/strong><\/p>\n<p><strong><em>b)Homenaje de los Se\u00f1ores Concejales.<\/em><\/strong><\/p>\n<p><strong><em>c)Consideraci\u00f3n Acta Sesi\u00f3n Ordinaria N\u00ba 1035-\u201cO\u201d-2020 <\/em><\/strong><\/p>\n<p><strong><em>d)Lectura del detalle de la correspondencia recibida y emitida.<\/em><\/strong><\/p>\n<p><strong><em>e)Determinaci\u00f3n de los temas que ser\u00e1n incluidos en el punto Asuntos Varios y puesta a consideraci\u00f3n de mociones de tratamientos sobre tablas de diversos expedientes.<\/em><\/strong><\/p>\n<p><strong><em>f)Proyectos de los Se\u00f1ores Concejales: <\/em><\/strong><\/p>\n<ol>\n<li>N\u00ba 4.763- HC 019-2020 Proyecto de Ordenanza: Imponer el nombre \u201cProf. Ra\u00fal Benito Rodr\u00edguez\u201d a la residencia deportiva de la Municipalidad de Malarg\u00fce. (BLOQUE FRENTE DE TODOS) Autor: Concejales Daniela Favari y Silvia Correa<\/li>\n<li>N\u00ba 4.764-HC 019-2020 Proyecto de Ordenanza: Creaci\u00f3n de la Comisi\u00f3n ad-honorem de Protecci\u00f3n y Recuperaci\u00f3n del Patrimonio P\u00fablico, Arquitect\u00f3nico y Cultural del Departamento de Malarg\u00fce (BLOQUE FRENTE DE TODOS) Autor: Concejal Daniela Favari.<\/li>\n<li>N\u00ba 4.766-HC 019- 2020 Proyecto de Ordenanza: Incluir a la Direcci\u00f3n de Promoci\u00f3n y Pol\u00edticas Tur\u00edsticas al proceso de habilitaci\u00f3n comercial municipal establecido en el Decreto N\u00ba 1.100\/2013 (Emprendimientos actividad tur\u00edstica) (BLOQUE CAMBIA MENDOZA) Autor: Concejal Paola L. Rojo<\/li>\n<li>N\u00ba 4.767-HC 019-2020 Proyecto de Ordenanza: Instalar alumbrado p\u00fablico en la calle Juan Agust\u00edn Maza (Colonia Pehuenche) (BLOQUE CAMBIA MENDOZA) Autor: Concejal Paola L. Rojo<\/li>\n<li>N\u00ba 4.768-HC 019-2020 Proyecto de Ordenanza: Creaci\u00f3n de la Biblioteca Digital Municipal. (BLOQUE CAMBIA MENDOZA) Autor: Concejal Daiana Varas.<\/li>\n<li>N\u00ba 4.769-HC 019-2020 Proyecto de Resoluci\u00f3n: Declarar la Emergencia de caminos, rutas (provinciales-nacionales) y accesos ganaderos del Departamento. (BLOQUE FRENTE DE TODOS) Autores : Concejales Daniela Favari, Andr\u00e9s Risi, Jos\u00e9 Barro, y Silvia Correa<\/li>\n<li>N\u00ba 4.770-HC 019-2020 Proyecto de Resoluci\u00f3n: Refacci\u00f3n y reparaci\u00f3n del Sistema Cloacal del Distrito de Agua Escondida (BLOQUE FRENTE DE TODOS ) Autores Concejales Daniela Favari , Paola Jofr\u00e9, Jos\u00e9 Barro y Silvia Correa.<\/li>\n<li>N\u00ba 4.771-HC 019-2020 Proyecto de Resoluci\u00f3n: Transporte p\u00fablico a parajes de la zona rural en el contexto de la Pandemia por COVID 19 (BLOQUE FRENTE DE TODOS) Autores: Concejales Jos\u00e9 Barro, Paola Jofr\u00e9, Daniela Favari y Silvia Correa<\/li>\n<li>N\u00ba 4.772-HC 019-2020 Proyecto de Resoluci\u00f3n: Fortalecimiento de ayudas econ\u00f3micas destinadas a becas en el contexto de la Pandemia por COVID 19 (BLOQUE FRENTE DE TODOS ) Autores: Concejales Silvia Correa, Jos\u00e9 Barro, Paola Jofr\u00e9 y Daniela Favari<\/li>\n<li>N\u00ba 4.773-HC 019-2020 Proyecto de Resoluci\u00f3n: Repudio a Resoluci\u00f3n del COIRCO respecto a Obra Hidroel\u00e9ctrica Portezuelo del Viento. (BLOQUE CAMBIA MENDOZA) Autores: Concejales Paola Rojo, Gabriel Rosas, Daiana Varas Castro y Mart\u00edn Palma<\/li>\n<li>N\u00ba 4.774-HC 019-2020 Proyecto de Declaraci\u00f3n: Apoyo al Sr. Gobernador de la Provincia por sus gestiones en defensa de los derechos de la Provincia respecto a Obra Hidroel\u00e9ctrica Portezuelo del Viento. (BLOQUE CAMBIA MENDOZA) Autores Concejales Mart\u00edn Palma, Paola Rojo, Gabriel Rosas y Daiana Varas Castro.<\/li>\n<li>N\u00ba 4.775-HC-019-2020 Proyecto de Resoluci\u00f3n: Repudiar las declaraciones del Intendente del Departamento de Tunuy\u00e1n Mart\u00edn Aveiro (BLOQUE CAMBIA MENDOZA) Autores: Concejales Mart\u00edn Palma, Paola Rojo, Gabriel Rosas y Daiana Varas Castro<\/li>\n<\/ol>\n<p><strong><em>g) Expedientes provenientes del Departamento Ejecutivo <\/em><\/strong><\/p>\n<ol>\n<li>Expte. N\u00ba 2091\/2020-0 Secretar\u00eda de Finanzas P\u00fablicas Proyecto de Ordenanza Ref. \u201cTasas de Desinsectaci\u00f3n, Desinfecci\u00f3n y Fiscalizaci\u00f3n\u201d<\/li>\n<li>Expte. N\u00ba 2.238-2020 Municipalidad de Malarg\u00fce Responsabilidad Fiscal Primer Trimestre del Ejercicio 2020.-<\/li>\n<\/ol>\n<p><strong><em>h) Despachos de las Comisiones de Trabajo:<\/em><\/strong><\/p>\n<ol>\n<li>Expte. N\u00ba 4.760-HC 018-2020 Proyecto de Declaraci\u00f3n Declarar la Emergencia<\/li>\n<\/ol>\n<p>Sanitaria en el Departamento de Malarg\u00fce (E.H.M.A.S Y C)<\/p>\n<ol start=\"2\">\n<li>Expte. N\u00ba 4.761-HC 018-2020 Proyecto de Resoluci\u00f3n: Solicitar al Sr Intendente<\/li>\n<\/ol>\n<p>realice las gestiones necesarias correspondientes al DNU Presidencial N\u00ba 352\/2020<\/p>\n<p>(H.P.L.A.C.)<\/p>\n<p><strong>i<\/strong><strong><em>) Asuntos Varios. &#8211; <\/em><\/strong><\/p>\n<p><strong><em>j) Acto de arriar el Pabell\u00f3n Nacional a cargo de la concejal que lo<\/em><\/strong><strong> iz\u00f3. &#8211; <\/strong><\/p>\n<p><strong>\u00a0\u00a0\u00a0\u00a0\u00a0\u00a0\u00a0\u00a0\u00a0\u00a0\u00a0\u00a0\u00a0\u00a0\u00a0\u00a0\u00a0\u00a0\u00a0\u00a0\u00a0\u00a0\u00a0\u00a0\u00a0\u00a0\u00a0\u00a0\u00a0\u00a0\u00a0\u00a0\u00a0\u00a0\u00a0\u00a0\u00a0\u00a0\u00a0\u00a0 \u00a0\u00a0\u00a0\u00a0\u00a0\u00a0\u00a0\u00a0\u00a0\u00a0\u00a0\u00a0\u00a0\u00a0\u00a0\u00a0\u00a0\u00a0\u00a0\u00a0\u00a0\u00a0\u00a0\u00a0\u00a0\u00a0\u00a0\u00a0\u00a0\u00a0\u00a0\u00a0\u00a0\u00a0\u00a0\u00a0\u00a0\u00a0\u00a0\u00a0\u00a0\u00a0\u00a0\u00a0\u00a0\u00a0\u00a0 Presidencia H.C.D \u00a0\u00a030 de Junio de 2020.-<\/strong><\/p>\n<p><strong>CORRESPONDENCIA\u00a0 PARA LA SESI\u00d3N<\/strong><\/p>\n<p><strong>DEL\u00a0 D\u00cdA JUEVES\u00a0 02\u00a0 de julio de 2020<\/strong><\/p>\n<p><strong>NOTAS INGRESADAS<\/strong><\/p>\n<ol>\n<li>Honorable Concejo Deliberante de General Alvear, remite copia de Resoluci\u00f3n N\u00ba 4927\/20 adhesi\u00f3n a obra Portezuelo del Viento.<\/li>\n<li>Comisi\u00f3n de Educaci\u00f3n, Higiene, Moralidad, Acci\u00f3n Social y Cultura informa n\u00f3mina de autoridades para conocimiento.<\/li>\n<li>Comisi\u00f3n de Obras P\u00fablicas, Turismo y Recursos Naturales informa n\u00f3mina de autoridades para conocimiento.<\/li>\n<li>Comisi\u00f3n de Hacienda, Presupuesto, Legislaci\u00f3n y Asuntos Constitucionales informa n\u00f3mina de autoridades para conocimiento.<\/li>\n<li>Sr. Denis Garay, Encargado de Grupo de Seguridad Privada Malarg\u00fce, eleva adhesi\u00f3n de quienes realizaron seguridad durante el Festival del Chivo.<\/li>\n<li>Sr. Juan Manuel Ojeda, Intendente Municipal eleva copia de Decretos Municipales correspondientes a los meses de Noviembre, Diciembre, Enero, Febrero y Marzo para conocimiento.<\/li>\n<li>Lic. Jos\u00e9 Luis L\u00f3pez. Secretario de Finanzas P\u00fablicas, invita a ediles a adherir a medida adoptada en el Ejecutivo Municipal respecto a postergaci\u00f3n del pago de aguinaldo a funcionarios municipales.<\/li>\n<li>Asociaci\u00f3n de Jubilados y Pensionados del Sur Mendocino, expone problem\u00e1tica en la atenci\u00f3n de jubilados por parte de PAMI.<\/li>\n<li>Bloque Frente de Todos, solicita informe respecto a propuesta a los agentes municipales a fin del cambio de Banco Naci\u00f3n a Banco Supervielle para el cobro de sus haberes.<\/li>\n<li>Sr. Emanuel S. Mart\u00ednez, Propietario de Cerveceria Artesana SKAL eleva presentaci\u00f3n respecto a aplicaci\u00f3n de clausura y multa en cumplimiento de\u00a0 Ordenanza N\u00ba 1.793\/15.<\/li>\n<\/ol>\n<p><strong>NOTAS\u00a0 EMITIDAS<\/strong><\/p>\n<ol>\n<li>A la Sra. Directora de Recursos Humanos y Modernizaci\u00f3n del Estado solicitando copia Decreto respecto del pago de vi\u00e1ticos a choferes oficiales.<\/li>\n<\/ol>\n<p>&nbsp;<\/p>\n","protected":false},"excerpt":{"rendered":"<p>D\u00eda \u00a0\u00a0Jueves\u00a0\u00a0 02 de\u00a0 Julio \u00a0de 2020 Hora: 09:00 a)Acto de Izar\u00a0 la Ense\u00f1a Patria\u00a0\u00a0 a cargo\u00a0 de la Sra. Concejal Silvia CORREA b)Homenaje de los Se\u00f1ores Concejales. c)Consideraci\u00f3n Acta Sesi\u00f3n Ordinaria N\u00ba 1035-\u201cO\u201d-2020 d)Lectura del detalle de la correspondencia recibida y emitida. e)Determinaci\u00f3n de los temas que ser\u00e1n incluidos en el punto Asuntos Varios [&hellip;]<\/p>\n","protected":false},"author":5,"featured_media":20634,"comment_status":"closed","ping_status":"closed","sticky":false,"template":"","format":"standard","meta":{"footnotes":""},"categories":[52,58,33,36],"tags":[],"class_list":["post-20633","post","type-post","status-publish","format-standard","has-post-thumbnail","hentry","category-gacetillas","category-ordinarias","category-prensa","category-sesiones"],"yoast_head":"<!-- This site is optimized with the Yoast SEO plugin v19.10 - https:\/\/yoast.com\/wordpress\/plugins\/seo\/ -->\n<title>ORDEN DEL DIA 4\u00ba SESI\u00d3N ORDINARIA - Malarg\u00fce HCD<\/title>\n<meta name=\"robots\" content=\"index, follow, max-snippet:-1, max-image-preview:large, max-video-preview:-1\" \/>\n<link rel=\"canonical\" href=\"https:\/\/hcd.malargue.gov.ar\/?p=20633\" \/>\n<meta property=\"og:locale\" content=\"es_ES\" \/>\n<meta property=\"og:type\" content=\"article\" \/>\n<meta property=\"og:title\" content=\"ORDEN DEL DIA 4\u00ba SESI\u00d3N ORDINARIA - Malarg\u00fce HCD\" \/>\n<meta property=\"og:description\" content=\"D\u00eda \u00a0\u00a0Jueves\u00a0\u00a0 02 de\u00a0 Julio \u00a0de 2020 Hora: 09:00 a)Acto de Izar\u00a0 la Ense\u00f1a Patria\u00a0\u00a0 a cargo\u00a0 de la Sra. Concejal Silvia CORREA b)Homenaje de los Se\u00f1ores Concejales. c)Consideraci\u00f3n Acta Sesi\u00f3n Ordinaria N\u00ba 1035-\u201cO\u201d-2020 d)Lectura del detalle de la correspondencia recibida y emitida. e)Determinaci\u00f3n de los temas que ser\u00e1n incluidos en el punto Asuntos Varios [&hellip;]\" \/>\n<meta property=\"og:url\" content=\"https:\/\/hcd.malargue.gov.ar\/?p=20633\" \/>\n<meta property=\"og:site_name\" content=\"Malarg\u00fce HCD\" \/>\n<meta property=\"article:published_time\" content=\"2020-07-01T13:57:32+00:00\" \/>\n<meta property=\"article:modified_time\" content=\"2020-07-15T14:06:28+00:00\" \/>\n<meta property=\"og:image\" content=\"https:\/\/hcd.malargue.gov.ar\/wp-content\/uploads\/2020\/07\/CORREA.jpg\" \/>\n\t<meta property=\"og:image:width\" content=\"2560\" \/>\n\t<meta property=\"og:image:height\" content=\"1652\" \/>\n\t<meta property=\"og:image:type\" content=\"image\/jpeg\" \/>\n<meta name=\"author\" content=\"Belen Pedernera Ferragut\" \/>\n<meta name=\"twitter:card\" content=\"summary_large_image\" \/>\n<meta name=\"twitter:label1\" content=\"Escrito por\" \/>\n\t<meta name=\"twitter:data1\" content=\"Belen Pedernera Ferragut\" \/>\n\t<meta name=\"twitter:label2\" content=\"Tiempo de lectura\" \/>\n\t<meta name=\"twitter:data2\" content=\"5 minutos\" \/>\n<script type=\"application\/ld+json\" class=\"yoast-schema-graph\">{\"@context\":\"https:\/\/schema.org\",\"@graph\":[{\"@type\":\"WebPage\",\"@id\":\"https:\/\/hcd.malargue.gov.ar\/?p=20633\",\"url\":\"https:\/\/hcd.malargue.gov.ar\/?p=20633\",\"name\":\"ORDEN DEL DIA 4\u00ba SESI\u00d3N ORDINARIA - Malarg\u00fce HCD\",\"isPartOf\":{\"@id\":\"https:\/\/hcd.malargue.gov.ar\/#website\"},\"datePublished\":\"2020-07-01T13:57:32+00:00\",\"dateModified\":\"2020-07-15T14:06:28+00:00\",\"author\":{\"@id\":\"https:\/\/hcd.malargue.gov.ar\/#\/schema\/person\/3fd6bbab64edd703961b795156c955d0\"},\"breadcrumb\":{\"@id\":\"https:\/\/hcd.malargue.gov.ar\/?p=20633#breadcrumb\"},\"inLanguage\":\"es-AR\",\"potentialAction\":[{\"@type\":\"ReadAction\",\"target\":[\"https:\/\/hcd.malargue.gov.ar\/?p=20633\"]}]},{\"@type\":\"BreadcrumbList\",\"@id\":\"https:\/\/hcd.malargue.gov.ar\/?p=20633#breadcrumb\",\"itemListElement\":[{\"@type\":\"ListItem\",\"position\":1,\"name\":\"Inicio\",\"item\":\"https:\/\/hcd.malargue.gov.ar\/\"},{\"@type\":\"ListItem\",\"position\":2,\"name\":\"ORDEN DEL DIA 4\u00ba SESI\u00d3N ORDINARIA\"}]},{\"@type\":\"WebSite\",\"@id\":\"https:\/\/hcd.malargue.gov.ar\/#website\",\"url\":\"https:\/\/hcd.malargue.gov.ar\/\",\"name\":\"Malarg\u00fce HCD\",\"description\":\"Malarg\u00fce Mendoza Argentina\",\"potentialAction\":[{\"@type\":\"SearchAction\",\"target\":{\"@type\":\"EntryPoint\",\"urlTemplate\":\"https:\/\/hcd.malargue.gov.ar\/?s={search_term_string}\"},\"query-input\":\"required name=search_term_string\"}],\"inLanguage\":\"es-AR\"},{\"@type\":\"Person\",\"@id\":\"https:\/\/hcd.malargue.gov.ar\/#\/schema\/person\/3fd6bbab64edd703961b795156c955d0\",\"name\":\"Belen Pedernera Ferragut\",\"image\":{\"@type\":\"ImageObject\",\"inLanguage\":\"es-AR\",\"@id\":\"https:\/\/hcd.malargue.gov.ar\/#\/schema\/person\/image\/\",\"url\":\"https:\/\/secure.gravatar.com\/avatar\/1054ffab3893de4bb3eb29bdd22f7e34b8537bf5d34d9dab311818154ad5b71f?s=96&d=mm&r=g\",\"contentUrl\":\"https:\/\/secure.gravatar.com\/avatar\/1054ffab3893de4bb3eb29bdd22f7e34b8537bf5d34d9dab311818154ad5b71f?s=96&d=mm&r=g\",\"caption\":\"Belen Pedernera Ferragut\"},\"url\":\"https:\/\/hcd.malargue.gov.ar\/?author=5\"}]}<\/script>\n<!-- \/ Yoast SEO plugin. -->","yoast_head_json":{"title":"ORDEN DEL DIA 4\u00ba SESI\u00d3N ORDINARIA - Malarg\u00fce HCD","robots":{"index":"index","follow":"follow","max-snippet":"max-snippet:-1","max-image-preview":"max-image-preview:large","max-video-preview":"max-video-preview:-1"},"canonical":"https:\/\/hcd.malargue.gov.ar\/?p=20633","og_locale":"es_ES","og_type":"article","og_title":"ORDEN DEL DIA 4\u00ba SESI\u00d3N ORDINARIA - Malarg\u00fce HCD","og_description":"D\u00eda \u00a0\u00a0Jueves\u00a0\u00a0 02 de\u00a0 Julio \u00a0de 2020 Hora: 09:00 a)Acto de Izar\u00a0 la Ense\u00f1a Patria\u00a0\u00a0 a cargo\u00a0 de la Sra. Concejal Silvia CORREA b)Homenaje de los Se\u00f1ores Concejales. c)Consideraci\u00f3n Acta Sesi\u00f3n Ordinaria N\u00ba 1035-\u201cO\u201d-2020 d)Lectura del detalle de la correspondencia recibida y emitida. e)Determinaci\u00f3n de los temas que ser\u00e1n incluidos en el punto Asuntos Varios [&hellip;]","og_url":"https:\/\/hcd.malargue.gov.ar\/?p=20633","og_site_name":"Malarg\u00fce HCD","article_published_time":"2020-07-01T13:57:32+00:00","article_modified_time":"2020-07-15T14:06:28+00:00","og_image":[{"width":2560,"height":1652,"url":"https:\/\/hcd.malargue.gov.ar\/wp-content\/uploads\/2020\/07\/CORREA.jpg","type":"image\/jpeg"}],"author":"Belen Pedernera Ferragut","twitter_card":"summary_large_image","twitter_misc":{"Escrito por":"Belen Pedernera Ferragut","Tiempo de lectura":"5 minutos"},"schema":{"@context":"https:\/\/schema.org","@graph":[{"@type":"WebPage","@id":"https:\/\/hcd.malargue.gov.ar\/?p=20633","url":"https:\/\/hcd.malargue.gov.ar\/?p=20633","name":"ORDEN DEL DIA 4\u00ba SESI\u00d3N ORDINARIA - Malarg\u00fce HCD","isPartOf":{"@id":"https:\/\/hcd.malargue.gov.ar\/#website"},"datePublished":"2020-07-01T13:57:32+00:00","dateModified":"2020-07-15T14:06:28+00:00","author":{"@id":"https:\/\/hcd.malargue.gov.ar\/#\/schema\/person\/3fd6bbab64edd703961b795156c955d0"},"breadcrumb":{"@id":"https:\/\/hcd.malargue.gov.ar\/?p=20633#breadcrumb"},"inLanguage":"es-AR","potentialAction":[{"@type":"ReadAction","target":["https:\/\/hcd.malargue.gov.ar\/?p=20633"]}]},{"@type":"BreadcrumbList","@id":"https:\/\/hcd.malargue.gov.ar\/?p=20633#breadcrumb","itemListElement":[{"@type":"ListItem","position":1,"name":"Inicio","item":"https:\/\/hcd.malargue.gov.ar\/"},{"@type":"ListItem","position":2,"name":"ORDEN DEL DIA 4\u00ba SESI\u00d3N ORDINARIA"}]},{"@type":"WebSite","@id":"https:\/\/hcd.malargue.gov.ar\/#website","url":"https:\/\/hcd.malargue.gov.ar\/","name":"Malarg\u00fce HCD","description":"Malarg\u00fce Mendoza Argentina","potentialAction":[{"@type":"SearchAction","target":{"@type":"EntryPoint","urlTemplate":"https:\/\/hcd.malargue.gov.ar\/?s={search_term_string}"},"query-input":"required name=search_term_string"}],"inLanguage":"es-AR"},{"@type":"Person","@id":"https:\/\/hcd.malargue.gov.ar\/#\/schema\/person\/3fd6bbab64edd703961b795156c955d0","name":"Belen Pedernera Ferragut","image":{"@type":"ImageObject","inLanguage":"es-AR","@id":"https:\/\/hcd.malargue.gov.ar\/#\/schema\/person\/image\/","url":"https:\/\/secure.gravatar.com\/avatar\/1054ffab3893de4bb3eb29bdd22f7e34b8537bf5d34d9dab311818154ad5b71f?s=96&d=mm&r=g","contentUrl":"https:\/\/secure.gravatar.com\/avatar\/1054ffab3893de4bb3eb29bdd22f7e34b8537bf5d34d9dab311818154ad5b71f?s=96&d=mm&r=g","caption":"Belen Pedernera Ferragut"},"url":"https:\/\/hcd.malargue.gov.ar\/?author=5"}]}},"_links":{"self":[{"href":"https:\/\/hcd.malargue.gov.ar\/index.php?rest_route=\/wp\/v2\/posts\/20633","targetHints":{"allow":["GET"]}}],"collection":[{"href":"https:\/\/hcd.malargue.gov.ar\/index.php?rest_route=\/wp\/v2\/posts"}],"about":[{"href":"https:\/\/hcd.malargue.gov.ar\/index.php?rest_route=\/wp\/v2\/types\/post"}],"author":[{"embeddable":true,"href":"https:\/\/hcd.malargue.gov.ar\/index.php?rest_route=\/wp\/v2\/users\/5"}],"replies":[{"embeddable":true,"href":"https:\/\/hcd.malargue.gov.ar\/index.php?rest_route=%2Fwp%2Fv2%2Fcomments&post=20633"}],"version-history":[{"count":0,"href":"https:\/\/hcd.malargue.gov.ar\/index.php?rest_route=\/wp\/v2\/posts\/20633\/revisions"}],"wp:featuredmedia":[{"embeddable":true,"href":"https:\/\/hcd.malargue.gov.ar\/index.php?rest_route=\/wp\/v2\/media\/20634"}],"wp:attachment":[{"href":"https:\/\/hcd.malargue.gov.ar\/index.php?rest_route=%2Fwp%2Fv2%2Fmedia&parent=20633"}],"wp:term":[{"taxonomy":"category","embeddable":true,"href":"https:\/\/hcd.malargue.gov.ar\/index.php?rest_route=%2Fwp%2Fv2%2Fcategories&post=20633"},{"taxonomy":"post_tag","embeddable":true,"href":"https:\/\/hcd.malargue.gov.ar\/index.php?rest_route=%2Fwp%2Fv2%2Ftags&post=20633"}],"curies":[{"name":"wp","href":"https:\/\/api.w.org\/{rel}","templated":true}]}}