{"id":20646,"date":"2020-07-01T11:31:56","date_gmt":"2020-07-01T14:31:56","guid":{"rendered":"https:\/\/hcd.malargue.gov.ar\/?p=20646"},"modified":"2020-07-13T10:11:56","modified_gmt":"2020-07-13T13:11:56","slug":"1-de-julio-dia-del-arquitecto","status":"publish","type":"post","link":"https:\/\/hcd.malargue.gov.ar\/?p=20646","title":{"rendered":"1 DE JULIO- DIA DEL ARQUITECTO"},"content":{"rendered":"<p>Fadea (Federaci\u00f3n de Arquitectos Argentinos) constituy\u00f3 el 1 de julio como el D\u00eda del Arquitecto Argentino en 1996. Hasta ese a\u00f1o, la celebraci\u00f3n se realizaba ese mismo d\u00eda pero en el marco del D\u00eda Internacional de la Arquitectura, que hab\u00eda sido instituido por la Uni\u00f3n Internacional de Arquitectos (UIA) en 1985.<\/p>\n<p>\u00a1\u00a1\u00a1FELIZ DIA A TODOS LOS ARQUITECTOS MALARG\u00dcINOS, LES DESEA EL HCD!!!<\/p>\n","protected":false},"excerpt":{"rendered":"<p>Fadea (Federaci\u00f3n de Arquitectos Argentinos) constituy\u00f3 el 1 de julio como el D\u00eda del Arquitecto Argentino en 1996. Hasta ese a\u00f1o, la celebraci\u00f3n se realizaba ese mismo d\u00eda pero en el marco del D\u00eda Internacional de la Arquitectura, que hab\u00eda sido instituido por la Uni\u00f3n Internacional de Arquitectos (UIA) en 1985. \u00a1\u00a1\u00a1FELIZ DIA A TODOS [&hellip;]<\/p>\n","protected":false},"author":5,"featured_media":20647,"comment_status":"closed","ping_status":"closed","sticky":false,"template":"","format":"standard","meta":{"footnotes":""},"categories":[69,52,33],"tags":[],"class_list":["post-20646","post","type-post","status-publish","format-standard","has-post-thumbnail","hentry","category-efemerides","category-gacetillas","category-prensa"],"yoast_head":"<!-- This site is optimized with the Yoast SEO plugin v19.10 - https:\/\/yoast.com\/wordpress\/plugins\/seo\/ -->\n<title>1 DE JULIO- DIA DEL ARQUITECTO - Malarg\u00fce HCD<\/title>\n<meta name=\"robots\" content=\"index, follow, max-snippet:-1, max-image-preview:large, max-video-preview:-1\" \/>\n<link rel=\"canonical\" href=\"https:\/\/hcd.malargue.gov.ar\/?p=20646\" \/>\n<meta property=\"og:locale\" content=\"es_ES\" \/>\n<meta property=\"og:type\" content=\"article\" \/>\n<meta property=\"og:title\" content=\"1 DE JULIO- DIA DEL ARQUITECTO - Malarg\u00fce HCD\" \/>\n<meta property=\"og:description\" content=\"Fadea (Federaci\u00f3n de Arquitectos Argentinos) constituy\u00f3 el 1 de julio como el D\u00eda del Arquitecto Argentino en 1996. Hasta ese a\u00f1o, la celebraci\u00f3n se realizaba ese mismo d\u00eda pero en el marco del D\u00eda Internacional de la Arquitectura, que hab\u00eda sido instituido por la Uni\u00f3n Internacional de Arquitectos (UIA) en 1985. \u00a1\u00a1\u00a1FELIZ DIA A TODOS [&hellip;]\" \/>\n<meta property=\"og:url\" content=\"https:\/\/hcd.malargue.gov.ar\/?p=20646\" \/>\n<meta property=\"og:site_name\" content=\"Malarg\u00fce HCD\" \/>\n<meta property=\"article:published_time\" content=\"2020-07-01T14:31:56+00:00\" \/>\n<meta property=\"article:modified_time\" content=\"2020-07-13T13:11:56+00:00\" \/>\n<meta property=\"og:image\" content=\"https:\/\/hcd.malargue.gov.ar\/wp-content\/uploads\/2020\/07\/dia-del-arquitecto.png\" \/>\n\t<meta property=\"og:image:width\" content=\"843\" \/>\n\t<meta property=\"og:image:height\" content=\"481\" \/>\n\t<meta property=\"og:image:type\" content=\"image\/png\" \/>\n<meta name=\"author\" content=\"Belen Pedernera Ferragut\" \/>\n<meta name=\"twitter:card\" content=\"summary_large_image\" \/>\n<meta name=\"twitter:label1\" content=\"Escrito por\" \/>\n\t<meta name=\"twitter:data1\" content=\"Belen Pedernera Ferragut\" \/>\n<script type=\"application\/ld+json\" class=\"yoast-schema-graph\">{\"@context\":\"https:\/\/schema.org\",\"@graph\":[{\"@type\":\"WebPage\",\"@id\":\"https:\/\/hcd.malargue.gov.ar\/?p=20646\",\"url\":\"https:\/\/hcd.malargue.gov.ar\/?p=20646\",\"name\":\"1 DE JULIO- DIA DEL ARQUITECTO - Malarg\u00fce HCD\",\"isPartOf\":{\"@id\":\"https:\/\/hcd.malargue.gov.ar\/#website\"},\"datePublished\":\"2020-07-01T14:31:56+00:00\",\"dateModified\":\"2020-07-13T13:11:56+00:00\",\"author\":{\"@id\":\"https:\/\/hcd.malargue.gov.ar\/#\/schema\/person\/3fd6bbab64edd703961b795156c955d0\"},\"breadcrumb\":{\"@id\":\"https:\/\/hcd.malargue.gov.ar\/?p=20646#breadcrumb\"},\"inLanguage\":\"es-AR\",\"potentialAction\":[{\"@type\":\"ReadAction\",\"target\":[\"https:\/\/hcd.malargue.gov.ar\/?p=20646\"]}]},{\"@type\":\"BreadcrumbList\",\"@id\":\"https:\/\/hcd.malargue.gov.ar\/?p=20646#breadcrumb\",\"itemListElement\":[{\"@type\":\"ListItem\",\"position\":1,\"name\":\"Inicio\",\"item\":\"https:\/\/hcd.malargue.gov.ar\/\"},{\"@type\":\"ListItem\",\"position\":2,\"name\":\"1 DE JULIO- DIA DEL ARQUITECTO\"}]},{\"@type\":\"WebSite\",\"@id\":\"https:\/\/hcd.malargue.gov.ar\/#website\",\"url\":\"https:\/\/hcd.malargue.gov.ar\/\",\"name\":\"Malarg\u00fce HCD\",\"description\":\"Malarg\u00fce Mendoza Argentina\",\"potentialAction\":[{\"@type\":\"SearchAction\",\"target\":{\"@type\":\"EntryPoint\",\"urlTemplate\":\"https:\/\/hcd.malargue.gov.ar\/?s={search_term_string}\"},\"query-input\":\"required name=search_term_string\"}],\"inLanguage\":\"es-AR\"},{\"@type\":\"Person\",\"@id\":\"https:\/\/hcd.malargue.gov.ar\/#\/schema\/person\/3fd6bbab64edd703961b795156c955d0\",\"name\":\"Belen Pedernera Ferragut\",\"image\":{\"@type\":\"ImageObject\",\"inLanguage\":\"es-AR\",\"@id\":\"https:\/\/hcd.malargue.gov.ar\/#\/schema\/person\/image\/\",\"url\":\"https:\/\/secure.gravatar.com\/avatar\/1054ffab3893de4bb3eb29bdd22f7e34b8537bf5d34d9dab311818154ad5b71f?s=96&d=mm&r=g\",\"contentUrl\":\"https:\/\/secure.gravatar.com\/avatar\/1054ffab3893de4bb3eb29bdd22f7e34b8537bf5d34d9dab311818154ad5b71f?s=96&d=mm&r=g\",\"caption\":\"Belen Pedernera Ferragut\"},\"url\":\"https:\/\/hcd.malargue.gov.ar\/?author=5\"}]}<\/script>\n<!-- \/ Yoast SEO plugin. -->","yoast_head_json":{"title":"1 DE JULIO- DIA DEL ARQUITECTO - Malarg\u00fce HCD","robots":{"index":"index","follow":"follow","max-snippet":"max-snippet:-1","max-image-preview":"max-image-preview:large","max-video-preview":"max-video-preview:-1"},"canonical":"https:\/\/hcd.malargue.gov.ar\/?p=20646","og_locale":"es_ES","og_type":"article","og_title":"1 DE JULIO- DIA DEL ARQUITECTO - Malarg\u00fce HCD","og_description":"Fadea (Federaci\u00f3n de Arquitectos Argentinos) constituy\u00f3 el 1 de julio como el D\u00eda del Arquitecto Argentino en 1996. Hasta ese a\u00f1o, la celebraci\u00f3n se realizaba ese mismo d\u00eda pero en el marco del D\u00eda Internacional de la Arquitectura, que hab\u00eda sido instituido por la Uni\u00f3n Internacional de Arquitectos (UIA) en 1985. \u00a1\u00a1\u00a1FELIZ DIA A TODOS [&hellip;]","og_url":"https:\/\/hcd.malargue.gov.ar\/?p=20646","og_site_name":"Malarg\u00fce HCD","article_published_time":"2020-07-01T14:31:56+00:00","article_modified_time":"2020-07-13T13:11:56+00:00","og_image":[{"width":843,"height":481,"url":"https:\/\/hcd.malargue.gov.ar\/wp-content\/uploads\/2020\/07\/dia-del-arquitecto.png","type":"image\/png"}],"author":"Belen Pedernera Ferragut","twitter_card":"summary_large_image","twitter_misc":{"Escrito por":"Belen Pedernera Ferragut"},"schema":{"@context":"https:\/\/schema.org","@graph":[{"@type":"WebPage","@id":"https:\/\/hcd.malargue.gov.ar\/?p=20646","url":"https:\/\/hcd.malargue.gov.ar\/?p=20646","name":"1 DE JULIO- DIA DEL ARQUITECTO - Malarg\u00fce HCD","isPartOf":{"@id":"https:\/\/hcd.malargue.gov.ar\/#website"},"datePublished":"2020-07-01T14:31:56+00:00","dateModified":"2020-07-13T13:11:56+00:00","author":{"@id":"https:\/\/hcd.malargue.gov.ar\/#\/schema\/person\/3fd6bbab64edd703961b795156c955d0"},"breadcrumb":{"@id":"https:\/\/hcd.malargue.gov.ar\/?p=20646#breadcrumb"},"inLanguage":"es-AR","potentialAction":[{"@type":"ReadAction","target":["https:\/\/hcd.malargue.gov.ar\/?p=20646"]}]},{"@type":"BreadcrumbList","@id":"https:\/\/hcd.malargue.gov.ar\/?p=20646#breadcrumb","itemListElement":[{"@type":"ListItem","position":1,"name":"Inicio","item":"https:\/\/hcd.malargue.gov.ar\/"},{"@type":"ListItem","position":2,"name":"1 DE JULIO- DIA DEL ARQUITECTO"}]},{"@type":"WebSite","@id":"https:\/\/hcd.malargue.gov.ar\/#website","url":"https:\/\/hcd.malargue.gov.ar\/","name":"Malarg\u00fce HCD","description":"Malarg\u00fce Mendoza Argentina","potentialAction":[{"@type":"SearchAction","target":{"@type":"EntryPoint","urlTemplate":"https:\/\/hcd.malargue.gov.ar\/?s={search_term_string}"},"query-input":"required name=search_term_string"}],"inLanguage":"es-AR"},{"@type":"Person","@id":"https:\/\/hcd.malargue.gov.ar\/#\/schema\/person\/3fd6bbab64edd703961b795156c955d0","name":"Belen Pedernera Ferragut","image":{"@type":"ImageObject","inLanguage":"es-AR","@id":"https:\/\/hcd.malargue.gov.ar\/#\/schema\/person\/image\/","url":"https:\/\/secure.gravatar.com\/avatar\/1054ffab3893de4bb3eb29bdd22f7e34b8537bf5d34d9dab311818154ad5b71f?s=96&d=mm&r=g","contentUrl":"https:\/\/secure.gravatar.com\/avatar\/1054ffab3893de4bb3eb29bdd22f7e34b8537bf5d34d9dab311818154ad5b71f?s=96&d=mm&r=g","caption":"Belen Pedernera Ferragut"},"url":"https:\/\/hcd.malargue.gov.ar\/?author=5"}]}},"_links":{"self":[{"href":"https:\/\/hcd.malargue.gov.ar\/index.php?rest_route=\/wp\/v2\/posts\/20646","targetHints":{"allow":["GET"]}}],"collection":[{"href":"https:\/\/hcd.malargue.gov.ar\/index.php?rest_route=\/wp\/v2\/posts"}],"about":[{"href":"https:\/\/hcd.malargue.gov.ar\/index.php?rest_route=\/wp\/v2\/types\/post"}],"author":[{"embeddable":true,"href":"https:\/\/hcd.malargue.gov.ar\/index.php?rest_route=\/wp\/v2\/users\/5"}],"replies":[{"embeddable":true,"href":"https:\/\/hcd.malargue.gov.ar\/index.php?rest_route=%2Fwp%2Fv2%2Fcomments&post=20646"}],"version-history":[{"count":0,"href":"https:\/\/hcd.malargue.gov.ar\/index.php?rest_route=\/wp\/v2\/posts\/20646\/revisions"}],"wp:featuredmedia":[{"embeddable":true,"href":"https:\/\/hcd.malargue.gov.ar\/index.php?rest_route=\/wp\/v2\/media\/20647"}],"wp:attachment":[{"href":"https:\/\/hcd.malargue.gov.ar\/index.php?rest_route=%2Fwp%2Fv2%2Fmedia&parent=20646"}],"wp:term":[{"taxonomy":"category","embeddable":true,"href":"https:\/\/hcd.malargue.gov.ar\/index.php?rest_route=%2Fwp%2Fv2%2Fcategories&post=20646"},{"taxonomy":"post_tag","embeddable":true,"href":"https:\/\/hcd.malargue.gov.ar\/index.php?rest_route=%2Fwp%2Fv2%2Ftags&post=20646"}],"curies":[{"name":"wp","href":"https:\/\/api.w.org\/{rel}","templated":true}]}}