{"id":20677,"date":"2020-07-02T12:50:06","date_gmt":"2020-07-02T15:50:06","guid":{"rendered":"https:\/\/hcd.malargue.gov.ar\/?p=20677"},"modified":"2020-07-02T13:02:53","modified_gmt":"2020-07-02T16:02:53","slug":"el-hcd-llevo-a-cabo-la-4o-sesion-ordinaria-del-presente-periodo-legislativo","status":"publish","type":"post","link":"https:\/\/hcd.malargue.gov.ar\/?p=20677","title":{"rendered":"EL HCD LLEV\u00d3 A CABO LA 4\u00ba SESI\u00d3N ORDINARIA DEL PRESENTE PERIODO LEGISLATIVO"},"content":{"rendered":"<h6>SESI\u00d3N ORDINARIA \u2013 2 de Julio 2020<\/h6>\n<h6>Presidiendo la Sesi\u00f3n:\u00a0\u00a0Concejal Martin Palma (Bloque Cambia Mendoza)<\/h6>\n<h6>Concejales Presentes: Jose Barro, Paola Jofre,\u00a0 Andres Risi, Daniela Favari, Silvia Correa (Bloque Frente de Todos, Daiana Varas, Gabriel Rosas, Paola Rojo y Luciana Villegas (Bloque Cambia Mendoza)<\/h6>\n<p>A las 9:00 hs de este jueves 2 de julio, dio inici\u00f3 el <a href=\"https:\/\/hcd.malargue.gov.ar\/2020\/07\/01\/orden-del-dia-4o-sesion-ordinaria\/\">Orden del Dia de la Sesi\u00f3n Ordinaria convocada<\/a>.<\/p>\n<p>Luego del punto homenaje de los Sres Concejales en el cual hicieron uso de la palabra los Ediles continuaron con el cumplimiento del Orden del D\u00eda y elevaron un total de 6 notas, 12 proyectos de los Sres Concejales, y 2 del Departamento Ejecutivo a las distintas comisiones de trabajo para su correspondiente tratamiento.<\/p>\n<blockquote>\n<h1>Detalle de los Proyectos y env\u00edo a Comisiones de Trabajo:<\/h1>\n<p><strong><em>La COMISI\u00d3N DE EDUCACI\u00d3N, HIGIENE, MORALIDAD, ACCI\u00d3N SOCIAL Y CULTURA (EHMASyC) recepcionar\u00e1 3 proyectos:\u00a0<\/em><\/strong><\/p>\n<ul>\n<li>Expte. N\u00ba 4.763- HC 019-2020 Proyecto de Ordenanza: Imponer el nombre \u201cProf. Ra\u00fal Benito Rodr\u00edguez\u201d a la residencia deportiva de la Municipalidad de Malarg\u00fce. (BLOQUE FRENTE DE TODOS) Autor: Concejales Daniela Favari y Silvia Correa.<\/li>\n<li>Expte. N\u00ba 4.764-HC 019-2020 Proyecto de Ordenanza: Creaci\u00f3n de la Comisi\u00f3n ad-honorem de Protecci\u00f3n y Recuperaci\u00f3n del Patrimonio P\u00fablico, Arquitect\u00f3nico y Cultural del Departamento de Malarg\u00fce (BLOQUE FRENTE DE TODOS) Autor: Concejal Daniela Favari. (Tras el an\u00e1lisis en la Comisi\u00f3n de Educaci\u00f3n, pasa a\u00a0 Obras P\u00fablicas y finalmente a Hacienda).<\/li>\n<li>Expte. N\u00ba 4.768-HC 019-2020 Proyecto de Ordenanza: Creaci\u00f3n de la Biblioteca Digital Municipal. (BLOQUE CAMBIA MENDOZA) Autor: Concejal Daiana Varas.<\/li>\n<\/ul>\n<p><strong><em>La COMISI\u00d3N DE HACIENDA PRESUPUESTO LEGISLACI\u00d3N Y ASUNTOS CONSTITUCIONALES (HPLAC) recepcionar\u00e1 8 proyectos:<\/em><\/strong><\/p>\n<ul>\n<li>TRATAMIENTO PREFERENCIAL- Expte N\u00ba 4.770-HC 019-2020 Proyecto de Resoluci\u00f3n: Refacci\u00f3n y reparaci\u00f3n del Sistema Cloacal del Distrito de Agua Escondida (BLOQUE FRENTE DE TODOS ) Autores Concejales Daniela Favari , Paola Jofr\u00e9, Jos\u00e9 Barro y Silvia Correa.<\/li>\n<li>TRATAMIENTO PREFERENCIAL- Expte. N\u00ba 4.771-HC 019-2020 Proyecto de Resoluci\u00f3n: Transporte p\u00fablico a parajes de la zona rural en el contexto de la Pandemia por COVID 19 (BLOQUE FRENTE DE TODOS) Autores: Concejales Jos\u00e9 Barro, Paola Jofr\u00e9, Daniela Favari y Silvia Correa<\/li>\n<li>TRATAMIENTO PREFERENCIAL- Expte. N\u00ba 4.772-HC 019-2020 Proyecto de Resoluci\u00f3n: Fortalecimiento de ayudas econ\u00f3micas destinadas a becas en el contexto de la Pandemia por COVID 19 (BLOQUE FRENTE DE TODOS ) Autores: Concejales Silvia Correa, Jos\u00e9 Barro, Paola Jofr\u00e9 y Daniela Favari. (Comisi\u00f3n Ampliada)<\/li>\n<li>Expte. N\u00ba 4.773-HC 019-2020 Proyecto de Resoluci\u00f3n: Repudio a Resoluci\u00f3n del COIRCO respecto a Obra Hidroel\u00e9ctrica Portezuelo del Viento. (BLOQUE CAMBIA MENDOZA) Autores: Concejales Paola Rojo, Gabriel Rosas, Daiana Varas Castro y Mart\u00edn Palma. (Comisi\u00f3n Ampliada).<\/li>\n<li>TRATAMIENTO PREFERENCIAL- Expte. N\u00ba 4.774-HC 019-2020 Proyecto de Declaraci\u00f3n: Apoyo al Sr. Gobernador de la Provincia por sus gestiones en defensa de los derechos de la Provincia respecto a Obra Hidroel\u00e9ctrica Portezuelo del Viento. (BLOQUE CAMBIA MENDOZA) Autores Concejales Mart\u00edn Palma, Paola Rojo, Gabriel Rosas y Daiana Varas Castro. (Comisi\u00f3n Ampliada).<\/li>\n<li>Expte. N\u00ba 4.775-HC-019-2020 Proyecto de Resoluci\u00f3n: Repudiar las declaraciones del Intendente del Departamento de Tunuy\u00e1n Mart\u00edn Aveiro (BLOQUE CAMBIA MENDOZA) Autores: Concejales Mart\u00edn Palma, Paola Rojo, Gabriel Rosas y Daiana Varas Castro. (Comisi\u00f3n Ampliada).<\/li>\n<li>Proveniente del Ejecutivo- Expte. N\u00ba 2091\/2020-0 Secretar\u00eda de Finanzas P\u00fablicas Proyecto de Ordenanza Ref. \u201cTasas de Desinsectaci\u00f3n, Desinfecci\u00f3n y Fiscalizaci\u00f3n\u201d<\/li>\n<li>Proveniente del Ejecutivo- Expte. N\u00ba 2.238-2020 Municipalidad de Malarg\u00fce Responsabilidad Fiscal Primer Trimestre del Ejercicio 2020.-<\/li>\n<\/ul>\n<p><em><b>La COMISI\u00d3N DE OBRAS P\u00daBLICAS, TURISMO Y RECURSOS NATURALES (OPTyRN) recepcionar\u00e1 3 <strong>proyectos:\u00a0<\/strong><\/b><\/em><\/p>\n<ul>\n<li>Expte. N\u00ba 4.766-HC 019- 2020 Proyecto de Ordenanza: Incluir a la Direcci\u00f3n de Promoci\u00f3n y Pol\u00edticas Tur\u00edsticas al proceso de habilitaci\u00f3n comercial municipal establecido en el Decreto N\u00ba 1.100\/2013 (Emprendimientos actividad tur\u00edstica) (BLOQUE CAMBIA MENDOZA) Autor: Concejal Paola L. Rojo (Tras el an\u00e1lisis en la Comisi\u00f3n de Obras P\u00fablicas, el proyecto ser\u00e1 remitido a la Comisi\u00f3n de Hacienda).<\/li>\n<li>Expte. N\u00ba 4.767-HC 019-2020 Proyecto de Ordenanza: Instalar alumbrado p\u00fablico en la calle Juan Agust\u00edn Maza (Colonia Pehuenche) (BLOQUE CAMBIA MENDOZA) Autor: Concejal Paola L. Rojo<\/li>\n<li>Expte. N\u00ba 4.769-HC 019-2020 Proyecto de Resoluci\u00f3n: Declarar la Emergencia de caminos, rutas (provinciales-nacionales) y accesos ganaderos del Departamento. (BLOQUE FRENTE DE TODOS) Autores : Concejales Daniela Favari, Andr\u00e9s Risi, Jos\u00e9 Barro, y Silvia Correa<\/li>\n<\/ul>\n<\/blockquote>\n<p>En el punto h) el Expte. N\u00ba 4.760-HC 018-2020 Proyecto de Declaraci\u00f3n Declarar la Emergencia Sanitaria en el Departamento de Malarg\u00fce (Paso a archivo); y el Expte. N\u00ba 4.761-HC 018-2020 Proyecto de Resoluci\u00f3n: Solicitar al Sr Intendente realice las gestiones necesarias correspondientes al DNU Presidencial N\u00ba 352\/2020, debido a la moci\u00f3n de la Concejal Rojo y con el apoyo de todos los Ediles el Expte de referencia volvi\u00f3 a la Comisi\u00f3n de Hacienda con tratamiento preferencial.<\/p>\n<p>Sin m\u00e1s que tratar, el Presidente del Cuerpo Deliberativo dio por finalizada la sesi\u00f3n.<\/p>\n<p>Bel\u00e9n Pedernera Ferragut \/ Prensa HCD<\/p>\n<p>VER LA SESI\u00d3N EN VIVO: <a href=\"https:\/\/youtu.be\/9f-ZqpGjJCY?fbclid=IwAR3fQtogMjwQKxB7aHi9Cqj-VFFE2k2isVstIeQ6w-e7j3vNU2xoI0gSH0A\">https:\/\/youtu.be\/9f-ZqpGjJCY?fbclid=IwAR3fQtogMjwQKxB7aHi9Cqj-VFFE2k2isVstIeQ6w-e7j3vNU2xoI0gSH0A<\/a><\/p>\n<p>GALERIA DE FOTOS:<\/p>\n<div id='gallery-1' class='gallery galleryid-20677 gallery-columns-8 gallery-size-thumbnail'><figure class='gallery-item'>\n\t\t\t<div class='gallery-icon landscape'>\n\t\t\t\t<a href='https:\/\/hcd.malargue.gov.ar\/wp-content\/uploads\/2020\/07\/IMGP4524-scaled.jpg'><img loading=\"lazy\" decoding=\"async\" width=\"150\" height=\"150\" src=\"https:\/\/hcd.malargue.gov.ar\/wp-content\/uploads\/2020\/07\/IMGP4524-150x150.jpg\" class=\"attachment-thumbnail size-thumbnail\" alt=\"\" \/><\/a>\n\t\t\t<\/div><\/figure><figure class='gallery-item'>\n\t\t\t<div class='gallery-icon landscape'>\n\t\t\t\t<a href='https:\/\/hcd.malargue.gov.ar\/wp-content\/uploads\/2020\/07\/IMGP4526-scaled.jpg'><img loading=\"lazy\" decoding=\"async\" width=\"150\" height=\"150\" src=\"https:\/\/hcd.malargue.gov.ar\/wp-content\/uploads\/2020\/07\/IMGP4526-150x150.jpg\" class=\"attachment-thumbnail size-thumbnail\" alt=\"\" \/><\/a>\n\t\t\t<\/div><\/figure><figure class='gallery-item'>\n\t\t\t<div class='gallery-icon portrait'>\n\t\t\t\t<a href='https:\/\/hcd.malargue.gov.ar\/wp-content\/uploads\/2020\/07\/IMGP4527-scaled.jpg'><img loading=\"lazy\" decoding=\"async\" width=\"150\" height=\"150\" src=\"https:\/\/hcd.malargue.gov.ar\/wp-content\/uploads\/2020\/07\/IMGP4527-150x150.jpg\" class=\"attachment-thumbnail size-thumbnail\" alt=\"\" \/><\/a>\n\t\t\t<\/div><\/figure><figure class='gallery-item'>\n\t\t\t<div class='gallery-icon portrait'>\n\t\t\t\t<a href='https:\/\/hcd.malargue.gov.ar\/wp-content\/uploads\/2020\/07\/IMGP4528-scaled.jpg'><img loading=\"lazy\" decoding=\"async\" width=\"150\" height=\"150\" src=\"https:\/\/hcd.malargue.gov.ar\/wp-content\/uploads\/2020\/07\/IMGP4528-150x150.jpg\" class=\"attachment-thumbnail size-thumbnail\" alt=\"\" \/><\/a>\n\t\t\t<\/div><\/figure><figure class='gallery-item'>\n\t\t\t<div class='gallery-icon portrait'>\n\t\t\t\t<a href='https:\/\/hcd.malargue.gov.ar\/wp-content\/uploads\/2020\/07\/IMGP4529-scaled.jpg'><img loading=\"lazy\" decoding=\"async\" width=\"150\" height=\"150\" src=\"https:\/\/hcd.malargue.gov.ar\/wp-content\/uploads\/2020\/07\/IMGP4529-150x150.jpg\" class=\"attachment-thumbnail size-thumbnail\" alt=\"\" \/><\/a>\n\t\t\t<\/div><\/figure><figure class='gallery-item'>\n\t\t\t<div class='gallery-icon landscape'>\n\t\t\t\t<a href='https:\/\/hcd.malargue.gov.ar\/wp-content\/uploads\/2020\/07\/IMGP4532-scaled.jpg'><img loading=\"lazy\" decoding=\"async\" width=\"150\" height=\"150\" src=\"https:\/\/hcd.malargue.gov.ar\/wp-content\/uploads\/2020\/07\/IMGP4532-150x150.jpg\" class=\"attachment-thumbnail size-thumbnail\" alt=\"\" \/><\/a>\n\t\t\t<\/div><\/figure><figure class='gallery-item'>\n\t\t\t<div class='gallery-icon landscape'>\n\t\t\t\t<a href='https:\/\/hcd.malargue.gov.ar\/wp-content\/uploads\/2020\/07\/IMGP4533-scaled.jpg'><img loading=\"lazy\" decoding=\"async\" width=\"150\" height=\"150\" src=\"https:\/\/hcd.malargue.gov.ar\/wp-content\/uploads\/2020\/07\/IMGP4533-150x150.jpg\" class=\"attachment-thumbnail size-thumbnail\" alt=\"\" \/><\/a>\n\t\t\t<\/div><\/figure><figure class='gallery-item'>\n\t\t\t<div class='gallery-icon portrait'>\n\t\t\t\t<a href='https:\/\/hcd.malargue.gov.ar\/wp-content\/uploads\/2020\/07\/IMGP4536-scaled.jpg'><img loading=\"lazy\" decoding=\"async\" width=\"150\" height=\"150\" src=\"https:\/\/hcd.malargue.gov.ar\/wp-content\/uploads\/2020\/07\/IMGP4536-150x150.jpg\" class=\"attachment-thumbnail size-thumbnail\" alt=\"\" \/><\/a>\n\t\t\t<\/div><\/figure><figure class='gallery-item'>\n\t\t\t<div class='gallery-icon portrait'>\n\t\t\t\t<a href='https:\/\/hcd.malargue.gov.ar\/wp-content\/uploads\/2020\/07\/IMGP4537-scaled.jpg'><img loading=\"lazy\" decoding=\"async\" width=\"150\" height=\"150\" src=\"https:\/\/hcd.malargue.gov.ar\/wp-content\/uploads\/2020\/07\/IMGP4537-150x150.jpg\" class=\"attachment-thumbnail size-thumbnail\" alt=\"\" \/><\/a>\n\t\t\t<\/div><\/figure><figure class='gallery-item'>\n\t\t\t<div class='gallery-icon portrait'>\n\t\t\t\t<a href='https:\/\/hcd.malargue.gov.ar\/wp-content\/uploads\/2020\/07\/IMGP4538-scaled.jpg'><img loading=\"lazy\" decoding=\"async\" width=\"150\" height=\"150\" src=\"https:\/\/hcd.malargue.gov.ar\/wp-content\/uploads\/2020\/07\/IMGP4538-150x150.jpg\" class=\"attachment-thumbnail size-thumbnail\" alt=\"\" \/><\/a>\n\t\t\t<\/div><\/figure><figure class='gallery-item'>\n\t\t\t<div class='gallery-icon landscape'>\n\t\t\t\t<a href='https:\/\/hcd.malargue.gov.ar\/wp-content\/uploads\/2020\/07\/IMGP4539-scaled.jpg'><img loading=\"lazy\" decoding=\"async\" width=\"150\" height=\"150\" src=\"https:\/\/hcd.malargue.gov.ar\/wp-content\/uploads\/2020\/07\/IMGP4539-150x150.jpg\" class=\"attachment-thumbnail size-thumbnail\" alt=\"\" \/><\/a>\n\t\t\t<\/div><\/figure><figure class='gallery-item'>\n\t\t\t<div class='gallery-icon portrait'>\n\t\t\t\t<a href='https:\/\/hcd.malargue.gov.ar\/wp-content\/uploads\/2020\/07\/IMGP4541-scaled.jpg'><img loading=\"lazy\" decoding=\"async\" width=\"150\" height=\"150\" src=\"https:\/\/hcd.malargue.gov.ar\/wp-content\/uploads\/2020\/07\/IMGP4541-150x150.jpg\" class=\"attachment-thumbnail size-thumbnail\" alt=\"\" \/><\/a>\n\t\t\t<\/div><\/figure><figure class='gallery-item'>\n\t\t\t<div class='gallery-icon landscape'>\n\t\t\t\t<a href='https:\/\/hcd.malargue.gov.ar\/wp-content\/uploads\/2020\/07\/IMGP4542-scaled.jpg'><img loading=\"lazy\" decoding=\"async\" width=\"150\" height=\"150\" src=\"https:\/\/hcd.malargue.gov.ar\/wp-content\/uploads\/2020\/07\/IMGP4542-150x150.jpg\" class=\"attachment-thumbnail size-thumbnail\" alt=\"\" \/><\/a>\n\t\t\t<\/div><\/figure><figure class='gallery-item'>\n\t\t\t<div class='gallery-icon landscape'>\n\t\t\t\t<a href='https:\/\/hcd.malargue.gov.ar\/wp-content\/uploads\/2020\/07\/IMGP4543-scaled.jpg'><img loading=\"lazy\" decoding=\"async\" width=\"150\" height=\"150\" src=\"https:\/\/hcd.malargue.gov.ar\/wp-content\/uploads\/2020\/07\/IMGP4543-150x150.jpg\" class=\"attachment-thumbnail size-thumbnail\" alt=\"\" \/><\/a>\n\t\t\t<\/div><\/figure><figure class='gallery-item'>\n\t\t\t<div class='gallery-icon portrait'>\n\t\t\t\t<a href='https:\/\/hcd.malargue.gov.ar\/wp-content\/uploads\/2020\/07\/IMGP4545-scaled.jpg'><img loading=\"lazy\" decoding=\"async\" width=\"150\" height=\"150\" src=\"https:\/\/hcd.malargue.gov.ar\/wp-content\/uploads\/2020\/07\/IMGP4545-150x150.jpg\" class=\"attachment-thumbnail size-thumbnail\" alt=\"\" \/><\/a>\n\t\t\t<\/div><\/figure>\n\t\t<\/div>\n\n","protected":false},"excerpt":{"rendered":"<p>SESI\u00d3N ORDINARIA \u2013 2 de Julio 2020 Presidiendo la Sesi\u00f3n:\u00a0\u00a0Concejal Martin Palma (Bloque Cambia Mendoza) Concejales Presentes: Jose Barro, Paola Jofre,\u00a0 Andres Risi, Daniela Favari, Silvia Correa (Bloque Frente de Todos, Daiana Varas, Gabriel Rosas, Paola Rojo y Luciana Villegas (Bloque Cambia Mendoza) A las 9:00 hs de este jueves 2 de julio, dio inici\u00f3 [&hellip;]<\/p>\n","protected":false},"author":5,"featured_media":20688,"comment_status":"closed","ping_status":"closed","sticky":false,"template":"","format":"standard","meta":{"footnotes":""},"categories":[52,58,33,36],"tags":[],"class_list":["post-20677","post","type-post","status-publish","format-standard","has-post-thumbnail","hentry","category-gacetillas","category-ordinarias","category-prensa","category-sesiones"],"yoast_head":"<!-- This site is optimized with the Yoast SEO plugin v19.10 - https:\/\/yoast.com\/wordpress\/plugins\/seo\/ -->\n<title>EL HCD LLEV\u00d3 A CABO LA 4\u00ba SESI\u00d3N ORDINARIA DEL PRESENTE PERIODO LEGISLATIVO - Malarg\u00fce HCD<\/title>\n<meta name=\"robots\" content=\"index, follow, max-snippet:-1, max-image-preview:large, max-video-preview:-1\" \/>\n<link rel=\"canonical\" href=\"https:\/\/hcd.malargue.gov.ar\/?p=20677\" \/>\n<meta property=\"og:locale\" content=\"es_ES\" \/>\n<meta property=\"og:type\" content=\"article\" \/>\n<meta property=\"og:title\" content=\"EL HCD LLEV\u00d3 A CABO LA 4\u00ba SESI\u00d3N ORDINARIA DEL PRESENTE PERIODO LEGISLATIVO - Malarg\u00fce HCD\" \/>\n<meta property=\"og:description\" content=\"SESI\u00d3N ORDINARIA \u2013 2 de Julio 2020 Presidiendo la Sesi\u00f3n:\u00a0\u00a0Concejal Martin Palma (Bloque Cambia Mendoza) Concejales Presentes: Jose Barro, Paola Jofre,\u00a0 Andres Risi, Daniela Favari, Silvia Correa (Bloque Frente de Todos, Daiana Varas, Gabriel Rosas, Paola Rojo y Luciana Villegas (Bloque Cambia Mendoza) A las 9:00 hs de este jueves 2 de julio, dio inici\u00f3 [&hellip;]\" \/>\n<meta property=\"og:url\" content=\"https:\/\/hcd.malargue.gov.ar\/?p=20677\" \/>\n<meta property=\"og:site_name\" content=\"Malarg\u00fce HCD\" \/>\n<meta property=\"article:published_time\" content=\"2020-07-02T15:50:06+00:00\" \/>\n<meta property=\"article:modified_time\" content=\"2020-07-02T16:02:53+00:00\" \/>\n<meta property=\"og:image\" content=\"https:\/\/hcd.malargue.gov.ar\/wp-content\/uploads\/2020\/07\/WhatsApp-Image-2020-07-02-at-09.27.51.jpeg\" \/>\n\t<meta property=\"og:image:width\" content=\"1216\" \/>\n\t<meta property=\"og:image:height\" content=\"800\" \/>\n\t<meta property=\"og:image:type\" content=\"image\/jpeg\" \/>\n<meta name=\"author\" content=\"Belen Pedernera Ferragut\" \/>\n<meta name=\"twitter:card\" content=\"summary_large_image\" \/>\n<meta name=\"twitter:label1\" content=\"Escrito por\" \/>\n\t<meta name=\"twitter:data1\" content=\"Belen Pedernera Ferragut\" \/>\n\t<meta name=\"twitter:label2\" content=\"Tiempo de lectura\" \/>\n\t<meta name=\"twitter:data2\" content=\"4 minutos\" \/>\n<script type=\"application\/ld+json\" class=\"yoast-schema-graph\">{\"@context\":\"https:\/\/schema.org\",\"@graph\":[{\"@type\":\"WebPage\",\"@id\":\"https:\/\/hcd.malargue.gov.ar\/?p=20677\",\"url\":\"https:\/\/hcd.malargue.gov.ar\/?p=20677\",\"name\":\"EL HCD LLEV\u00d3 A CABO LA 4\u00ba SESI\u00d3N ORDINARIA DEL PRESENTE PERIODO LEGISLATIVO - Malarg\u00fce HCD\",\"isPartOf\":{\"@id\":\"https:\/\/hcd.malargue.gov.ar\/#website\"},\"datePublished\":\"2020-07-02T15:50:06+00:00\",\"dateModified\":\"2020-07-02T16:02:53+00:00\",\"author\":{\"@id\":\"https:\/\/hcd.malargue.gov.ar\/#\/schema\/person\/3fd6bbab64edd703961b795156c955d0\"},\"breadcrumb\":{\"@id\":\"https:\/\/hcd.malargue.gov.ar\/?p=20677#breadcrumb\"},\"inLanguage\":\"es-AR\",\"potentialAction\":[{\"@type\":\"ReadAction\",\"target\":[\"https:\/\/hcd.malargue.gov.ar\/?p=20677\"]}]},{\"@type\":\"BreadcrumbList\",\"@id\":\"https:\/\/hcd.malargue.gov.ar\/?p=20677#breadcrumb\",\"itemListElement\":[{\"@type\":\"ListItem\",\"position\":1,\"name\":\"Inicio\",\"item\":\"https:\/\/hcd.malargue.gov.ar\/\"},{\"@type\":\"ListItem\",\"position\":2,\"name\":\"EL HCD LLEV\u00d3 A CABO LA 4\u00ba SESI\u00d3N ORDINARIA DEL PRESENTE PERIODO LEGISLATIVO\"}]},{\"@type\":\"WebSite\",\"@id\":\"https:\/\/hcd.malargue.gov.ar\/#website\",\"url\":\"https:\/\/hcd.malargue.gov.ar\/\",\"name\":\"Malarg\u00fce HCD\",\"description\":\"Malarg\u00fce Mendoza Argentina\",\"potentialAction\":[{\"@type\":\"SearchAction\",\"target\":{\"@type\":\"EntryPoint\",\"urlTemplate\":\"https:\/\/hcd.malargue.gov.ar\/?s={search_term_string}\"},\"query-input\":\"required name=search_term_string\"}],\"inLanguage\":\"es-AR\"},{\"@type\":\"Person\",\"@id\":\"https:\/\/hcd.malargue.gov.ar\/#\/schema\/person\/3fd6bbab64edd703961b795156c955d0\",\"name\":\"Belen Pedernera Ferragut\",\"image\":{\"@type\":\"ImageObject\",\"inLanguage\":\"es-AR\",\"@id\":\"https:\/\/hcd.malargue.gov.ar\/#\/schema\/person\/image\/\",\"url\":\"https:\/\/secure.gravatar.com\/avatar\/1054ffab3893de4bb3eb29bdd22f7e34b8537bf5d34d9dab311818154ad5b71f?s=96&d=mm&r=g\",\"contentUrl\":\"https:\/\/secure.gravatar.com\/avatar\/1054ffab3893de4bb3eb29bdd22f7e34b8537bf5d34d9dab311818154ad5b71f?s=96&d=mm&r=g\",\"caption\":\"Belen Pedernera Ferragut\"},\"url\":\"https:\/\/hcd.malargue.gov.ar\/?author=5\"}]}<\/script>\n<!-- \/ Yoast SEO plugin. -->","yoast_head_json":{"title":"EL HCD LLEV\u00d3 A CABO LA 4\u00ba SESI\u00d3N ORDINARIA DEL PRESENTE PERIODO LEGISLATIVO - Malarg\u00fce HCD","robots":{"index":"index","follow":"follow","max-snippet":"max-snippet:-1","max-image-preview":"max-image-preview:large","max-video-preview":"max-video-preview:-1"},"canonical":"https:\/\/hcd.malargue.gov.ar\/?p=20677","og_locale":"es_ES","og_type":"article","og_title":"EL HCD LLEV\u00d3 A CABO LA 4\u00ba SESI\u00d3N ORDINARIA DEL PRESENTE PERIODO LEGISLATIVO - Malarg\u00fce HCD","og_description":"SESI\u00d3N ORDINARIA \u2013 2 de Julio 2020 Presidiendo la Sesi\u00f3n:\u00a0\u00a0Concejal Martin Palma (Bloque Cambia Mendoza) Concejales Presentes: Jose Barro, Paola Jofre,\u00a0 Andres Risi, Daniela Favari, Silvia Correa (Bloque Frente de Todos, Daiana Varas, Gabriel Rosas, Paola Rojo y Luciana Villegas (Bloque Cambia Mendoza) A las 9:00 hs de este jueves 2 de julio, dio inici\u00f3 [&hellip;]","og_url":"https:\/\/hcd.malargue.gov.ar\/?p=20677","og_site_name":"Malarg\u00fce HCD","article_published_time":"2020-07-02T15:50:06+00:00","article_modified_time":"2020-07-02T16:02:53+00:00","og_image":[{"width":1216,"height":800,"url":"https:\/\/hcd.malargue.gov.ar\/wp-content\/uploads\/2020\/07\/WhatsApp-Image-2020-07-02-at-09.27.51.jpeg","type":"image\/jpeg"}],"author":"Belen Pedernera Ferragut","twitter_card":"summary_large_image","twitter_misc":{"Escrito por":"Belen Pedernera Ferragut","Tiempo de lectura":"4 minutos"},"schema":{"@context":"https:\/\/schema.org","@graph":[{"@type":"WebPage","@id":"https:\/\/hcd.malargue.gov.ar\/?p=20677","url":"https:\/\/hcd.malargue.gov.ar\/?p=20677","name":"EL HCD LLEV\u00d3 A CABO LA 4\u00ba SESI\u00d3N ORDINARIA DEL PRESENTE PERIODO LEGISLATIVO - Malarg\u00fce HCD","isPartOf":{"@id":"https:\/\/hcd.malargue.gov.ar\/#website"},"datePublished":"2020-07-02T15:50:06+00:00","dateModified":"2020-07-02T16:02:53+00:00","author":{"@id":"https:\/\/hcd.malargue.gov.ar\/#\/schema\/person\/3fd6bbab64edd703961b795156c955d0"},"breadcrumb":{"@id":"https:\/\/hcd.malargue.gov.ar\/?p=20677#breadcrumb"},"inLanguage":"es-AR","potentialAction":[{"@type":"ReadAction","target":["https:\/\/hcd.malargue.gov.ar\/?p=20677"]}]},{"@type":"BreadcrumbList","@id":"https:\/\/hcd.malargue.gov.ar\/?p=20677#breadcrumb","itemListElement":[{"@type":"ListItem","position":1,"name":"Inicio","item":"https:\/\/hcd.malargue.gov.ar\/"},{"@type":"ListItem","position":2,"name":"EL HCD LLEV\u00d3 A CABO LA 4\u00ba SESI\u00d3N ORDINARIA DEL PRESENTE PERIODO LEGISLATIVO"}]},{"@type":"WebSite","@id":"https:\/\/hcd.malargue.gov.ar\/#website","url":"https:\/\/hcd.malargue.gov.ar\/","name":"Malarg\u00fce HCD","description":"Malarg\u00fce Mendoza Argentina","potentialAction":[{"@type":"SearchAction","target":{"@type":"EntryPoint","urlTemplate":"https:\/\/hcd.malargue.gov.ar\/?s={search_term_string}"},"query-input":"required name=search_term_string"}],"inLanguage":"es-AR"},{"@type":"Person","@id":"https:\/\/hcd.malargue.gov.ar\/#\/schema\/person\/3fd6bbab64edd703961b795156c955d0","name":"Belen Pedernera Ferragut","image":{"@type":"ImageObject","inLanguage":"es-AR","@id":"https:\/\/hcd.malargue.gov.ar\/#\/schema\/person\/image\/","url":"https:\/\/secure.gravatar.com\/avatar\/1054ffab3893de4bb3eb29bdd22f7e34b8537bf5d34d9dab311818154ad5b71f?s=96&d=mm&r=g","contentUrl":"https:\/\/secure.gravatar.com\/avatar\/1054ffab3893de4bb3eb29bdd22f7e34b8537bf5d34d9dab311818154ad5b71f?s=96&d=mm&r=g","caption":"Belen Pedernera Ferragut"},"url":"https:\/\/hcd.malargue.gov.ar\/?author=5"}]}},"_links":{"self":[{"href":"https:\/\/hcd.malargue.gov.ar\/index.php?rest_route=\/wp\/v2\/posts\/20677","targetHints":{"allow":["GET"]}}],"collection":[{"href":"https:\/\/hcd.malargue.gov.ar\/index.php?rest_route=\/wp\/v2\/posts"}],"about":[{"href":"https:\/\/hcd.malargue.gov.ar\/index.php?rest_route=\/wp\/v2\/types\/post"}],"author":[{"embeddable":true,"href":"https:\/\/hcd.malargue.gov.ar\/index.php?rest_route=\/wp\/v2\/users\/5"}],"replies":[{"embeddable":true,"href":"https:\/\/hcd.malargue.gov.ar\/index.php?rest_route=%2Fwp%2Fv2%2Fcomments&post=20677"}],"version-history":[{"count":0,"href":"https:\/\/hcd.malargue.gov.ar\/index.php?rest_route=\/wp\/v2\/posts\/20677\/revisions"}],"wp:featuredmedia":[{"embeddable":true,"href":"https:\/\/hcd.malargue.gov.ar\/index.php?rest_route=\/wp\/v2\/media\/20688"}],"wp:attachment":[{"href":"https:\/\/hcd.malargue.gov.ar\/index.php?rest_route=%2Fwp%2Fv2%2Fmedia&parent=20677"}],"wp:term":[{"taxonomy":"category","embeddable":true,"href":"https:\/\/hcd.malargue.gov.ar\/index.php?rest_route=%2Fwp%2Fv2%2Fcategories&post=20677"},{"taxonomy":"post_tag","embeddable":true,"href":"https:\/\/hcd.malargue.gov.ar\/index.php?rest_route=%2Fwp%2Fv2%2Ftags&post=20677"}],"curies":[{"name":"wp","href":"https:\/\/api.w.org\/{rel}","templated":true}]}}